{"id":40139,"date":"2013-09-10T02:41:12","date_gmt":"2013-09-10T02:41:12","guid":{"rendered":"http:\/\/desarrollo.mcvicious.com\/aero2020\/2013\/09\/10\/hungaro-lideraba-banda-narco-que-usaba-azafatas-entre-costa-rica-y-mexico\/"},"modified":"2013-09-10T02:41:12","modified_gmt":"2013-09-10T02:41:12","slug":"hungaro-lideraba-banda-narco-que-usaba-azafatas-entre-costa-rica-y-mexico","status":"publish","type":"post","link":"https:\/\/aeronoticias.com.pe\/noticiero\/internacionales\/hungaro-lideraba-banda-narco-que-usaba-azafatas-entre-costa-rica-y-mexico\/","title":{"rendered":"H\u00fangaro lideraba banda narco que usaba azafatas entre Costa Rica y M\u00e9xico"},"content":{"rendered":"<p style=\"text-align: justify;\"><strong>(Aeronoticias).-<\/strong> Un h\u00fangaro de apellido Halasz, capturado en Costa Rica en julio pasado, era el cabecilla de una banda de narcotraficantes que enviaba droga a M\u00e9xico por tierra y que utilizaba azafatas para movilizar grandes sumas de dinero, inform\u00f3 este lunes una fuente oficial.<\/p>\n<p style=\"text-align: justify;\">El Ministerio de Seguridad indic\u00f3 en un comunicado que el pasado fin de semana realiz\u00f3 dos allanamientos a la casa del h\u00fangaro y a una bodega, en la que los oficiales decomisaron diez kilos de coca\u00edna, un veh\u00edculo y cerca de 6.000 d\u00f3lares.<\/p>\n<p style=\"text-align: justify;\">Las investigaciones indican que el h\u00fangaro ser\u00eda el cabecilla de una banda de narcotraficantes que enviaba coca\u00edna desde Costa Rica hacia M\u00e9xico oculta en compartimentos secretos de veh\u00edculos y que empleaba azafatas mexicanas para movilizar el pago en efectivo hacia el pa\u00eds centroamericano.<\/p>\n<hr id=\"system-readmore\" style=\"text-align: justify;\" \/>\n<p style=\"text-align: justify;\">El Ministerio de Seguridad afirm\u00f3 que este caso se investiga desde septiembre del 2012 cuando la polic\u00eda detuvo en San Jos\u00e9 a un costarricense de apellido Blanco Evans con 165.000 d\u00f3lares en efectivo.<\/p>\n<p style=\"text-align: justify;\">El 3 de julio de 2013, las autoridades costarricenses arrestaron en las afueras del aeropuerto internacional Juan Santamar\u00eda, a una azafata mexicana de apellido Rodr\u00edguez, quien llevaba adheridos a su cuerpo rollos de dinero por un total de 160.000 d\u00f3lares.<\/p>\n<p style=\"text-align: justify;\">Luego, el 8 de julio, la polic\u00eda detuvo al h\u00fangaro Halasz junto a un costarricense de apellido Ot\u00e1rola Campos, quienes portaban 10 kilos de coca\u00edna en el veh\u00edculo en el que se movilizaban en la localidad de Villa Bonita, provincia de Alajuela, en el centro del pa\u00eds.<\/p>\n<p style=\"text-align: justify;\">Los allanamientos realizados el pasado fin de semana permitieron contar con m\u00e1s evidencia para este caso, seg\u00fan las autoridades.Los miembros de la banda enfrentan cargos por tr\u00e1fico internacional de drogas y legitimaci\u00f3n de capitales, delitos que en Costa Rica se castigan con un m\u00e1ximo de 20 a\u00f1os de c\u00e1rcel cada uno.<\/p>\n<p style=\"text-align: justify;\">Con informaci\u00f3n de <strong>EFE<\/p>\n<p><img decoding=\"async\" src=\"images\/stories\/13\/09\/090913\/costarica.jpg\" border=\"0\" alt=\"H\u00fangaro lideraba banda narco que usaba azafatas entre Costa Rica y M\u00e9xico\" title=\"H\u00fangaro lideraba banda narco que usaba azafatas entre Costa Rica y M\u00e9xico\" \/><\/p>\n<p><\/strong><\/p>\n","protected":false},"excerpt":{"rendered":"<p>(Aeronoticias).- Un h\u00fangaro de apellido Halasz, capturado en Costa Rica en julio pasado, era el cabecilla de una banda de narcotraficantes que enviaba droga a M\u00e9xico por tierra y que utilizaba azafatas para movilizar grandes sumas de dinero, inform\u00f3 este lunes una fuente oficial. El Ministerio de Seguridad indic\u00f3 en un comunicado que el pasado [&hellip;]<\/p>\n","protected":false},"author":1,"featured_media":0,"comment_status":"open","ping_status":"open","sticky":false,"template":"","format":"standard","meta":{"tdm_status":"","tdm_grid_status":"","footnotes":""},"categories":[34],"tags":[],"class_list":{"0":"post-40139","1":"post","2":"type-post","3":"status-publish","4":"format-standard","6":"category-internacionales"},"yoast_head":"<!-- This site is optimized with the Yoast SEO plugin v25.1 - https:\/\/yoast.com\/wordpress\/plugins\/seo\/ -->\n<title>H\u00fangaro lideraba banda narco que usaba azafatas entre Costa Rica y M\u00e9xico<\/title>\n<meta name=\"description\" content=\"Portal de noticias del Per\u00fa sobre el transporte a\u00e9reo, aviaci\u00f3n, turismo, hoteleria, actualidad.\" \/>\n<meta name=\"robots\" content=\"index, follow, max-snippet:-1, max-image-preview:large, max-video-preview:-1\" \/>\n<link rel=\"canonical\" href=\"https:\/\/aeronoticias.com.pe\/noticiero\/internacionales\/hungaro-lideraba-banda-narco-que-usaba-azafatas-entre-costa-rica-y-mexico\/\" \/>\n<meta property=\"og:locale\" content=\"es_ES\" \/>\n<meta property=\"og:type\" content=\"article\" \/>\n<meta property=\"og:title\" content=\"H\u00fangaro lideraba banda narco que usaba azafatas entre Costa Rica y M\u00e9xico\" \/>\n<meta property=\"og:description\" content=\"Portal de noticias del Per\u00fa sobre el transporte a\u00e9reo, aviaci\u00f3n, turismo, hoteleria, actualidad.\" \/>\n<meta property=\"og:url\" content=\"https:\/\/aeronoticias.com.pe\/noticiero\/internacionales\/hungaro-lideraba-banda-narco-que-usaba-azafatas-entre-costa-rica-y-mexico\/\" \/>\n<meta property=\"og:site_name\" content=\"Aeronoticias.com.pe\" \/>\n<meta property=\"article:publisher\" content=\"https:\/\/www.facebook.com\/Aeronoticias.com.pe\/\" \/>\n<meta property=\"article:published_time\" content=\"2013-09-10T02:41:12+00:00\" \/>\n<meta name=\"author\" content=\"Redacci\u00f3n Aeronoticias\" \/>\n<meta name=\"twitter:card\" content=\"summary_large_image\" \/>\n<meta name=\"twitter:creator\" content=\"@aeronoticias\" \/>\n<meta name=\"twitter:site\" content=\"@aeronoticias\" \/>\n<meta name=\"twitter:label1\" content=\"Escrito por\" \/>\n\t<meta name=\"twitter:data1\" content=\"Redacci\u00f3n Aeronoticias\" \/>\n\t<meta name=\"twitter:label2\" content=\"Tiempo de lectura\" \/>\n\t<meta name=\"twitter:data2\" content=\"2 minutos\" \/>\n<script type=\"application\/ld+json\" class=\"yoast-schema-graph\">{\"@context\":\"https:\/\/schema.org\",\"@graph\":[{\"@type\":\"WebPage\",\"@id\":\"https:\/\/aeronoticias.com.pe\/noticiero\/internacionales\/hungaro-lideraba-banda-narco-que-usaba-azafatas-entre-costa-rica-y-mexico\/\",\"url\":\"https:\/\/aeronoticias.com.pe\/noticiero\/internacionales\/hungaro-lideraba-banda-narco-que-usaba-azafatas-entre-costa-rica-y-mexico\/\",\"name\":\"H\u00fangaro lideraba banda narco que usaba azafatas entre Costa Rica y M\u00e9xico\",\"isPartOf\":{\"@id\":\"https:\/\/aeronoticias.com.pe\/noticiero\/#website\"},\"datePublished\":\"2013-09-10T02:41:12+00:00\",\"author\":{\"@id\":\"https:\/\/aeronoticias.com.pe\/noticiero\/#\/schema\/person\/fc1e5d578f4b62ba1cf7ac2bba1170a0\"},\"description\":\"Portal de noticias del Per\u00fa sobre el transporte a\u00e9reo, aviaci\u00f3n, turismo, hoteleria, actualidad.\",\"breadcrumb\":{\"@id\":\"https:\/\/aeronoticias.com.pe\/noticiero\/internacionales\/hungaro-lideraba-banda-narco-que-usaba-azafatas-entre-costa-rica-y-mexico\/#breadcrumb\"},\"inLanguage\":\"es\",\"potentialAction\":[{\"@type\":\"ReadAction\",\"target\":[\"https:\/\/aeronoticias.com.pe\/noticiero\/internacionales\/hungaro-lideraba-banda-narco-que-usaba-azafatas-entre-costa-rica-y-mexico\/\"]}]},{\"@type\":\"BreadcrumbList\",\"@id\":\"https:\/\/aeronoticias.com.pe\/noticiero\/internacionales\/hungaro-lideraba-banda-narco-que-usaba-azafatas-entre-costa-rica-y-mexico\/#breadcrumb\",\"itemListElement\":[{\"@type\":\"ListItem\",\"position\":1,\"name\":\"Portada\",\"item\":\"https:\/\/aeronoticias.com.pe\/noticiero\/\"},{\"@type\":\"ListItem\",\"position\":2,\"name\":\"H\u00fangaro lideraba banda narco que usaba azafatas entre Costa Rica y M\u00e9xico\"}]},{\"@type\":\"WebSite\",\"@id\":\"https:\/\/aeronoticias.com.pe\/noticiero\/#website\",\"url\":\"https:\/\/aeronoticias.com.pe\/noticiero\/\",\"name\":\"Aeronoticias.com.pe\",\"description\":\"Noticias de tranporte aereo, turismo, hoteles, gastronomia, actualidad, internacional\",\"potentialAction\":[{\"@type\":\"SearchAction\",\"target\":{\"@type\":\"EntryPoint\",\"urlTemplate\":\"https:\/\/aeronoticias.com.pe\/noticiero\/?s={search_term_string}\"},\"query-input\":{\"@type\":\"PropertyValueSpecification\",\"valueRequired\":true,\"valueName\":\"search_term_string\"}}],\"inLanguage\":\"es\"},{\"@type\":\"Person\",\"@id\":\"https:\/\/aeronoticias.com.pe\/noticiero\/#\/schema\/person\/fc1e5d578f4b62ba1cf7ac2bba1170a0\",\"name\":\"Redacci\u00f3n Aeronoticias\",\"url\":\"https:\/\/aeronoticias.com.pe\/noticiero\/author\/piloto\/\"}]}<\/script>\n<!-- \/ Yoast SEO plugin. -->","yoast_head_json":{"title":"H\u00fangaro lideraba banda narco que usaba azafatas entre Costa Rica y M\u00e9xico","description":"Portal de noticias del Per\u00fa sobre el transporte a\u00e9reo, aviaci\u00f3n, turismo, hoteleria, actualidad.","robots":{"index":"index","follow":"follow","max-snippet":"max-snippet:-1","max-image-preview":"max-image-preview:large","max-video-preview":"max-video-preview:-1"},"canonical":"https:\/\/aeronoticias.com.pe\/noticiero\/internacionales\/hungaro-lideraba-banda-narco-que-usaba-azafatas-entre-costa-rica-y-mexico\/","og_locale":"es_ES","og_type":"article","og_title":"H\u00fangaro lideraba banda narco que usaba azafatas entre Costa Rica y M\u00e9xico","og_description":"Portal de noticias del Per\u00fa sobre el transporte a\u00e9reo, aviaci\u00f3n, turismo, hoteleria, actualidad.","og_url":"https:\/\/aeronoticias.com.pe\/noticiero\/internacionales\/hungaro-lideraba-banda-narco-que-usaba-azafatas-entre-costa-rica-y-mexico\/","og_site_name":"Aeronoticias.com.pe","article_publisher":"https:\/\/www.facebook.com\/Aeronoticias.com.pe\/","article_published_time":"2013-09-10T02:41:12+00:00","author":"Redacci\u00f3n Aeronoticias","twitter_card":"summary_large_image","twitter_creator":"@aeronoticias","twitter_site":"@aeronoticias","twitter_misc":{"Escrito por":"Redacci\u00f3n Aeronoticias","Tiempo de lectura":"2 minutos"},"schema":{"@context":"https:\/\/schema.org","@graph":[{"@type":"WebPage","@id":"https:\/\/aeronoticias.com.pe\/noticiero\/internacionales\/hungaro-lideraba-banda-narco-que-usaba-azafatas-entre-costa-rica-y-mexico\/","url":"https:\/\/aeronoticias.com.pe\/noticiero\/internacionales\/hungaro-lideraba-banda-narco-que-usaba-azafatas-entre-costa-rica-y-mexico\/","name":"H\u00fangaro lideraba banda narco que usaba azafatas entre Costa Rica y M\u00e9xico","isPartOf":{"@id":"https:\/\/aeronoticias.com.pe\/noticiero\/#website"},"datePublished":"2013-09-10T02:41:12+00:00","author":{"@id":"https:\/\/aeronoticias.com.pe\/noticiero\/#\/schema\/person\/fc1e5d578f4b62ba1cf7ac2bba1170a0"},"description":"Portal de noticias del Per\u00fa sobre el transporte a\u00e9reo, aviaci\u00f3n, turismo, hoteleria, actualidad.","breadcrumb":{"@id":"https:\/\/aeronoticias.com.pe\/noticiero\/internacionales\/hungaro-lideraba-banda-narco-que-usaba-azafatas-entre-costa-rica-y-mexico\/#breadcrumb"},"inLanguage":"es","potentialAction":[{"@type":"ReadAction","target":["https:\/\/aeronoticias.com.pe\/noticiero\/internacionales\/hungaro-lideraba-banda-narco-que-usaba-azafatas-entre-costa-rica-y-mexico\/"]}]},{"@type":"BreadcrumbList","@id":"https:\/\/aeronoticias.com.pe\/noticiero\/internacionales\/hungaro-lideraba-banda-narco-que-usaba-azafatas-entre-costa-rica-y-mexico\/#breadcrumb","itemListElement":[{"@type":"ListItem","position":1,"name":"Portada","item":"https:\/\/aeronoticias.com.pe\/noticiero\/"},{"@type":"ListItem","position":2,"name":"H\u00fangaro lideraba banda narco que usaba azafatas entre Costa Rica y M\u00e9xico"}]},{"@type":"WebSite","@id":"https:\/\/aeronoticias.com.pe\/noticiero\/#website","url":"https:\/\/aeronoticias.com.pe\/noticiero\/","name":"Aeronoticias.com.pe","description":"Noticias de tranporte aereo, turismo, hoteles, gastronomia, actualidad, internacional","potentialAction":[{"@type":"SearchAction","target":{"@type":"EntryPoint","urlTemplate":"https:\/\/aeronoticias.com.pe\/noticiero\/?s={search_term_string}"},"query-input":{"@type":"PropertyValueSpecification","valueRequired":true,"valueName":"search_term_string"}}],"inLanguage":"es"},{"@type":"Person","@id":"https:\/\/aeronoticias.com.pe\/noticiero\/#\/schema\/person\/fc1e5d578f4b62ba1cf7ac2bba1170a0","name":"Redacci\u00f3n Aeronoticias","url":"https:\/\/aeronoticias.com.pe\/noticiero\/author\/piloto\/"}]}},"_links":{"self":[{"href":"https:\/\/aeronoticias.com.pe\/noticiero\/wp-json\/wp\/v2\/posts\/40139","targetHints":{"allow":["GET"]}}],"collection":[{"href":"https:\/\/aeronoticias.com.pe\/noticiero\/wp-json\/wp\/v2\/posts"}],"about":[{"href":"https:\/\/aeronoticias.com.pe\/noticiero\/wp-json\/wp\/v2\/types\/post"}],"author":[{"embeddable":true,"href":"https:\/\/aeronoticias.com.pe\/noticiero\/wp-json\/wp\/v2\/users\/1"}],"replies":[{"embeddable":true,"href":"https:\/\/aeronoticias.com.pe\/noticiero\/wp-json\/wp\/v2\/comments?post=40139"}],"version-history":[{"count":0,"href":"https:\/\/aeronoticias.com.pe\/noticiero\/wp-json\/wp\/v2\/posts\/40139\/revisions"}],"wp:attachment":[{"href":"https:\/\/aeronoticias.com.pe\/noticiero\/wp-json\/wp\/v2\/media?parent=40139"}],"wp:term":[{"taxonomy":"category","embeddable":true,"href":"https:\/\/aeronoticias.com.pe\/noticiero\/wp-json\/wp\/v2\/categories?post=40139"},{"taxonomy":"post_tag","embeddable":true,"href":"https:\/\/aeronoticias.com.pe\/noticiero\/wp-json\/wp\/v2\/tags?post=40139"}],"curies":[{"name":"wp","href":"https:\/\/api.w.org\/{rel}","templated":true}]}}