{"id":40140,"date":"2013-09-10T03:07:48","date_gmt":"2013-09-10T03:07:48","guid":{"rendered":"http:\/\/desarrollo.mcvicious.com\/aero2020\/2013\/09\/10\/eda-rivas-no-tenemos-como-saber-cuando-sera-fallo-de-la-haya\/"},"modified":"2013-09-10T03:07:48","modified_gmt":"2013-09-10T03:07:48","slug":"eda-rivas-no-tenemos-como-saber-cuando-sera-fallo-de-la-haya","status":"publish","type":"post","link":"https:\/\/aeronoticias.com.pe\/noticiero\/politica\/eda-rivas-no-tenemos-como-saber-cuando-sera-fallo-de-la-haya\/","title":{"rendered":"Eda Rivas: No tenemos c\u00f3mo saber cu\u00e1ndo ser\u00e1 fallo de La Haya"},"content":{"rendered":"<p style=\"text-align: justify;\"><strong>(Aeronoticias).-<\/strong> Cesar las especulaciones sobre la fecha en que la Corte Internacional de Justicia de La Haya emitir\u00e1 su fallo sobre los l\u00edmites mar\u00edtimos con Chile, pidi\u00f3 este lunes la canciller Eda Rivas, al aclarar que no existe ning\u00fan retraso por parte de dicho tribunal.<\/p>\n<p style=\"text-align: justify;\">Precis\u00f3 que el \u00faltimo viernes se reuni\u00f3 con especialistas y periodistas para intercambiar opiniones y an\u00e1lisis sobre la sentencia, pero aclar\u00f3 que en ning\u00fan momento se dijo que la decisi\u00f3n de la corte se dar\u00eda a conocer en enero del 2014, como informaron algunos medios.<\/p>\n<p style=\"text-align: justify;\">\u201cEn realidad, nosotros no tenemos c\u00f3mo saber cu\u00e1ndo va a darse este fallo. Cada corte tiene su propia agenda y la Corte Internacional de Justicia nos avisar\u00e1 con 10 o 15 d\u00edas de anticipaci\u00f3n, cuando est\u00e9 dispuesta a dar este fallo, que es complejo\u201d, argument\u00f3 en declaraciones a la prensa.<\/p>\n<p>  <!--more-->  <\/p>\n<p style=\"text-align: justify;\">La titular del Ministerio de Relaciones Exteriores agreg\u00f3 que se debe esperar con tranquilidad y mucha calma la decisi\u00f3n que el tribunal emita, pues esa instancia tiene sus plazos y cualquier decisi\u00f3n sobre el caso peruano-chileno la comunicar\u00e1 en su momento.<\/p>\n<p style=\"text-align: justify;\">Con informaci\u00f3n de <strong>Andina<\/p>\n<p><img decoding=\"async\" src=\"images\/stories\/13\/09\/090913\/edarivas.jpg\" border=\"0\" alt=\"Eda Rivas: No tenemos c\u00f3mo saber cu\u00e1ndo ser\u00e1 fallo de La Haya\" title=\"Eda Rivas: No tenemos c\u00f3mo saber cu\u00e1ndo ser\u00e1 fallo de La Haya\" \/><br \/><\/strong><\/p>\n","protected":false},"excerpt":{"rendered":"<p>(Aeronoticias).- Cesar las especulaciones sobre la fecha en que la Corte Internacional de Justicia de La Haya emitir\u00e1 su fallo sobre los l\u00edmites mar\u00edtimos con Chile, pidi\u00f3 este lunes la canciller Eda Rivas, al aclarar que no existe ning\u00fan retraso por parte de dicho tribunal. Precis\u00f3 que el \u00faltimo viernes se reuni\u00f3 con especialistas y [&hellip;]<\/p>\n","protected":false},"author":1,"featured_media":0,"comment_status":"open","ping_status":"open","sticky":false,"template":"","format":"standard","meta":{"tdm_status":"","tdm_grid_status":"","footnotes":""},"categories":[36],"tags":[],"class_list":{"0":"post-40140","1":"post","2":"type-post","3":"status-publish","4":"format-standard","6":"category-politica"},"yoast_head":"<!-- This site is optimized with the Yoast SEO plugin v25.1 - https:\/\/yoast.com\/wordpress\/plugins\/seo\/ -->\n<title>Eda Rivas: No tenemos c\u00f3mo saber cu\u00e1ndo ser\u00e1 fallo de La Haya<\/title>\n<meta name=\"description\" content=\"Portal de noticias del Per\u00fa sobre el transporte a\u00e9reo, aviaci\u00f3n, turismo, hoteleria, actualidad.\" \/>\n<meta name=\"robots\" content=\"index, follow, max-snippet:-1, max-image-preview:large, max-video-preview:-1\" \/>\n<link rel=\"canonical\" href=\"https:\/\/aeronoticias.com.pe\/noticiero\/politica\/eda-rivas-no-tenemos-como-saber-cuando-sera-fallo-de-la-haya\/\" \/>\n<meta property=\"og:locale\" content=\"es_ES\" \/>\n<meta property=\"og:type\" content=\"article\" \/>\n<meta property=\"og:title\" content=\"Eda Rivas: No tenemos c\u00f3mo saber cu\u00e1ndo ser\u00e1 fallo de La Haya\" \/>\n<meta property=\"og:description\" content=\"Portal de noticias del Per\u00fa sobre el transporte a\u00e9reo, aviaci\u00f3n, turismo, hoteleria, actualidad.\" \/>\n<meta property=\"og:url\" content=\"https:\/\/aeronoticias.com.pe\/noticiero\/politica\/eda-rivas-no-tenemos-como-saber-cuando-sera-fallo-de-la-haya\/\" \/>\n<meta property=\"og:site_name\" content=\"Aeronoticias.com.pe\" \/>\n<meta property=\"article:publisher\" content=\"https:\/\/www.facebook.com\/Aeronoticias.com.pe\/\" \/>\n<meta property=\"article:published_time\" content=\"2013-09-10T03:07:48+00:00\" \/>\n<meta name=\"author\" content=\"Redacci\u00f3n Aeronoticias\" \/>\n<meta name=\"twitter:card\" content=\"summary_large_image\" \/>\n<meta name=\"twitter:creator\" content=\"@aeronoticias\" \/>\n<meta name=\"twitter:site\" content=\"@aeronoticias\" \/>\n<meta name=\"twitter:label1\" content=\"Escrito por\" \/>\n\t<meta name=\"twitter:data1\" content=\"Redacci\u00f3n Aeronoticias\" \/>\n\t<meta name=\"twitter:label2\" content=\"Tiempo de lectura\" \/>\n\t<meta name=\"twitter:data2\" content=\"1 minuto\" \/>\n<script type=\"application\/ld+json\" class=\"yoast-schema-graph\">{\"@context\":\"https:\/\/schema.org\",\"@graph\":[{\"@type\":\"WebPage\",\"@id\":\"https:\/\/aeronoticias.com.pe\/noticiero\/politica\/eda-rivas-no-tenemos-como-saber-cuando-sera-fallo-de-la-haya\/\",\"url\":\"https:\/\/aeronoticias.com.pe\/noticiero\/politica\/eda-rivas-no-tenemos-como-saber-cuando-sera-fallo-de-la-haya\/\",\"name\":\"Eda Rivas: No tenemos c\u00f3mo saber cu\u00e1ndo ser\u00e1 fallo de La Haya\",\"isPartOf\":{\"@id\":\"https:\/\/aeronoticias.com.pe\/noticiero\/#website\"},\"datePublished\":\"2013-09-10T03:07:48+00:00\",\"author\":{\"@id\":\"https:\/\/aeronoticias.com.pe\/noticiero\/#\/schema\/person\/fc1e5d578f4b62ba1cf7ac2bba1170a0\"},\"description\":\"Portal de noticias del Per\u00fa sobre el transporte a\u00e9reo, aviaci\u00f3n, turismo, hoteleria, actualidad.\",\"breadcrumb\":{\"@id\":\"https:\/\/aeronoticias.com.pe\/noticiero\/politica\/eda-rivas-no-tenemos-como-saber-cuando-sera-fallo-de-la-haya\/#breadcrumb\"},\"inLanguage\":\"es\",\"potentialAction\":[{\"@type\":\"ReadAction\",\"target\":[\"https:\/\/aeronoticias.com.pe\/noticiero\/politica\/eda-rivas-no-tenemos-como-saber-cuando-sera-fallo-de-la-haya\/\"]}]},{\"@type\":\"BreadcrumbList\",\"@id\":\"https:\/\/aeronoticias.com.pe\/noticiero\/politica\/eda-rivas-no-tenemos-como-saber-cuando-sera-fallo-de-la-haya\/#breadcrumb\",\"itemListElement\":[{\"@type\":\"ListItem\",\"position\":1,\"name\":\"Portada\",\"item\":\"https:\/\/aeronoticias.com.pe\/noticiero\/\"},{\"@type\":\"ListItem\",\"position\":2,\"name\":\"Eda Rivas: No tenemos c\u00f3mo saber cu\u00e1ndo ser\u00e1 fallo de La Haya\"}]},{\"@type\":\"WebSite\",\"@id\":\"https:\/\/aeronoticias.com.pe\/noticiero\/#website\",\"url\":\"https:\/\/aeronoticias.com.pe\/noticiero\/\",\"name\":\"Aeronoticias.com.pe\",\"description\":\"Noticias de tranporte aereo, turismo, hoteles, gastronomia, actualidad, internacional\",\"potentialAction\":[{\"@type\":\"SearchAction\",\"target\":{\"@type\":\"EntryPoint\",\"urlTemplate\":\"https:\/\/aeronoticias.com.pe\/noticiero\/?s={search_term_string}\"},\"query-input\":{\"@type\":\"PropertyValueSpecification\",\"valueRequired\":true,\"valueName\":\"search_term_string\"}}],\"inLanguage\":\"es\"},{\"@type\":\"Person\",\"@id\":\"https:\/\/aeronoticias.com.pe\/noticiero\/#\/schema\/person\/fc1e5d578f4b62ba1cf7ac2bba1170a0\",\"name\":\"Redacci\u00f3n Aeronoticias\",\"url\":\"https:\/\/aeronoticias.com.pe\/noticiero\/author\/piloto\/\"}]}<\/script>\n<!-- \/ Yoast SEO plugin. -->","yoast_head_json":{"title":"Eda Rivas: No tenemos c\u00f3mo saber cu\u00e1ndo ser\u00e1 fallo de La Haya","description":"Portal de noticias del Per\u00fa sobre el transporte a\u00e9reo, aviaci\u00f3n, turismo, hoteleria, actualidad.","robots":{"index":"index","follow":"follow","max-snippet":"max-snippet:-1","max-image-preview":"max-image-preview:large","max-video-preview":"max-video-preview:-1"},"canonical":"https:\/\/aeronoticias.com.pe\/noticiero\/politica\/eda-rivas-no-tenemos-como-saber-cuando-sera-fallo-de-la-haya\/","og_locale":"es_ES","og_type":"article","og_title":"Eda Rivas: No tenemos c\u00f3mo saber cu\u00e1ndo ser\u00e1 fallo de La Haya","og_description":"Portal de noticias del Per\u00fa sobre el transporte a\u00e9reo, aviaci\u00f3n, turismo, hoteleria, actualidad.","og_url":"https:\/\/aeronoticias.com.pe\/noticiero\/politica\/eda-rivas-no-tenemos-como-saber-cuando-sera-fallo-de-la-haya\/","og_site_name":"Aeronoticias.com.pe","article_publisher":"https:\/\/www.facebook.com\/Aeronoticias.com.pe\/","article_published_time":"2013-09-10T03:07:48+00:00","author":"Redacci\u00f3n Aeronoticias","twitter_card":"summary_large_image","twitter_creator":"@aeronoticias","twitter_site":"@aeronoticias","twitter_misc":{"Escrito por":"Redacci\u00f3n Aeronoticias","Tiempo de lectura":"1 minuto"},"schema":{"@context":"https:\/\/schema.org","@graph":[{"@type":"WebPage","@id":"https:\/\/aeronoticias.com.pe\/noticiero\/politica\/eda-rivas-no-tenemos-como-saber-cuando-sera-fallo-de-la-haya\/","url":"https:\/\/aeronoticias.com.pe\/noticiero\/politica\/eda-rivas-no-tenemos-como-saber-cuando-sera-fallo-de-la-haya\/","name":"Eda Rivas: No tenemos c\u00f3mo saber cu\u00e1ndo ser\u00e1 fallo de La Haya","isPartOf":{"@id":"https:\/\/aeronoticias.com.pe\/noticiero\/#website"},"datePublished":"2013-09-10T03:07:48+00:00","author":{"@id":"https:\/\/aeronoticias.com.pe\/noticiero\/#\/schema\/person\/fc1e5d578f4b62ba1cf7ac2bba1170a0"},"description":"Portal de noticias del Per\u00fa sobre el transporte a\u00e9reo, aviaci\u00f3n, turismo, hoteleria, actualidad.","breadcrumb":{"@id":"https:\/\/aeronoticias.com.pe\/noticiero\/politica\/eda-rivas-no-tenemos-como-saber-cuando-sera-fallo-de-la-haya\/#breadcrumb"},"inLanguage":"es","potentialAction":[{"@type":"ReadAction","target":["https:\/\/aeronoticias.com.pe\/noticiero\/politica\/eda-rivas-no-tenemos-como-saber-cuando-sera-fallo-de-la-haya\/"]}]},{"@type":"BreadcrumbList","@id":"https:\/\/aeronoticias.com.pe\/noticiero\/politica\/eda-rivas-no-tenemos-como-saber-cuando-sera-fallo-de-la-haya\/#breadcrumb","itemListElement":[{"@type":"ListItem","position":1,"name":"Portada","item":"https:\/\/aeronoticias.com.pe\/noticiero\/"},{"@type":"ListItem","position":2,"name":"Eda Rivas: No tenemos c\u00f3mo saber cu\u00e1ndo ser\u00e1 fallo de La Haya"}]},{"@type":"WebSite","@id":"https:\/\/aeronoticias.com.pe\/noticiero\/#website","url":"https:\/\/aeronoticias.com.pe\/noticiero\/","name":"Aeronoticias.com.pe","description":"Noticias de tranporte aereo, turismo, hoteles, gastronomia, actualidad, internacional","potentialAction":[{"@type":"SearchAction","target":{"@type":"EntryPoint","urlTemplate":"https:\/\/aeronoticias.com.pe\/noticiero\/?s={search_term_string}"},"query-input":{"@type":"PropertyValueSpecification","valueRequired":true,"valueName":"search_term_string"}}],"inLanguage":"es"},{"@type":"Person","@id":"https:\/\/aeronoticias.com.pe\/noticiero\/#\/schema\/person\/fc1e5d578f4b62ba1cf7ac2bba1170a0","name":"Redacci\u00f3n Aeronoticias","url":"https:\/\/aeronoticias.com.pe\/noticiero\/author\/piloto\/"}]}},"_links":{"self":[{"href":"https:\/\/aeronoticias.com.pe\/noticiero\/wp-json\/wp\/v2\/posts\/40140","targetHints":{"allow":["GET"]}}],"collection":[{"href":"https:\/\/aeronoticias.com.pe\/noticiero\/wp-json\/wp\/v2\/posts"}],"about":[{"href":"https:\/\/aeronoticias.com.pe\/noticiero\/wp-json\/wp\/v2\/types\/post"}],"author":[{"embeddable":true,"href":"https:\/\/aeronoticias.com.pe\/noticiero\/wp-json\/wp\/v2\/users\/1"}],"replies":[{"embeddable":true,"href":"https:\/\/aeronoticias.com.pe\/noticiero\/wp-json\/wp\/v2\/comments?post=40140"}],"version-history":[{"count":0,"href":"https:\/\/aeronoticias.com.pe\/noticiero\/wp-json\/wp\/v2\/posts\/40140\/revisions"}],"wp:attachment":[{"href":"https:\/\/aeronoticias.com.pe\/noticiero\/wp-json\/wp\/v2\/media?parent=40140"}],"wp:term":[{"taxonomy":"category","embeddable":true,"href":"https:\/\/aeronoticias.com.pe\/noticiero\/wp-json\/wp\/v2\/categories?post=40140"},{"taxonomy":"post_tag","embeddable":true,"href":"https:\/\/aeronoticias.com.pe\/noticiero\/wp-json\/wp\/v2\/tags?post=40140"}],"curies":[{"name":"wp","href":"https:\/\/api.w.org\/{rel}","templated":true}]}}