{"id":40239,"date":"2013-09-14T13:02:32","date_gmt":"2013-09-14T13:02:32","guid":{"rendered":"http:\/\/desarrollo.mcvicious.com\/aero2020\/2013\/09\/14\/jose-antonio-nique-almorzo-con-julian-palacin-futuro-decano-del-cal\/"},"modified":"2013-09-14T13:02:32","modified_gmt":"2013-09-14T13:02:32","slug":"jose-antonio-nique-almorzo-con-julian-palacin-futuro-decano-del-cal","status":"publish","type":"post","link":"https:\/\/aeronoticias.com.pe\/noticiero\/economia\/jose-antonio-nique-almorzo-con-julian-palacin-futuro-decano-del-cal\/","title":{"rendered":"Jose Antonio \u00d1ique almorz\u00f3 con Juli\u00e1n Palac\u00edn, futuro decano del CAL"},"content":{"rendered":"<p style=\"text-align: justify;\"><span style=\"line-height: 1.3em;\"><strong>(Aeronoticias)<\/strong>.- En el conocido chifa Kan Men, en la Av. Rep\u00fablica de Panam\u00e1 en San Antonio, Miraflores, se llev\u00f3 acabo un almuerzo de camarader\u00eda entre el ex decano del Ilustre Colegio de Abogados de Lima, Jose \u00d1ique de La Puente, con Juli\u00e1n Palac\u00edn Fern\u00e1ndez, candidato al Decanato del CAL 2014 &#8211; 2016.<\/span><\/p>\n<p style=\"text-align: justify;\">Se trataron temas institucionales y acad\u00e9micos, especialmente sobre el futuro decano del Ilustre Colegio de Abogados de Lima. Juli\u00e1n Palac\u00edn Fern\u00e1ndez expuso su plan de trabajo en beneficio a la nueva abogac\u00eda que se quiere construir para que el abogado de Lima recupere en rol que le corresponde en la vida jur\u00eddica nacional.<\/p>\n<p style=\"text-align: justify;\">Ambos juristas recordaron an\u00e9cdotas y se destaco el hecho de que Jos\u00e9 Antonio \u00d1ique de la Puente, en su gesti\u00f3n como decano del Colegio de Abogados de Lima, impuso la condecoraci\u00f3n medalla c\u00edvica del derecho a Juli\u00e1<span style=\"line-height: 1.3em;\">n Palac\u00edn Fern\u00e1ndez.<\/span><\/p>\n<p style=\"text-align: justify;\">Los abogados de Lima Norte, Lima Sur, Lima Este y especialmente de los barrios populares, ya habr\u00edan decidido su voto por el decano de la esperanza, que d\u00eda a d\u00eda est\u00e1 logrando un consenso creciente que lo ubica en primer lugar en la ultima encuesta que ha aparecido en los \u00faltimos d\u00edas\u00a0<span style=\"line-height: 1.3em;\">y que ahora se fortalezca con el apoyo del ex decano del CAL, Jos\u00e9 Antonio \u00d1ique de la Puente.<\/span><\/p>\n<div style=\"text-align: justify;\"><img decoding=\"async\" src=\"images\/stories\/13\/09\/nique.jpg\" border=\"0\" \/><\/div>\n<p>{loadposition relacionados}<\/p>\n","protected":false},"excerpt":{"rendered":"<p>(Aeronoticias).- En el conocido chifa Kan Men, en la Av. Rep\u00fablica de Panam\u00e1 en San Antonio, Miraflores, se llev\u00f3 acabo un almuerzo de camarader\u00eda entre el ex decano del Ilustre Colegio de Abogados de Lima, Jose \u00d1ique de La Puente, con Juli\u00e1n Palac\u00edn Fern\u00e1ndez, candidato al Decanato del CAL 2014 &#8211; 2016. Se trataron temas [&hellip;]<\/p>\n","protected":false},"author":1,"featured_media":0,"comment_status":"open","ping_status":"open","sticky":false,"template":"","format":"standard","meta":{"tdm_status":"","tdm_grid_status":"","footnotes":""},"categories":[33],"tags":[],"class_list":{"0":"post-40239","1":"post","2":"type-post","3":"status-publish","4":"format-standard","6":"category-economia"},"yoast_head":"<!-- This site is optimized with the Yoast SEO plugin v25.1 - https:\/\/yoast.com\/wordpress\/plugins\/seo\/ -->\n<title>Jose Antonio \u00d1ique almorz\u00f3 con Juli\u00e1n Palac\u00edn, futuro decano del CAL<\/title>\n<meta name=\"description\" content=\"Portal de noticias del Per\u00fa sobre el transporte a\u00e9reo, aviaci\u00f3n, turismo, hoteleria, actualidad.\" \/>\n<meta name=\"robots\" content=\"index, follow, max-snippet:-1, max-image-preview:large, max-video-preview:-1\" \/>\n<link rel=\"canonical\" href=\"https:\/\/aeronoticias.com.pe\/noticiero\/economia\/jose-antonio-nique-almorzo-con-julian-palacin-futuro-decano-del-cal\/\" \/>\n<meta property=\"og:locale\" content=\"es_ES\" \/>\n<meta property=\"og:type\" content=\"article\" \/>\n<meta property=\"og:title\" content=\"Jose Antonio \u00d1ique almorz\u00f3 con Juli\u00e1n Palac\u00edn, futuro decano del CAL\" \/>\n<meta property=\"og:description\" content=\"Portal de noticias del Per\u00fa sobre el transporte a\u00e9reo, aviaci\u00f3n, turismo, hoteleria, actualidad.\" \/>\n<meta property=\"og:url\" content=\"https:\/\/aeronoticias.com.pe\/noticiero\/economia\/jose-antonio-nique-almorzo-con-julian-palacin-futuro-decano-del-cal\/\" \/>\n<meta property=\"og:site_name\" content=\"Aeronoticias.com.pe\" \/>\n<meta property=\"article:publisher\" content=\"https:\/\/www.facebook.com\/Aeronoticias.com.pe\/\" \/>\n<meta property=\"article:published_time\" content=\"2013-09-14T13:02:32+00:00\" \/>\n<meta name=\"author\" content=\"Redacci\u00f3n Aeronoticias\" \/>\n<meta name=\"twitter:card\" content=\"summary_large_image\" \/>\n<meta name=\"twitter:creator\" content=\"@aeronoticias\" \/>\n<meta name=\"twitter:site\" content=\"@aeronoticias\" \/>\n<meta name=\"twitter:label1\" content=\"Escrito por\" \/>\n\t<meta name=\"twitter:data1\" content=\"Redacci\u00f3n Aeronoticias\" \/>\n\t<meta name=\"twitter:label2\" content=\"Tiempo de lectura\" \/>\n\t<meta name=\"twitter:data2\" content=\"1 minuto\" \/>\n<script type=\"application\/ld+json\" class=\"yoast-schema-graph\">{\"@context\":\"https:\/\/schema.org\",\"@graph\":[{\"@type\":\"WebPage\",\"@id\":\"https:\/\/aeronoticias.com.pe\/noticiero\/economia\/jose-antonio-nique-almorzo-con-julian-palacin-futuro-decano-del-cal\/\",\"url\":\"https:\/\/aeronoticias.com.pe\/noticiero\/economia\/jose-antonio-nique-almorzo-con-julian-palacin-futuro-decano-del-cal\/\",\"name\":\"Jose Antonio \u00d1ique almorz\u00f3 con Juli\u00e1n Palac\u00edn, futuro decano del CAL\",\"isPartOf\":{\"@id\":\"https:\/\/aeronoticias.com.pe\/noticiero\/#website\"},\"datePublished\":\"2013-09-14T13:02:32+00:00\",\"author\":{\"@id\":\"https:\/\/aeronoticias.com.pe\/noticiero\/#\/schema\/person\/fc1e5d578f4b62ba1cf7ac2bba1170a0\"},\"description\":\"Portal de noticias del Per\u00fa sobre el transporte a\u00e9reo, aviaci\u00f3n, turismo, hoteleria, actualidad.\",\"breadcrumb\":{\"@id\":\"https:\/\/aeronoticias.com.pe\/noticiero\/economia\/jose-antonio-nique-almorzo-con-julian-palacin-futuro-decano-del-cal\/#breadcrumb\"},\"inLanguage\":\"es\",\"potentialAction\":[{\"@type\":\"ReadAction\",\"target\":[\"https:\/\/aeronoticias.com.pe\/noticiero\/economia\/jose-antonio-nique-almorzo-con-julian-palacin-futuro-decano-del-cal\/\"]}]},{\"@type\":\"BreadcrumbList\",\"@id\":\"https:\/\/aeronoticias.com.pe\/noticiero\/economia\/jose-antonio-nique-almorzo-con-julian-palacin-futuro-decano-del-cal\/#breadcrumb\",\"itemListElement\":[{\"@type\":\"ListItem\",\"position\":1,\"name\":\"Portada\",\"item\":\"https:\/\/aeronoticias.com.pe\/noticiero\/\"},{\"@type\":\"ListItem\",\"position\":2,\"name\":\"Jose Antonio \u00d1ique almorz\u00f3 con Juli\u00e1n Palac\u00edn, futuro decano del CAL\"}]},{\"@type\":\"WebSite\",\"@id\":\"https:\/\/aeronoticias.com.pe\/noticiero\/#website\",\"url\":\"https:\/\/aeronoticias.com.pe\/noticiero\/\",\"name\":\"Aeronoticias.com.pe\",\"description\":\"Noticias de tranporte aereo, turismo, hoteles, gastronomia, actualidad, internacional\",\"potentialAction\":[{\"@type\":\"SearchAction\",\"target\":{\"@type\":\"EntryPoint\",\"urlTemplate\":\"https:\/\/aeronoticias.com.pe\/noticiero\/?s={search_term_string}\"},\"query-input\":{\"@type\":\"PropertyValueSpecification\",\"valueRequired\":true,\"valueName\":\"search_term_string\"}}],\"inLanguage\":\"es\"},{\"@type\":\"Person\",\"@id\":\"https:\/\/aeronoticias.com.pe\/noticiero\/#\/schema\/person\/fc1e5d578f4b62ba1cf7ac2bba1170a0\",\"name\":\"Redacci\u00f3n Aeronoticias\",\"url\":\"https:\/\/aeronoticias.com.pe\/noticiero\/author\/piloto\/\"}]}<\/script>\n<!-- \/ Yoast SEO plugin. -->","yoast_head_json":{"title":"Jose Antonio \u00d1ique almorz\u00f3 con Juli\u00e1n Palac\u00edn, futuro decano del CAL","description":"Portal de noticias del Per\u00fa sobre el transporte a\u00e9reo, aviaci\u00f3n, turismo, hoteleria, actualidad.","robots":{"index":"index","follow":"follow","max-snippet":"max-snippet:-1","max-image-preview":"max-image-preview:large","max-video-preview":"max-video-preview:-1"},"canonical":"https:\/\/aeronoticias.com.pe\/noticiero\/economia\/jose-antonio-nique-almorzo-con-julian-palacin-futuro-decano-del-cal\/","og_locale":"es_ES","og_type":"article","og_title":"Jose Antonio \u00d1ique almorz\u00f3 con Juli\u00e1n Palac\u00edn, futuro decano del CAL","og_description":"Portal de noticias del Per\u00fa sobre el transporte a\u00e9reo, aviaci\u00f3n, turismo, hoteleria, actualidad.","og_url":"https:\/\/aeronoticias.com.pe\/noticiero\/economia\/jose-antonio-nique-almorzo-con-julian-palacin-futuro-decano-del-cal\/","og_site_name":"Aeronoticias.com.pe","article_publisher":"https:\/\/www.facebook.com\/Aeronoticias.com.pe\/","article_published_time":"2013-09-14T13:02:32+00:00","author":"Redacci\u00f3n Aeronoticias","twitter_card":"summary_large_image","twitter_creator":"@aeronoticias","twitter_site":"@aeronoticias","twitter_misc":{"Escrito por":"Redacci\u00f3n Aeronoticias","Tiempo de lectura":"1 minuto"},"schema":{"@context":"https:\/\/schema.org","@graph":[{"@type":"WebPage","@id":"https:\/\/aeronoticias.com.pe\/noticiero\/economia\/jose-antonio-nique-almorzo-con-julian-palacin-futuro-decano-del-cal\/","url":"https:\/\/aeronoticias.com.pe\/noticiero\/economia\/jose-antonio-nique-almorzo-con-julian-palacin-futuro-decano-del-cal\/","name":"Jose Antonio \u00d1ique almorz\u00f3 con Juli\u00e1n Palac\u00edn, futuro decano del CAL","isPartOf":{"@id":"https:\/\/aeronoticias.com.pe\/noticiero\/#website"},"datePublished":"2013-09-14T13:02:32+00:00","author":{"@id":"https:\/\/aeronoticias.com.pe\/noticiero\/#\/schema\/person\/fc1e5d578f4b62ba1cf7ac2bba1170a0"},"description":"Portal de noticias del Per\u00fa sobre el transporte a\u00e9reo, aviaci\u00f3n, turismo, hoteleria, actualidad.","breadcrumb":{"@id":"https:\/\/aeronoticias.com.pe\/noticiero\/economia\/jose-antonio-nique-almorzo-con-julian-palacin-futuro-decano-del-cal\/#breadcrumb"},"inLanguage":"es","potentialAction":[{"@type":"ReadAction","target":["https:\/\/aeronoticias.com.pe\/noticiero\/economia\/jose-antonio-nique-almorzo-con-julian-palacin-futuro-decano-del-cal\/"]}]},{"@type":"BreadcrumbList","@id":"https:\/\/aeronoticias.com.pe\/noticiero\/economia\/jose-antonio-nique-almorzo-con-julian-palacin-futuro-decano-del-cal\/#breadcrumb","itemListElement":[{"@type":"ListItem","position":1,"name":"Portada","item":"https:\/\/aeronoticias.com.pe\/noticiero\/"},{"@type":"ListItem","position":2,"name":"Jose Antonio \u00d1ique almorz\u00f3 con Juli\u00e1n Palac\u00edn, futuro decano del CAL"}]},{"@type":"WebSite","@id":"https:\/\/aeronoticias.com.pe\/noticiero\/#website","url":"https:\/\/aeronoticias.com.pe\/noticiero\/","name":"Aeronoticias.com.pe","description":"Noticias de tranporte aereo, turismo, hoteles, gastronomia, actualidad, internacional","potentialAction":[{"@type":"SearchAction","target":{"@type":"EntryPoint","urlTemplate":"https:\/\/aeronoticias.com.pe\/noticiero\/?s={search_term_string}"},"query-input":{"@type":"PropertyValueSpecification","valueRequired":true,"valueName":"search_term_string"}}],"inLanguage":"es"},{"@type":"Person","@id":"https:\/\/aeronoticias.com.pe\/noticiero\/#\/schema\/person\/fc1e5d578f4b62ba1cf7ac2bba1170a0","name":"Redacci\u00f3n Aeronoticias","url":"https:\/\/aeronoticias.com.pe\/noticiero\/author\/piloto\/"}]}},"_links":{"self":[{"href":"https:\/\/aeronoticias.com.pe\/noticiero\/wp-json\/wp\/v2\/posts\/40239","targetHints":{"allow":["GET"]}}],"collection":[{"href":"https:\/\/aeronoticias.com.pe\/noticiero\/wp-json\/wp\/v2\/posts"}],"about":[{"href":"https:\/\/aeronoticias.com.pe\/noticiero\/wp-json\/wp\/v2\/types\/post"}],"author":[{"embeddable":true,"href":"https:\/\/aeronoticias.com.pe\/noticiero\/wp-json\/wp\/v2\/users\/1"}],"replies":[{"embeddable":true,"href":"https:\/\/aeronoticias.com.pe\/noticiero\/wp-json\/wp\/v2\/comments?post=40239"}],"version-history":[{"count":0,"href":"https:\/\/aeronoticias.com.pe\/noticiero\/wp-json\/wp\/v2\/posts\/40239\/revisions"}],"wp:attachment":[{"href":"https:\/\/aeronoticias.com.pe\/noticiero\/wp-json\/wp\/v2\/media?parent=40239"}],"wp:term":[{"taxonomy":"category","embeddable":true,"href":"https:\/\/aeronoticias.com.pe\/noticiero\/wp-json\/wp\/v2\/categories?post=40239"},{"taxonomy":"post_tag","embeddable":true,"href":"https:\/\/aeronoticias.com.pe\/noticiero\/wp-json\/wp\/v2\/tags?post=40239"}],"curies":[{"name":"wp","href":"https:\/\/api.w.org\/{rel}","templated":true}]}}