{"id":40265,"date":"2013-09-13T18:38:03","date_gmt":"2013-09-13T18:38:03","guid":{"rendered":"http:\/\/desarrollo.mcvicious.com\/aero2020\/2013\/09\/13\/usmp-organiza-seminario-sobre-estrategias-20-en-la-dinamica-empresarial\/"},"modified":"2020-09-11T16:05:34","modified_gmt":"2020-09-11T16:05:34","slug":"usmp-organiza-seminario-sobre-estrategias-20-en-la-dinamica-empresarial","status":"publish","type":"post","link":"https:\/\/aeronoticias.com.pe\/noticiero\/institucionales\/usmp-organiza-seminario-sobre-estrategias-20-en-la-dinamica-empresarial\/","title":{"rendered":"USMP organiza seminario sobre \u2019Estrategias 2.0 en la din\u00e1mica empresarial\u2019"},"content":{"rendered":"<p style=\"text-align: justify;\"><strong>(Aeronoticias).-<\/strong> La integraci\u00f3n de los medios digitales en la cultura y din\u00e1mica empresarial generan valores diferenciales frente a la competencia ya que consiguen instaurar comunidades, las cuales llegan a convertirse en embajadores de la marca y permiten agilizar procesos, incrementar la notoriedad, credibilidad y capacidad de reacci\u00f3n ante situaciones de riesgo.<\/p>\n<p style=\"text-align: justify;\">Influencia del Social Media en la evoluci\u00f3n de la sociedad y en las formas de hacer negocio, los Social Business o Social Smart Companies: optimizaci\u00f3n de la rentabilidad empresarial mediante el uso de plataformas de social media, el an\u00e1lisis de las diferentes redes sociales y la utilidad de cada una de ellas para el desarrollo de programas de comunicaci\u00f3n adem\u00e1s de la gesti\u00f3n de la reputaci\u00f3n online, ser\u00e1n los temas que se tratar\u00e1n este 18 y 19 de setiembre en el seminario Impacto digital, la era de la influencia: Estrategias 2.0 en la din\u00e1mica empresarial que organiza la Universidad de San Mart\u00edn de Porres (USMP) con respaldo de la International Public Relations Association (IPRA), como parte del Programa de Alta Especializaci\u00f3n en Comunicaci\u00f3n \u2013 PAEC.<\/p>\n<p>  <!--more-->  <\/p>\n<p style=\"text-align: justify;\">La exposici\u00f3n estar\u00e1 a cargo de Gonzalo Mart\u00edn, Socio-Director de la agencia Territorio creativo, firma l\u00edder en Espa\u00f1a. El seminario est\u00e1 dirigido a ejecutivos de la alta direcci\u00f3n, a quienes se les brindar\u00e1 los alcances acerca de la evoluci\u00f3n de las organizaciones hacia modelos de inteligencia social colectiva, acompa\u00f1ado de ejemplos pr\u00e1cticos y de instrucciones sobre c\u00f3mo establecer programas de Social Media y Social Business basados en objetivos alineados con la estrategia de negocio y en indicadores de medici\u00f3n adecuados.<\/p>\n<p style=\"text-align: justify;\">Cabe destacar que el pr\u00f3ximo 16 y 17 de octubre se presentar\u00e1 el seminario Integraci\u00f3n de la RSE a la gesti\u00f3n empresarial a cargo de Fernando Casado. Mientras que el 29 y 30 de octubre el especialista Helio Fred Garc\u00eda expondr\u00e1 en el seminario de Gesti\u00f3n estrat\u00e9gica de la reputaci\u00f3n, ambos como parte del PAEC.<\/p>\n<p style=\"text-align: justify;\">Para mayor informaci\u00f3n puede comunicarse con la Direcci\u00f3n de Extensi\u00f3n y Proyecci\u00f3n Universitaria (ubicada en Av. Tom\u00e1s Marsano 242, 1\u00b0 piso, Surquillo) al 5136300 anexo 2052 \u2013 2121, escribir al correo nfo@epu.edu.pe, visitar la p\u00e1gina web www.epu.edu.pe\/paec o seguirnos en Facebook y Twitter.<\/p>\n<p><img decoding=\"async\" src=\"images\/stories\/13\/09\/130913\/usmp.jpg\" border=\"0\" alt=\"USMP organiza seminario sobre \u2019Estrategias 2.0 en la din\u00e1mica empresarial\u2019 \" title=\"USMP organiza seminario sobre \u2019Estrategias 2.0 en la din\u00e1mica empresarial\u2019 \" \/><\/p>\n","protected":false},"excerpt":{"rendered":"<p>(Aeronoticias).- La integraci\u00f3n de los medios digitales en la cultura y din\u00e1mica empresarial generan valores diferenciales frente a la competencia ya que consiguen instaurar comunidades, las cuales llegan a convertirse en embajadores de la marca y permiten agilizar procesos, incrementar la notoriedad, credibilidad y capacidad de reacci\u00f3n ante situaciones de riesgo. Influencia del Social Media [&hellip;]<\/p>\n","protected":false},"author":1,"featured_media":0,"comment_status":"open","ping_status":"open","sticky":false,"template":"","format":"standard","meta":{"tdm_status":"","tdm_grid_status":"","footnotes":""},"categories":[45,18],"tags":[],"class_list":{"0":"post-40265","1":"post","2":"type-post","3":"status-publish","4":"format-standard","6":"category-eventos","7":"category-institucionales"},"yoast_head":"<!-- This site is optimized with the Yoast SEO plugin v25.1 - https:\/\/yoast.com\/wordpress\/plugins\/seo\/ -->\n<title>USMP organiza seminario sobre \u2019Estrategias 2.0 en la din\u00e1mica empresarial\u2019<\/title>\n<meta name=\"description\" content=\"Portal de noticias del Per\u00fa sobre el transporte a\u00e9reo, aviaci\u00f3n, turismo, hoteleria, actualidad.\" \/>\n<meta name=\"robots\" content=\"index, follow, max-snippet:-1, max-image-preview:large, max-video-preview:-1\" \/>\n<link rel=\"canonical\" href=\"https:\/\/aeronoticias.com.pe\/noticiero\/institucionales\/usmp-organiza-seminario-sobre-estrategias-20-en-la-dinamica-empresarial\/\" \/>\n<meta property=\"og:locale\" content=\"es_ES\" \/>\n<meta property=\"og:type\" content=\"article\" \/>\n<meta property=\"og:title\" content=\"USMP organiza seminario sobre \u2019Estrategias 2.0 en la din\u00e1mica empresarial\u2019\" \/>\n<meta property=\"og:description\" content=\"Portal de noticias del Per\u00fa sobre el transporte a\u00e9reo, aviaci\u00f3n, turismo, hoteleria, actualidad.\" \/>\n<meta property=\"og:url\" content=\"https:\/\/aeronoticias.com.pe\/noticiero\/institucionales\/usmp-organiza-seminario-sobre-estrategias-20-en-la-dinamica-empresarial\/\" \/>\n<meta property=\"og:site_name\" content=\"Aeronoticias.com.pe\" \/>\n<meta property=\"article:publisher\" content=\"https:\/\/www.facebook.com\/Aeronoticias.com.pe\/\" \/>\n<meta property=\"article:published_time\" content=\"2013-09-13T18:38:03+00:00\" \/>\n<meta property=\"article:modified_time\" content=\"2020-09-11T16:05:34+00:00\" \/>\n<meta name=\"author\" content=\"Redacci\u00f3n Aeronoticias\" \/>\n<meta name=\"twitter:card\" content=\"summary_large_image\" \/>\n<meta name=\"twitter:creator\" content=\"@aeronoticias\" \/>\n<meta name=\"twitter:site\" content=\"@aeronoticias\" \/>\n<meta name=\"twitter:label1\" content=\"Escrito por\" \/>\n\t<meta name=\"twitter:data1\" content=\"Redacci\u00f3n Aeronoticias\" \/>\n\t<meta name=\"twitter:label2\" content=\"Tiempo de lectura\" \/>\n\t<meta name=\"twitter:data2\" content=\"2 minutos\" \/>\n<script type=\"application\/ld+json\" class=\"yoast-schema-graph\">{\"@context\":\"https:\/\/schema.org\",\"@graph\":[{\"@type\":\"WebPage\",\"@id\":\"https:\/\/aeronoticias.com.pe\/noticiero\/institucionales\/usmp-organiza-seminario-sobre-estrategias-20-en-la-dinamica-empresarial\/\",\"url\":\"https:\/\/aeronoticias.com.pe\/noticiero\/institucionales\/usmp-organiza-seminario-sobre-estrategias-20-en-la-dinamica-empresarial\/\",\"name\":\"USMP organiza seminario sobre \u2019Estrategias 2.0 en la din\u00e1mica empresarial\u2019\",\"isPartOf\":{\"@id\":\"https:\/\/aeronoticias.com.pe\/noticiero\/#website\"},\"datePublished\":\"2013-09-13T18:38:03+00:00\",\"dateModified\":\"2020-09-11T16:05:34+00:00\",\"author\":{\"@id\":\"https:\/\/aeronoticias.com.pe\/noticiero\/#\/schema\/person\/fc1e5d578f4b62ba1cf7ac2bba1170a0\"},\"description\":\"Portal de noticias del Per\u00fa sobre el transporte a\u00e9reo, aviaci\u00f3n, turismo, hoteleria, actualidad.\",\"breadcrumb\":{\"@id\":\"https:\/\/aeronoticias.com.pe\/noticiero\/institucionales\/usmp-organiza-seminario-sobre-estrategias-20-en-la-dinamica-empresarial\/#breadcrumb\"},\"inLanguage\":\"es\",\"potentialAction\":[{\"@type\":\"ReadAction\",\"target\":[\"https:\/\/aeronoticias.com.pe\/noticiero\/institucionales\/usmp-organiza-seminario-sobre-estrategias-20-en-la-dinamica-empresarial\/\"]}]},{\"@type\":\"BreadcrumbList\",\"@id\":\"https:\/\/aeronoticias.com.pe\/noticiero\/institucionales\/usmp-organiza-seminario-sobre-estrategias-20-en-la-dinamica-empresarial\/#breadcrumb\",\"itemListElement\":[{\"@type\":\"ListItem\",\"position\":1,\"name\":\"Portada\",\"item\":\"https:\/\/aeronoticias.com.pe\/noticiero\/\"},{\"@type\":\"ListItem\",\"position\":2,\"name\":\"USMP organiza seminario sobre \u2019Estrategias 2.0 en la din\u00e1mica empresarial\u2019\"}]},{\"@type\":\"WebSite\",\"@id\":\"https:\/\/aeronoticias.com.pe\/noticiero\/#website\",\"url\":\"https:\/\/aeronoticias.com.pe\/noticiero\/\",\"name\":\"Aeronoticias.com.pe\",\"description\":\"Noticias de tranporte aereo, turismo, hoteles, gastronomia, actualidad, internacional\",\"potentialAction\":[{\"@type\":\"SearchAction\",\"target\":{\"@type\":\"EntryPoint\",\"urlTemplate\":\"https:\/\/aeronoticias.com.pe\/noticiero\/?s={search_term_string}\"},\"query-input\":{\"@type\":\"PropertyValueSpecification\",\"valueRequired\":true,\"valueName\":\"search_term_string\"}}],\"inLanguage\":\"es\"},{\"@type\":\"Person\",\"@id\":\"https:\/\/aeronoticias.com.pe\/noticiero\/#\/schema\/person\/fc1e5d578f4b62ba1cf7ac2bba1170a0\",\"name\":\"Redacci\u00f3n Aeronoticias\",\"url\":\"https:\/\/aeronoticias.com.pe\/noticiero\/author\/piloto\/\"}]}<\/script>\n<!-- \/ Yoast SEO plugin. -->","yoast_head_json":{"title":"USMP organiza seminario sobre \u2019Estrategias 2.0 en la din\u00e1mica empresarial\u2019","description":"Portal de noticias del Per\u00fa sobre el transporte a\u00e9reo, aviaci\u00f3n, turismo, hoteleria, actualidad.","robots":{"index":"index","follow":"follow","max-snippet":"max-snippet:-1","max-image-preview":"max-image-preview:large","max-video-preview":"max-video-preview:-1"},"canonical":"https:\/\/aeronoticias.com.pe\/noticiero\/institucionales\/usmp-organiza-seminario-sobre-estrategias-20-en-la-dinamica-empresarial\/","og_locale":"es_ES","og_type":"article","og_title":"USMP organiza seminario sobre \u2019Estrategias 2.0 en la din\u00e1mica empresarial\u2019","og_description":"Portal de noticias del Per\u00fa sobre el transporte a\u00e9reo, aviaci\u00f3n, turismo, hoteleria, actualidad.","og_url":"https:\/\/aeronoticias.com.pe\/noticiero\/institucionales\/usmp-organiza-seminario-sobre-estrategias-20-en-la-dinamica-empresarial\/","og_site_name":"Aeronoticias.com.pe","article_publisher":"https:\/\/www.facebook.com\/Aeronoticias.com.pe\/","article_published_time":"2013-09-13T18:38:03+00:00","article_modified_time":"2020-09-11T16:05:34+00:00","author":"Redacci\u00f3n Aeronoticias","twitter_card":"summary_large_image","twitter_creator":"@aeronoticias","twitter_site":"@aeronoticias","twitter_misc":{"Escrito por":"Redacci\u00f3n Aeronoticias","Tiempo de lectura":"2 minutos"},"schema":{"@context":"https:\/\/schema.org","@graph":[{"@type":"WebPage","@id":"https:\/\/aeronoticias.com.pe\/noticiero\/institucionales\/usmp-organiza-seminario-sobre-estrategias-20-en-la-dinamica-empresarial\/","url":"https:\/\/aeronoticias.com.pe\/noticiero\/institucionales\/usmp-organiza-seminario-sobre-estrategias-20-en-la-dinamica-empresarial\/","name":"USMP organiza seminario sobre \u2019Estrategias 2.0 en la din\u00e1mica empresarial\u2019","isPartOf":{"@id":"https:\/\/aeronoticias.com.pe\/noticiero\/#website"},"datePublished":"2013-09-13T18:38:03+00:00","dateModified":"2020-09-11T16:05:34+00:00","author":{"@id":"https:\/\/aeronoticias.com.pe\/noticiero\/#\/schema\/person\/fc1e5d578f4b62ba1cf7ac2bba1170a0"},"description":"Portal de noticias del Per\u00fa sobre el transporte a\u00e9reo, aviaci\u00f3n, turismo, hoteleria, actualidad.","breadcrumb":{"@id":"https:\/\/aeronoticias.com.pe\/noticiero\/institucionales\/usmp-organiza-seminario-sobre-estrategias-20-en-la-dinamica-empresarial\/#breadcrumb"},"inLanguage":"es","potentialAction":[{"@type":"ReadAction","target":["https:\/\/aeronoticias.com.pe\/noticiero\/institucionales\/usmp-organiza-seminario-sobre-estrategias-20-en-la-dinamica-empresarial\/"]}]},{"@type":"BreadcrumbList","@id":"https:\/\/aeronoticias.com.pe\/noticiero\/institucionales\/usmp-organiza-seminario-sobre-estrategias-20-en-la-dinamica-empresarial\/#breadcrumb","itemListElement":[{"@type":"ListItem","position":1,"name":"Portada","item":"https:\/\/aeronoticias.com.pe\/noticiero\/"},{"@type":"ListItem","position":2,"name":"USMP organiza seminario sobre \u2019Estrategias 2.0 en la din\u00e1mica empresarial\u2019"}]},{"@type":"WebSite","@id":"https:\/\/aeronoticias.com.pe\/noticiero\/#website","url":"https:\/\/aeronoticias.com.pe\/noticiero\/","name":"Aeronoticias.com.pe","description":"Noticias de tranporte aereo, turismo, hoteles, gastronomia, actualidad, internacional","potentialAction":[{"@type":"SearchAction","target":{"@type":"EntryPoint","urlTemplate":"https:\/\/aeronoticias.com.pe\/noticiero\/?s={search_term_string}"},"query-input":{"@type":"PropertyValueSpecification","valueRequired":true,"valueName":"search_term_string"}}],"inLanguage":"es"},{"@type":"Person","@id":"https:\/\/aeronoticias.com.pe\/noticiero\/#\/schema\/person\/fc1e5d578f4b62ba1cf7ac2bba1170a0","name":"Redacci\u00f3n Aeronoticias","url":"https:\/\/aeronoticias.com.pe\/noticiero\/author\/piloto\/"}]}},"_links":{"self":[{"href":"https:\/\/aeronoticias.com.pe\/noticiero\/wp-json\/wp\/v2\/posts\/40265","targetHints":{"allow":["GET"]}}],"collection":[{"href":"https:\/\/aeronoticias.com.pe\/noticiero\/wp-json\/wp\/v2\/posts"}],"about":[{"href":"https:\/\/aeronoticias.com.pe\/noticiero\/wp-json\/wp\/v2\/types\/post"}],"author":[{"embeddable":true,"href":"https:\/\/aeronoticias.com.pe\/noticiero\/wp-json\/wp\/v2\/users\/1"}],"replies":[{"embeddable":true,"href":"https:\/\/aeronoticias.com.pe\/noticiero\/wp-json\/wp\/v2\/comments?post=40265"}],"version-history":[{"count":0,"href":"https:\/\/aeronoticias.com.pe\/noticiero\/wp-json\/wp\/v2\/posts\/40265\/revisions"}],"wp:attachment":[{"href":"https:\/\/aeronoticias.com.pe\/noticiero\/wp-json\/wp\/v2\/media?parent=40265"}],"wp:term":[{"taxonomy":"category","embeddable":true,"href":"https:\/\/aeronoticias.com.pe\/noticiero\/wp-json\/wp\/v2\/categories?post=40265"},{"taxonomy":"post_tag","embeddable":true,"href":"https:\/\/aeronoticias.com.pe\/noticiero\/wp-json\/wp\/v2\/tags?post=40265"}],"curies":[{"name":"wp","href":"https:\/\/api.w.org\/{rel}","templated":true}]}}