{"id":40268,"date":"2013-09-13T19:09:49","date_gmt":"2013-09-13T19:09:49","guid":{"rendered":"http:\/\/desarrollo.mcvicious.com\/aero2020\/2013\/09\/13\/uap-organiza-congreso-internacional-de-ingenieria-de-sistemas-e-informatica-e-ingenieria-industrial\/"},"modified":"2020-09-11T16:05:33","modified_gmt":"2020-09-11T16:05:33","slug":"uap-organiza-congreso-internacional-de-ingenieria-de-sistemas-e-informatica-e-ingenieria-industrial","status":"publish","type":"post","link":"https:\/\/aeronoticias.com.pe\/noticiero\/institucionales\/uap-organiza-congreso-internacional-de-ingenieria-de-sistemas-e-informatica-e-ingenieria-industrial\/","title":{"rendered":"UAP organiza Congreso Internacional de Ingenier\u00eda de Sistemas e Inform\u00e1tica e Ingenier\u00eda industrial"},"content":{"rendered":"<p style=\"text-align: justify;\"><strong>(Aeronoticias)<\/strong>.- Las Escuelas Acad\u00e9mico Profesionales de Ingenier\u00eda de Sistemas e Inform\u00e1tica y de Ingenier\u00eda Industrial de la Universidad Alas Peruanas, est\u00e1n organizando el \u201cV Congreso Internacional en Ingenier\u00eda de Sistemas e Inform\u00e1tica y II Congreso Internacional en Ingenier\u00eda Industrial \u2013 CIISII 2013\u201d que se llevar\u00e1 a cabo del 10 al 12 de octubre en el Auditorio del Cuartel General del Ej\u00e9rcito. El mismo que contar\u00e1 con la participaci\u00f3n de expositores nacionales e internacionales provenientes de Estados Unidos, Espa\u00f1a, Colombia, Argentina y Rep\u00fablica Dominicana.<\/p>\n<p style=\"text-align: justify;\">En esta era de cambios impulsados por la globalizaci\u00f3n y las nuevas tecnolog\u00edas, donde las empresas deben ser cada vez m\u00e1s competitivas resulta necesario que los trabajadores generen, aporten e intercambien aprendizaje, originando sinergias que agreguen el valor a\u00f1adido de la organizaci\u00f3n.<\/p>\n<p style=\"text-align: justify;\">Este evento est\u00e1 dirigido a estudiantes universitarios principalmente de las Carreras Profesionales de Ingenier\u00eda de Sistemas e Inform\u00e1tica e Ingenier\u00eda Industrial, o ramas afines. Dirigido tambi\u00e9n a Ingenieros, profesionales docentes de Ingenier\u00eda y de empresas privadas, as\u00ed como a p\u00fablico en general.<\/p>\n<p style=\"text-align: justify;\">La organizaci\u00f3n del CIISII 2013 permitir\u00e1 a los participantes analizar la situaci\u00f3n actual de la Ingenier\u00eda de Sistemas e Inform\u00e1tica y la de Ingenier\u00eda Industrial en lo concerniente a los Procesos de Negocio gesti\u00f3n de calidad, procesos productivos, procesos apoyados por los Sistemas y Tecnolog\u00edas de la Informaci\u00f3n de punta. Difundir los \u00faltimos avances tecnol\u00f3gicos emergentes en materia de Modelado, Procesos y su Reingenier\u00eda, mejores pr\u00e1cticas, modelos de negocio para generar valor, sistemas de informaci\u00f3n, tecnolog\u00edas de informaci\u00f3n y comunicaciones, aplicativos de software, e-business, etc. a fin de ponerlas al servicio de los sectores empresariales para el logro de valores agregados y de la competitividad, sin dejar de lado su impacto en el medio ambiente.<\/p>\n<p style=\"text-align: justify;\">El Dr. Rafael Casta\u00f1eda Alva, Director de la Escuela Acad\u00e9mico Profesional de Ingenier\u00eda de Sistemas e Inform\u00e1tica y el Mg. Enrique Champ\u00edn Olivera, Director de la Escuela Acad\u00e9mico Profesional de Ingenier\u00eda Industrial, agradecen su participaci\u00f3n al CIISII 2013.<\/p>\n<p style=\"text-align: justify;\"><img decoding=\"async\" src=\"images\/stories\/13\/09\/130913\/ciisc.jpg\" border=\"0\" \/><\/p>\n","protected":false},"excerpt":{"rendered":"<p>(Aeronoticias).- Las Escuelas Acad\u00e9mico Profesionales de Ingenier\u00eda de Sistemas e Inform\u00e1tica y de Ingenier\u00eda Industrial de la Universidad Alas Peruanas, est\u00e1n organizando el \u201cV Congreso Internacional en Ingenier\u00eda de Sistemas e Inform\u00e1tica y II Congreso Internacional en Ingenier\u00eda Industrial \u2013 CIISII 2013\u201d que se llevar\u00e1 a cabo del 10 al 12 de octubre en el [&hellip;]<\/p>\n","protected":false},"author":1,"featured_media":0,"comment_status":"open","ping_status":"open","sticky":false,"template":"","format":"standard","meta":{"tdm_status":"","tdm_grid_status":"","footnotes":""},"categories":[45,18],"tags":[],"class_list":{"0":"post-40268","1":"post","2":"type-post","3":"status-publish","4":"format-standard","6":"category-eventos","7":"category-institucionales"},"yoast_head":"<!-- This site is optimized with the Yoast SEO plugin v25.1 - https:\/\/yoast.com\/wordpress\/plugins\/seo\/ -->\n<title>UAP organiza Congreso Internacional de Ingenier\u00eda de Sistemas e Inform\u00e1tica e Ingenier\u00eda industrial<\/title>\n<meta name=\"description\" content=\"Portal de noticias del Per\u00fa sobre el transporte a\u00e9reo, aviaci\u00f3n, turismo, hoteleria, actualidad.\" \/>\n<meta name=\"robots\" content=\"index, follow, max-snippet:-1, max-image-preview:large, max-video-preview:-1\" \/>\n<link rel=\"canonical\" href=\"https:\/\/aeronoticias.com.pe\/noticiero\/institucionales\/uap-organiza-congreso-internacional-de-ingenieria-de-sistemas-e-informatica-e-ingenieria-industrial\/\" \/>\n<meta property=\"og:locale\" content=\"es_ES\" \/>\n<meta property=\"og:type\" content=\"article\" \/>\n<meta property=\"og:title\" content=\"UAP organiza Congreso Internacional de Ingenier\u00eda de Sistemas e Inform\u00e1tica e Ingenier\u00eda industrial\" \/>\n<meta property=\"og:description\" content=\"Portal de noticias del Per\u00fa sobre el transporte a\u00e9reo, aviaci\u00f3n, turismo, hoteleria, actualidad.\" \/>\n<meta property=\"og:url\" content=\"https:\/\/aeronoticias.com.pe\/noticiero\/institucionales\/uap-organiza-congreso-internacional-de-ingenieria-de-sistemas-e-informatica-e-ingenieria-industrial\/\" \/>\n<meta property=\"og:site_name\" content=\"Aeronoticias.com.pe\" \/>\n<meta property=\"article:publisher\" content=\"https:\/\/www.facebook.com\/Aeronoticias.com.pe\/\" \/>\n<meta property=\"article:published_time\" content=\"2013-09-13T19:09:49+00:00\" \/>\n<meta property=\"article:modified_time\" content=\"2020-09-11T16:05:33+00:00\" \/>\n<meta name=\"author\" content=\"Redacci\u00f3n Aeronoticias\" \/>\n<meta name=\"twitter:card\" content=\"summary_large_image\" \/>\n<meta name=\"twitter:creator\" content=\"@aeronoticias\" \/>\n<meta name=\"twitter:site\" content=\"@aeronoticias\" \/>\n<meta name=\"twitter:label1\" content=\"Escrito por\" \/>\n\t<meta name=\"twitter:data1\" content=\"Redacci\u00f3n Aeronoticias\" \/>\n\t<meta name=\"twitter:label2\" content=\"Tiempo de lectura\" \/>\n\t<meta name=\"twitter:data2\" content=\"2 minutos\" \/>\n<script type=\"application\/ld+json\" class=\"yoast-schema-graph\">{\"@context\":\"https:\/\/schema.org\",\"@graph\":[{\"@type\":\"WebPage\",\"@id\":\"https:\/\/aeronoticias.com.pe\/noticiero\/institucionales\/uap-organiza-congreso-internacional-de-ingenieria-de-sistemas-e-informatica-e-ingenieria-industrial\/\",\"url\":\"https:\/\/aeronoticias.com.pe\/noticiero\/institucionales\/uap-organiza-congreso-internacional-de-ingenieria-de-sistemas-e-informatica-e-ingenieria-industrial\/\",\"name\":\"UAP organiza Congreso Internacional de Ingenier\u00eda de Sistemas e Inform\u00e1tica e Ingenier\u00eda industrial\",\"isPartOf\":{\"@id\":\"https:\/\/aeronoticias.com.pe\/noticiero\/#website\"},\"datePublished\":\"2013-09-13T19:09:49+00:00\",\"dateModified\":\"2020-09-11T16:05:33+00:00\",\"author\":{\"@id\":\"https:\/\/aeronoticias.com.pe\/noticiero\/#\/schema\/person\/fc1e5d578f4b62ba1cf7ac2bba1170a0\"},\"description\":\"Portal de noticias del Per\u00fa sobre el transporte a\u00e9reo, aviaci\u00f3n, turismo, hoteleria, actualidad.\",\"breadcrumb\":{\"@id\":\"https:\/\/aeronoticias.com.pe\/noticiero\/institucionales\/uap-organiza-congreso-internacional-de-ingenieria-de-sistemas-e-informatica-e-ingenieria-industrial\/#breadcrumb\"},\"inLanguage\":\"es\",\"potentialAction\":[{\"@type\":\"ReadAction\",\"target\":[\"https:\/\/aeronoticias.com.pe\/noticiero\/institucionales\/uap-organiza-congreso-internacional-de-ingenieria-de-sistemas-e-informatica-e-ingenieria-industrial\/\"]}]},{\"@type\":\"BreadcrumbList\",\"@id\":\"https:\/\/aeronoticias.com.pe\/noticiero\/institucionales\/uap-organiza-congreso-internacional-de-ingenieria-de-sistemas-e-informatica-e-ingenieria-industrial\/#breadcrumb\",\"itemListElement\":[{\"@type\":\"ListItem\",\"position\":1,\"name\":\"Portada\",\"item\":\"https:\/\/aeronoticias.com.pe\/noticiero\/\"},{\"@type\":\"ListItem\",\"position\":2,\"name\":\"UAP organiza Congreso Internacional de Ingenier\u00eda de Sistemas e Inform\u00e1tica e Ingenier\u00eda industrial\"}]},{\"@type\":\"WebSite\",\"@id\":\"https:\/\/aeronoticias.com.pe\/noticiero\/#website\",\"url\":\"https:\/\/aeronoticias.com.pe\/noticiero\/\",\"name\":\"Aeronoticias.com.pe\",\"description\":\"Noticias de tranporte aereo, turismo, hoteles, gastronomia, actualidad, internacional\",\"potentialAction\":[{\"@type\":\"SearchAction\",\"target\":{\"@type\":\"EntryPoint\",\"urlTemplate\":\"https:\/\/aeronoticias.com.pe\/noticiero\/?s={search_term_string}\"},\"query-input\":{\"@type\":\"PropertyValueSpecification\",\"valueRequired\":true,\"valueName\":\"search_term_string\"}}],\"inLanguage\":\"es\"},{\"@type\":\"Person\",\"@id\":\"https:\/\/aeronoticias.com.pe\/noticiero\/#\/schema\/person\/fc1e5d578f4b62ba1cf7ac2bba1170a0\",\"name\":\"Redacci\u00f3n Aeronoticias\",\"url\":\"https:\/\/aeronoticias.com.pe\/noticiero\/author\/piloto\/\"}]}<\/script>\n<!-- \/ Yoast SEO plugin. -->","yoast_head_json":{"title":"UAP organiza Congreso Internacional de Ingenier\u00eda de Sistemas e Inform\u00e1tica e Ingenier\u00eda industrial","description":"Portal de noticias del Per\u00fa sobre el transporte a\u00e9reo, aviaci\u00f3n, turismo, hoteleria, actualidad.","robots":{"index":"index","follow":"follow","max-snippet":"max-snippet:-1","max-image-preview":"max-image-preview:large","max-video-preview":"max-video-preview:-1"},"canonical":"https:\/\/aeronoticias.com.pe\/noticiero\/institucionales\/uap-organiza-congreso-internacional-de-ingenieria-de-sistemas-e-informatica-e-ingenieria-industrial\/","og_locale":"es_ES","og_type":"article","og_title":"UAP organiza Congreso Internacional de Ingenier\u00eda de Sistemas e Inform\u00e1tica e Ingenier\u00eda industrial","og_description":"Portal de noticias del Per\u00fa sobre el transporte a\u00e9reo, aviaci\u00f3n, turismo, hoteleria, actualidad.","og_url":"https:\/\/aeronoticias.com.pe\/noticiero\/institucionales\/uap-organiza-congreso-internacional-de-ingenieria-de-sistemas-e-informatica-e-ingenieria-industrial\/","og_site_name":"Aeronoticias.com.pe","article_publisher":"https:\/\/www.facebook.com\/Aeronoticias.com.pe\/","article_published_time":"2013-09-13T19:09:49+00:00","article_modified_time":"2020-09-11T16:05:33+00:00","author":"Redacci\u00f3n Aeronoticias","twitter_card":"summary_large_image","twitter_creator":"@aeronoticias","twitter_site":"@aeronoticias","twitter_misc":{"Escrito por":"Redacci\u00f3n Aeronoticias","Tiempo de lectura":"2 minutos"},"schema":{"@context":"https:\/\/schema.org","@graph":[{"@type":"WebPage","@id":"https:\/\/aeronoticias.com.pe\/noticiero\/institucionales\/uap-organiza-congreso-internacional-de-ingenieria-de-sistemas-e-informatica-e-ingenieria-industrial\/","url":"https:\/\/aeronoticias.com.pe\/noticiero\/institucionales\/uap-organiza-congreso-internacional-de-ingenieria-de-sistemas-e-informatica-e-ingenieria-industrial\/","name":"UAP organiza Congreso Internacional de Ingenier\u00eda de Sistemas e Inform\u00e1tica e Ingenier\u00eda industrial","isPartOf":{"@id":"https:\/\/aeronoticias.com.pe\/noticiero\/#website"},"datePublished":"2013-09-13T19:09:49+00:00","dateModified":"2020-09-11T16:05:33+00:00","author":{"@id":"https:\/\/aeronoticias.com.pe\/noticiero\/#\/schema\/person\/fc1e5d578f4b62ba1cf7ac2bba1170a0"},"description":"Portal de noticias del Per\u00fa sobre el transporte a\u00e9reo, aviaci\u00f3n, turismo, hoteleria, actualidad.","breadcrumb":{"@id":"https:\/\/aeronoticias.com.pe\/noticiero\/institucionales\/uap-organiza-congreso-internacional-de-ingenieria-de-sistemas-e-informatica-e-ingenieria-industrial\/#breadcrumb"},"inLanguage":"es","potentialAction":[{"@type":"ReadAction","target":["https:\/\/aeronoticias.com.pe\/noticiero\/institucionales\/uap-organiza-congreso-internacional-de-ingenieria-de-sistemas-e-informatica-e-ingenieria-industrial\/"]}]},{"@type":"BreadcrumbList","@id":"https:\/\/aeronoticias.com.pe\/noticiero\/institucionales\/uap-organiza-congreso-internacional-de-ingenieria-de-sistemas-e-informatica-e-ingenieria-industrial\/#breadcrumb","itemListElement":[{"@type":"ListItem","position":1,"name":"Portada","item":"https:\/\/aeronoticias.com.pe\/noticiero\/"},{"@type":"ListItem","position":2,"name":"UAP organiza Congreso Internacional de Ingenier\u00eda de Sistemas e Inform\u00e1tica e Ingenier\u00eda industrial"}]},{"@type":"WebSite","@id":"https:\/\/aeronoticias.com.pe\/noticiero\/#website","url":"https:\/\/aeronoticias.com.pe\/noticiero\/","name":"Aeronoticias.com.pe","description":"Noticias de tranporte aereo, turismo, hoteles, gastronomia, actualidad, internacional","potentialAction":[{"@type":"SearchAction","target":{"@type":"EntryPoint","urlTemplate":"https:\/\/aeronoticias.com.pe\/noticiero\/?s={search_term_string}"},"query-input":{"@type":"PropertyValueSpecification","valueRequired":true,"valueName":"search_term_string"}}],"inLanguage":"es"},{"@type":"Person","@id":"https:\/\/aeronoticias.com.pe\/noticiero\/#\/schema\/person\/fc1e5d578f4b62ba1cf7ac2bba1170a0","name":"Redacci\u00f3n Aeronoticias","url":"https:\/\/aeronoticias.com.pe\/noticiero\/author\/piloto\/"}]}},"_links":{"self":[{"href":"https:\/\/aeronoticias.com.pe\/noticiero\/wp-json\/wp\/v2\/posts\/40268","targetHints":{"allow":["GET"]}}],"collection":[{"href":"https:\/\/aeronoticias.com.pe\/noticiero\/wp-json\/wp\/v2\/posts"}],"about":[{"href":"https:\/\/aeronoticias.com.pe\/noticiero\/wp-json\/wp\/v2\/types\/post"}],"author":[{"embeddable":true,"href":"https:\/\/aeronoticias.com.pe\/noticiero\/wp-json\/wp\/v2\/users\/1"}],"replies":[{"embeddable":true,"href":"https:\/\/aeronoticias.com.pe\/noticiero\/wp-json\/wp\/v2\/comments?post=40268"}],"version-history":[{"count":0,"href":"https:\/\/aeronoticias.com.pe\/noticiero\/wp-json\/wp\/v2\/posts\/40268\/revisions"}],"wp:attachment":[{"href":"https:\/\/aeronoticias.com.pe\/noticiero\/wp-json\/wp\/v2\/media?parent=40268"}],"wp:term":[{"taxonomy":"category","embeddable":true,"href":"https:\/\/aeronoticias.com.pe\/noticiero\/wp-json\/wp\/v2\/categories?post=40268"},{"taxonomy":"post_tag","embeddable":true,"href":"https:\/\/aeronoticias.com.pe\/noticiero\/wp-json\/wp\/v2\/tags?post=40268"}],"curies":[{"name":"wp","href":"https:\/\/api.w.org\/{rel}","templated":true}]}}