{"id":405,"date":"2008-09-04T11:48:58","date_gmt":"2008-09-04T11:48:58","guid":{"rendered":"http:\/\/desarrollo.mcvicious.com\/aero2020\/2008\/09\/04\/perndrcuerdo-comercial-con-ue-dice-canciller-garcbelaunde\/"},"modified":"2008-09-04T11:48:58","modified_gmt":"2008-09-04T11:48:58","slug":"perndrcuerdo-comercial-con-ue-dice-canciller-garcbelaunde","status":"publish","type":"post","link":"https:\/\/aeronoticias.com.pe\/noticiero\/ultimas\/1\/perndrcuerdo-comercial-con-ue-dice-canciller-garcbelaunde\/","title":{"rendered":"Per"},"content":{"rendered":"<p style=\"font-family: Arial,Helvetica,sans-serif; font-size: 12px; color: #003a75\" align=\"justify\">El Per&uacute; tendr&aacute; un acuerdo comercial con la Uni&oacute;n Europea (UE) en el 2009 pese a las &ldquo;voces agoreras&rdquo; que dudan que ese objetivo se logre, dijo hoy el ministro de Relaciones Exteriores, Jos&eacute; Antonio Garc&iacute;a Belaunde.<\/p>\n<p align=\"justify\">&nbsp;<\/p>\n<p style=\"font-family: Arial,Helvetica,sans-serif; font-size: 12px; color: #003a75\" align=\"justify\"> &ldquo;Vamos a tener, y yo creo que antes del fin del pr&oacute;ximo a&ntilde;o, el TLC con la Uni&oacute;n Europea pese a ciertas voces agoreras que nunca faltan&rdquo;, expres&oacute;.<\/p>\n<p align=\"justify\">&nbsp;<\/p>\n<p style=\"font-family: Arial,Helvetica,sans-serif; font-size: 12px; color: #003a75\" align=\"justify\">Agreg&oacute; que la propuesta y la estrategia peruana se encuentran dise&ntilde;adas para tener un Acuerdo de Asociaci&oacute;n con la Uni&oacute;n Europea, que va a incluir un Tratado de Libre Comercio (TLC).Garc&iacute;a Belaunde record&oacute; que los europeos han sido claros en que pueden tener el Acuerdo de Asociaci&oacute;n con los integrantes de la Comunidad Andina de Naciones (CAN) con dos o tres de sus pilares: el di&aacute;logo pol&iacute;tico, la cooperaci&oacute;n y el tratado de libre comercio.<\/p>\n<p>&nbsp;<\/p>\n<p align=\"center\"><strong style=\"font-family: Arial,Helvetica,sans-serif; font-size: 12px; color: #003a75\">Tres pilares en acuerdo de asociaci&oacute;n<\/strong><\/p>\n<p>&nbsp;<\/p>\n<p style=\"font-family: Arial,Helvetica,sans-serif; font-size: 12px; color: #003a75\" align=\"justify\">&ldquo;Y se puede estar en el Acuerdo de Asociaci&oacute;n sin necesidad de tomar los tres pilares&rdquo;, explic&oacute;.El canciller tambi&eacute;n dijo que las condiciones est&aacute;n dadas para que en el curso de finales de este a&ntilde;o y principio del pr&oacute;ximo, el Per&uacute; pueda tener un acuerdo comercial con la Rep&uacute;blica Popular China.<\/p>\n<p style=\"font-family: Arial,Helvetica,sans-serif; font-size: 12px; color: #003a75\" align=\"justify\">Incluso, resalt&oacute; que el presidente chino, Hu Jintao, efectuar&aacute; una visita oficial al Per&uacute; en noviembre pr&oacute;ximo, lo cual refleja la voluntad pol&iacute;tica para lograr el convenio comercial con la naci&oacute;n peruana.<\/p>\n<p style=\"font-family: Arial,Helvetica,sans-serif; font-size: 12px; color: #003a75\" align=\"justify\">&nbsp;<\/p>\n<div style=\"text-align: center\"><img loading=\"lazy\" decoding=\"async\" src=\"http:\/\/aeronoticias.com.pe\/fotonoticias\/setiembre\/canciller4.jpg\" alt=\" \" title=\"Ministro de Relaciones Exteriores de Per&uacute;, Jos&eacute; Antonio Garc&iacute;a Belaunde. (Foto: Efr&eacute;n Vidal-Aeronoticias)\" hspace=\"5\" vspace=\"5\" width=\"400\" height=\"300\" \/><\/div>\n<p>&nbsp;<\/p>\n<p> <!--more--> <\/p>\n<p>&nbsp;<\/p>\n<p align=\"center\"><strong style=\"font-family: Arial,Helvetica,sans-serif; font-size: 12px; color: #003a75\">A punto de culminar negociaci&oacute;n con Jap&oacute;n<\/strong><\/p>\n<p>&nbsp;<\/p>\n<p style=\"font-family: Arial,Helvetica,sans-serif; font-size: 12px; color: #003a75\">&ldquo;Y el hecho de que estamos a punto de culminar la negociaci&oacute;n con Jap&oacute;n sobre un acuerdo de inversi&oacute;n que nos va a permitir dar siguientes pasos en esa direcci&oacute;n, creo que estamos simplemente consolidando nuestra proyecci&oacute;n al mundo&rdquo;, manifest&oacute;.<\/p>\n<p style=\"font-family: Arial,Helvetica,sans-serif; font-size: 12px; color: #003a75\">&nbsp;<\/p>\n<p style=\"font-family: Arial,Helvetica,sans-serif; font-size: 12px; color: #003a75\">Esa estrategia &ndash;a&ntilde;adi&oacute;- se refuerza con la iniciativa peruana de crear el Arco Pac&iacute;fico para armonizar los procesos comerciales de los pa&iacute;ses ribere&ntilde;os y convertir al Pac&iacute;fico en centro de comercio mundial.<\/p>\n<p style=\"font-family: Arial,Helvetica,sans-serif; font-size: 12px; color: #003a75\">Garc&iacute;a Belaunde formul&oacute; estas expresiones en el discurso inaugural de la conferencia internacional del Consejo de las Am&eacute;ricas, denominado &ldquo;El Per&uacute;: un pa&iacute;s globalizado&rdquo;, en la que participan representantes empresariales del Per&uacute; y Estados Unidos.<\/p>\n<p style=\"font-family: Arial,Helvetica,sans-serif; font-size: 12px; color: #003a75\">&nbsp;<\/p>\n<p style=\"font-family: Arial,Helvetica,sans-serif; font-size: 12px; color: #003a75\" align=\"center\"><strong>Voces agoreras en algunos sectores period&iacute;sticos<\/strong><\/p>\n<p style=\"font-family: Arial,Helvetica,sans-serif; font-size: 12px; color: #003a75\" align=\"justify\">&nbsp;<\/p>\n<p style=\"font-family: Arial,Helvetica,sans-serif; font-size: 12px; color: #003a75\" align=\"justify\">En posteriores declaraciones a la prensa, refiri&oacute; que &ldquo;las voces agoreras&rdquo; sobre la firma del acuerdo comercial de Per&uacute; con la Uni&oacute;n Europea se ubica en algunos sectores period&iacute;sticos.<\/p>\n<p style=\"font-family: Arial,Helvetica,sans-serif; font-size: 12px; color: #003a75\" align=\"justify\">&nbsp;<\/p>\n<p style=\"font-family: Arial,Helvetica,sans-serif; font-size: 12px; color: #003a75\" align=\"justify\">&ldquo;Hay quienes que al igual que nos dec&iacute;an que no hac&iacute;amos lo suficiente en la estrategia para conseguir la aprobaci&oacute;n del TLC en el Congreso norteamericano, tambi&eacute;n ahora nos dicen que no estamos haciendo las cosas&rdquo;, sostuvo.<\/p>\n<p style=\"font-family: Arial,Helvetica,sans-serif; font-size: 12px; color: #003a75\" align=\"justify\">&nbsp;<\/p>\n<p style=\"font-family: Arial,Helvetica,sans-serif; font-size: 12px; color: #003a75\" align=\"justify\">Sin embargo, indic&oacute; que Per&uacute; ha demostrado en la pr&aacute;ctica que posee estrategias, las pone en ejecuci&oacute;n, y que obtiene los resultados esperados.<\/p>\n<p style=\"font-family: Arial,Helvetica,sans-serif; font-size: 12px; color: #003a75\" align=\"justify\">&nbsp;<\/p>\n<p style=\"font-family: Arial,Helvetica,sans-serif; font-size: 12px; color: #003a75\" align=\"justify\">El jefe de la diplomacia peruana indic&oacute; a la agencia Andina que todo ello se enmarca en la propuesta de integraci&oacute;n del presidente de la Rep&uacute;blica, Alan Garc&iacute;a, para luchar contra la pobreza, generar empleo decente, y generar nuevas fortalezas.<\/p>\n<p style=\"font-family: Arial,Helvetica,sans-serif; font-size: 12px; color: #003a75\" align=\"justify\">&nbsp;<\/p>\n<p style=\"font-family: Arial,Helvetica,sans-serif; font-size: 12px; color: #003a75\" align=\"justify\">Como resultado de ello, mencion&oacute; que Per&uacute; ha logrado la obtenci&oacute;n del grado de inversi&oacute;n, la incorporaci&oacute;n al comit&eacute; de inversiones de la Organizaci&oacute;n para la Cooperaci&oacute;n y el Desarrollo Econ&oacute;mico (OCDE), y ha organizados dos cumbres presidenciales.<\/p>\n<p style=\"font-family: Arial,Helvetica,sans-serif; font-size: 12px; color: #003a75\" align=\"justify\">&nbsp;<\/p>\n<p style=\"font-family: Arial,Helvetica,sans-serif; font-size: 12px; color: #003a75\" align=\"justify\">&ldquo;De alguna manera, estamos reafirmando un protagonismo en la regi&oacute;n muy interesante, estamos siendo vistos desde afuera cada vez con m&aacute;s inter&eacute;s y cada vez m&aacute;s curiosidad por lo que estamos logrando hacer&rdquo;, acot&oacute;.<\/p>\n","protected":false},"excerpt":{"rendered":"<p>El Per&uacute; tendr&aacute; un acuerdo comercial con la Uni&oacute;n Europea (UE) en el 2009 pese a las &ldquo;voces agoreras&rdquo; que dudan que ese objetivo se logre, dijo hoy el ministro de Relaciones Exteriores, Jos&eacute; Antonio Garc&iacute;a Belaunde. &nbsp; &ldquo;Vamos a tener, y yo creo que antes del fin del pr&oacute;ximo a&ntilde;o, el TLC con la [&hellip;]<\/p>\n","protected":false},"author":1,"featured_media":0,"comment_status":"open","ping_status":"open","sticky":false,"template":"","format":"standard","meta":{"tdm_status":"","tdm_grid_status":"","footnotes":""},"categories":[30],"tags":[],"class_list":{"0":"post-405","1":"post","2":"type-post","3":"status-publish","4":"format-standard","6":"category-30"},"yoast_head":"<!-- This site is optimized with the Yoast SEO plugin v25.1 - https:\/\/yoast.com\/wordpress\/plugins\/seo\/ -->\n<title>Per<\/title>\n<meta name=\"description\" content=\"Portal de noticias del Per\u00fa sobre el transporte a\u00e9reo, aviaci\u00f3n, turismo, hoteleria, actualidad.\" \/>\n<meta name=\"robots\" content=\"index, follow, max-snippet:-1, max-image-preview:large, max-video-preview:-1\" \/>\n<link rel=\"canonical\" href=\"https:\/\/aeronoticias.com.pe\/noticiero\/ultimas\/1\/perndrcuerdo-comercial-con-ue-dice-canciller-garcbelaunde\/\" \/>\n<meta property=\"og:locale\" content=\"es_ES\" \/>\n<meta property=\"og:type\" content=\"article\" \/>\n<meta property=\"og:title\" content=\"Per\" \/>\n<meta property=\"og:description\" content=\"Portal de noticias del Per\u00fa sobre el transporte a\u00e9reo, aviaci\u00f3n, turismo, hoteleria, actualidad.\" \/>\n<meta property=\"og:url\" content=\"https:\/\/aeronoticias.com.pe\/noticiero\/ultimas\/1\/perndrcuerdo-comercial-con-ue-dice-canciller-garcbelaunde\/\" \/>\n<meta property=\"og:site_name\" content=\"Aeronoticias.com.pe\" \/>\n<meta property=\"article:publisher\" content=\"https:\/\/www.facebook.com\/Aeronoticias.com.pe\/\" \/>\n<meta property=\"article:published_time\" content=\"2008-09-04T11:48:58+00:00\" \/>\n<meta property=\"og:image\" content=\"http:\/\/aeronoticias.com.pe\/fotonoticias\/setiembre\/canciller4.jpg\" \/>\n<meta name=\"author\" content=\"Redacci\u00f3n Aeronoticias\" \/>\n<meta name=\"twitter:card\" content=\"summary_large_image\" \/>\n<meta name=\"twitter:creator\" content=\"@aeronoticias\" \/>\n<meta name=\"twitter:site\" content=\"@aeronoticias\" \/>\n<meta name=\"twitter:label1\" content=\"Escrito por\" \/>\n\t<meta name=\"twitter:data1\" content=\"Redacci\u00f3n Aeronoticias\" \/>\n\t<meta name=\"twitter:label2\" content=\"Tiempo de lectura\" \/>\n\t<meta name=\"twitter:data2\" content=\"4 minutos\" \/>\n<script type=\"application\/ld+json\" class=\"yoast-schema-graph\">{\"@context\":\"https:\/\/schema.org\",\"@graph\":[{\"@type\":\"WebPage\",\"@id\":\"https:\/\/aeronoticias.com.pe\/noticiero\/ultimas\/1\/perndrcuerdo-comercial-con-ue-dice-canciller-garcbelaunde\/\",\"url\":\"https:\/\/aeronoticias.com.pe\/noticiero\/ultimas\/1\/perndrcuerdo-comercial-con-ue-dice-canciller-garcbelaunde\/\",\"name\":\"Per\",\"isPartOf\":{\"@id\":\"https:\/\/aeronoticias.com.pe\/noticiero\/#website\"},\"primaryImageOfPage\":{\"@id\":\"https:\/\/aeronoticias.com.pe\/noticiero\/ultimas\/1\/perndrcuerdo-comercial-con-ue-dice-canciller-garcbelaunde\/#primaryimage\"},\"image\":{\"@id\":\"https:\/\/aeronoticias.com.pe\/noticiero\/ultimas\/1\/perndrcuerdo-comercial-con-ue-dice-canciller-garcbelaunde\/#primaryimage\"},\"thumbnailUrl\":\"http:\/\/aeronoticias.com.pe\/fotonoticias\/setiembre\/canciller4.jpg\",\"datePublished\":\"2008-09-04T11:48:58+00:00\",\"author\":{\"@id\":\"https:\/\/aeronoticias.com.pe\/noticiero\/#\/schema\/person\/fc1e5d578f4b62ba1cf7ac2bba1170a0\"},\"description\":\"Portal de noticias del Per\u00fa sobre el transporte a\u00e9reo, aviaci\u00f3n, turismo, hoteleria, actualidad.\",\"breadcrumb\":{\"@id\":\"https:\/\/aeronoticias.com.pe\/noticiero\/ultimas\/1\/perndrcuerdo-comercial-con-ue-dice-canciller-garcbelaunde\/#breadcrumb\"},\"inLanguage\":\"es\",\"potentialAction\":[{\"@type\":\"ReadAction\",\"target\":[\"https:\/\/aeronoticias.com.pe\/noticiero\/ultimas\/1\/perndrcuerdo-comercial-con-ue-dice-canciller-garcbelaunde\/\"]}]},{\"@type\":\"ImageObject\",\"inLanguage\":\"es\",\"@id\":\"https:\/\/aeronoticias.com.pe\/noticiero\/ultimas\/1\/perndrcuerdo-comercial-con-ue-dice-canciller-garcbelaunde\/#primaryimage\",\"url\":\"http:\/\/aeronoticias.com.pe\/fotonoticias\/setiembre\/canciller4.jpg\",\"contentUrl\":\"http:\/\/aeronoticias.com.pe\/fotonoticias\/setiembre\/canciller4.jpg\"},{\"@type\":\"BreadcrumbList\",\"@id\":\"https:\/\/aeronoticias.com.pe\/noticiero\/ultimas\/1\/perndrcuerdo-comercial-con-ue-dice-canciller-garcbelaunde\/#breadcrumb\",\"itemListElement\":[{\"@type\":\"ListItem\",\"position\":1,\"name\":\"Portada\",\"item\":\"https:\/\/aeronoticias.com.pe\/noticiero\/\"},{\"@type\":\"ListItem\",\"position\":2,\"name\":\"Per\"}]},{\"@type\":\"WebSite\",\"@id\":\"https:\/\/aeronoticias.com.pe\/noticiero\/#website\",\"url\":\"https:\/\/aeronoticias.com.pe\/noticiero\/\",\"name\":\"Aeronoticias.com.pe\",\"description\":\"Noticias de tranporte aereo, turismo, hoteles, gastronomia, actualidad, internacional\",\"potentialAction\":[{\"@type\":\"SearchAction\",\"target\":{\"@type\":\"EntryPoint\",\"urlTemplate\":\"https:\/\/aeronoticias.com.pe\/noticiero\/?s={search_term_string}\"},\"query-input\":{\"@type\":\"PropertyValueSpecification\",\"valueRequired\":true,\"valueName\":\"search_term_string\"}}],\"inLanguage\":\"es\"},{\"@type\":\"Person\",\"@id\":\"https:\/\/aeronoticias.com.pe\/noticiero\/#\/schema\/person\/fc1e5d578f4b62ba1cf7ac2bba1170a0\",\"name\":\"Redacci\u00f3n Aeronoticias\",\"url\":\"https:\/\/aeronoticias.com.pe\/noticiero\/author\/piloto\/\"}]}<\/script>\n<!-- \/ Yoast SEO plugin. -->","yoast_head_json":{"title":"Per","description":"Portal de noticias del Per\u00fa sobre el transporte a\u00e9reo, aviaci\u00f3n, turismo, hoteleria, actualidad.","robots":{"index":"index","follow":"follow","max-snippet":"max-snippet:-1","max-image-preview":"max-image-preview:large","max-video-preview":"max-video-preview:-1"},"canonical":"https:\/\/aeronoticias.com.pe\/noticiero\/ultimas\/1\/perndrcuerdo-comercial-con-ue-dice-canciller-garcbelaunde\/","og_locale":"es_ES","og_type":"article","og_title":"Per","og_description":"Portal de noticias del Per\u00fa sobre el transporte a\u00e9reo, aviaci\u00f3n, turismo, hoteleria, actualidad.","og_url":"https:\/\/aeronoticias.com.pe\/noticiero\/ultimas\/1\/perndrcuerdo-comercial-con-ue-dice-canciller-garcbelaunde\/","og_site_name":"Aeronoticias.com.pe","article_publisher":"https:\/\/www.facebook.com\/Aeronoticias.com.pe\/","article_published_time":"2008-09-04T11:48:58+00:00","og_image":[{"url":"http:\/\/aeronoticias.com.pe\/fotonoticias\/setiembre\/canciller4.jpg","type":"","width":"","height":""}],"author":"Redacci\u00f3n Aeronoticias","twitter_card":"summary_large_image","twitter_creator":"@aeronoticias","twitter_site":"@aeronoticias","twitter_misc":{"Escrito por":"Redacci\u00f3n Aeronoticias","Tiempo de lectura":"4 minutos"},"schema":{"@context":"https:\/\/schema.org","@graph":[{"@type":"WebPage","@id":"https:\/\/aeronoticias.com.pe\/noticiero\/ultimas\/1\/perndrcuerdo-comercial-con-ue-dice-canciller-garcbelaunde\/","url":"https:\/\/aeronoticias.com.pe\/noticiero\/ultimas\/1\/perndrcuerdo-comercial-con-ue-dice-canciller-garcbelaunde\/","name":"Per","isPartOf":{"@id":"https:\/\/aeronoticias.com.pe\/noticiero\/#website"},"primaryImageOfPage":{"@id":"https:\/\/aeronoticias.com.pe\/noticiero\/ultimas\/1\/perndrcuerdo-comercial-con-ue-dice-canciller-garcbelaunde\/#primaryimage"},"image":{"@id":"https:\/\/aeronoticias.com.pe\/noticiero\/ultimas\/1\/perndrcuerdo-comercial-con-ue-dice-canciller-garcbelaunde\/#primaryimage"},"thumbnailUrl":"http:\/\/aeronoticias.com.pe\/fotonoticias\/setiembre\/canciller4.jpg","datePublished":"2008-09-04T11:48:58+00:00","author":{"@id":"https:\/\/aeronoticias.com.pe\/noticiero\/#\/schema\/person\/fc1e5d578f4b62ba1cf7ac2bba1170a0"},"description":"Portal de noticias del Per\u00fa sobre el transporte a\u00e9reo, aviaci\u00f3n, turismo, hoteleria, actualidad.","breadcrumb":{"@id":"https:\/\/aeronoticias.com.pe\/noticiero\/ultimas\/1\/perndrcuerdo-comercial-con-ue-dice-canciller-garcbelaunde\/#breadcrumb"},"inLanguage":"es","potentialAction":[{"@type":"ReadAction","target":["https:\/\/aeronoticias.com.pe\/noticiero\/ultimas\/1\/perndrcuerdo-comercial-con-ue-dice-canciller-garcbelaunde\/"]}]},{"@type":"ImageObject","inLanguage":"es","@id":"https:\/\/aeronoticias.com.pe\/noticiero\/ultimas\/1\/perndrcuerdo-comercial-con-ue-dice-canciller-garcbelaunde\/#primaryimage","url":"http:\/\/aeronoticias.com.pe\/fotonoticias\/setiembre\/canciller4.jpg","contentUrl":"http:\/\/aeronoticias.com.pe\/fotonoticias\/setiembre\/canciller4.jpg"},{"@type":"BreadcrumbList","@id":"https:\/\/aeronoticias.com.pe\/noticiero\/ultimas\/1\/perndrcuerdo-comercial-con-ue-dice-canciller-garcbelaunde\/#breadcrumb","itemListElement":[{"@type":"ListItem","position":1,"name":"Portada","item":"https:\/\/aeronoticias.com.pe\/noticiero\/"},{"@type":"ListItem","position":2,"name":"Per"}]},{"@type":"WebSite","@id":"https:\/\/aeronoticias.com.pe\/noticiero\/#website","url":"https:\/\/aeronoticias.com.pe\/noticiero\/","name":"Aeronoticias.com.pe","description":"Noticias de tranporte aereo, turismo, hoteles, gastronomia, actualidad, internacional","potentialAction":[{"@type":"SearchAction","target":{"@type":"EntryPoint","urlTemplate":"https:\/\/aeronoticias.com.pe\/noticiero\/?s={search_term_string}"},"query-input":{"@type":"PropertyValueSpecification","valueRequired":true,"valueName":"search_term_string"}}],"inLanguage":"es"},{"@type":"Person","@id":"https:\/\/aeronoticias.com.pe\/noticiero\/#\/schema\/person\/fc1e5d578f4b62ba1cf7ac2bba1170a0","name":"Redacci\u00f3n Aeronoticias","url":"https:\/\/aeronoticias.com.pe\/noticiero\/author\/piloto\/"}]}},"_links":{"self":[{"href":"https:\/\/aeronoticias.com.pe\/noticiero\/wp-json\/wp\/v2\/posts\/405","targetHints":{"allow":["GET"]}}],"collection":[{"href":"https:\/\/aeronoticias.com.pe\/noticiero\/wp-json\/wp\/v2\/posts"}],"about":[{"href":"https:\/\/aeronoticias.com.pe\/noticiero\/wp-json\/wp\/v2\/types\/post"}],"author":[{"embeddable":true,"href":"https:\/\/aeronoticias.com.pe\/noticiero\/wp-json\/wp\/v2\/users\/1"}],"replies":[{"embeddable":true,"href":"https:\/\/aeronoticias.com.pe\/noticiero\/wp-json\/wp\/v2\/comments?post=405"}],"version-history":[{"count":0,"href":"https:\/\/aeronoticias.com.pe\/noticiero\/wp-json\/wp\/v2\/posts\/405\/revisions"}],"wp:attachment":[{"href":"https:\/\/aeronoticias.com.pe\/noticiero\/wp-json\/wp\/v2\/media?parent=405"}],"wp:term":[{"taxonomy":"category","embeddable":true,"href":"https:\/\/aeronoticias.com.pe\/noticiero\/wp-json\/wp\/v2\/categories?post=405"},{"taxonomy":"post_tag","embeddable":true,"href":"https:\/\/aeronoticias.com.pe\/noticiero\/wp-json\/wp\/v2\/tags?post=405"}],"curies":[{"name":"wp","href":"https:\/\/api.w.org\/{rel}","templated":true}]}}