{"id":408,"date":"2008-09-04T13:09:36","date_gmt":"2008-09-04T13:09:36","guid":{"rendered":"http:\/\/desarrollo.mcvicious.com\/aero2020\/2008\/09\/04\/inusual-llovizna-registrada-anoche-en-lima-fue-la-mintensa-de-los-mos-11-a\/"},"modified":"2008-09-04T13:09:36","modified_gmt":"2008-09-04T13:09:36","slug":"inusual-llovizna-registrada-anoche-en-lima-fue-la-mintensa-de-los-mos-11-a","status":"publish","type":"post","link":"https:\/\/aeronoticias.com.pe\/noticiero\/ultimas\/1\/inusual-llovizna-registrada-anoche-en-lima-fue-la-mintensa-de-los-mos-11-a\/","title":{"rendered":"Inusual llovizna registrada anoche en Lima fue la m"},"content":{"rendered":"<p align=\"justify\">&nbsp;<\/p>\n<div align=\"justify\" style=\"font-size: 12px; color: #003a75; font-family: Arial,Helvetica,sans-serif\">La inusual llovizna registrada anoche en Lima fue la m&aacute;s intensa de los &uacute;ltimos 11 a&ntilde;os, al alcanzar hasta tres litros por metro cuadrado en ciertas zonas e &iacute;ndices de humedad de hasta 100%, inform&oacute; el Servicio Nacional de Meteorolog&iacute;a e hidrolog&iacute;a (Senamhi). <\/div>\n<p align=\"justify\">&nbsp;<\/p>\n<p style=\"font-size: 12px; color: #003a75; font-family: Arial,Helvetica,sans-serif\" align=\"justify\">Estas copiosas precipitaciones -que se prolongaron hasta la madrugada aunque en menor proporci&oacute;n y generaron aniegos en diferentes distritos- obedecieron a un incremento de la actividad del Anticicl&oacute;n del Pac&iacute;fico Sur.<\/p>\n<p>Seg&uacute;n explic&oacute; la meteor&oacute;loga Raquel Loayza, cuando el anticicl&oacute;n aumenta su actividad produce fuertes vientos y acerca la humedad al continente, por consiguiente, a las zonas costeras.<\/p>\n<div align=\"justify\" style=\"font-size: 12px; color: #003a75; font-family: Arial,Helvetica,sans-serif\">&ldquo;Esta llovizna intensa ha durado desde las 7 hasta las 10 de la noche y ha sido la m&aacute;s intensa del invierno y del a&ntilde;o. Desde el 10 de septiembre de 1997 no hemos tenido lloviznas tan fuertes. Se ha sentido m&aacute;s en el sur de Lima y tambi&eacute;n en la zona costera&rdquo;, a&ntilde;adi&oacute; la especialista en di&aacute;logo con Andina.<\/div>\n<div align=\"justify\" style=\"font-size: 12px; color: #003a75; font-family: Arial,Helvetica,sans-serif\">&nbsp; <\/p>\n<div style=\"text-align: center\"><img loading=\"lazy\" decoding=\"async\" src=\"http:\/\/aeronoticias.com.pe\/fotonoticias\/setiembre\/llov4.jpg\" alt=\" \" title=\"Inusual llovizna registrada anoche en Lima fue la m&aacute;s intensa de los &uacute;ltimos 11 a&ntilde;os. (Foto: Andina)\" hspace=\"5\" vspace=\"5\" width=\"400\" height=\"267\" \/><\/div>\n<\/div>\n<p>&nbsp;<\/p>\n<p> <!--more--> <\/p>\n<div align=\"center\"><\/div>\n<div align=\"center\"><strong><\/strong><\/div>\n<div align=\"center\"><strong><span style=\"font-size: 12px; color: #003a75; font-family: Arial,Helvetica,sans-serif\">Lime&ntilde;os seguir&aacute;n soportando m&aacute;s lloviznas<\/span><\/strong><\/div>\n<div align=\"center\"><strong><\/strong><\/div>\n<div align=\"center\"><\/div>\n<div align=\"justify\" style=\"font-size: 12px; color: #003a75; font-family: Arial, Helvetica, sans-serif\">Sostuvo que los lime&ntilde;os seguir&aacute;n soportar&aacute;n m&aacute;s lloviznas hasta este s&aacute;bado 6 de setiembre, aunque de menor intensidad, y sin repercutir en la temperatura, pues las m&iacute;nimas se estiman en 15 grados cent&iacute;grados y las m&aacute;ximas entre los 18 y 19 grados.<\/div>\n<div align=\"justify\" style=\"font-size: 12px; color: #003a75; font-family: Arial, Helvetica, sans-serif\">Loayza coment&oacute; que estas nuevas precipitaciones se registrar&aacute;n desde las 18:00 horas y se prolongar&aacute;n hasta las primeras horas del d&iacute;a siguiente, a lo que se sumar&aacute; la presencia de vientos fr&iacute;os que alcanzar&aacute;n velocidades de hasta 16 kil&oacute;metros por hora.<\/div>\n<div align=\"justify\" style=\"font-size: 12px; color: #003a75; font-family: Arial, Helvetica, sans-serif\">Bajo estas condiciones, el cielo permanecer&aacute; mayormente cubierto y los &iacute;ndices de humedad relativa del aire fluctuar&aacute;n entre el 87 y el 98%, puntualiz&oacute; la meteor&oacute;loga del Senamhi.<\/div>\n","protected":false},"excerpt":{"rendered":"<p>&nbsp; La inusual llovizna registrada anoche en Lima fue la m&aacute;s intensa de los &uacute;ltimos 11 a&ntilde;os, al alcanzar hasta tres litros por metro cuadrado en ciertas zonas e &iacute;ndices de humedad de hasta 100%, inform&oacute; el Servicio Nacional de Meteorolog&iacute;a e hidrolog&iacute;a (Senamhi). &nbsp; Estas copiosas precipitaciones -que se prolongaron hasta la madrugada aunque [&hellip;]<\/p>\n","protected":false},"author":1,"featured_media":0,"comment_status":"open","ping_status":"open","sticky":false,"template":"","format":"standard","meta":{"tdm_status":"","tdm_grid_status":"","footnotes":""},"categories":[30],"tags":[],"class_list":{"0":"post-408","1":"post","2":"type-post","3":"status-publish","4":"format-standard","6":"category-30"},"yoast_head":"<!-- This site is optimized with the Yoast SEO plugin v25.1 - https:\/\/yoast.com\/wordpress\/plugins\/seo\/ -->\n<title>Inusual llovizna registrada anoche en Lima fue la m<\/title>\n<meta name=\"description\" content=\"Portal de noticias del Per\u00fa sobre el transporte a\u00e9reo, aviaci\u00f3n, turismo, hoteleria, actualidad.\" \/>\n<meta name=\"robots\" content=\"index, follow, max-snippet:-1, max-image-preview:large, max-video-preview:-1\" \/>\n<link rel=\"canonical\" href=\"https:\/\/aeronoticias.com.pe\/noticiero\/ultimas\/1\/inusual-llovizna-registrada-anoche-en-lima-fue-la-mintensa-de-los-mos-11-a\/\" \/>\n<meta property=\"og:locale\" content=\"es_ES\" \/>\n<meta property=\"og:type\" content=\"article\" \/>\n<meta property=\"og:title\" content=\"Inusual llovizna registrada anoche en Lima fue la m\" \/>\n<meta property=\"og:description\" content=\"Portal de noticias del Per\u00fa sobre el transporte a\u00e9reo, aviaci\u00f3n, turismo, hoteleria, actualidad.\" \/>\n<meta property=\"og:url\" content=\"https:\/\/aeronoticias.com.pe\/noticiero\/ultimas\/1\/inusual-llovizna-registrada-anoche-en-lima-fue-la-mintensa-de-los-mos-11-a\/\" \/>\n<meta property=\"og:site_name\" content=\"Aeronoticias.com.pe\" \/>\n<meta property=\"article:publisher\" content=\"https:\/\/www.facebook.com\/Aeronoticias.com.pe\/\" \/>\n<meta property=\"article:published_time\" content=\"2008-09-04T13:09:36+00:00\" \/>\n<meta property=\"og:image\" content=\"http:\/\/aeronoticias.com.pe\/fotonoticias\/setiembre\/llov4.jpg\" \/>\n<meta name=\"author\" content=\"Redacci\u00f3n Aeronoticias\" \/>\n<meta name=\"twitter:card\" content=\"summary_large_image\" \/>\n<meta name=\"twitter:creator\" content=\"@aeronoticias\" \/>\n<meta name=\"twitter:site\" content=\"@aeronoticias\" \/>\n<meta name=\"twitter:label1\" content=\"Escrito por\" \/>\n\t<meta name=\"twitter:data1\" content=\"Redacci\u00f3n Aeronoticias\" \/>\n\t<meta name=\"twitter:label2\" content=\"Tiempo de lectura\" \/>\n\t<meta name=\"twitter:data2\" content=\"2 minutos\" \/>\n<script type=\"application\/ld+json\" class=\"yoast-schema-graph\">{\"@context\":\"https:\/\/schema.org\",\"@graph\":[{\"@type\":\"WebPage\",\"@id\":\"https:\/\/aeronoticias.com.pe\/noticiero\/ultimas\/1\/inusual-llovizna-registrada-anoche-en-lima-fue-la-mintensa-de-los-mos-11-a\/\",\"url\":\"https:\/\/aeronoticias.com.pe\/noticiero\/ultimas\/1\/inusual-llovizna-registrada-anoche-en-lima-fue-la-mintensa-de-los-mos-11-a\/\",\"name\":\"Inusual llovizna registrada anoche en Lima fue la m\",\"isPartOf\":{\"@id\":\"https:\/\/aeronoticias.com.pe\/noticiero\/#website\"},\"primaryImageOfPage\":{\"@id\":\"https:\/\/aeronoticias.com.pe\/noticiero\/ultimas\/1\/inusual-llovizna-registrada-anoche-en-lima-fue-la-mintensa-de-los-mos-11-a\/#primaryimage\"},\"image\":{\"@id\":\"https:\/\/aeronoticias.com.pe\/noticiero\/ultimas\/1\/inusual-llovizna-registrada-anoche-en-lima-fue-la-mintensa-de-los-mos-11-a\/#primaryimage\"},\"thumbnailUrl\":\"http:\/\/aeronoticias.com.pe\/fotonoticias\/setiembre\/llov4.jpg\",\"datePublished\":\"2008-09-04T13:09:36+00:00\",\"author\":{\"@id\":\"https:\/\/aeronoticias.com.pe\/noticiero\/#\/schema\/person\/fc1e5d578f4b62ba1cf7ac2bba1170a0\"},\"description\":\"Portal de noticias del Per\u00fa sobre el transporte a\u00e9reo, aviaci\u00f3n, turismo, hoteleria, actualidad.\",\"breadcrumb\":{\"@id\":\"https:\/\/aeronoticias.com.pe\/noticiero\/ultimas\/1\/inusual-llovizna-registrada-anoche-en-lima-fue-la-mintensa-de-los-mos-11-a\/#breadcrumb\"},\"inLanguage\":\"es\",\"potentialAction\":[{\"@type\":\"ReadAction\",\"target\":[\"https:\/\/aeronoticias.com.pe\/noticiero\/ultimas\/1\/inusual-llovizna-registrada-anoche-en-lima-fue-la-mintensa-de-los-mos-11-a\/\"]}]},{\"@type\":\"ImageObject\",\"inLanguage\":\"es\",\"@id\":\"https:\/\/aeronoticias.com.pe\/noticiero\/ultimas\/1\/inusual-llovizna-registrada-anoche-en-lima-fue-la-mintensa-de-los-mos-11-a\/#primaryimage\",\"url\":\"http:\/\/aeronoticias.com.pe\/fotonoticias\/setiembre\/llov4.jpg\",\"contentUrl\":\"http:\/\/aeronoticias.com.pe\/fotonoticias\/setiembre\/llov4.jpg\"},{\"@type\":\"BreadcrumbList\",\"@id\":\"https:\/\/aeronoticias.com.pe\/noticiero\/ultimas\/1\/inusual-llovizna-registrada-anoche-en-lima-fue-la-mintensa-de-los-mos-11-a\/#breadcrumb\",\"itemListElement\":[{\"@type\":\"ListItem\",\"position\":1,\"name\":\"Portada\",\"item\":\"https:\/\/aeronoticias.com.pe\/noticiero\/\"},{\"@type\":\"ListItem\",\"position\":2,\"name\":\"Inusual llovizna registrada anoche en Lima fue la m\"}]},{\"@type\":\"WebSite\",\"@id\":\"https:\/\/aeronoticias.com.pe\/noticiero\/#website\",\"url\":\"https:\/\/aeronoticias.com.pe\/noticiero\/\",\"name\":\"Aeronoticias.com.pe\",\"description\":\"Noticias de tranporte aereo, turismo, hoteles, gastronomia, actualidad, internacional\",\"potentialAction\":[{\"@type\":\"SearchAction\",\"target\":{\"@type\":\"EntryPoint\",\"urlTemplate\":\"https:\/\/aeronoticias.com.pe\/noticiero\/?s={search_term_string}\"},\"query-input\":{\"@type\":\"PropertyValueSpecification\",\"valueRequired\":true,\"valueName\":\"search_term_string\"}}],\"inLanguage\":\"es\"},{\"@type\":\"Person\",\"@id\":\"https:\/\/aeronoticias.com.pe\/noticiero\/#\/schema\/person\/fc1e5d578f4b62ba1cf7ac2bba1170a0\",\"name\":\"Redacci\u00f3n Aeronoticias\",\"url\":\"https:\/\/aeronoticias.com.pe\/noticiero\/author\/piloto\/\"}]}<\/script>\n<!-- \/ Yoast SEO plugin. -->","yoast_head_json":{"title":"Inusual llovizna registrada anoche en Lima fue la m","description":"Portal de noticias del Per\u00fa sobre el transporte a\u00e9reo, aviaci\u00f3n, turismo, hoteleria, actualidad.","robots":{"index":"index","follow":"follow","max-snippet":"max-snippet:-1","max-image-preview":"max-image-preview:large","max-video-preview":"max-video-preview:-1"},"canonical":"https:\/\/aeronoticias.com.pe\/noticiero\/ultimas\/1\/inusual-llovizna-registrada-anoche-en-lima-fue-la-mintensa-de-los-mos-11-a\/","og_locale":"es_ES","og_type":"article","og_title":"Inusual llovizna registrada anoche en Lima fue la m","og_description":"Portal de noticias del Per\u00fa sobre el transporte a\u00e9reo, aviaci\u00f3n, turismo, hoteleria, actualidad.","og_url":"https:\/\/aeronoticias.com.pe\/noticiero\/ultimas\/1\/inusual-llovizna-registrada-anoche-en-lima-fue-la-mintensa-de-los-mos-11-a\/","og_site_name":"Aeronoticias.com.pe","article_publisher":"https:\/\/www.facebook.com\/Aeronoticias.com.pe\/","article_published_time":"2008-09-04T13:09:36+00:00","og_image":[{"url":"http:\/\/aeronoticias.com.pe\/fotonoticias\/setiembre\/llov4.jpg","type":"","width":"","height":""}],"author":"Redacci\u00f3n Aeronoticias","twitter_card":"summary_large_image","twitter_creator":"@aeronoticias","twitter_site":"@aeronoticias","twitter_misc":{"Escrito por":"Redacci\u00f3n Aeronoticias","Tiempo de lectura":"2 minutos"},"schema":{"@context":"https:\/\/schema.org","@graph":[{"@type":"WebPage","@id":"https:\/\/aeronoticias.com.pe\/noticiero\/ultimas\/1\/inusual-llovizna-registrada-anoche-en-lima-fue-la-mintensa-de-los-mos-11-a\/","url":"https:\/\/aeronoticias.com.pe\/noticiero\/ultimas\/1\/inusual-llovizna-registrada-anoche-en-lima-fue-la-mintensa-de-los-mos-11-a\/","name":"Inusual llovizna registrada anoche en Lima fue la m","isPartOf":{"@id":"https:\/\/aeronoticias.com.pe\/noticiero\/#website"},"primaryImageOfPage":{"@id":"https:\/\/aeronoticias.com.pe\/noticiero\/ultimas\/1\/inusual-llovizna-registrada-anoche-en-lima-fue-la-mintensa-de-los-mos-11-a\/#primaryimage"},"image":{"@id":"https:\/\/aeronoticias.com.pe\/noticiero\/ultimas\/1\/inusual-llovizna-registrada-anoche-en-lima-fue-la-mintensa-de-los-mos-11-a\/#primaryimage"},"thumbnailUrl":"http:\/\/aeronoticias.com.pe\/fotonoticias\/setiembre\/llov4.jpg","datePublished":"2008-09-04T13:09:36+00:00","author":{"@id":"https:\/\/aeronoticias.com.pe\/noticiero\/#\/schema\/person\/fc1e5d578f4b62ba1cf7ac2bba1170a0"},"description":"Portal de noticias del Per\u00fa sobre el transporte a\u00e9reo, aviaci\u00f3n, turismo, hoteleria, actualidad.","breadcrumb":{"@id":"https:\/\/aeronoticias.com.pe\/noticiero\/ultimas\/1\/inusual-llovizna-registrada-anoche-en-lima-fue-la-mintensa-de-los-mos-11-a\/#breadcrumb"},"inLanguage":"es","potentialAction":[{"@type":"ReadAction","target":["https:\/\/aeronoticias.com.pe\/noticiero\/ultimas\/1\/inusual-llovizna-registrada-anoche-en-lima-fue-la-mintensa-de-los-mos-11-a\/"]}]},{"@type":"ImageObject","inLanguage":"es","@id":"https:\/\/aeronoticias.com.pe\/noticiero\/ultimas\/1\/inusual-llovizna-registrada-anoche-en-lima-fue-la-mintensa-de-los-mos-11-a\/#primaryimage","url":"http:\/\/aeronoticias.com.pe\/fotonoticias\/setiembre\/llov4.jpg","contentUrl":"http:\/\/aeronoticias.com.pe\/fotonoticias\/setiembre\/llov4.jpg"},{"@type":"BreadcrumbList","@id":"https:\/\/aeronoticias.com.pe\/noticiero\/ultimas\/1\/inusual-llovizna-registrada-anoche-en-lima-fue-la-mintensa-de-los-mos-11-a\/#breadcrumb","itemListElement":[{"@type":"ListItem","position":1,"name":"Portada","item":"https:\/\/aeronoticias.com.pe\/noticiero\/"},{"@type":"ListItem","position":2,"name":"Inusual llovizna registrada anoche en Lima fue la m"}]},{"@type":"WebSite","@id":"https:\/\/aeronoticias.com.pe\/noticiero\/#website","url":"https:\/\/aeronoticias.com.pe\/noticiero\/","name":"Aeronoticias.com.pe","description":"Noticias de tranporte aereo, turismo, hoteles, gastronomia, actualidad, internacional","potentialAction":[{"@type":"SearchAction","target":{"@type":"EntryPoint","urlTemplate":"https:\/\/aeronoticias.com.pe\/noticiero\/?s={search_term_string}"},"query-input":{"@type":"PropertyValueSpecification","valueRequired":true,"valueName":"search_term_string"}}],"inLanguage":"es"},{"@type":"Person","@id":"https:\/\/aeronoticias.com.pe\/noticiero\/#\/schema\/person\/fc1e5d578f4b62ba1cf7ac2bba1170a0","name":"Redacci\u00f3n Aeronoticias","url":"https:\/\/aeronoticias.com.pe\/noticiero\/author\/piloto\/"}]}},"_links":{"self":[{"href":"https:\/\/aeronoticias.com.pe\/noticiero\/wp-json\/wp\/v2\/posts\/408","targetHints":{"allow":["GET"]}}],"collection":[{"href":"https:\/\/aeronoticias.com.pe\/noticiero\/wp-json\/wp\/v2\/posts"}],"about":[{"href":"https:\/\/aeronoticias.com.pe\/noticiero\/wp-json\/wp\/v2\/types\/post"}],"author":[{"embeddable":true,"href":"https:\/\/aeronoticias.com.pe\/noticiero\/wp-json\/wp\/v2\/users\/1"}],"replies":[{"embeddable":true,"href":"https:\/\/aeronoticias.com.pe\/noticiero\/wp-json\/wp\/v2\/comments?post=408"}],"version-history":[{"count":0,"href":"https:\/\/aeronoticias.com.pe\/noticiero\/wp-json\/wp\/v2\/posts\/408\/revisions"}],"wp:attachment":[{"href":"https:\/\/aeronoticias.com.pe\/noticiero\/wp-json\/wp\/v2\/media?parent=408"}],"wp:term":[{"taxonomy":"category","embeddable":true,"href":"https:\/\/aeronoticias.com.pe\/noticiero\/wp-json\/wp\/v2\/categories?post=408"},{"taxonomy":"post_tag","embeddable":true,"href":"https:\/\/aeronoticias.com.pe\/noticiero\/wp-json\/wp\/v2\/tags?post=408"}],"curies":[{"name":"wp","href":"https:\/\/api.w.org\/{rel}","templated":true}]}}