{"id":410,"date":"2008-09-04T15:59:46","date_gmt":"2008-09-04T15:59:46","guid":{"rendered":"http:\/\/desarrollo.mcvicious.com\/aero2020\/2008\/09\/04\/establecen-plazos-para-prga-de-licencias-de-las-agencias-marmas-fluviales-y-lacustres\/"},"modified":"2008-09-04T15:59:46","modified_gmt":"2008-09-04T15:59:46","slug":"establecen-plazos-para-prga-de-licencias-de-las-agencias-marmas-fluviales-y-lacustres","status":"publish","type":"post","link":"https:\/\/aeronoticias.com.pe\/noticiero\/nacionales\/establecen-plazos-para-prga-de-licencias-de-las-agencias-marmas-fluviales-y-lacustres\/","title":{"rendered":"Establecen plazos para pr"},"content":{"rendered":"<p style=\"font-size: 12px; color: #003a75; font-family: Arial,Helvetica,sans-serif\" align=\"justify\">&nbsp;<\/p>\n<p style=\"font-size: 12px; color: #003a75; font-family: Arial,Helvetica,sans-serif\" align=\"justify\">Mediante resoluci&oacute;n publicada hoy en el diario oficial El Peruano, la Autoridad Portuaria Nacional estableci&oacute; los plazos de presentaci&oacute;n de la documentaci&oacute;n establecida para la pr&oacute;rroga de licencias de las agencias mar&iacute;timas, fluviales y lacustres, as&iacute; como de empresas y cooperativas de estiba y desestiba para ejercer sus actividades a partir de enero del 2009.<\/p>\n<p style=\"font-size: 12px; color: #003a75; font-family: Arial,Helvetica,sans-serif\" align=\"justify\">De este modo se establece el siguiente cronograma para la presentaci&oacute;n de la documentaci&oacute;n respectiva:<\/p>\n<p style=\"font-size: 12px; color: #003a75; font-family: Arial,Helvetica,sans-serif\" align=\"justify\">&nbsp;<\/p>\n<p style=\"font-size: 12px; color: #003a75; font-family: Arial,Helvetica,sans-serif\" align=\"justify\">1. Del 02 de enero del 2009 hasta el 10 de enero del 2009, deber&aacute;n presentar sus solicitudes las agencias mar&iacute;timas.<\/p>\n<p style=\"font-size: 12px; color: #003a75; font-family: Arial,Helvetica,sans-serif\" align=\"justify\">&nbsp;<\/p>\n<p style=\"font-size: 12px; color: #003a75; font-family: Arial,Helvetica,sans-serif\" align=\"justify\">2. Del 16 de enero del 2009 hasta el 20 de enero del 2009, deber&aacute;n presentar sus solicitudes las empresas y cooperativas de estiba y desestiba mar&iacute;timas.<\/p>\n<p style=\"font-size: 12px; color: #003a75; font-family: Arial,Helvetica,sans-serif\" align=\"justify\">&nbsp;<\/p>\n<p style=\"font-size: 12px; color: #003a75; font-family: Arial,Helvetica,sans-serif\" align=\"justify\">3. Del 26 de enero del 2009 hasta el 30 de enero del 2009, deber&aacute;n presentar sus solicitudes las agencias fluviales, agencias lacustres, empresas y cooperativas de estiba y desestiba fluviales y lacustres.<\/p>\n<div style=\"text-align: center\"><img loading=\"lazy\" decoding=\"async\" src=\"http:\/\/aeronoticias.com.pe\/fotonoticias\/setiembre\/agencias4sep.JPG\" alt=\" \" title=\" Establecen plazos para pr&oacute;rroga de licencias de las agencias mar&iacute;timas, fluviales y lacustres. (Foto: Luis Noguera-Aeronoticias)\" hspace=\"5\" vspace=\"5\" width=\"400\" height=\"268\" \/><\/div>\n<div style=\"text-align: center\"><a href=\"http:\/\/aeronoticias.com.pe\/fotonoticias\/setiembre\/informeanual1.JPG\" target=\"_blank\" rel=\"noopener noreferrer\">Visualizar&nbsp;informe anual que deben presentar las Agencias&nbsp;Maritimas Parte&nbsp;I<\/a> <\/div>\n<div style=\"text-align: center\"><a href=\"http:\/\/aeronoticias.com.pe\/fotonoticias\/setiembre\/informe2.JPG\" target=\"_blank\" rel=\"noopener noreferrer\">Visualizar&nbsp;informe anual que deben presentar las Agencias&nbsp;Maritimas Parte&nbsp;II<\/a> <\/div>\n<p> <!--more--> <\/p>\n<div align=\"center\">&nbsp;<\/div>\n<div align=\"center\"><strong style=\"font-size: 12px; color: #003a75; font-family: Arial,Helvetica,sans-serif\">Aprueban formatos espec&iacute;ficos para presentaci&oacute;n de documentaci&oacute;n<\/strong><\/div>\n<p><\/p>\n<div align=\"justify\" style=\"font-size: 12px; color: #003a75; font-family: Arial,Helvetica,sans-serif\">Asimismo, se aprobaron los formatos OPS 10 y OPS 11 a fin que las agencias mar&iacute;timas, fluviales, lacustres, as&iacute; como empresas cooperativas de estiba y desestiba, consignen bajo la condici&oacute;n de declaraci&oacute;n jurada la informaci&oacute;n anual de las actividades durante el a&ntilde;o 2008, la cual deber&aacute; ser enviada por v&iacute;a electr&oacute;nica a Iramirez@apn.gob.pe; eziegler@apn.gob.pe; asologuren@apn.gob.pe y documentariamente en formato Excel.<\/div>\n<div align=\"justify\" style=\"font-size: 12px; color: #003a75; font-family: Arial,Helvetica,sans-serif\">En tanto que las cartas fianzas o p&oacute;lizas de seguro de cauci&oacute;n para el per&iacute;odo anual 2009 deber&aacute;n ser emitidas a favor de la Autoridad Portuaria Nacional, tener una vigencia desde el 01\/01\/2009 hasta el 31\/12\/2009 inclusive y garantizar las obligaciones y responsabilidades como agencia mar&iacute;tima o agencia fluvial o agencia lacustre o empresa de estiba o desestiba o cooperativa de estiba y desestiba en el puerto donde se realiza sus actividades, conforme a las disposiciones establecidas en el Decreto Supremo N&ordm; 010-99-MTC y dem&aacute;s normas modificatorias y complementarias&rdquo;, teniendo en cuenta los montos establecidos en la Resoluci&oacute;n de Acuerdo de Directorio N&ordm; 022-2008-APN\/DIR, y presentadas en este cronograma.<\/p>\n<\/div>\n","protected":false},"excerpt":{"rendered":"<p>&nbsp; Mediante resoluci&oacute;n publicada hoy en el diario oficial El Peruano, la Autoridad Portuaria Nacional estableci&oacute; los plazos de presentaci&oacute;n de la documentaci&oacute;n establecida para la pr&oacute;rroga de licencias de las agencias mar&iacute;timas, fluviales y lacustres, as&iacute; como de empresas y cooperativas de estiba y desestiba para ejercer sus actividades a partir de enero del [&hellip;]<\/p>\n","protected":false},"author":1,"featured_media":0,"comment_status":"open","ping_status":"open","sticky":false,"template":"","format":"standard","meta":{"tdm_status":"","tdm_grid_status":"","footnotes":""},"categories":[38],"tags":[],"class_list":{"0":"post-410","1":"post","2":"type-post","3":"status-publish","4":"format-standard","6":"category-nacionales"},"yoast_head":"<!-- This site is optimized with the Yoast SEO plugin v25.1 - https:\/\/yoast.com\/wordpress\/plugins\/seo\/ -->\n<title>Establecen plazos para pr<\/title>\n<meta name=\"description\" content=\"Portal de noticias del Per\u00fa sobre el transporte a\u00e9reo, aviaci\u00f3n, turismo, hoteleria, actualidad.\" \/>\n<meta name=\"robots\" content=\"index, follow, max-snippet:-1, max-image-preview:large, max-video-preview:-1\" \/>\n<link rel=\"canonical\" href=\"https:\/\/aeronoticias.com.pe\/noticiero\/nacionales\/establecen-plazos-para-prga-de-licencias-de-las-agencias-marmas-fluviales-y-lacustres\/\" \/>\n<meta property=\"og:locale\" content=\"es_ES\" \/>\n<meta property=\"og:type\" content=\"article\" \/>\n<meta property=\"og:title\" content=\"Establecen plazos para pr\" \/>\n<meta property=\"og:description\" content=\"Portal de noticias del Per\u00fa sobre el transporte a\u00e9reo, aviaci\u00f3n, turismo, hoteleria, actualidad.\" \/>\n<meta property=\"og:url\" content=\"https:\/\/aeronoticias.com.pe\/noticiero\/nacionales\/establecen-plazos-para-prga-de-licencias-de-las-agencias-marmas-fluviales-y-lacustres\/\" \/>\n<meta property=\"og:site_name\" content=\"Aeronoticias.com.pe\" \/>\n<meta property=\"article:publisher\" content=\"https:\/\/www.facebook.com\/Aeronoticias.com.pe\/\" \/>\n<meta property=\"article:published_time\" content=\"2008-09-04T15:59:46+00:00\" \/>\n<meta property=\"og:image\" content=\"http:\/\/aeronoticias.com.pe\/fotonoticias\/setiembre\/agencias4sep.JPG\" \/>\n<meta name=\"author\" content=\"Redacci\u00f3n Aeronoticias\" \/>\n<meta name=\"twitter:card\" content=\"summary_large_image\" \/>\n<meta name=\"twitter:creator\" content=\"@aeronoticias\" \/>\n<meta name=\"twitter:site\" content=\"@aeronoticias\" \/>\n<meta name=\"twitter:label1\" content=\"Escrito por\" \/>\n\t<meta name=\"twitter:data1\" content=\"Redacci\u00f3n Aeronoticias\" \/>\n\t<meta name=\"twitter:label2\" content=\"Tiempo de lectura\" \/>\n\t<meta name=\"twitter:data2\" content=\"2 minutos\" \/>\n<script type=\"application\/ld+json\" class=\"yoast-schema-graph\">{\"@context\":\"https:\/\/schema.org\",\"@graph\":[{\"@type\":\"WebPage\",\"@id\":\"https:\/\/aeronoticias.com.pe\/noticiero\/nacionales\/establecen-plazos-para-prga-de-licencias-de-las-agencias-marmas-fluviales-y-lacustres\/\",\"url\":\"https:\/\/aeronoticias.com.pe\/noticiero\/nacionales\/establecen-plazos-para-prga-de-licencias-de-las-agencias-marmas-fluviales-y-lacustres\/\",\"name\":\"Establecen plazos para pr\",\"isPartOf\":{\"@id\":\"https:\/\/aeronoticias.com.pe\/noticiero\/#website\"},\"primaryImageOfPage\":{\"@id\":\"https:\/\/aeronoticias.com.pe\/noticiero\/nacionales\/establecen-plazos-para-prga-de-licencias-de-las-agencias-marmas-fluviales-y-lacustres\/#primaryimage\"},\"image\":{\"@id\":\"https:\/\/aeronoticias.com.pe\/noticiero\/nacionales\/establecen-plazos-para-prga-de-licencias-de-las-agencias-marmas-fluviales-y-lacustres\/#primaryimage\"},\"thumbnailUrl\":\"http:\/\/aeronoticias.com.pe\/fotonoticias\/setiembre\/agencias4sep.JPG\",\"datePublished\":\"2008-09-04T15:59:46+00:00\",\"author\":{\"@id\":\"https:\/\/aeronoticias.com.pe\/noticiero\/#\/schema\/person\/fc1e5d578f4b62ba1cf7ac2bba1170a0\"},\"description\":\"Portal de noticias del Per\u00fa sobre el transporte a\u00e9reo, aviaci\u00f3n, turismo, hoteleria, actualidad.\",\"breadcrumb\":{\"@id\":\"https:\/\/aeronoticias.com.pe\/noticiero\/nacionales\/establecen-plazos-para-prga-de-licencias-de-las-agencias-marmas-fluviales-y-lacustres\/#breadcrumb\"},\"inLanguage\":\"es\",\"potentialAction\":[{\"@type\":\"ReadAction\",\"target\":[\"https:\/\/aeronoticias.com.pe\/noticiero\/nacionales\/establecen-plazos-para-prga-de-licencias-de-las-agencias-marmas-fluviales-y-lacustres\/\"]}]},{\"@type\":\"ImageObject\",\"inLanguage\":\"es\",\"@id\":\"https:\/\/aeronoticias.com.pe\/noticiero\/nacionales\/establecen-plazos-para-prga-de-licencias-de-las-agencias-marmas-fluviales-y-lacustres\/#primaryimage\",\"url\":\"http:\/\/aeronoticias.com.pe\/fotonoticias\/setiembre\/agencias4sep.JPG\",\"contentUrl\":\"http:\/\/aeronoticias.com.pe\/fotonoticias\/setiembre\/agencias4sep.JPG\"},{\"@type\":\"BreadcrumbList\",\"@id\":\"https:\/\/aeronoticias.com.pe\/noticiero\/nacionales\/establecen-plazos-para-prga-de-licencias-de-las-agencias-marmas-fluviales-y-lacustres\/#breadcrumb\",\"itemListElement\":[{\"@type\":\"ListItem\",\"position\":1,\"name\":\"Portada\",\"item\":\"https:\/\/aeronoticias.com.pe\/noticiero\/\"},{\"@type\":\"ListItem\",\"position\":2,\"name\":\"Establecen plazos para pr\"}]},{\"@type\":\"WebSite\",\"@id\":\"https:\/\/aeronoticias.com.pe\/noticiero\/#website\",\"url\":\"https:\/\/aeronoticias.com.pe\/noticiero\/\",\"name\":\"Aeronoticias.com.pe\",\"description\":\"Noticias de tranporte aereo, turismo, hoteles, gastronomia, actualidad, internacional\",\"potentialAction\":[{\"@type\":\"SearchAction\",\"target\":{\"@type\":\"EntryPoint\",\"urlTemplate\":\"https:\/\/aeronoticias.com.pe\/noticiero\/?s={search_term_string}\"},\"query-input\":{\"@type\":\"PropertyValueSpecification\",\"valueRequired\":true,\"valueName\":\"search_term_string\"}}],\"inLanguage\":\"es\"},{\"@type\":\"Person\",\"@id\":\"https:\/\/aeronoticias.com.pe\/noticiero\/#\/schema\/person\/fc1e5d578f4b62ba1cf7ac2bba1170a0\",\"name\":\"Redacci\u00f3n Aeronoticias\",\"url\":\"https:\/\/aeronoticias.com.pe\/noticiero\/author\/piloto\/\"}]}<\/script>\n<!-- \/ Yoast SEO plugin. -->","yoast_head_json":{"title":"Establecen plazos para pr","description":"Portal de noticias del Per\u00fa sobre el transporte a\u00e9reo, aviaci\u00f3n, turismo, hoteleria, actualidad.","robots":{"index":"index","follow":"follow","max-snippet":"max-snippet:-1","max-image-preview":"max-image-preview:large","max-video-preview":"max-video-preview:-1"},"canonical":"https:\/\/aeronoticias.com.pe\/noticiero\/nacionales\/establecen-plazos-para-prga-de-licencias-de-las-agencias-marmas-fluviales-y-lacustres\/","og_locale":"es_ES","og_type":"article","og_title":"Establecen plazos para pr","og_description":"Portal de noticias del Per\u00fa sobre el transporte a\u00e9reo, aviaci\u00f3n, turismo, hoteleria, actualidad.","og_url":"https:\/\/aeronoticias.com.pe\/noticiero\/nacionales\/establecen-plazos-para-prga-de-licencias-de-las-agencias-marmas-fluviales-y-lacustres\/","og_site_name":"Aeronoticias.com.pe","article_publisher":"https:\/\/www.facebook.com\/Aeronoticias.com.pe\/","article_published_time":"2008-09-04T15:59:46+00:00","og_image":[{"url":"http:\/\/aeronoticias.com.pe\/fotonoticias\/setiembre\/agencias4sep.JPG","type":"","width":"","height":""}],"author":"Redacci\u00f3n Aeronoticias","twitter_card":"summary_large_image","twitter_creator":"@aeronoticias","twitter_site":"@aeronoticias","twitter_misc":{"Escrito por":"Redacci\u00f3n Aeronoticias","Tiempo de lectura":"2 minutos"},"schema":{"@context":"https:\/\/schema.org","@graph":[{"@type":"WebPage","@id":"https:\/\/aeronoticias.com.pe\/noticiero\/nacionales\/establecen-plazos-para-prga-de-licencias-de-las-agencias-marmas-fluviales-y-lacustres\/","url":"https:\/\/aeronoticias.com.pe\/noticiero\/nacionales\/establecen-plazos-para-prga-de-licencias-de-las-agencias-marmas-fluviales-y-lacustres\/","name":"Establecen plazos para pr","isPartOf":{"@id":"https:\/\/aeronoticias.com.pe\/noticiero\/#website"},"primaryImageOfPage":{"@id":"https:\/\/aeronoticias.com.pe\/noticiero\/nacionales\/establecen-plazos-para-prga-de-licencias-de-las-agencias-marmas-fluviales-y-lacustres\/#primaryimage"},"image":{"@id":"https:\/\/aeronoticias.com.pe\/noticiero\/nacionales\/establecen-plazos-para-prga-de-licencias-de-las-agencias-marmas-fluviales-y-lacustres\/#primaryimage"},"thumbnailUrl":"http:\/\/aeronoticias.com.pe\/fotonoticias\/setiembre\/agencias4sep.JPG","datePublished":"2008-09-04T15:59:46+00:00","author":{"@id":"https:\/\/aeronoticias.com.pe\/noticiero\/#\/schema\/person\/fc1e5d578f4b62ba1cf7ac2bba1170a0"},"description":"Portal de noticias del Per\u00fa sobre el transporte a\u00e9reo, aviaci\u00f3n, turismo, hoteleria, actualidad.","breadcrumb":{"@id":"https:\/\/aeronoticias.com.pe\/noticiero\/nacionales\/establecen-plazos-para-prga-de-licencias-de-las-agencias-marmas-fluviales-y-lacustres\/#breadcrumb"},"inLanguage":"es","potentialAction":[{"@type":"ReadAction","target":["https:\/\/aeronoticias.com.pe\/noticiero\/nacionales\/establecen-plazos-para-prga-de-licencias-de-las-agencias-marmas-fluviales-y-lacustres\/"]}]},{"@type":"ImageObject","inLanguage":"es","@id":"https:\/\/aeronoticias.com.pe\/noticiero\/nacionales\/establecen-plazos-para-prga-de-licencias-de-las-agencias-marmas-fluviales-y-lacustres\/#primaryimage","url":"http:\/\/aeronoticias.com.pe\/fotonoticias\/setiembre\/agencias4sep.JPG","contentUrl":"http:\/\/aeronoticias.com.pe\/fotonoticias\/setiembre\/agencias4sep.JPG"},{"@type":"BreadcrumbList","@id":"https:\/\/aeronoticias.com.pe\/noticiero\/nacionales\/establecen-plazos-para-prga-de-licencias-de-las-agencias-marmas-fluviales-y-lacustres\/#breadcrumb","itemListElement":[{"@type":"ListItem","position":1,"name":"Portada","item":"https:\/\/aeronoticias.com.pe\/noticiero\/"},{"@type":"ListItem","position":2,"name":"Establecen plazos para pr"}]},{"@type":"WebSite","@id":"https:\/\/aeronoticias.com.pe\/noticiero\/#website","url":"https:\/\/aeronoticias.com.pe\/noticiero\/","name":"Aeronoticias.com.pe","description":"Noticias de tranporte aereo, turismo, hoteles, gastronomia, actualidad, internacional","potentialAction":[{"@type":"SearchAction","target":{"@type":"EntryPoint","urlTemplate":"https:\/\/aeronoticias.com.pe\/noticiero\/?s={search_term_string}"},"query-input":{"@type":"PropertyValueSpecification","valueRequired":true,"valueName":"search_term_string"}}],"inLanguage":"es"},{"@type":"Person","@id":"https:\/\/aeronoticias.com.pe\/noticiero\/#\/schema\/person\/fc1e5d578f4b62ba1cf7ac2bba1170a0","name":"Redacci\u00f3n Aeronoticias","url":"https:\/\/aeronoticias.com.pe\/noticiero\/author\/piloto\/"}]}},"_links":{"self":[{"href":"https:\/\/aeronoticias.com.pe\/noticiero\/wp-json\/wp\/v2\/posts\/410","targetHints":{"allow":["GET"]}}],"collection":[{"href":"https:\/\/aeronoticias.com.pe\/noticiero\/wp-json\/wp\/v2\/posts"}],"about":[{"href":"https:\/\/aeronoticias.com.pe\/noticiero\/wp-json\/wp\/v2\/types\/post"}],"author":[{"embeddable":true,"href":"https:\/\/aeronoticias.com.pe\/noticiero\/wp-json\/wp\/v2\/users\/1"}],"replies":[{"embeddable":true,"href":"https:\/\/aeronoticias.com.pe\/noticiero\/wp-json\/wp\/v2\/comments?post=410"}],"version-history":[{"count":0,"href":"https:\/\/aeronoticias.com.pe\/noticiero\/wp-json\/wp\/v2\/posts\/410\/revisions"}],"wp:attachment":[{"href":"https:\/\/aeronoticias.com.pe\/noticiero\/wp-json\/wp\/v2\/media?parent=410"}],"wp:term":[{"taxonomy":"category","embeddable":true,"href":"https:\/\/aeronoticias.com.pe\/noticiero\/wp-json\/wp\/v2\/categories?post=410"},{"taxonomy":"post_tag","embeddable":true,"href":"https:\/\/aeronoticias.com.pe\/noticiero\/wp-json\/wp\/v2\/tags?post=410"}],"curies":[{"name":"wp","href":"https:\/\/api.w.org\/{rel}","templated":true}]}}