{"id":41152,"date":"2013-10-20T05:55:14","date_gmt":"2013-10-20T05:55:14","guid":{"rendered":"http:\/\/desarrollo.mcvicious.com\/aero2020\/2013\/10\/20\/eeuu-hombre-muere-al-caer-de-avion-en-el-condado-de-pasco\/"},"modified":"2013-10-20T05:55:14","modified_gmt":"2013-10-20T05:55:14","slug":"eeuu-hombre-muere-al-caer-de-avion-en-el-condado-de-pasco","status":"publish","type":"post","link":"https:\/\/aeronoticias.com.pe\/noticiero\/transporte-aereo\/internacional\/eeuu-hombre-muere-al-caer-de-avion-en-el-condado-de-pasco\/","title":{"rendered":"EEUU: Hombre muere al caer de avi\u00f3n en el condado de Pasco"},"content":{"rendered":"<p style=\"text-align: justify;\"><strong>(Aeronoticias)<\/strong>.- Un hombre muri\u00f3 al caer cuando su paraca\u00eddas no despleg\u00f3 en el condado de Pasco (California) en Estados Unidos, dijeron las autoridades.<\/p>\n<p style=\"text-align: justify;\">La Oficina del Sheriff del Condado de Pasco y la Administraci\u00f3n Federal de Aviaci\u00f3n dijo Curto realizaba una acrobacia ala-caminar como parte de una exhibici\u00f3n a\u00e9rea en la cercana Tampa North Flight Center.<\/p>\n<p style=\"text-align: justify;\">Chuck Norris, un instructor de vuelo en Tampa North Flight Center, dijo Curto fue el paracaidismo como la recreaci\u00f3n, no como parte del Festival de Vuelo evento en el centro de vuelo.<\/p>\n<p style=\"text-align: justify;\">Keith Carver, portavoz de Tampa North Flight Center, declin\u00f3 hacer comentarios. Una mujer que contest\u00f3 el tel\u00e9fono en la casa de Mark Curto tambi\u00e9n declin\u00f3 hacer comentarios.<\/p>\n<p style=\"text-align: justify;\">Curto fue un nativo de Indian\u00e1polis y un entusiasta de paracaidismo que acaba de perder a su esposa de 36 a\u00f1os, Judy, el c\u00e1ncer de mama, seg\u00fan un obituario publicado en el Tampa Bay Times, despu\u00e9s de su muerte 30 de abril. Mark y Judy Curto tanto am\u00f3 paracaidismo y el buceo, de acuerdo con el obituario.<\/p>\n<p style=\"text-align: justify;\">Norris, el instructor de vuelo, dijo Curto hab\u00eda llegado a Tampa North a subir en un avi\u00f3n pilotado por el piloto Ben Foster y practicar paracaidismo. Foster no devolvi\u00f3 una llamada para hacer comentarios s\u00e1bado.<\/p>\n<p style=\"text-align: justify;\">El cuerpo de Curto aterriz\u00f3 detr\u00e1s de hogares en 4610 y 4616 McBrine Court, un callej\u00f3n sin salida cerca de Grand Oaks Boulevard. Ni\u00f1os bicycled m\u00e1s all\u00e1 de la cinta de la escena del crimen como del Sheriff Oficina forense camioneta se detuvo el s\u00e1bado por la tarde.<\/p>\n<p style=\"text-align: justify;\">Horas antes de la muerte del Curto, un piloto sufri\u00f3 heridas leves cuando su peque\u00f1o avi\u00f3n se estrell\u00f3 en un campo Zephyrhills, dijo la Oficina del Alguacil del Condado de Pasco.<\/p>\n<p style=\"text-align: justify;\">Con informaci\u00f3n de <em><strong>The Times<\/strong><\/em>.<\/p>\n<p style=\"text-align: justify;\"><img decoding=\"async\" src=\"images\/stories\/13\/10\/191013\/para.jpg\" border=\"0\" \/><\/p>\n","protected":false},"excerpt":{"rendered":"<p>(Aeronoticias).- Un hombre muri\u00f3 al caer cuando su paraca\u00eddas no despleg\u00f3 en el condado de Pasco (California) en Estados Unidos, dijeron las autoridades. La Oficina del Sheriff del Condado de Pasco y la Administraci\u00f3n Federal de Aviaci\u00f3n dijo Curto realizaba una acrobacia ala-caminar como parte de una exhibici\u00f3n a\u00e9rea en la cercana Tampa North Flight [&hellip;]<\/p>\n","protected":false},"author":1,"featured_media":0,"comment_status":"open","ping_status":"open","sticky":false,"template":"","format":"standard","meta":{"tdm_status":"","tdm_grid_status":"","footnotes":""},"categories":[32],"tags":[],"class_list":{"0":"post-41152","1":"post","2":"type-post","3":"status-publish","4":"format-standard","6":"category-internacional"},"yoast_head":"<!-- This site is optimized with the Yoast SEO plugin v25.1 - https:\/\/yoast.com\/wordpress\/plugins\/seo\/ -->\n<title>EEUU: Hombre muere al caer de avi\u00f3n en el condado de Pasco<\/title>\n<meta name=\"description\" content=\"Portal de noticias del Per\u00fa sobre el transporte a\u00e9reo, aviaci\u00f3n, turismo, hoteleria, actualidad.\" \/>\n<meta name=\"robots\" content=\"index, follow, max-snippet:-1, max-image-preview:large, max-video-preview:-1\" \/>\n<link rel=\"canonical\" href=\"https:\/\/aeronoticias.com.pe\/noticiero\/transporte-aereo\/internacional\/eeuu-hombre-muere-al-caer-de-avion-en-el-condado-de-pasco\/\" \/>\n<meta property=\"og:locale\" content=\"es_ES\" \/>\n<meta property=\"og:type\" content=\"article\" \/>\n<meta property=\"og:title\" content=\"EEUU: Hombre muere al caer de avi\u00f3n en el condado de Pasco\" \/>\n<meta property=\"og:description\" content=\"Portal de noticias del Per\u00fa sobre el transporte a\u00e9reo, aviaci\u00f3n, turismo, hoteleria, actualidad.\" \/>\n<meta property=\"og:url\" content=\"https:\/\/aeronoticias.com.pe\/noticiero\/transporte-aereo\/internacional\/eeuu-hombre-muere-al-caer-de-avion-en-el-condado-de-pasco\/\" \/>\n<meta property=\"og:site_name\" content=\"Aeronoticias.com.pe\" \/>\n<meta property=\"article:publisher\" content=\"https:\/\/www.facebook.com\/Aeronoticias.com.pe\/\" \/>\n<meta property=\"article:published_time\" content=\"2013-10-20T05:55:14+00:00\" \/>\n<meta name=\"author\" content=\"Redacci\u00f3n Aeronoticias\" \/>\n<meta name=\"twitter:card\" content=\"summary_large_image\" \/>\n<meta name=\"twitter:creator\" content=\"@aeronoticias\" \/>\n<meta name=\"twitter:site\" content=\"@aeronoticias\" \/>\n<meta name=\"twitter:label1\" content=\"Escrito por\" \/>\n\t<meta name=\"twitter:data1\" content=\"Redacci\u00f3n Aeronoticias\" \/>\n\t<meta name=\"twitter:label2\" content=\"Tiempo de lectura\" \/>\n\t<meta name=\"twitter:data2\" content=\"2 minutos\" \/>\n<script type=\"application\/ld+json\" class=\"yoast-schema-graph\">{\"@context\":\"https:\/\/schema.org\",\"@graph\":[{\"@type\":\"WebPage\",\"@id\":\"https:\/\/aeronoticias.com.pe\/noticiero\/transporte-aereo\/internacional\/eeuu-hombre-muere-al-caer-de-avion-en-el-condado-de-pasco\/\",\"url\":\"https:\/\/aeronoticias.com.pe\/noticiero\/transporte-aereo\/internacional\/eeuu-hombre-muere-al-caer-de-avion-en-el-condado-de-pasco\/\",\"name\":\"EEUU: Hombre muere al caer de avi\u00f3n en el condado de Pasco\",\"isPartOf\":{\"@id\":\"https:\/\/aeronoticias.com.pe\/noticiero\/#website\"},\"datePublished\":\"2013-10-20T05:55:14+00:00\",\"author\":{\"@id\":\"https:\/\/aeronoticias.com.pe\/noticiero\/#\/schema\/person\/fc1e5d578f4b62ba1cf7ac2bba1170a0\"},\"description\":\"Portal de noticias del Per\u00fa sobre el transporte a\u00e9reo, aviaci\u00f3n, turismo, hoteleria, actualidad.\",\"breadcrumb\":{\"@id\":\"https:\/\/aeronoticias.com.pe\/noticiero\/transporte-aereo\/internacional\/eeuu-hombre-muere-al-caer-de-avion-en-el-condado-de-pasco\/#breadcrumb\"},\"inLanguage\":\"es\",\"potentialAction\":[{\"@type\":\"ReadAction\",\"target\":[\"https:\/\/aeronoticias.com.pe\/noticiero\/transporte-aereo\/internacional\/eeuu-hombre-muere-al-caer-de-avion-en-el-condado-de-pasco\/\"]}]},{\"@type\":\"BreadcrumbList\",\"@id\":\"https:\/\/aeronoticias.com.pe\/noticiero\/transporte-aereo\/internacional\/eeuu-hombre-muere-al-caer-de-avion-en-el-condado-de-pasco\/#breadcrumb\",\"itemListElement\":[{\"@type\":\"ListItem\",\"position\":1,\"name\":\"Portada\",\"item\":\"https:\/\/aeronoticias.com.pe\/noticiero\/\"},{\"@type\":\"ListItem\",\"position\":2,\"name\":\"EEUU: Hombre muere al caer de avi\u00f3n en el condado de Pasco\"}]},{\"@type\":\"WebSite\",\"@id\":\"https:\/\/aeronoticias.com.pe\/noticiero\/#website\",\"url\":\"https:\/\/aeronoticias.com.pe\/noticiero\/\",\"name\":\"Aeronoticias.com.pe\",\"description\":\"Noticias de tranporte aereo, turismo, hoteles, gastronomia, actualidad, internacional\",\"potentialAction\":[{\"@type\":\"SearchAction\",\"target\":{\"@type\":\"EntryPoint\",\"urlTemplate\":\"https:\/\/aeronoticias.com.pe\/noticiero\/?s={search_term_string}\"},\"query-input\":{\"@type\":\"PropertyValueSpecification\",\"valueRequired\":true,\"valueName\":\"search_term_string\"}}],\"inLanguage\":\"es\"},{\"@type\":\"Person\",\"@id\":\"https:\/\/aeronoticias.com.pe\/noticiero\/#\/schema\/person\/fc1e5d578f4b62ba1cf7ac2bba1170a0\",\"name\":\"Redacci\u00f3n Aeronoticias\",\"url\":\"https:\/\/aeronoticias.com.pe\/noticiero\/author\/piloto\/\"}]}<\/script>\n<!-- \/ Yoast SEO plugin. -->","yoast_head_json":{"title":"EEUU: Hombre muere al caer de avi\u00f3n en el condado de Pasco","description":"Portal de noticias del Per\u00fa sobre el transporte a\u00e9reo, aviaci\u00f3n, turismo, hoteleria, actualidad.","robots":{"index":"index","follow":"follow","max-snippet":"max-snippet:-1","max-image-preview":"max-image-preview:large","max-video-preview":"max-video-preview:-1"},"canonical":"https:\/\/aeronoticias.com.pe\/noticiero\/transporte-aereo\/internacional\/eeuu-hombre-muere-al-caer-de-avion-en-el-condado-de-pasco\/","og_locale":"es_ES","og_type":"article","og_title":"EEUU: Hombre muere al caer de avi\u00f3n en el condado de Pasco","og_description":"Portal de noticias del Per\u00fa sobre el transporte a\u00e9reo, aviaci\u00f3n, turismo, hoteleria, actualidad.","og_url":"https:\/\/aeronoticias.com.pe\/noticiero\/transporte-aereo\/internacional\/eeuu-hombre-muere-al-caer-de-avion-en-el-condado-de-pasco\/","og_site_name":"Aeronoticias.com.pe","article_publisher":"https:\/\/www.facebook.com\/Aeronoticias.com.pe\/","article_published_time":"2013-10-20T05:55:14+00:00","author":"Redacci\u00f3n Aeronoticias","twitter_card":"summary_large_image","twitter_creator":"@aeronoticias","twitter_site":"@aeronoticias","twitter_misc":{"Escrito por":"Redacci\u00f3n Aeronoticias","Tiempo de lectura":"2 minutos"},"schema":{"@context":"https:\/\/schema.org","@graph":[{"@type":"WebPage","@id":"https:\/\/aeronoticias.com.pe\/noticiero\/transporte-aereo\/internacional\/eeuu-hombre-muere-al-caer-de-avion-en-el-condado-de-pasco\/","url":"https:\/\/aeronoticias.com.pe\/noticiero\/transporte-aereo\/internacional\/eeuu-hombre-muere-al-caer-de-avion-en-el-condado-de-pasco\/","name":"EEUU: Hombre muere al caer de avi\u00f3n en el condado de Pasco","isPartOf":{"@id":"https:\/\/aeronoticias.com.pe\/noticiero\/#website"},"datePublished":"2013-10-20T05:55:14+00:00","author":{"@id":"https:\/\/aeronoticias.com.pe\/noticiero\/#\/schema\/person\/fc1e5d578f4b62ba1cf7ac2bba1170a0"},"description":"Portal de noticias del Per\u00fa sobre el transporte a\u00e9reo, aviaci\u00f3n, turismo, hoteleria, actualidad.","breadcrumb":{"@id":"https:\/\/aeronoticias.com.pe\/noticiero\/transporte-aereo\/internacional\/eeuu-hombre-muere-al-caer-de-avion-en-el-condado-de-pasco\/#breadcrumb"},"inLanguage":"es","potentialAction":[{"@type":"ReadAction","target":["https:\/\/aeronoticias.com.pe\/noticiero\/transporte-aereo\/internacional\/eeuu-hombre-muere-al-caer-de-avion-en-el-condado-de-pasco\/"]}]},{"@type":"BreadcrumbList","@id":"https:\/\/aeronoticias.com.pe\/noticiero\/transporte-aereo\/internacional\/eeuu-hombre-muere-al-caer-de-avion-en-el-condado-de-pasco\/#breadcrumb","itemListElement":[{"@type":"ListItem","position":1,"name":"Portada","item":"https:\/\/aeronoticias.com.pe\/noticiero\/"},{"@type":"ListItem","position":2,"name":"EEUU: Hombre muere al caer de avi\u00f3n en el condado de Pasco"}]},{"@type":"WebSite","@id":"https:\/\/aeronoticias.com.pe\/noticiero\/#website","url":"https:\/\/aeronoticias.com.pe\/noticiero\/","name":"Aeronoticias.com.pe","description":"Noticias de tranporte aereo, turismo, hoteles, gastronomia, actualidad, internacional","potentialAction":[{"@type":"SearchAction","target":{"@type":"EntryPoint","urlTemplate":"https:\/\/aeronoticias.com.pe\/noticiero\/?s={search_term_string}"},"query-input":{"@type":"PropertyValueSpecification","valueRequired":true,"valueName":"search_term_string"}}],"inLanguage":"es"},{"@type":"Person","@id":"https:\/\/aeronoticias.com.pe\/noticiero\/#\/schema\/person\/fc1e5d578f4b62ba1cf7ac2bba1170a0","name":"Redacci\u00f3n Aeronoticias","url":"https:\/\/aeronoticias.com.pe\/noticiero\/author\/piloto\/"}]}},"_links":{"self":[{"href":"https:\/\/aeronoticias.com.pe\/noticiero\/wp-json\/wp\/v2\/posts\/41152","targetHints":{"allow":["GET"]}}],"collection":[{"href":"https:\/\/aeronoticias.com.pe\/noticiero\/wp-json\/wp\/v2\/posts"}],"about":[{"href":"https:\/\/aeronoticias.com.pe\/noticiero\/wp-json\/wp\/v2\/types\/post"}],"author":[{"embeddable":true,"href":"https:\/\/aeronoticias.com.pe\/noticiero\/wp-json\/wp\/v2\/users\/1"}],"replies":[{"embeddable":true,"href":"https:\/\/aeronoticias.com.pe\/noticiero\/wp-json\/wp\/v2\/comments?post=41152"}],"version-history":[{"count":0,"href":"https:\/\/aeronoticias.com.pe\/noticiero\/wp-json\/wp\/v2\/posts\/41152\/revisions"}],"wp:attachment":[{"href":"https:\/\/aeronoticias.com.pe\/noticiero\/wp-json\/wp\/v2\/media?parent=41152"}],"wp:term":[{"taxonomy":"category","embeddable":true,"href":"https:\/\/aeronoticias.com.pe\/noticiero\/wp-json\/wp\/v2\/categories?post=41152"},{"taxonomy":"post_tag","embeddable":true,"href":"https:\/\/aeronoticias.com.pe\/noticiero\/wp-json\/wp\/v2\/tags?post=41152"}],"curies":[{"name":"wp","href":"https:\/\/api.w.org\/{rel}","templated":true}]}}