{"id":41155,"date":"2013-10-20T20:10:59","date_gmt":"2013-10-20T20:10:59","guid":{"rendered":"http:\/\/desarrollo.mcvicious.com\/aero2020\/2013\/10\/20\/controladores-aereos-del-aeropuerto-carlos-ibanez-del-campo-en-nuestras-manos-estan-las-vidas-de-miles-de-personas-todos-los-dias\/"},"modified":"2013-10-20T20:10:59","modified_gmt":"2013-10-20T20:10:59","slug":"controladores-aereos-del-aeropuerto-carlos-ibanez-del-campo-en-nuestras-manos-estan-las-vidas-de-miles-de-personas-todos-los-dias","status":"publish","type":"post","link":"https:\/\/aeronoticias.com.pe\/noticiero\/transporte-aereo\/internacional\/controladores-aereos-del-aeropuerto-carlos-ibanez-del-campo-en-nuestras-manos-estan-las-vidas-de-miles-de-personas-todos-los-dias\/","title":{"rendered":"Controladores a\u00e9reos del aeropuerto Carlos Ib\u00e1\u00f1ez del Campo \u201cEn nuestras manos est\u00e1n las vidas de miles de personas todos los d\u00edas\u201d"},"content":{"rendered":"<p><img decoding=\"async\" src=\"images\/stories\/13\/10\/201013\/aroport_punta_arenas.jpg\" border=\"0\" \/><\/p>\n<p style=\"text-align: justify;\"><strong>(Aeronoticias).- <\/strong>24 horas al d\u00eda, los 365 d\u00edas del a\u00f1o, un grupo de profesionales dedica su tiempo, trabajo y conocimiento al resguardo de la vida y seguridad de miles de viajeros. Ellos son los responsables de velar por la seguridad del espacio a\u00e9reo nacional, monitoreando desde el anonimato todas las aeronaves que sobrevuelan los cielos magall\u00e1nicos.<\/p>\n<p style=\"text-align: justify;\">Un total de 26 Controladores de Tr\u00e1nsito A\u00e9reo, entre ellos 6 mujeres, son los encargados de supervisar los 32 millones de kil\u00f3metros cuadrados bajo su jurisdicci\u00f3n, que comprenden desde la ciudad de Balmaceda, hasta el polo sur, y por los que todos los d\u00edas decenas de aeronaves comerciales, de carga y militares sobrevuelan los aires con frecuencias de hasta 80 controles diarios en temporada invernal o hasta 190 cada d\u00eda durante el verano y campa\u00f1as cient\u00edficas ant\u00e1rticas.<\/p>\n<p style=\"text-align: justify;\">Mediante distintos y modernos equipos de comunicaci\u00f3n, el personal biling\u00fce por obligaci\u00f3n, se mantienen en contacto cada 45 minutos con las aeronaves en un c\u00f3digo universal, y cuentan tambi\u00e9n con un potente radiotransmisor de alta frecuencia con el que se comunican y vigilan el trayecto de las aeronaves que transitan entre el continente y la Ant\u00e1rtica, ya sean civiles o militares.<\/p>\n<p style=\"text-align: justify;\">Hoy como cada a\u00f1o, el 20 de octubre se conmemora el \u201cD\u00eda Internacional del Controlador de Tr\u00e1nsito A\u00e9reo\u201d<\/p>\n<p style=\"text-align: justify;\">\u00a0<\/p>\n<p style=\"text-align: justify;\">Fuente:<strong> La Prensa Austral<\/strong><\/p>\n<p style=\"text-align: justify;\">Imagen:<strong> Wikipedia<\/strong><\/p>\n","protected":false},"excerpt":{"rendered":"<p>(Aeronoticias).- 24 horas al d\u00eda, los 365 d\u00edas del a\u00f1o, un grupo de profesionales dedica su tiempo, trabajo y conocimiento al resguardo de la vida y seguridad de miles de viajeros. Ellos son los responsables de velar por la seguridad del espacio a\u00e9reo nacional, monitoreando desde el anonimato todas las aeronaves que sobrevuelan los cielos [&hellip;]<\/p>\n","protected":false},"author":1,"featured_media":0,"comment_status":"open","ping_status":"open","sticky":false,"template":"","format":"standard","meta":{"tdm_status":"","tdm_grid_status":"","footnotes":""},"categories":[32],"tags":[],"class_list":{"0":"post-41155","1":"post","2":"type-post","3":"status-publish","4":"format-standard","6":"category-internacional"},"yoast_head":"<!-- This site is optimized with the Yoast SEO plugin v25.1 - https:\/\/yoast.com\/wordpress\/plugins\/seo\/ -->\n<title>Controladores a\u00e9reos del aeropuerto Carlos Ib\u00e1\u00f1ez del Campo \u201cEn nuestras manos est\u00e1n las vidas de miles de personas todos los d\u00edas\u201d<\/title>\n<meta name=\"description\" content=\"Portal de noticias del Per\u00fa sobre el transporte a\u00e9reo, aviaci\u00f3n, turismo, hoteleria, actualidad.\" \/>\n<meta name=\"robots\" content=\"index, follow, max-snippet:-1, max-image-preview:large, max-video-preview:-1\" \/>\n<link rel=\"canonical\" href=\"https:\/\/aeronoticias.com.pe\/noticiero\/transporte-aereo\/internacional\/controladores-aereos-del-aeropuerto-carlos-ibanez-del-campo-en-nuestras-manos-estan-las-vidas-de-miles-de-personas-todos-los-dias\/\" \/>\n<meta property=\"og:locale\" content=\"es_ES\" \/>\n<meta property=\"og:type\" content=\"article\" \/>\n<meta property=\"og:title\" content=\"Controladores a\u00e9reos del aeropuerto Carlos Ib\u00e1\u00f1ez del Campo \u201cEn nuestras manos est\u00e1n las vidas de miles de personas todos los d\u00edas\u201d\" \/>\n<meta property=\"og:description\" content=\"Portal de noticias del Per\u00fa sobre el transporte a\u00e9reo, aviaci\u00f3n, turismo, hoteleria, actualidad.\" \/>\n<meta property=\"og:url\" content=\"https:\/\/aeronoticias.com.pe\/noticiero\/transporte-aereo\/internacional\/controladores-aereos-del-aeropuerto-carlos-ibanez-del-campo-en-nuestras-manos-estan-las-vidas-de-miles-de-personas-todos-los-dias\/\" \/>\n<meta property=\"og:site_name\" content=\"Aeronoticias.com.pe\" \/>\n<meta property=\"article:publisher\" content=\"https:\/\/www.facebook.com\/Aeronoticias.com.pe\/\" \/>\n<meta property=\"article:published_time\" content=\"2013-10-20T20:10:59+00:00\" \/>\n<meta name=\"author\" content=\"Redacci\u00f3n Aeronoticias\" \/>\n<meta name=\"twitter:card\" content=\"summary_large_image\" \/>\n<meta name=\"twitter:creator\" content=\"@aeronoticias\" \/>\n<meta name=\"twitter:site\" content=\"@aeronoticias\" \/>\n<meta name=\"twitter:label1\" content=\"Escrito por\" \/>\n\t<meta name=\"twitter:data1\" content=\"Redacci\u00f3n Aeronoticias\" \/>\n\t<meta name=\"twitter:label2\" content=\"Tiempo de lectura\" \/>\n\t<meta name=\"twitter:data2\" content=\"1 minuto\" \/>\n<script type=\"application\/ld+json\" class=\"yoast-schema-graph\">{\"@context\":\"https:\/\/schema.org\",\"@graph\":[{\"@type\":\"WebPage\",\"@id\":\"https:\/\/aeronoticias.com.pe\/noticiero\/transporte-aereo\/internacional\/controladores-aereos-del-aeropuerto-carlos-ibanez-del-campo-en-nuestras-manos-estan-las-vidas-de-miles-de-personas-todos-los-dias\/\",\"url\":\"https:\/\/aeronoticias.com.pe\/noticiero\/transporte-aereo\/internacional\/controladores-aereos-del-aeropuerto-carlos-ibanez-del-campo-en-nuestras-manos-estan-las-vidas-de-miles-de-personas-todos-los-dias\/\",\"name\":\"Controladores a\u00e9reos del aeropuerto Carlos Ib\u00e1\u00f1ez del Campo \u201cEn nuestras manos est\u00e1n las vidas de miles de personas todos los d\u00edas\u201d\",\"isPartOf\":{\"@id\":\"https:\/\/aeronoticias.com.pe\/noticiero\/#website\"},\"datePublished\":\"2013-10-20T20:10:59+00:00\",\"author\":{\"@id\":\"https:\/\/aeronoticias.com.pe\/noticiero\/#\/schema\/person\/fc1e5d578f4b62ba1cf7ac2bba1170a0\"},\"description\":\"Portal de noticias del Per\u00fa sobre el transporte a\u00e9reo, aviaci\u00f3n, turismo, hoteleria, actualidad.\",\"breadcrumb\":{\"@id\":\"https:\/\/aeronoticias.com.pe\/noticiero\/transporte-aereo\/internacional\/controladores-aereos-del-aeropuerto-carlos-ibanez-del-campo-en-nuestras-manos-estan-las-vidas-de-miles-de-personas-todos-los-dias\/#breadcrumb\"},\"inLanguage\":\"es\",\"potentialAction\":[{\"@type\":\"ReadAction\",\"target\":[\"https:\/\/aeronoticias.com.pe\/noticiero\/transporte-aereo\/internacional\/controladores-aereos-del-aeropuerto-carlos-ibanez-del-campo-en-nuestras-manos-estan-las-vidas-de-miles-de-personas-todos-los-dias\/\"]}]},{\"@type\":\"BreadcrumbList\",\"@id\":\"https:\/\/aeronoticias.com.pe\/noticiero\/transporte-aereo\/internacional\/controladores-aereos-del-aeropuerto-carlos-ibanez-del-campo-en-nuestras-manos-estan-las-vidas-de-miles-de-personas-todos-los-dias\/#breadcrumb\",\"itemListElement\":[{\"@type\":\"ListItem\",\"position\":1,\"name\":\"Portada\",\"item\":\"https:\/\/aeronoticias.com.pe\/noticiero\/\"},{\"@type\":\"ListItem\",\"position\":2,\"name\":\"Controladores a\u00e9reos del aeropuerto Carlos Ib\u00e1\u00f1ez del Campo \u201cEn nuestras manos est\u00e1n las vidas de miles de personas todos los d\u00edas\u201d\"}]},{\"@type\":\"WebSite\",\"@id\":\"https:\/\/aeronoticias.com.pe\/noticiero\/#website\",\"url\":\"https:\/\/aeronoticias.com.pe\/noticiero\/\",\"name\":\"Aeronoticias.com.pe\",\"description\":\"Noticias de tranporte aereo, turismo, hoteles, gastronomia, actualidad, internacional\",\"potentialAction\":[{\"@type\":\"SearchAction\",\"target\":{\"@type\":\"EntryPoint\",\"urlTemplate\":\"https:\/\/aeronoticias.com.pe\/noticiero\/?s={search_term_string}\"},\"query-input\":{\"@type\":\"PropertyValueSpecification\",\"valueRequired\":true,\"valueName\":\"search_term_string\"}}],\"inLanguage\":\"es\"},{\"@type\":\"Person\",\"@id\":\"https:\/\/aeronoticias.com.pe\/noticiero\/#\/schema\/person\/fc1e5d578f4b62ba1cf7ac2bba1170a0\",\"name\":\"Redacci\u00f3n Aeronoticias\",\"url\":\"https:\/\/aeronoticias.com.pe\/noticiero\/author\/piloto\/\"}]}<\/script>\n<!-- \/ Yoast SEO plugin. -->","yoast_head_json":{"title":"Controladores a\u00e9reos del aeropuerto Carlos Ib\u00e1\u00f1ez del Campo \u201cEn nuestras manos est\u00e1n las vidas de miles de personas todos los d\u00edas\u201d","description":"Portal de noticias del Per\u00fa sobre el transporte a\u00e9reo, aviaci\u00f3n, turismo, hoteleria, actualidad.","robots":{"index":"index","follow":"follow","max-snippet":"max-snippet:-1","max-image-preview":"max-image-preview:large","max-video-preview":"max-video-preview:-1"},"canonical":"https:\/\/aeronoticias.com.pe\/noticiero\/transporte-aereo\/internacional\/controladores-aereos-del-aeropuerto-carlos-ibanez-del-campo-en-nuestras-manos-estan-las-vidas-de-miles-de-personas-todos-los-dias\/","og_locale":"es_ES","og_type":"article","og_title":"Controladores a\u00e9reos del aeropuerto Carlos Ib\u00e1\u00f1ez del Campo \u201cEn nuestras manos est\u00e1n las vidas de miles de personas todos los d\u00edas\u201d","og_description":"Portal de noticias del Per\u00fa sobre el transporte a\u00e9reo, aviaci\u00f3n, turismo, hoteleria, actualidad.","og_url":"https:\/\/aeronoticias.com.pe\/noticiero\/transporte-aereo\/internacional\/controladores-aereos-del-aeropuerto-carlos-ibanez-del-campo-en-nuestras-manos-estan-las-vidas-de-miles-de-personas-todos-los-dias\/","og_site_name":"Aeronoticias.com.pe","article_publisher":"https:\/\/www.facebook.com\/Aeronoticias.com.pe\/","article_published_time":"2013-10-20T20:10:59+00:00","author":"Redacci\u00f3n Aeronoticias","twitter_card":"summary_large_image","twitter_creator":"@aeronoticias","twitter_site":"@aeronoticias","twitter_misc":{"Escrito por":"Redacci\u00f3n Aeronoticias","Tiempo de lectura":"1 minuto"},"schema":{"@context":"https:\/\/schema.org","@graph":[{"@type":"WebPage","@id":"https:\/\/aeronoticias.com.pe\/noticiero\/transporte-aereo\/internacional\/controladores-aereos-del-aeropuerto-carlos-ibanez-del-campo-en-nuestras-manos-estan-las-vidas-de-miles-de-personas-todos-los-dias\/","url":"https:\/\/aeronoticias.com.pe\/noticiero\/transporte-aereo\/internacional\/controladores-aereos-del-aeropuerto-carlos-ibanez-del-campo-en-nuestras-manos-estan-las-vidas-de-miles-de-personas-todos-los-dias\/","name":"Controladores a\u00e9reos del aeropuerto Carlos Ib\u00e1\u00f1ez del Campo \u201cEn nuestras manos est\u00e1n las vidas de miles de personas todos los d\u00edas\u201d","isPartOf":{"@id":"https:\/\/aeronoticias.com.pe\/noticiero\/#website"},"datePublished":"2013-10-20T20:10:59+00:00","author":{"@id":"https:\/\/aeronoticias.com.pe\/noticiero\/#\/schema\/person\/fc1e5d578f4b62ba1cf7ac2bba1170a0"},"description":"Portal de noticias del Per\u00fa sobre el transporte a\u00e9reo, aviaci\u00f3n, turismo, hoteleria, actualidad.","breadcrumb":{"@id":"https:\/\/aeronoticias.com.pe\/noticiero\/transporte-aereo\/internacional\/controladores-aereos-del-aeropuerto-carlos-ibanez-del-campo-en-nuestras-manos-estan-las-vidas-de-miles-de-personas-todos-los-dias\/#breadcrumb"},"inLanguage":"es","potentialAction":[{"@type":"ReadAction","target":["https:\/\/aeronoticias.com.pe\/noticiero\/transporte-aereo\/internacional\/controladores-aereos-del-aeropuerto-carlos-ibanez-del-campo-en-nuestras-manos-estan-las-vidas-de-miles-de-personas-todos-los-dias\/"]}]},{"@type":"BreadcrumbList","@id":"https:\/\/aeronoticias.com.pe\/noticiero\/transporte-aereo\/internacional\/controladores-aereos-del-aeropuerto-carlos-ibanez-del-campo-en-nuestras-manos-estan-las-vidas-de-miles-de-personas-todos-los-dias\/#breadcrumb","itemListElement":[{"@type":"ListItem","position":1,"name":"Portada","item":"https:\/\/aeronoticias.com.pe\/noticiero\/"},{"@type":"ListItem","position":2,"name":"Controladores a\u00e9reos del aeropuerto Carlos Ib\u00e1\u00f1ez del Campo \u201cEn nuestras manos est\u00e1n las vidas de miles de personas todos los d\u00edas\u201d"}]},{"@type":"WebSite","@id":"https:\/\/aeronoticias.com.pe\/noticiero\/#website","url":"https:\/\/aeronoticias.com.pe\/noticiero\/","name":"Aeronoticias.com.pe","description":"Noticias de tranporte aereo, turismo, hoteles, gastronomia, actualidad, internacional","potentialAction":[{"@type":"SearchAction","target":{"@type":"EntryPoint","urlTemplate":"https:\/\/aeronoticias.com.pe\/noticiero\/?s={search_term_string}"},"query-input":{"@type":"PropertyValueSpecification","valueRequired":true,"valueName":"search_term_string"}}],"inLanguage":"es"},{"@type":"Person","@id":"https:\/\/aeronoticias.com.pe\/noticiero\/#\/schema\/person\/fc1e5d578f4b62ba1cf7ac2bba1170a0","name":"Redacci\u00f3n Aeronoticias","url":"https:\/\/aeronoticias.com.pe\/noticiero\/author\/piloto\/"}]}},"_links":{"self":[{"href":"https:\/\/aeronoticias.com.pe\/noticiero\/wp-json\/wp\/v2\/posts\/41155","targetHints":{"allow":["GET"]}}],"collection":[{"href":"https:\/\/aeronoticias.com.pe\/noticiero\/wp-json\/wp\/v2\/posts"}],"about":[{"href":"https:\/\/aeronoticias.com.pe\/noticiero\/wp-json\/wp\/v2\/types\/post"}],"author":[{"embeddable":true,"href":"https:\/\/aeronoticias.com.pe\/noticiero\/wp-json\/wp\/v2\/users\/1"}],"replies":[{"embeddable":true,"href":"https:\/\/aeronoticias.com.pe\/noticiero\/wp-json\/wp\/v2\/comments?post=41155"}],"version-history":[{"count":0,"href":"https:\/\/aeronoticias.com.pe\/noticiero\/wp-json\/wp\/v2\/posts\/41155\/revisions"}],"wp:attachment":[{"href":"https:\/\/aeronoticias.com.pe\/noticiero\/wp-json\/wp\/v2\/media?parent=41155"}],"wp:term":[{"taxonomy":"category","embeddable":true,"href":"https:\/\/aeronoticias.com.pe\/noticiero\/wp-json\/wp\/v2\/categories?post=41155"},{"taxonomy":"post_tag","embeddable":true,"href":"https:\/\/aeronoticias.com.pe\/noticiero\/wp-json\/wp\/v2\/tags?post=41155"}],"curies":[{"name":"wp","href":"https:\/\/api.w.org\/{rel}","templated":true}]}}