{"id":41158,"date":"2013-10-20T21:18:22","date_gmt":"2013-10-20T21:18:22","guid":{"rendered":"http:\/\/desarrollo.mcvicious.com\/aero2020\/2013\/10\/20\/turismo-interno-hacia-atractivos-del-norte-crecio-7-en-lo-que-va-del-ano\/"},"modified":"2013-10-20T21:18:22","modified_gmt":"2013-10-20T21:18:22","slug":"turismo-interno-hacia-atractivos-del-norte-crecio-7-en-lo-que-va-del-ano","status":"publish","type":"post","link":"https:\/\/aeronoticias.com.pe\/noticiero\/turismo\/13\/turismo-interno-hacia-atractivos-del-norte-crecio-7-en-lo-que-va-del-ano\/","title":{"rendered":"Turismo interno hacia atractivos del norte creci\u00f3 7% en lo que va del a\u00f1o"},"content":{"rendered":"<p><img decoding=\"async\" src=\"images\/stories\/13\/10\/201013\/turi1.jpg\" border=\"0\" \/><\/p>\n<p style=\"text-align: justify;\"><strong>(Aeronoticias).-<\/strong> Seg\u00fan viceministra de Mincetur, Claudia Cornejo, visitantes nacionales prefieren acudir a centros arqueol\u00f3gicos y playas del norte del pa\u00eds.<\/p>\n<p style=\"text-align: justify;\">Los destinos tur\u00edsticos del norte del pa\u00eds como sus playas, centros arqueol\u00f3gicos y bosques naturales se han convertido en los lugares preferidos por los visitantes nacionales. El turismo interno se ha incrementado en un 7% en esta parte de la regi\u00f3n en lo que va del 2013, destac\u00f3 la viceministra de Turismo, Claudia Cornejo Mohme.<\/p>\n<p style=\"text-align: justify;\">Seg\u00fan la funcionaria, este importante indicador se debe a que regiones como Lambayeque y La Libertad est\u00e1n apostando a un gran desarrollo museogr\u00e1fico de sus sitios arqueol\u00f3gicos, lo cual ha contribuido al desarrollo del turismo; y tambi\u00e9n a la conservaci\u00f3n de las playas de regiones como Piura y Tumbes, y los r\u00edos navegables de San Mart\u00edn y Loreto.<\/p>\n<p style=\"text-align: justify;\">Sin embargo, la viceministra en Turismo enfatiz\u00f3 que el reto de los alcaldes y presidentes regionales es comprometerse a mejorar la infraestructura p\u00fablica como v\u00edas terrestres, terminales a\u00e9reos, plazas principales, y apostar por la conservaci\u00f3n de sus recursos naturales, porque solo de esta forma se puede mantener o incrementar el n\u00famero de turistas.<\/p>\n<p style=\"text-align: justify;\">CITA TUR\u00cdSTICA<\/p>\n<p style=\"text-align: justify;\">Ayer la viceministra Claudia Cornejo lleg\u00f3 a la Capital de la Primavera para inaugurar la Muchik Feria Internacional de Turismo, que tambi\u00e9n cont\u00f3 con la participaci\u00f3n de las autoridades de la Municipalidad Provincial de Trujillo, como la primera regidora Gloria Montenegro, la gerente de Turismo Ang\u00e9lica Villanueva y el presidente de la C\u00e1mara de Turismo (Cadetur) La Libertad, Leoncio Rojas Gallardo.<\/p>\n<p style=\"text-align: justify;\">Leoncio Rojas destac\u00f3 que en el marco de la feria Muchik se vienen realizando diversos seminarios, en donde participan destacados expositores de PromPer\u00fa, Fundaci\u00f3n Wiese y Lan Per\u00fa, quienes comparten sus experiencias como operadores tur\u00edsticos.<\/p>\n<p style=\"text-align: justify;\">\u201cEsta feria tambi\u00e9n sirve para preparar a profesionales con herramientas en diversos campos del turismo\u201d, indic\u00f3 el presidente de Cadetur.<\/p>\n<p style=\"text-align: justify;\">\u00a0<\/p>\n<p style=\"text-align: justify;\">Fuente: <strong>La Rep\u00fablica<\/strong><\/p>\n","protected":false},"excerpt":{"rendered":"<p>(Aeronoticias).- Seg\u00fan viceministra de Mincetur, Claudia Cornejo, visitantes nacionales prefieren acudir a centros arqueol\u00f3gicos y playas del norte del pa\u00eds. Los destinos tur\u00edsticos del norte del pa\u00eds como sus playas, centros arqueol\u00f3gicos y bosques naturales se han convertido en los lugares preferidos por los visitantes nacionales. El turismo interno se ha incrementado en un 7% [&hellip;]<\/p>\n","protected":false},"author":1,"featured_media":0,"comment_status":"open","ping_status":"open","sticky":false,"template":"","format":"standard","meta":{"tdm_status":"","tdm_grid_status":"","footnotes":""},"categories":[31],"tags":[],"class_list":{"0":"post-41158","1":"post","2":"type-post","3":"status-publish","4":"format-standard","6":"category-31"},"yoast_head":"<!-- This site is optimized with the Yoast SEO plugin v25.1 - https:\/\/yoast.com\/wordpress\/plugins\/seo\/ -->\n<title>Turismo interno hacia atractivos del norte creci\u00f3 7% en lo que va del a\u00f1o<\/title>\n<meta name=\"description\" content=\"Portal de noticias del Per\u00fa sobre el transporte a\u00e9reo, aviaci\u00f3n, turismo, hoteleria, actualidad.\" \/>\n<meta name=\"robots\" content=\"index, follow, max-snippet:-1, max-image-preview:large, max-video-preview:-1\" \/>\n<link rel=\"canonical\" href=\"https:\/\/aeronoticias.com.pe\/noticiero\/turismo\/13\/turismo-interno-hacia-atractivos-del-norte-crecio-7-en-lo-que-va-del-ano\/\" \/>\n<meta property=\"og:locale\" content=\"es_ES\" \/>\n<meta property=\"og:type\" content=\"article\" \/>\n<meta property=\"og:title\" content=\"Turismo interno hacia atractivos del norte creci\u00f3 7% en lo que va del a\u00f1o\" \/>\n<meta property=\"og:description\" content=\"Portal de noticias del Per\u00fa sobre el transporte a\u00e9reo, aviaci\u00f3n, turismo, hoteleria, actualidad.\" \/>\n<meta property=\"og:url\" content=\"https:\/\/aeronoticias.com.pe\/noticiero\/turismo\/13\/turismo-interno-hacia-atractivos-del-norte-crecio-7-en-lo-que-va-del-ano\/\" \/>\n<meta property=\"og:site_name\" content=\"Aeronoticias.com.pe\" \/>\n<meta property=\"article:publisher\" content=\"https:\/\/www.facebook.com\/Aeronoticias.com.pe\/\" \/>\n<meta property=\"article:published_time\" content=\"2013-10-20T21:18:22+00:00\" \/>\n<meta name=\"author\" content=\"Redacci\u00f3n Aeronoticias\" \/>\n<meta name=\"twitter:card\" content=\"summary_large_image\" \/>\n<meta name=\"twitter:creator\" content=\"@aeronoticias\" \/>\n<meta name=\"twitter:site\" content=\"@aeronoticias\" \/>\n<meta name=\"twitter:label1\" content=\"Escrito por\" \/>\n\t<meta name=\"twitter:data1\" content=\"Redacci\u00f3n Aeronoticias\" \/>\n\t<meta name=\"twitter:label2\" content=\"Tiempo de lectura\" \/>\n\t<meta name=\"twitter:data2\" content=\"2 minutos\" \/>\n<script type=\"application\/ld+json\" class=\"yoast-schema-graph\">{\"@context\":\"https:\/\/schema.org\",\"@graph\":[{\"@type\":\"WebPage\",\"@id\":\"https:\/\/aeronoticias.com.pe\/noticiero\/turismo\/13\/turismo-interno-hacia-atractivos-del-norte-crecio-7-en-lo-que-va-del-ano\/\",\"url\":\"https:\/\/aeronoticias.com.pe\/noticiero\/turismo\/13\/turismo-interno-hacia-atractivos-del-norte-crecio-7-en-lo-que-va-del-ano\/\",\"name\":\"Turismo interno hacia atractivos del norte creci\u00f3 7% en lo que va del a\u00f1o\",\"isPartOf\":{\"@id\":\"https:\/\/aeronoticias.com.pe\/noticiero\/#website\"},\"datePublished\":\"2013-10-20T21:18:22+00:00\",\"author\":{\"@id\":\"https:\/\/aeronoticias.com.pe\/noticiero\/#\/schema\/person\/fc1e5d578f4b62ba1cf7ac2bba1170a0\"},\"description\":\"Portal de noticias del Per\u00fa sobre el transporte a\u00e9reo, aviaci\u00f3n, turismo, hoteleria, actualidad.\",\"breadcrumb\":{\"@id\":\"https:\/\/aeronoticias.com.pe\/noticiero\/turismo\/13\/turismo-interno-hacia-atractivos-del-norte-crecio-7-en-lo-que-va-del-ano\/#breadcrumb\"},\"inLanguage\":\"es\",\"potentialAction\":[{\"@type\":\"ReadAction\",\"target\":[\"https:\/\/aeronoticias.com.pe\/noticiero\/turismo\/13\/turismo-interno-hacia-atractivos-del-norte-crecio-7-en-lo-que-va-del-ano\/\"]}]},{\"@type\":\"BreadcrumbList\",\"@id\":\"https:\/\/aeronoticias.com.pe\/noticiero\/turismo\/13\/turismo-interno-hacia-atractivos-del-norte-crecio-7-en-lo-que-va-del-ano\/#breadcrumb\",\"itemListElement\":[{\"@type\":\"ListItem\",\"position\":1,\"name\":\"Portada\",\"item\":\"https:\/\/aeronoticias.com.pe\/noticiero\/\"},{\"@type\":\"ListItem\",\"position\":2,\"name\":\"Turismo interno hacia atractivos del norte creci\u00f3 7% en lo que va del a\u00f1o\"}]},{\"@type\":\"WebSite\",\"@id\":\"https:\/\/aeronoticias.com.pe\/noticiero\/#website\",\"url\":\"https:\/\/aeronoticias.com.pe\/noticiero\/\",\"name\":\"Aeronoticias.com.pe\",\"description\":\"Noticias de tranporte aereo, turismo, hoteles, gastronomia, actualidad, internacional\",\"potentialAction\":[{\"@type\":\"SearchAction\",\"target\":{\"@type\":\"EntryPoint\",\"urlTemplate\":\"https:\/\/aeronoticias.com.pe\/noticiero\/?s={search_term_string}\"},\"query-input\":{\"@type\":\"PropertyValueSpecification\",\"valueRequired\":true,\"valueName\":\"search_term_string\"}}],\"inLanguage\":\"es\"},{\"@type\":\"Person\",\"@id\":\"https:\/\/aeronoticias.com.pe\/noticiero\/#\/schema\/person\/fc1e5d578f4b62ba1cf7ac2bba1170a0\",\"name\":\"Redacci\u00f3n Aeronoticias\",\"url\":\"https:\/\/aeronoticias.com.pe\/noticiero\/author\/piloto\/\"}]}<\/script>\n<!-- \/ Yoast SEO plugin. -->","yoast_head_json":{"title":"Turismo interno hacia atractivos del norte creci\u00f3 7% en lo que va del a\u00f1o","description":"Portal de noticias del Per\u00fa sobre el transporte a\u00e9reo, aviaci\u00f3n, turismo, hoteleria, actualidad.","robots":{"index":"index","follow":"follow","max-snippet":"max-snippet:-1","max-image-preview":"max-image-preview:large","max-video-preview":"max-video-preview:-1"},"canonical":"https:\/\/aeronoticias.com.pe\/noticiero\/turismo\/13\/turismo-interno-hacia-atractivos-del-norte-crecio-7-en-lo-que-va-del-ano\/","og_locale":"es_ES","og_type":"article","og_title":"Turismo interno hacia atractivos del norte creci\u00f3 7% en lo que va del a\u00f1o","og_description":"Portal de noticias del Per\u00fa sobre el transporte a\u00e9reo, aviaci\u00f3n, turismo, hoteleria, actualidad.","og_url":"https:\/\/aeronoticias.com.pe\/noticiero\/turismo\/13\/turismo-interno-hacia-atractivos-del-norte-crecio-7-en-lo-que-va-del-ano\/","og_site_name":"Aeronoticias.com.pe","article_publisher":"https:\/\/www.facebook.com\/Aeronoticias.com.pe\/","article_published_time":"2013-10-20T21:18:22+00:00","author":"Redacci\u00f3n Aeronoticias","twitter_card":"summary_large_image","twitter_creator":"@aeronoticias","twitter_site":"@aeronoticias","twitter_misc":{"Escrito por":"Redacci\u00f3n Aeronoticias","Tiempo de lectura":"2 minutos"},"schema":{"@context":"https:\/\/schema.org","@graph":[{"@type":"WebPage","@id":"https:\/\/aeronoticias.com.pe\/noticiero\/turismo\/13\/turismo-interno-hacia-atractivos-del-norte-crecio-7-en-lo-que-va-del-ano\/","url":"https:\/\/aeronoticias.com.pe\/noticiero\/turismo\/13\/turismo-interno-hacia-atractivos-del-norte-crecio-7-en-lo-que-va-del-ano\/","name":"Turismo interno hacia atractivos del norte creci\u00f3 7% en lo que va del a\u00f1o","isPartOf":{"@id":"https:\/\/aeronoticias.com.pe\/noticiero\/#website"},"datePublished":"2013-10-20T21:18:22+00:00","author":{"@id":"https:\/\/aeronoticias.com.pe\/noticiero\/#\/schema\/person\/fc1e5d578f4b62ba1cf7ac2bba1170a0"},"description":"Portal de noticias del Per\u00fa sobre el transporte a\u00e9reo, aviaci\u00f3n, turismo, hoteleria, actualidad.","breadcrumb":{"@id":"https:\/\/aeronoticias.com.pe\/noticiero\/turismo\/13\/turismo-interno-hacia-atractivos-del-norte-crecio-7-en-lo-que-va-del-ano\/#breadcrumb"},"inLanguage":"es","potentialAction":[{"@type":"ReadAction","target":["https:\/\/aeronoticias.com.pe\/noticiero\/turismo\/13\/turismo-interno-hacia-atractivos-del-norte-crecio-7-en-lo-que-va-del-ano\/"]}]},{"@type":"BreadcrumbList","@id":"https:\/\/aeronoticias.com.pe\/noticiero\/turismo\/13\/turismo-interno-hacia-atractivos-del-norte-crecio-7-en-lo-que-va-del-ano\/#breadcrumb","itemListElement":[{"@type":"ListItem","position":1,"name":"Portada","item":"https:\/\/aeronoticias.com.pe\/noticiero\/"},{"@type":"ListItem","position":2,"name":"Turismo interno hacia atractivos del norte creci\u00f3 7% en lo que va del a\u00f1o"}]},{"@type":"WebSite","@id":"https:\/\/aeronoticias.com.pe\/noticiero\/#website","url":"https:\/\/aeronoticias.com.pe\/noticiero\/","name":"Aeronoticias.com.pe","description":"Noticias de tranporte aereo, turismo, hoteles, gastronomia, actualidad, internacional","potentialAction":[{"@type":"SearchAction","target":{"@type":"EntryPoint","urlTemplate":"https:\/\/aeronoticias.com.pe\/noticiero\/?s={search_term_string}"},"query-input":{"@type":"PropertyValueSpecification","valueRequired":true,"valueName":"search_term_string"}}],"inLanguage":"es"},{"@type":"Person","@id":"https:\/\/aeronoticias.com.pe\/noticiero\/#\/schema\/person\/fc1e5d578f4b62ba1cf7ac2bba1170a0","name":"Redacci\u00f3n Aeronoticias","url":"https:\/\/aeronoticias.com.pe\/noticiero\/author\/piloto\/"}]}},"_links":{"self":[{"href":"https:\/\/aeronoticias.com.pe\/noticiero\/wp-json\/wp\/v2\/posts\/41158","targetHints":{"allow":["GET"]}}],"collection":[{"href":"https:\/\/aeronoticias.com.pe\/noticiero\/wp-json\/wp\/v2\/posts"}],"about":[{"href":"https:\/\/aeronoticias.com.pe\/noticiero\/wp-json\/wp\/v2\/types\/post"}],"author":[{"embeddable":true,"href":"https:\/\/aeronoticias.com.pe\/noticiero\/wp-json\/wp\/v2\/users\/1"}],"replies":[{"embeddable":true,"href":"https:\/\/aeronoticias.com.pe\/noticiero\/wp-json\/wp\/v2\/comments?post=41158"}],"version-history":[{"count":0,"href":"https:\/\/aeronoticias.com.pe\/noticiero\/wp-json\/wp\/v2\/posts\/41158\/revisions"}],"wp:attachment":[{"href":"https:\/\/aeronoticias.com.pe\/noticiero\/wp-json\/wp\/v2\/media?parent=41158"}],"wp:term":[{"taxonomy":"category","embeddable":true,"href":"https:\/\/aeronoticias.com.pe\/noticiero\/wp-json\/wp\/v2\/categories?post=41158"},{"taxonomy":"post_tag","embeddable":true,"href":"https:\/\/aeronoticias.com.pe\/noticiero\/wp-json\/wp\/v2\/tags?post=41158"}],"curies":[{"name":"wp","href":"https:\/\/api.w.org\/{rel}","templated":true}]}}