{"id":41162,"date":"2013-10-20T21:59:21","date_gmt":"2013-10-20T21:59:21","guid":{"rendered":"http:\/\/desarrollo.mcvicious.com\/aero2020\/2013\/10\/20\/onu-condena-ataques-guerrilleros-congolenos-a-su-helicoptero\/"},"modified":"2013-10-20T21:59:21","modified_gmt":"2013-10-20T21:59:21","slug":"onu-condena-ataques-guerrilleros-congolenos-a-su-helicoptero","status":"publish","type":"post","link":"https:\/\/aeronoticias.com.pe\/noticiero\/transporte-aereo\/internacional\/onu-condena-ataques-guerrilleros-congolenos-a-su-helicoptero\/","title":{"rendered":"ONU condena ataques guerrilleros congole\u00f1os a su helic\u00f3ptero"},"content":{"rendered":"<p style=\"text-align: justify;\"><strong>(Aeronoticias)<\/strong>.- Kinshasa, 20 de octubre (PL) Naciones Unidas conden\u00f3 el segundo ataque del movimiento 23 (M23) de marzo contra un helic\u00f3ptero de la armada de su misi\u00f3n en la Rep\u00fablica Democr\u00e1tica del Congo (RDC), destac\u00f3 hoy la prensa africana.<\/p>\n<p style=\"text-align: justify;\">Ayer, el M23 abri\u00f3 fuego contra un avi\u00f3n en la regi\u00f3n de Kibumba, provincia de Kivu Norte, en el este del Congo, dijo un comunicado de la Misi\u00f3n para la Estabilizaci\u00f3n del Congo (MONUSCO). Esta fue la segunda acci\u00f3n de su tipo en los \u00faltimos d\u00edas.<\/p>\n<p style=\"text-align: justify;\">El 12 de octubre, un ataque similar tuvo lugar en Rumangabo, regi\u00f3n de Kivu Norte, donde el M23 luch\u00f3 contra el ej\u00e9rcito y los cascos azules de la ONU. El ataque m\u00e1s reciente ocurri\u00f3 \u00abcuando el helic\u00f3ptero cay\u00f3 bajo el fuego directo de las posiciones ocupadas por el M23\u00bb, dice el mensaje, pero el barco no llevaba impacto de los disparos, ni sufri\u00f3 da\u00f1os como consecuencia del ataque.<\/p>\n<p style=\"text-align: justify;\">La prensa se\u00f1al\u00f3 el jefe de la MONUSCO, Martin Kobler, y el enviado especial del Secretario General para la Regi\u00f3n de los Grandes Lagos, Mary Robinson, condenado personalmente el incidente. asist\u00edan Kobler y Robinson las conversaciones de paz entre el M23 y el gobierno del presidente Joseph Kabila en Kampala, Uganda.<\/p>\n<p style=\"text-align: justify;\">Con informaci\u00f3n de <em><strong>Prensa Libre<\/strong><\/em>.<\/p>\n<p style=\"text-align: justify;\"><img decoding=\"async\" src=\"images\/stories\/13\/10\/201013\/congo.jpg\" border=\"0\" \/><\/p>\n","protected":false},"excerpt":{"rendered":"<p>(Aeronoticias).- Kinshasa, 20 de octubre (PL) Naciones Unidas conden\u00f3 el segundo ataque del movimiento 23 (M23) de marzo contra un helic\u00f3ptero de la armada de su misi\u00f3n en la Rep\u00fablica Democr\u00e1tica del Congo (RDC), destac\u00f3 hoy la prensa africana. Ayer, el M23 abri\u00f3 fuego contra un avi\u00f3n en la regi\u00f3n de Kibumba, provincia de Kivu [&hellip;]<\/p>\n","protected":false},"author":1,"featured_media":0,"comment_status":"open","ping_status":"open","sticky":false,"template":"","format":"standard","meta":{"tdm_status":"","tdm_grid_status":"","footnotes":""},"categories":[32],"tags":[],"class_list":{"0":"post-41162","1":"post","2":"type-post","3":"status-publish","4":"format-standard","6":"category-internacional"},"yoast_head":"<!-- This site is optimized with the Yoast SEO plugin v25.1 - https:\/\/yoast.com\/wordpress\/plugins\/seo\/ -->\n<title>ONU condena ataques guerrilleros congole\u00f1os a su helic\u00f3ptero<\/title>\n<meta name=\"description\" content=\"Portal de noticias del Per\u00fa sobre el transporte a\u00e9reo, aviaci\u00f3n, turismo, hoteleria, actualidad.\" \/>\n<meta name=\"robots\" content=\"index, follow, max-snippet:-1, max-image-preview:large, max-video-preview:-1\" \/>\n<link rel=\"canonical\" href=\"https:\/\/aeronoticias.com.pe\/noticiero\/transporte-aereo\/internacional\/onu-condena-ataques-guerrilleros-congolenos-a-su-helicoptero\/\" \/>\n<meta property=\"og:locale\" content=\"es_ES\" \/>\n<meta property=\"og:type\" content=\"article\" \/>\n<meta property=\"og:title\" content=\"ONU condena ataques guerrilleros congole\u00f1os a su helic\u00f3ptero\" \/>\n<meta property=\"og:description\" content=\"Portal de noticias del Per\u00fa sobre el transporte a\u00e9reo, aviaci\u00f3n, turismo, hoteleria, actualidad.\" \/>\n<meta property=\"og:url\" content=\"https:\/\/aeronoticias.com.pe\/noticiero\/transporte-aereo\/internacional\/onu-condena-ataques-guerrilleros-congolenos-a-su-helicoptero\/\" \/>\n<meta property=\"og:site_name\" content=\"Aeronoticias.com.pe\" \/>\n<meta property=\"article:publisher\" content=\"https:\/\/www.facebook.com\/Aeronoticias.com.pe\/\" \/>\n<meta property=\"article:published_time\" content=\"2013-10-20T21:59:21+00:00\" \/>\n<meta name=\"author\" content=\"Redacci\u00f3n Aeronoticias\" \/>\n<meta name=\"twitter:card\" content=\"summary_large_image\" \/>\n<meta name=\"twitter:creator\" content=\"@aeronoticias\" \/>\n<meta name=\"twitter:site\" content=\"@aeronoticias\" \/>\n<meta name=\"twitter:label1\" content=\"Escrito por\" \/>\n\t<meta name=\"twitter:data1\" content=\"Redacci\u00f3n Aeronoticias\" \/>\n\t<meta name=\"twitter:label2\" content=\"Tiempo de lectura\" \/>\n\t<meta name=\"twitter:data2\" content=\"1 minuto\" \/>\n<script type=\"application\/ld+json\" class=\"yoast-schema-graph\">{\"@context\":\"https:\/\/schema.org\",\"@graph\":[{\"@type\":\"WebPage\",\"@id\":\"https:\/\/aeronoticias.com.pe\/noticiero\/transporte-aereo\/internacional\/onu-condena-ataques-guerrilleros-congolenos-a-su-helicoptero\/\",\"url\":\"https:\/\/aeronoticias.com.pe\/noticiero\/transporte-aereo\/internacional\/onu-condena-ataques-guerrilleros-congolenos-a-su-helicoptero\/\",\"name\":\"ONU condena ataques guerrilleros congole\u00f1os a su helic\u00f3ptero\",\"isPartOf\":{\"@id\":\"https:\/\/aeronoticias.com.pe\/noticiero\/#website\"},\"datePublished\":\"2013-10-20T21:59:21+00:00\",\"author\":{\"@id\":\"https:\/\/aeronoticias.com.pe\/noticiero\/#\/schema\/person\/fc1e5d578f4b62ba1cf7ac2bba1170a0\"},\"description\":\"Portal de noticias del Per\u00fa sobre el transporte a\u00e9reo, aviaci\u00f3n, turismo, hoteleria, actualidad.\",\"breadcrumb\":{\"@id\":\"https:\/\/aeronoticias.com.pe\/noticiero\/transporte-aereo\/internacional\/onu-condena-ataques-guerrilleros-congolenos-a-su-helicoptero\/#breadcrumb\"},\"inLanguage\":\"es\",\"potentialAction\":[{\"@type\":\"ReadAction\",\"target\":[\"https:\/\/aeronoticias.com.pe\/noticiero\/transporte-aereo\/internacional\/onu-condena-ataques-guerrilleros-congolenos-a-su-helicoptero\/\"]}]},{\"@type\":\"BreadcrumbList\",\"@id\":\"https:\/\/aeronoticias.com.pe\/noticiero\/transporte-aereo\/internacional\/onu-condena-ataques-guerrilleros-congolenos-a-su-helicoptero\/#breadcrumb\",\"itemListElement\":[{\"@type\":\"ListItem\",\"position\":1,\"name\":\"Portada\",\"item\":\"https:\/\/aeronoticias.com.pe\/noticiero\/\"},{\"@type\":\"ListItem\",\"position\":2,\"name\":\"ONU condena ataques guerrilleros congole\u00f1os a su helic\u00f3ptero\"}]},{\"@type\":\"WebSite\",\"@id\":\"https:\/\/aeronoticias.com.pe\/noticiero\/#website\",\"url\":\"https:\/\/aeronoticias.com.pe\/noticiero\/\",\"name\":\"Aeronoticias.com.pe\",\"description\":\"Noticias de tranporte aereo, turismo, hoteles, gastronomia, actualidad, internacional\",\"potentialAction\":[{\"@type\":\"SearchAction\",\"target\":{\"@type\":\"EntryPoint\",\"urlTemplate\":\"https:\/\/aeronoticias.com.pe\/noticiero\/?s={search_term_string}\"},\"query-input\":{\"@type\":\"PropertyValueSpecification\",\"valueRequired\":true,\"valueName\":\"search_term_string\"}}],\"inLanguage\":\"es\"},{\"@type\":\"Person\",\"@id\":\"https:\/\/aeronoticias.com.pe\/noticiero\/#\/schema\/person\/fc1e5d578f4b62ba1cf7ac2bba1170a0\",\"name\":\"Redacci\u00f3n Aeronoticias\",\"url\":\"https:\/\/aeronoticias.com.pe\/noticiero\/author\/piloto\/\"}]}<\/script>\n<!-- \/ Yoast SEO plugin. -->","yoast_head_json":{"title":"ONU condena ataques guerrilleros congole\u00f1os a su helic\u00f3ptero","description":"Portal de noticias del Per\u00fa sobre el transporte a\u00e9reo, aviaci\u00f3n, turismo, hoteleria, actualidad.","robots":{"index":"index","follow":"follow","max-snippet":"max-snippet:-1","max-image-preview":"max-image-preview:large","max-video-preview":"max-video-preview:-1"},"canonical":"https:\/\/aeronoticias.com.pe\/noticiero\/transporte-aereo\/internacional\/onu-condena-ataques-guerrilleros-congolenos-a-su-helicoptero\/","og_locale":"es_ES","og_type":"article","og_title":"ONU condena ataques guerrilleros congole\u00f1os a su helic\u00f3ptero","og_description":"Portal de noticias del Per\u00fa sobre el transporte a\u00e9reo, aviaci\u00f3n, turismo, hoteleria, actualidad.","og_url":"https:\/\/aeronoticias.com.pe\/noticiero\/transporte-aereo\/internacional\/onu-condena-ataques-guerrilleros-congolenos-a-su-helicoptero\/","og_site_name":"Aeronoticias.com.pe","article_publisher":"https:\/\/www.facebook.com\/Aeronoticias.com.pe\/","article_published_time":"2013-10-20T21:59:21+00:00","author":"Redacci\u00f3n Aeronoticias","twitter_card":"summary_large_image","twitter_creator":"@aeronoticias","twitter_site":"@aeronoticias","twitter_misc":{"Escrito por":"Redacci\u00f3n Aeronoticias","Tiempo de lectura":"1 minuto"},"schema":{"@context":"https:\/\/schema.org","@graph":[{"@type":"WebPage","@id":"https:\/\/aeronoticias.com.pe\/noticiero\/transporte-aereo\/internacional\/onu-condena-ataques-guerrilleros-congolenos-a-su-helicoptero\/","url":"https:\/\/aeronoticias.com.pe\/noticiero\/transporte-aereo\/internacional\/onu-condena-ataques-guerrilleros-congolenos-a-su-helicoptero\/","name":"ONU condena ataques guerrilleros congole\u00f1os a su helic\u00f3ptero","isPartOf":{"@id":"https:\/\/aeronoticias.com.pe\/noticiero\/#website"},"datePublished":"2013-10-20T21:59:21+00:00","author":{"@id":"https:\/\/aeronoticias.com.pe\/noticiero\/#\/schema\/person\/fc1e5d578f4b62ba1cf7ac2bba1170a0"},"description":"Portal de noticias del Per\u00fa sobre el transporte a\u00e9reo, aviaci\u00f3n, turismo, hoteleria, actualidad.","breadcrumb":{"@id":"https:\/\/aeronoticias.com.pe\/noticiero\/transporte-aereo\/internacional\/onu-condena-ataques-guerrilleros-congolenos-a-su-helicoptero\/#breadcrumb"},"inLanguage":"es","potentialAction":[{"@type":"ReadAction","target":["https:\/\/aeronoticias.com.pe\/noticiero\/transporte-aereo\/internacional\/onu-condena-ataques-guerrilleros-congolenos-a-su-helicoptero\/"]}]},{"@type":"BreadcrumbList","@id":"https:\/\/aeronoticias.com.pe\/noticiero\/transporte-aereo\/internacional\/onu-condena-ataques-guerrilleros-congolenos-a-su-helicoptero\/#breadcrumb","itemListElement":[{"@type":"ListItem","position":1,"name":"Portada","item":"https:\/\/aeronoticias.com.pe\/noticiero\/"},{"@type":"ListItem","position":2,"name":"ONU condena ataques guerrilleros congole\u00f1os a su helic\u00f3ptero"}]},{"@type":"WebSite","@id":"https:\/\/aeronoticias.com.pe\/noticiero\/#website","url":"https:\/\/aeronoticias.com.pe\/noticiero\/","name":"Aeronoticias.com.pe","description":"Noticias de tranporte aereo, turismo, hoteles, gastronomia, actualidad, internacional","potentialAction":[{"@type":"SearchAction","target":{"@type":"EntryPoint","urlTemplate":"https:\/\/aeronoticias.com.pe\/noticiero\/?s={search_term_string}"},"query-input":{"@type":"PropertyValueSpecification","valueRequired":true,"valueName":"search_term_string"}}],"inLanguage":"es"},{"@type":"Person","@id":"https:\/\/aeronoticias.com.pe\/noticiero\/#\/schema\/person\/fc1e5d578f4b62ba1cf7ac2bba1170a0","name":"Redacci\u00f3n Aeronoticias","url":"https:\/\/aeronoticias.com.pe\/noticiero\/author\/piloto\/"}]}},"_links":{"self":[{"href":"https:\/\/aeronoticias.com.pe\/noticiero\/wp-json\/wp\/v2\/posts\/41162","targetHints":{"allow":["GET"]}}],"collection":[{"href":"https:\/\/aeronoticias.com.pe\/noticiero\/wp-json\/wp\/v2\/posts"}],"about":[{"href":"https:\/\/aeronoticias.com.pe\/noticiero\/wp-json\/wp\/v2\/types\/post"}],"author":[{"embeddable":true,"href":"https:\/\/aeronoticias.com.pe\/noticiero\/wp-json\/wp\/v2\/users\/1"}],"replies":[{"embeddable":true,"href":"https:\/\/aeronoticias.com.pe\/noticiero\/wp-json\/wp\/v2\/comments?post=41162"}],"version-history":[{"count":0,"href":"https:\/\/aeronoticias.com.pe\/noticiero\/wp-json\/wp\/v2\/posts\/41162\/revisions"}],"wp:attachment":[{"href":"https:\/\/aeronoticias.com.pe\/noticiero\/wp-json\/wp\/v2\/media?parent=41162"}],"wp:term":[{"taxonomy":"category","embeddable":true,"href":"https:\/\/aeronoticias.com.pe\/noticiero\/wp-json\/wp\/v2\/categories?post=41162"},{"taxonomy":"post_tag","embeddable":true,"href":"https:\/\/aeronoticias.com.pe\/noticiero\/wp-json\/wp\/v2\/tags?post=41162"}],"curies":[{"name":"wp","href":"https:\/\/api.w.org\/{rel}","templated":true}]}}