{"id":41163,"date":"2013-10-20T22:06:41","date_gmt":"2013-10-20T22:06:41","guid":{"rendered":"http:\/\/desarrollo.mcvicious.com\/aero2020\/2013\/10\/20\/la-batalla-de-tres-senadoras-mexicanas-para-vencer-el-cancer-de-mama\/"},"modified":"2013-10-20T22:06:41","modified_gmt":"2013-10-20T22:06:41","slug":"la-batalla-de-tres-senadoras-mexicanas-para-vencer-el-cancer-de-mama","status":"publish","type":"post","link":"https:\/\/aeronoticias.com.pe\/noticiero\/salud\/la-batalla-de-tres-senadoras-mexicanas-para-vencer-el-cancer-de-mama\/","title":{"rendered":"La batalla de tres senadoras mexicanas para vencer el c\u00e1ncer de mama"},"content":{"rendered":"<p><img decoding=\"async\" src=\"images\/stories\/13\/10\/201013\/can.jpg\" border=\"0\" \/><\/p>\n<p style=\"text-align: justify;\"><strong>(Aeronoticias).-<\/strong> La batalla de Maki Esther Ortiz contra el c\u00e1ncer de mama comenz\u00f3 hace ocho a\u00f1os, cuando decidi\u00f3 acudir al m\u00e9dico despu\u00e9s de sentir \u00abuna bolita\u00bb en su seno derecho. \u00abFui y me hice una mamograf\u00eda. La anterior me la hab\u00eda hecho dos a\u00f1os antes. De repente, apareci\u00f3 una tumoraci\u00f3n de m\u00e1s de tres cent\u00edmetros en la parte baja de mi cuadrante inferior interno de mi mama\u2026 Y pues ah\u00ed empez\u00f3\u00bb, dijo en entrevista la senadora del Partido Acci\u00f3n Nacional (PAN).<\/p>\n<p style=\"text-align: justify;\">Cirujana de profesi\u00f3n y entonces diputada federal, Ortiz recuerda que cuando escuch\u00f3 el diagn\u00f3stico sinti\u00f3 que el mundo se deten\u00eda y se pregunt\u00f3 qu\u00e9 pasar\u00eda con sus hijos si la enfermedad se tornaba grave.<\/p>\n<p style=\"text-align: justify;\">\u00abTe tapas con la colcha y no quieres ni salir. Y despu\u00e9s, poco a poco, con la gente que te quiere, con los m\u00e9dicos que eliges, porque es muy importante, tomas una decisi\u00f3n que para m\u00ed es trascendental: si vas a estar solamente enferma del cuerpo o si vas a estar enferma del cuerpo y del alma\u00bb, dijo.<\/p>\n<p style=\"text-align: justify;\">Tras el diagn\u00f3stico comenz\u00f3 \u00abun largo tratamiento\u00bb de un a\u00f1o que incluy\u00f3 tres cirug\u00edas, 16 sesiones de quimioterapia y m\u00e1s de 40 de radiaciones, que Ortiz dice haber superado gracias al apoyo de sus familiares y a que busc\u00f3 mantenerse activa en el trabajo legislativo.<\/p>\n<p style=\"text-align: justify;\">Ortiz, de 51 a\u00f1os, reconoce que incluso despu\u00e9s de esos cuidados m\u00e9dicos teme volver a recaer, pero prefiere pensar que eso no ocurrir\u00e1 y alentar a otras mujeres a autoexplorarse para prevenir el padecimiento.<\/p>\n<p style=\"text-align: justify;\">\u00a0<\/p>\n<p style=\"text-align: justify;\">Fuente: <strong>CNN<\/strong><\/p>\n","protected":false},"excerpt":{"rendered":"<p>(Aeronoticias).- La batalla de Maki Esther Ortiz contra el c\u00e1ncer de mama comenz\u00f3 hace ocho a\u00f1os, cuando decidi\u00f3 acudir al m\u00e9dico despu\u00e9s de sentir \u00abuna bolita\u00bb en su seno derecho. \u00abFui y me hice una mamograf\u00eda. La anterior me la hab\u00eda hecho dos a\u00f1os antes. De repente, apareci\u00f3 una tumoraci\u00f3n de m\u00e1s de tres cent\u00edmetros [&hellip;]<\/p>\n","protected":false},"author":1,"featured_media":0,"comment_status":"open","ping_status":"open","sticky":false,"template":"","format":"standard","meta":{"tdm_status":"","tdm_grid_status":"","footnotes":""},"categories":[37],"tags":[],"class_list":{"0":"post-41163","1":"post","2":"type-post","3":"status-publish","4":"format-standard","6":"category-salud"},"yoast_head":"<!-- This site is optimized with the Yoast SEO plugin v25.1 - https:\/\/yoast.com\/wordpress\/plugins\/seo\/ -->\n<title>La batalla de tres senadoras mexicanas para vencer el c\u00e1ncer de mama<\/title>\n<meta name=\"description\" content=\"Portal de noticias del Per\u00fa sobre el transporte a\u00e9reo, aviaci\u00f3n, turismo, hoteleria, actualidad.\" \/>\n<meta name=\"robots\" content=\"index, follow, max-snippet:-1, max-image-preview:large, max-video-preview:-1\" \/>\n<link rel=\"canonical\" href=\"https:\/\/aeronoticias.com.pe\/noticiero\/salud\/la-batalla-de-tres-senadoras-mexicanas-para-vencer-el-cancer-de-mama\/\" \/>\n<meta property=\"og:locale\" content=\"es_ES\" \/>\n<meta property=\"og:type\" content=\"article\" \/>\n<meta property=\"og:title\" content=\"La batalla de tres senadoras mexicanas para vencer el c\u00e1ncer de mama\" \/>\n<meta property=\"og:description\" content=\"Portal de noticias del Per\u00fa sobre el transporte a\u00e9reo, aviaci\u00f3n, turismo, hoteleria, actualidad.\" \/>\n<meta property=\"og:url\" content=\"https:\/\/aeronoticias.com.pe\/noticiero\/salud\/la-batalla-de-tres-senadoras-mexicanas-para-vencer-el-cancer-de-mama\/\" \/>\n<meta property=\"og:site_name\" content=\"Aeronoticias.com.pe\" \/>\n<meta property=\"article:publisher\" content=\"https:\/\/www.facebook.com\/Aeronoticias.com.pe\/\" \/>\n<meta property=\"article:published_time\" content=\"2013-10-20T22:06:41+00:00\" \/>\n<meta name=\"author\" content=\"Redacci\u00f3n Aeronoticias\" \/>\n<meta name=\"twitter:card\" content=\"summary_large_image\" \/>\n<meta name=\"twitter:creator\" content=\"@aeronoticias\" \/>\n<meta name=\"twitter:site\" content=\"@aeronoticias\" \/>\n<meta name=\"twitter:label1\" content=\"Escrito por\" \/>\n\t<meta name=\"twitter:data1\" content=\"Redacci\u00f3n Aeronoticias\" \/>\n\t<meta name=\"twitter:label2\" content=\"Tiempo de lectura\" \/>\n\t<meta name=\"twitter:data2\" content=\"1 minuto\" \/>\n<script type=\"application\/ld+json\" class=\"yoast-schema-graph\">{\"@context\":\"https:\/\/schema.org\",\"@graph\":[{\"@type\":\"WebPage\",\"@id\":\"https:\/\/aeronoticias.com.pe\/noticiero\/salud\/la-batalla-de-tres-senadoras-mexicanas-para-vencer-el-cancer-de-mama\/\",\"url\":\"https:\/\/aeronoticias.com.pe\/noticiero\/salud\/la-batalla-de-tres-senadoras-mexicanas-para-vencer-el-cancer-de-mama\/\",\"name\":\"La batalla de tres senadoras mexicanas para vencer el c\u00e1ncer de mama\",\"isPartOf\":{\"@id\":\"https:\/\/aeronoticias.com.pe\/noticiero\/#website\"},\"datePublished\":\"2013-10-20T22:06:41+00:00\",\"author\":{\"@id\":\"https:\/\/aeronoticias.com.pe\/noticiero\/#\/schema\/person\/fc1e5d578f4b62ba1cf7ac2bba1170a0\"},\"description\":\"Portal de noticias del Per\u00fa sobre el transporte a\u00e9reo, aviaci\u00f3n, turismo, hoteleria, actualidad.\",\"breadcrumb\":{\"@id\":\"https:\/\/aeronoticias.com.pe\/noticiero\/salud\/la-batalla-de-tres-senadoras-mexicanas-para-vencer-el-cancer-de-mama\/#breadcrumb\"},\"inLanguage\":\"es\",\"potentialAction\":[{\"@type\":\"ReadAction\",\"target\":[\"https:\/\/aeronoticias.com.pe\/noticiero\/salud\/la-batalla-de-tres-senadoras-mexicanas-para-vencer-el-cancer-de-mama\/\"]}]},{\"@type\":\"BreadcrumbList\",\"@id\":\"https:\/\/aeronoticias.com.pe\/noticiero\/salud\/la-batalla-de-tres-senadoras-mexicanas-para-vencer-el-cancer-de-mama\/#breadcrumb\",\"itemListElement\":[{\"@type\":\"ListItem\",\"position\":1,\"name\":\"Portada\",\"item\":\"https:\/\/aeronoticias.com.pe\/noticiero\/\"},{\"@type\":\"ListItem\",\"position\":2,\"name\":\"La batalla de tres senadoras mexicanas para vencer el c\u00e1ncer de mama\"}]},{\"@type\":\"WebSite\",\"@id\":\"https:\/\/aeronoticias.com.pe\/noticiero\/#website\",\"url\":\"https:\/\/aeronoticias.com.pe\/noticiero\/\",\"name\":\"Aeronoticias.com.pe\",\"description\":\"Noticias de tranporte aereo, turismo, hoteles, gastronomia, actualidad, internacional\",\"potentialAction\":[{\"@type\":\"SearchAction\",\"target\":{\"@type\":\"EntryPoint\",\"urlTemplate\":\"https:\/\/aeronoticias.com.pe\/noticiero\/?s={search_term_string}\"},\"query-input\":{\"@type\":\"PropertyValueSpecification\",\"valueRequired\":true,\"valueName\":\"search_term_string\"}}],\"inLanguage\":\"es\"},{\"@type\":\"Person\",\"@id\":\"https:\/\/aeronoticias.com.pe\/noticiero\/#\/schema\/person\/fc1e5d578f4b62ba1cf7ac2bba1170a0\",\"name\":\"Redacci\u00f3n Aeronoticias\",\"url\":\"https:\/\/aeronoticias.com.pe\/noticiero\/author\/piloto\/\"}]}<\/script>\n<!-- \/ Yoast SEO plugin. -->","yoast_head_json":{"title":"La batalla de tres senadoras mexicanas para vencer el c\u00e1ncer de mama","description":"Portal de noticias del Per\u00fa sobre el transporte a\u00e9reo, aviaci\u00f3n, turismo, hoteleria, actualidad.","robots":{"index":"index","follow":"follow","max-snippet":"max-snippet:-1","max-image-preview":"max-image-preview:large","max-video-preview":"max-video-preview:-1"},"canonical":"https:\/\/aeronoticias.com.pe\/noticiero\/salud\/la-batalla-de-tres-senadoras-mexicanas-para-vencer-el-cancer-de-mama\/","og_locale":"es_ES","og_type":"article","og_title":"La batalla de tres senadoras mexicanas para vencer el c\u00e1ncer de mama","og_description":"Portal de noticias del Per\u00fa sobre el transporte a\u00e9reo, aviaci\u00f3n, turismo, hoteleria, actualidad.","og_url":"https:\/\/aeronoticias.com.pe\/noticiero\/salud\/la-batalla-de-tres-senadoras-mexicanas-para-vencer-el-cancer-de-mama\/","og_site_name":"Aeronoticias.com.pe","article_publisher":"https:\/\/www.facebook.com\/Aeronoticias.com.pe\/","article_published_time":"2013-10-20T22:06:41+00:00","author":"Redacci\u00f3n Aeronoticias","twitter_card":"summary_large_image","twitter_creator":"@aeronoticias","twitter_site":"@aeronoticias","twitter_misc":{"Escrito por":"Redacci\u00f3n Aeronoticias","Tiempo de lectura":"1 minuto"},"schema":{"@context":"https:\/\/schema.org","@graph":[{"@type":"WebPage","@id":"https:\/\/aeronoticias.com.pe\/noticiero\/salud\/la-batalla-de-tres-senadoras-mexicanas-para-vencer-el-cancer-de-mama\/","url":"https:\/\/aeronoticias.com.pe\/noticiero\/salud\/la-batalla-de-tres-senadoras-mexicanas-para-vencer-el-cancer-de-mama\/","name":"La batalla de tres senadoras mexicanas para vencer el c\u00e1ncer de mama","isPartOf":{"@id":"https:\/\/aeronoticias.com.pe\/noticiero\/#website"},"datePublished":"2013-10-20T22:06:41+00:00","author":{"@id":"https:\/\/aeronoticias.com.pe\/noticiero\/#\/schema\/person\/fc1e5d578f4b62ba1cf7ac2bba1170a0"},"description":"Portal de noticias del Per\u00fa sobre el transporte a\u00e9reo, aviaci\u00f3n, turismo, hoteleria, actualidad.","breadcrumb":{"@id":"https:\/\/aeronoticias.com.pe\/noticiero\/salud\/la-batalla-de-tres-senadoras-mexicanas-para-vencer-el-cancer-de-mama\/#breadcrumb"},"inLanguage":"es","potentialAction":[{"@type":"ReadAction","target":["https:\/\/aeronoticias.com.pe\/noticiero\/salud\/la-batalla-de-tres-senadoras-mexicanas-para-vencer-el-cancer-de-mama\/"]}]},{"@type":"BreadcrumbList","@id":"https:\/\/aeronoticias.com.pe\/noticiero\/salud\/la-batalla-de-tres-senadoras-mexicanas-para-vencer-el-cancer-de-mama\/#breadcrumb","itemListElement":[{"@type":"ListItem","position":1,"name":"Portada","item":"https:\/\/aeronoticias.com.pe\/noticiero\/"},{"@type":"ListItem","position":2,"name":"La batalla de tres senadoras mexicanas para vencer el c\u00e1ncer de mama"}]},{"@type":"WebSite","@id":"https:\/\/aeronoticias.com.pe\/noticiero\/#website","url":"https:\/\/aeronoticias.com.pe\/noticiero\/","name":"Aeronoticias.com.pe","description":"Noticias de tranporte aereo, turismo, hoteles, gastronomia, actualidad, internacional","potentialAction":[{"@type":"SearchAction","target":{"@type":"EntryPoint","urlTemplate":"https:\/\/aeronoticias.com.pe\/noticiero\/?s={search_term_string}"},"query-input":{"@type":"PropertyValueSpecification","valueRequired":true,"valueName":"search_term_string"}}],"inLanguage":"es"},{"@type":"Person","@id":"https:\/\/aeronoticias.com.pe\/noticiero\/#\/schema\/person\/fc1e5d578f4b62ba1cf7ac2bba1170a0","name":"Redacci\u00f3n Aeronoticias","url":"https:\/\/aeronoticias.com.pe\/noticiero\/author\/piloto\/"}]}},"_links":{"self":[{"href":"https:\/\/aeronoticias.com.pe\/noticiero\/wp-json\/wp\/v2\/posts\/41163","targetHints":{"allow":["GET"]}}],"collection":[{"href":"https:\/\/aeronoticias.com.pe\/noticiero\/wp-json\/wp\/v2\/posts"}],"about":[{"href":"https:\/\/aeronoticias.com.pe\/noticiero\/wp-json\/wp\/v2\/types\/post"}],"author":[{"embeddable":true,"href":"https:\/\/aeronoticias.com.pe\/noticiero\/wp-json\/wp\/v2\/users\/1"}],"replies":[{"embeddable":true,"href":"https:\/\/aeronoticias.com.pe\/noticiero\/wp-json\/wp\/v2\/comments?post=41163"}],"version-history":[{"count":0,"href":"https:\/\/aeronoticias.com.pe\/noticiero\/wp-json\/wp\/v2\/posts\/41163\/revisions"}],"wp:attachment":[{"href":"https:\/\/aeronoticias.com.pe\/noticiero\/wp-json\/wp\/v2\/media?parent=41163"}],"wp:term":[{"taxonomy":"category","embeddable":true,"href":"https:\/\/aeronoticias.com.pe\/noticiero\/wp-json\/wp\/v2\/categories?post=41163"},{"taxonomy":"post_tag","embeddable":true,"href":"https:\/\/aeronoticias.com.pe\/noticiero\/wp-json\/wp\/v2\/tags?post=41163"}],"curies":[{"name":"wp","href":"https:\/\/api.w.org\/{rel}","templated":true}]}}