{"id":413,"date":"2008-09-04T19:32:00","date_gmt":"2008-09-04T19:32:00","guid":{"rendered":"http:\/\/desarrollo.mcvicious.com\/aero2020\/2008\/09\/04\/cooperacion-suiza-prioriza-apoyo-a-turismo-y-comercio-exterior-peruano\/"},"modified":"2008-09-04T19:32:00","modified_gmt":"2008-09-04T19:32:00","slug":"cooperacion-suiza-prioriza-apoyo-a-turismo-y-comercio-exterior-peruano","status":"publish","type":"post","link":"https:\/\/aeronoticias.com.pe\/noticiero\/ultimas\/1\/cooperacion-suiza-prioriza-apoyo-a-turismo-y-comercio-exterior-peruano\/","title":{"rendered":"COOPERACION SUIZA PRIORIZA APOYO A TURISMO Y COMERCIO EXTERIOR PERUANO"},"content":{"rendered":"<p style=\"font-size: 12px; color: #003a75; font-family: Arial,Helvetica,sans-serif\" align=\"justify\">&nbsp;<\/p>\n<p style=\"font-size: 12px; color: #003a75; font-family: Arial,Helvetica,sans-serif\" align=\"justify\">Para incrementar el empleo en el Per&uacute; y reducir la pobreza e, la Cooperaci&oacute;n Suiza intervino en el desarrollo de actividades de fomento al comercio exterior y el turismo asegur&oacute; el Director Nacional de Comercio Exterior, Luis Torres Paz durante una entrevista en la regi&oacute;n Lambayeque.<\/p>\n<p align=\"justify\">&nbsp;<\/p>\n<p style=\"font-size: 12px; color: #003a75; font-family: Arial,Helvetica,sans-serif\" align=\"justify\">A la fecha la cooperaci&oacute;n Suiza ha invertido 4, 000,000 millones de francos suizos tanto en el desarrollo de diversos productos de comercio exterior como -fr&iacute;jol castilla, lim&oacute;n, mangos, menestras, pimiento, entre otros- as&iacute; como en el fortalecimiento de la institucionalidad de Lambayeque en materia de comercio exterior. Esto &uacute;ltimo pensando en darle sostenibilidad a sus exportaciones, destac&oacute;.&nbsp; <\/p>\n<p class=\"contentpane\" align=\"justify\">&nbsp;<\/p>\n<p style=\"font-size: 12px; color: #003a75; font-family: Arial,Helvetica,sans-serif\" align=\"justify\">&ldquo;El objetivo es obtener recursos de la cooperaci&oacute;n a fin de destinarlos a Lambayeque por ser esta una de las mejores regiones piloto en materia de comercio exterior y turismo&rdquo;, agreg&oacute;.<\/p>\n<p style=\"font-size: 12px; color: #003a75; font-family: Arial,Helvetica,sans-serif\" align=\"justify\">&nbsp;<\/p>\n<p style=\"font-size: 12px; color: #003a75; font-family: Arial,Helvetica,sans-serif\" align=\"center\">&nbsp;<\/p>\n<div style=\"text-align: center\"><img loading=\"lazy\" decoding=\"async\" src=\"http:\/\/aeronoticias.com.pe\/fotonoticias\/setiembre\/luistor4.jpg\" alt=\" \" title=\"El Director Nacional de Comercio Exterior, Luis Torres Paz. (Foto: Mincetur)\" hspace=\"5\" vspace=\"5\" width=\"300\" height=\"400\" \/><\/div>\n<p>&nbsp;<\/p>\n<p align=\"justify\">&nbsp;<\/p>\n<p> <!--more--> <\/p>\n<div align=\"justify\" style=\"font-size: 12px; color: #003a75; font-family: Arial,Helvetica,sans-serif\">\n<p style=\"font-size: 12px; color: #003a75; font-family: Arial,Helvetica,sans-serif\" align=\"center\"><strong>AMPEX, Mincetur y Gobierno Regional <\/strong><\/p>\n<p align=\"justify\">&nbsp;<\/p>\n<p style=\"font-size: 12px; color: #003a75; font-family: Arial,Helvetica,sans-serif\" align=\"justify\">La Asociaci&oacute;n de Exportadores del Norte &#8211; AMPEX, el Gobierno Regional&nbsp; y el Ministerio de Comercio Exterior y Turismo (MIincetur), han venido trabajando de manera conjunta en base a la pol&iacute;tica de descentralizaci&oacute;n y ahora lo que se busca es replicar las buenas pr&aacute;cticas obtenidas tanto en Lambayeque como en Arequipa -regi&oacute;n en la cual tambi&eacute;n la Cooperaci&oacute;n Suiza tiene injerencia- en otras regiones del pa&iacute;s.&nbsp; <\/p>\n<p align=\"justify\">&nbsp;<\/p>\n<p style=\"font-size: 12px; color: #003a75; font-family: Arial,Helvetica,sans-serif\" align=\"justify\">En este sentido, el Director Nacional de Comercio Exterior refiri&oacute; que se requiere consolidar la estrategia regional de exportaciones denominada PERX-Lambayeque, la cual consiste en identificar las oportunidades que tiene la regi&oacute;n en los mercados internacionales y en establecer una agenda de trabajo&rdquo;, mencion&oacute;.&nbsp;<strong>&nbsp;<\/strong><\/p>\n<\/div>\n<div align=\"center\" style=\"font-size: 12px; color: #003a75; font-family: Arial,Helvetica,sans-serif\"><strong>Apoyo t&eacute;cnico-econ&oacute;mico<\/strong><\/div>\n<p>&nbsp;<\/p>\n<div align=\"justify\" style=\"font-size: 12px; color: #003a75; font-family: Arial,Helvetica,sans-serif\">De otro lado, se&ntilde;al&oacute; que dada la escasez de los recursos del sector publico, la Cooperaci&oacute;n Suiza tuvo que intervenir brindando el apoyo t&eacute;cnico-econ&oacute;mico, y escogiendo como pilotos a las regiones Arequipa y Lambayeque, por su interesante tejido institucional en el sector privado, sus aportes acad&eacute;micos y su diversificada cartera de productos que ambas regiones presentaban.<br \/>&nbsp;<br \/>&ldquo;Lambayeque es un buen ejemplo de lo que puede hacer una regi&oacute;n cuando se tiene una agenda com&uacute;n y sus sectores est&aacute;n articulados&rdquo;, destac&oacute;. <\/div>\n<div align=\"center\" style=\"font-size: 12px; color: #003a75; font-family: Arial,Helvetica,sans-serif\"><strong>Institucionalizar el comercio<\/strong><\/div>\n<div align=\"justify\" style=\"font-size: 12px; color: #003a75; font-family: Arial,Helvetica,sans-serif\">Asimismo, mencion&oacute; que es necesario trabajar m&aacute;s en el tema de institucionalizar el comercio y apoyar a la c&aacute;mara de la regi&oacute;n para brindar un mejor soporte en defensa gremial, un mejor soporte en servicios a la parte privada y, a su vez, receptora de fuentes de cooperaci&oacute;n para dar asistencia t&eacute;cnica a los productores.&nbsp;&nbsp;&nbsp;&nbsp; &nbsp;<\/p>\n<p>Finalmente, dijo que habr&aacute; mayor difusi&oacute;n de los productos que ya existen en el mercado de la regi&oacute;n para potenciar la exportaci&oacute;n, as&iacute; como en el uso del SEPYMEX, un seguro de cr&eacute;dito para la peque&ntilde;a y mediana empresa exportadora, en donde el Estado asume el 50% de un cr&eacute;dito de preembarque. <br \/>&nbsp;<br \/>&ldquo;Este producto ha tenido un resultado muy bueno y en los tres a&ntilde;os de funcionamiento ha posibilitado m&aacute;s de US$ 1,400 millones en cr&eacute;ditos para exportaciones; sin embargo aun representa un reto porque de 3,000 empresa s&oacute;lo la han utilizado 400&rdquo;, precis&oacute;.&nbsp;&nbsp; &nbsp;<\/div>\n","protected":false},"excerpt":{"rendered":"<p>&nbsp; Para incrementar el empleo en el Per&uacute; y reducir la pobreza e, la Cooperaci&oacute;n Suiza intervino en el desarrollo de actividades de fomento al comercio exterior y el turismo asegur&oacute; el Director Nacional de Comercio Exterior, Luis Torres Paz durante una entrevista en la regi&oacute;n Lambayeque. &nbsp; A la fecha la cooperaci&oacute;n Suiza ha [&hellip;]<\/p>\n","protected":false},"author":1,"featured_media":0,"comment_status":"open","ping_status":"open","sticky":false,"template":"","format":"standard","meta":{"tdm_status":"","tdm_grid_status":"","footnotes":""},"categories":[30],"tags":[],"class_list":{"0":"post-413","1":"post","2":"type-post","3":"status-publish","4":"format-standard","6":"category-30"},"yoast_head":"<!-- This site is optimized with the Yoast SEO plugin v25.1 - https:\/\/yoast.com\/wordpress\/plugins\/seo\/ -->\n<title>COOPERACION SUIZA PRIORIZA APOYO A TURISMO Y COMERCIO EXTERIOR PERUANO<\/title>\n<meta name=\"description\" content=\"Portal de noticias del Per\u00fa sobre el transporte a\u00e9reo, aviaci\u00f3n, turismo, hoteleria, actualidad.\" \/>\n<meta name=\"robots\" content=\"index, follow, max-snippet:-1, max-image-preview:large, max-video-preview:-1\" \/>\n<link rel=\"canonical\" href=\"https:\/\/aeronoticias.com.pe\/noticiero\/ultimas\/1\/cooperacion-suiza-prioriza-apoyo-a-turismo-y-comercio-exterior-peruano\/\" \/>\n<meta property=\"og:locale\" content=\"es_ES\" \/>\n<meta property=\"og:type\" content=\"article\" \/>\n<meta property=\"og:title\" content=\"COOPERACION SUIZA PRIORIZA APOYO A TURISMO Y COMERCIO EXTERIOR PERUANO\" \/>\n<meta property=\"og:description\" content=\"Portal de noticias del Per\u00fa sobre el transporte a\u00e9reo, aviaci\u00f3n, turismo, hoteleria, actualidad.\" \/>\n<meta property=\"og:url\" content=\"https:\/\/aeronoticias.com.pe\/noticiero\/ultimas\/1\/cooperacion-suiza-prioriza-apoyo-a-turismo-y-comercio-exterior-peruano\/\" \/>\n<meta property=\"og:site_name\" content=\"Aeronoticias.com.pe\" \/>\n<meta property=\"article:publisher\" content=\"https:\/\/www.facebook.com\/Aeronoticias.com.pe\/\" \/>\n<meta property=\"article:published_time\" content=\"2008-09-04T19:32:00+00:00\" \/>\n<meta property=\"og:image\" content=\"http:\/\/aeronoticias.com.pe\/fotonoticias\/setiembre\/luistor4.jpg\" \/>\n<meta name=\"author\" content=\"Redacci\u00f3n Aeronoticias\" \/>\n<meta name=\"twitter:card\" content=\"summary_large_image\" \/>\n<meta name=\"twitter:creator\" content=\"@aeronoticias\" \/>\n<meta name=\"twitter:site\" content=\"@aeronoticias\" \/>\n<meta name=\"twitter:label1\" content=\"Escrito por\" \/>\n\t<meta name=\"twitter:data1\" content=\"Redacci\u00f3n Aeronoticias\" \/>\n\t<meta name=\"twitter:label2\" content=\"Tiempo de lectura\" \/>\n\t<meta name=\"twitter:data2\" content=\"3 minutos\" \/>\n<script type=\"application\/ld+json\" class=\"yoast-schema-graph\">{\"@context\":\"https:\/\/schema.org\",\"@graph\":[{\"@type\":\"WebPage\",\"@id\":\"https:\/\/aeronoticias.com.pe\/noticiero\/ultimas\/1\/cooperacion-suiza-prioriza-apoyo-a-turismo-y-comercio-exterior-peruano\/\",\"url\":\"https:\/\/aeronoticias.com.pe\/noticiero\/ultimas\/1\/cooperacion-suiza-prioriza-apoyo-a-turismo-y-comercio-exterior-peruano\/\",\"name\":\"COOPERACION SUIZA PRIORIZA APOYO A TURISMO Y COMERCIO EXTERIOR PERUANO\",\"isPartOf\":{\"@id\":\"https:\/\/aeronoticias.com.pe\/noticiero\/#website\"},\"primaryImageOfPage\":{\"@id\":\"https:\/\/aeronoticias.com.pe\/noticiero\/ultimas\/1\/cooperacion-suiza-prioriza-apoyo-a-turismo-y-comercio-exterior-peruano\/#primaryimage\"},\"image\":{\"@id\":\"https:\/\/aeronoticias.com.pe\/noticiero\/ultimas\/1\/cooperacion-suiza-prioriza-apoyo-a-turismo-y-comercio-exterior-peruano\/#primaryimage\"},\"thumbnailUrl\":\"http:\/\/aeronoticias.com.pe\/fotonoticias\/setiembre\/luistor4.jpg\",\"datePublished\":\"2008-09-04T19:32:00+00:00\",\"author\":{\"@id\":\"https:\/\/aeronoticias.com.pe\/noticiero\/#\/schema\/person\/fc1e5d578f4b62ba1cf7ac2bba1170a0\"},\"description\":\"Portal de noticias del Per\u00fa sobre el transporte a\u00e9reo, aviaci\u00f3n, turismo, hoteleria, actualidad.\",\"breadcrumb\":{\"@id\":\"https:\/\/aeronoticias.com.pe\/noticiero\/ultimas\/1\/cooperacion-suiza-prioriza-apoyo-a-turismo-y-comercio-exterior-peruano\/#breadcrumb\"},\"inLanguage\":\"es\",\"potentialAction\":[{\"@type\":\"ReadAction\",\"target\":[\"https:\/\/aeronoticias.com.pe\/noticiero\/ultimas\/1\/cooperacion-suiza-prioriza-apoyo-a-turismo-y-comercio-exterior-peruano\/\"]}]},{\"@type\":\"ImageObject\",\"inLanguage\":\"es\",\"@id\":\"https:\/\/aeronoticias.com.pe\/noticiero\/ultimas\/1\/cooperacion-suiza-prioriza-apoyo-a-turismo-y-comercio-exterior-peruano\/#primaryimage\",\"url\":\"http:\/\/aeronoticias.com.pe\/fotonoticias\/setiembre\/luistor4.jpg\",\"contentUrl\":\"http:\/\/aeronoticias.com.pe\/fotonoticias\/setiembre\/luistor4.jpg\"},{\"@type\":\"BreadcrumbList\",\"@id\":\"https:\/\/aeronoticias.com.pe\/noticiero\/ultimas\/1\/cooperacion-suiza-prioriza-apoyo-a-turismo-y-comercio-exterior-peruano\/#breadcrumb\",\"itemListElement\":[{\"@type\":\"ListItem\",\"position\":1,\"name\":\"Portada\",\"item\":\"https:\/\/aeronoticias.com.pe\/noticiero\/\"},{\"@type\":\"ListItem\",\"position\":2,\"name\":\"COOPERACION SUIZA PRIORIZA APOYO A TURISMO Y COMERCIO EXTERIOR PERUANO\"}]},{\"@type\":\"WebSite\",\"@id\":\"https:\/\/aeronoticias.com.pe\/noticiero\/#website\",\"url\":\"https:\/\/aeronoticias.com.pe\/noticiero\/\",\"name\":\"Aeronoticias.com.pe\",\"description\":\"Noticias de tranporte aereo, turismo, hoteles, gastronomia, actualidad, internacional\",\"potentialAction\":[{\"@type\":\"SearchAction\",\"target\":{\"@type\":\"EntryPoint\",\"urlTemplate\":\"https:\/\/aeronoticias.com.pe\/noticiero\/?s={search_term_string}\"},\"query-input\":{\"@type\":\"PropertyValueSpecification\",\"valueRequired\":true,\"valueName\":\"search_term_string\"}}],\"inLanguage\":\"es\"},{\"@type\":\"Person\",\"@id\":\"https:\/\/aeronoticias.com.pe\/noticiero\/#\/schema\/person\/fc1e5d578f4b62ba1cf7ac2bba1170a0\",\"name\":\"Redacci\u00f3n Aeronoticias\",\"url\":\"https:\/\/aeronoticias.com.pe\/noticiero\/author\/piloto\/\"}]}<\/script>\n<!-- \/ Yoast SEO plugin. -->","yoast_head_json":{"title":"COOPERACION SUIZA PRIORIZA APOYO A TURISMO Y COMERCIO EXTERIOR PERUANO","description":"Portal de noticias del Per\u00fa sobre el transporte a\u00e9reo, aviaci\u00f3n, turismo, hoteleria, actualidad.","robots":{"index":"index","follow":"follow","max-snippet":"max-snippet:-1","max-image-preview":"max-image-preview:large","max-video-preview":"max-video-preview:-1"},"canonical":"https:\/\/aeronoticias.com.pe\/noticiero\/ultimas\/1\/cooperacion-suiza-prioriza-apoyo-a-turismo-y-comercio-exterior-peruano\/","og_locale":"es_ES","og_type":"article","og_title":"COOPERACION SUIZA PRIORIZA APOYO A TURISMO Y COMERCIO EXTERIOR PERUANO","og_description":"Portal de noticias del Per\u00fa sobre el transporte a\u00e9reo, aviaci\u00f3n, turismo, hoteleria, actualidad.","og_url":"https:\/\/aeronoticias.com.pe\/noticiero\/ultimas\/1\/cooperacion-suiza-prioriza-apoyo-a-turismo-y-comercio-exterior-peruano\/","og_site_name":"Aeronoticias.com.pe","article_publisher":"https:\/\/www.facebook.com\/Aeronoticias.com.pe\/","article_published_time":"2008-09-04T19:32:00+00:00","og_image":[{"url":"http:\/\/aeronoticias.com.pe\/fotonoticias\/setiembre\/luistor4.jpg","type":"","width":"","height":""}],"author":"Redacci\u00f3n Aeronoticias","twitter_card":"summary_large_image","twitter_creator":"@aeronoticias","twitter_site":"@aeronoticias","twitter_misc":{"Escrito por":"Redacci\u00f3n Aeronoticias","Tiempo de lectura":"3 minutos"},"schema":{"@context":"https:\/\/schema.org","@graph":[{"@type":"WebPage","@id":"https:\/\/aeronoticias.com.pe\/noticiero\/ultimas\/1\/cooperacion-suiza-prioriza-apoyo-a-turismo-y-comercio-exterior-peruano\/","url":"https:\/\/aeronoticias.com.pe\/noticiero\/ultimas\/1\/cooperacion-suiza-prioriza-apoyo-a-turismo-y-comercio-exterior-peruano\/","name":"COOPERACION SUIZA PRIORIZA APOYO A TURISMO Y COMERCIO EXTERIOR PERUANO","isPartOf":{"@id":"https:\/\/aeronoticias.com.pe\/noticiero\/#website"},"primaryImageOfPage":{"@id":"https:\/\/aeronoticias.com.pe\/noticiero\/ultimas\/1\/cooperacion-suiza-prioriza-apoyo-a-turismo-y-comercio-exterior-peruano\/#primaryimage"},"image":{"@id":"https:\/\/aeronoticias.com.pe\/noticiero\/ultimas\/1\/cooperacion-suiza-prioriza-apoyo-a-turismo-y-comercio-exterior-peruano\/#primaryimage"},"thumbnailUrl":"http:\/\/aeronoticias.com.pe\/fotonoticias\/setiembre\/luistor4.jpg","datePublished":"2008-09-04T19:32:00+00:00","author":{"@id":"https:\/\/aeronoticias.com.pe\/noticiero\/#\/schema\/person\/fc1e5d578f4b62ba1cf7ac2bba1170a0"},"description":"Portal de noticias del Per\u00fa sobre el transporte a\u00e9reo, aviaci\u00f3n, turismo, hoteleria, actualidad.","breadcrumb":{"@id":"https:\/\/aeronoticias.com.pe\/noticiero\/ultimas\/1\/cooperacion-suiza-prioriza-apoyo-a-turismo-y-comercio-exterior-peruano\/#breadcrumb"},"inLanguage":"es","potentialAction":[{"@type":"ReadAction","target":["https:\/\/aeronoticias.com.pe\/noticiero\/ultimas\/1\/cooperacion-suiza-prioriza-apoyo-a-turismo-y-comercio-exterior-peruano\/"]}]},{"@type":"ImageObject","inLanguage":"es","@id":"https:\/\/aeronoticias.com.pe\/noticiero\/ultimas\/1\/cooperacion-suiza-prioriza-apoyo-a-turismo-y-comercio-exterior-peruano\/#primaryimage","url":"http:\/\/aeronoticias.com.pe\/fotonoticias\/setiembre\/luistor4.jpg","contentUrl":"http:\/\/aeronoticias.com.pe\/fotonoticias\/setiembre\/luistor4.jpg"},{"@type":"BreadcrumbList","@id":"https:\/\/aeronoticias.com.pe\/noticiero\/ultimas\/1\/cooperacion-suiza-prioriza-apoyo-a-turismo-y-comercio-exterior-peruano\/#breadcrumb","itemListElement":[{"@type":"ListItem","position":1,"name":"Portada","item":"https:\/\/aeronoticias.com.pe\/noticiero\/"},{"@type":"ListItem","position":2,"name":"COOPERACION SUIZA PRIORIZA APOYO A TURISMO Y COMERCIO EXTERIOR PERUANO"}]},{"@type":"WebSite","@id":"https:\/\/aeronoticias.com.pe\/noticiero\/#website","url":"https:\/\/aeronoticias.com.pe\/noticiero\/","name":"Aeronoticias.com.pe","description":"Noticias de tranporte aereo, turismo, hoteles, gastronomia, actualidad, internacional","potentialAction":[{"@type":"SearchAction","target":{"@type":"EntryPoint","urlTemplate":"https:\/\/aeronoticias.com.pe\/noticiero\/?s={search_term_string}"},"query-input":{"@type":"PropertyValueSpecification","valueRequired":true,"valueName":"search_term_string"}}],"inLanguage":"es"},{"@type":"Person","@id":"https:\/\/aeronoticias.com.pe\/noticiero\/#\/schema\/person\/fc1e5d578f4b62ba1cf7ac2bba1170a0","name":"Redacci\u00f3n Aeronoticias","url":"https:\/\/aeronoticias.com.pe\/noticiero\/author\/piloto\/"}]}},"_links":{"self":[{"href":"https:\/\/aeronoticias.com.pe\/noticiero\/wp-json\/wp\/v2\/posts\/413","targetHints":{"allow":["GET"]}}],"collection":[{"href":"https:\/\/aeronoticias.com.pe\/noticiero\/wp-json\/wp\/v2\/posts"}],"about":[{"href":"https:\/\/aeronoticias.com.pe\/noticiero\/wp-json\/wp\/v2\/types\/post"}],"author":[{"embeddable":true,"href":"https:\/\/aeronoticias.com.pe\/noticiero\/wp-json\/wp\/v2\/users\/1"}],"replies":[{"embeddable":true,"href":"https:\/\/aeronoticias.com.pe\/noticiero\/wp-json\/wp\/v2\/comments?post=413"}],"version-history":[{"count":0,"href":"https:\/\/aeronoticias.com.pe\/noticiero\/wp-json\/wp\/v2\/posts\/413\/revisions"}],"wp:attachment":[{"href":"https:\/\/aeronoticias.com.pe\/noticiero\/wp-json\/wp\/v2\/media?parent=413"}],"wp:term":[{"taxonomy":"category","embeddable":true,"href":"https:\/\/aeronoticias.com.pe\/noticiero\/wp-json\/wp\/v2\/categories?post=413"},{"taxonomy":"post_tag","embeddable":true,"href":"https:\/\/aeronoticias.com.pe\/noticiero\/wp-json\/wp\/v2\/tags?post=413"}],"curies":[{"name":"wp","href":"https:\/\/api.w.org\/{rel}","templated":true}]}}