{"id":414,"date":"2008-09-04T19:55:15","date_gmt":"2008-09-04T19:55:15","guid":{"rendered":"http:\/\/desarrollo.mcvicious.com\/aero2020\/2008\/09\/04\/hanna-podria-convertirse-en-ciclon-y-ike-ya-es-huracan\/"},"modified":"2008-09-04T19:55:15","modified_gmt":"2008-09-04T19:55:15","slug":"hanna-podria-convertirse-en-ciclon-y-ike-ya-es-huracan","status":"publish","type":"post","link":"https:\/\/aeronoticias.com.pe\/noticiero\/ultimas\/1\/hanna-podria-convertirse-en-ciclon-y-ike-ya-es-huracan\/","title":{"rendered":"&#8216;HANNA&#8217; PODRIA CONVERTIRSE EN CICLON Y &#8216;IKE&#8217; YA ES HURACAN"},"content":{"rendered":"<p style=\"font-size: 12px; color: #003a75; font-family: Arial,Helvetica,sans-serif\" align=\"justify\">&nbsp;<\/p>\n<p style=\"font-size: 12px; color: #003a75; font-family: Arial,Helvetica,sans-serif\" align=\"justify\">La tormenta tropical Hanna contin&uacute;a su avance por las Bahamas y podr&iacute;a convertirse en cicl&oacute;n en las pr&oacute;ximas horas, antes de llegar a la costa sudeste de EE UU, mientras el Ike mantiene en el Atl&aacute;ntico todo su potencial catastr&oacute;fico como hurac&aacute;n de categor&iacute;a cuatro.<\/p>\n<p style=\"font-size: 12px; color: #003a75; font-family: Arial,Helvetica,sans-serif\" align=\"justify\">El Centro Nacional de Huracanes (CNH) de Estados Unidos, con sede en Miami, indic&oacute; que la Hanna ha experimentado un ligero aumento de su velocidad de traslaci&oacute;n, al alcanzar los 22 kil&oacute;metros por hora en su desplazamiento hacia el noroeste.<\/p>\n<p style=\"font-size: 12px; color: #003a75; font-family: Arial,Helvetica,sans-serif\" align=\"justify\">&nbsp;<\/p>\n<p style=\"font-size: 12px; color: #003a75; font-family: Arial,Helvetica,sans-serif\" align=\"center\"><img loading=\"lazy\" decoding=\"async\" src=\"http:\/\/aeronoticias.com.pe\/fotonoticias\/setiembre\/huracan4sep.JPG\" alt=\" \" title=\"&#39;Hanna&#39; podr&iacute;a convertirse en cicl&oacute;n y &#39;Ike&#39; ya es hurac&aacute;n. (Foto: Internet)\" hspace=\"5\" vspace=\"5\" width=\"400\" height=\"270\" \/><\/p>\n<p>&nbsp;<\/p>\n<p> <!--more--> <\/p>\n<p style=\"font-size: 12px; color: #003a75; font-family: Arial,Helvetica,sans-serif\" align=\"center\"><strong>Noventa muertos en Hait&iacute; <\/strong><\/p>\n<p style=\"font-size: 12px; color: #003a75; font-family: Arial,Helvetica,sans-serif\" align=\"justify\">&nbsp;<\/p>\n<p style=\"font-size: 12px; color: #003a75; font-family: Arial,Helvetica,sans-serif\" align=\"justify\">Hanna ha causado al menos noventa muertos en Hait&iacute; debido a las inundaciones provocadas por esa tormenta, seg&uacute;n informaron las autoridades haitianas. <\/p>\n<p style=\"font-size: 12px; color: #003a75; font-family: Arial,Helvetica,sans-serif\" align=\"justify\">&nbsp;<\/p>\n<p style=\"font-size: 12px; color: #003a75; font-family: Arial,Helvetica,sans-serif\" align=\"justify\">Las v&iacute;ctimas se registraron en su mayor&iacute;a en los departamentos de Artibonite, en el norte del pa&iacute;s, en la sure&ntilde;a localidad de Nippes, y en el oeste haitiano.<\/p>\n<p style=\"font-size: 12px; color: #003a75; font-family: Arial,Helvetica,sans-serif\" align=\"justify\">&nbsp;<\/p>\n<p style=\"font-size: 12px; color: #003a75; font-family: Arial,Helvetica,sans-serif\" align=\"justify\">Los expertos esperan que el sistema gire hacia el norte en la tarde de este viernes, y que su centro pase por el este de la zona central y noroeste de las Bahamas, informaron los medios de prensa. <\/p>\n<p style=\"font-size: 12px; color: #003a75; font-family: Arial,Helvetica,sans-serif\" align=\"justify\">&nbsp;<\/p>\n<p style=\"font-size: 12px; color: #003a75; font-family: Arial,Helvetica,sans-serif\" align=\"justify\">M&aacute;s tarde, seg&uacute;n un probable patr&oacute;n de trayectoria, el centro de Hanna golpear&iacute;a probablemente en alg&uacute;n punto entre Carolina del Norte y Carolina del Sur, en Estados Unidos, pero &quot;es pronto para decir en qu&eacute; estado lo har&aacute;&quot;, dijo John Cangialosi, meteor&oacute;logo del CNH.<\/p>\n<p align=\"center\">&nbsp;<\/p>\n<p align=\"center\"><strong style=\"font-size: 12px; color: #003a75; font-family: Arial,Helvetica,sans-serif\">&#39;Ike&#39; de categor&iacute;a cuatro<\/strong><\/p>\n<p>&nbsp;<\/p>\n<p style=\"font-size: 12px; color: #003a75; font-family: Arial,Helvetica,sans-serif\" align=\"justify\">Por su parte, el Ike, un poderoso hurac&aacute;n de categor&iacute;a cuatro en la escala Saffir-Simpson, ha perdido algo de intensidad al bajar la velocidad de sus vientos de 230 a 220 kil&oacute;metros por hora. <\/p>\n<p align=\"justify\">&nbsp;<\/p>\n<p style=\"font-size: 12px; color: #003a75; font-family: Arial,Helvetica,sans-serif\" align=\"justify\">El CNH indic&oacute; que el Ike contin&uacute;a su ruta por aguas abiertas del centro del Atl&aacute;ntico y que es &quot;demasiado pronto para determinar qu&eacute; territorios se ver&aacute;n eventualmente afectados&quot; por el cicl&oacute;n, aunque los residentes en el estado de Florida deben &quot;vigilar&quot; su trayectoria. <\/p>\n<p align=\"justify\">&nbsp;<\/p>\n<p style=\"font-size: 12px; color: #003a75; font-family: Arial,Helvetica,sans-serif\" align=\"justify\">De momento, se espera que este fin de semana se acerque a la Rep&uacute;blica Dominicana.Mientras tanto, la tormenta tropical Josephine se ha debilitado ligeramente y tiene vientos m&aacute;ximos sostenidos de 85 kil&oacute;metros por hora. La Josephine se halla al oeste de las islas de Cabo Verde, en el continente africano.<\/p>\n<p>&nbsp;<\/p>\n<p align=\"center\"><strong style=\"font-size: 12px; color: #003a75; font-family: Arial,Helvetica,sans-serif\">Ayuda de EE UU a Cuba<\/strong><\/p>\n<p>&nbsp;<\/p>\n<p style=\"font-size: 12px; color: #003a75; font-family: Arial,Helvetica,sans-serif\" align=\"justify\">Por otro lado, el Gobierno de Estados Unidos ha anunciado que est&aacute; dispuesto a permitir el env&iacute;o de ayuda humanitaria a los damnificados por el hurac&aacute;n Gustav en Cuba, pero s&oacute;lo a trav&eacute;s de organizaciones no gubernamentales.<\/p>\n<p align=\"justify\">&nbsp;<\/p>\n<div align=\"justify\" style=\"font-size: 12px; color: #003a75; font-family: Arial,Helvetica,sans-serif\">&quot;Tambi&eacute;n ofrecimos enviar un equipo de evaluaci&oacute;n a Cuba para ayudar a determinar el nivel de necesidades humanitarias&quot;, agreg&oacute; una portavoz, quien no pudo precisar cu&aacute;ndo fue la &uacute;ltima vez que EE. UU. expres&oacute; solidaridad con los damnificados de desastres naturales en la isla.<\/div>\n<p>&nbsp;<\/p>\n","protected":false},"excerpt":{"rendered":"<p>&nbsp; La tormenta tropical Hanna contin&uacute;a su avance por las Bahamas y podr&iacute;a convertirse en cicl&oacute;n en las pr&oacute;ximas horas, antes de llegar a la costa sudeste de EE UU, mientras el Ike mantiene en el Atl&aacute;ntico todo su potencial catastr&oacute;fico como hurac&aacute;n de categor&iacute;a cuatro. El Centro Nacional de Huracanes (CNH) de Estados Unidos, [&hellip;]<\/p>\n","protected":false},"author":1,"featured_media":0,"comment_status":"open","ping_status":"open","sticky":false,"template":"","format":"standard","meta":{"tdm_status":"","tdm_grid_status":"","footnotes":""},"categories":[30],"tags":[],"class_list":{"0":"post-414","1":"post","2":"type-post","3":"status-publish","4":"format-standard","6":"category-30"},"yoast_head":"<!-- This site is optimized with the Yoast SEO plugin v25.1 - https:\/\/yoast.com\/wordpress\/plugins\/seo\/ -->\n<title>&#039;HANNA&#039; PODRIA CONVERTIRSE EN CICLON Y &#039;IKE&#039; YA ES HURACAN<\/title>\n<meta name=\"description\" content=\"Portal de noticias del Per\u00fa sobre el transporte a\u00e9reo, aviaci\u00f3n, turismo, hoteleria, actualidad.\" \/>\n<meta name=\"robots\" content=\"index, follow, max-snippet:-1, max-image-preview:large, max-video-preview:-1\" \/>\n<link rel=\"canonical\" href=\"https:\/\/aeronoticias.com.pe\/noticiero\/ultimas\/1\/hanna-podria-convertirse-en-ciclon-y-ike-ya-es-huracan\/\" \/>\n<meta property=\"og:locale\" content=\"es_ES\" \/>\n<meta property=\"og:type\" content=\"article\" \/>\n<meta property=\"og:title\" content=\"&#039;HANNA&#039; PODRIA CONVERTIRSE EN CICLON Y &#039;IKE&#039; YA ES HURACAN\" \/>\n<meta property=\"og:description\" content=\"Portal de noticias del Per\u00fa sobre el transporte a\u00e9reo, aviaci\u00f3n, turismo, hoteleria, actualidad.\" \/>\n<meta property=\"og:url\" content=\"https:\/\/aeronoticias.com.pe\/noticiero\/ultimas\/1\/hanna-podria-convertirse-en-ciclon-y-ike-ya-es-huracan\/\" \/>\n<meta property=\"og:site_name\" content=\"Aeronoticias.com.pe\" \/>\n<meta property=\"article:publisher\" content=\"https:\/\/www.facebook.com\/Aeronoticias.com.pe\/\" \/>\n<meta property=\"article:published_time\" content=\"2008-09-04T19:55:15+00:00\" \/>\n<meta property=\"og:image\" content=\"http:\/\/aeronoticias.com.pe\/fotonoticias\/setiembre\/huracan4sep.JPG\" \/>\n<meta name=\"author\" content=\"Redacci\u00f3n Aeronoticias\" \/>\n<meta name=\"twitter:card\" content=\"summary_large_image\" \/>\n<meta name=\"twitter:creator\" content=\"@aeronoticias\" \/>\n<meta name=\"twitter:site\" content=\"@aeronoticias\" \/>\n<meta name=\"twitter:label1\" content=\"Escrito por\" \/>\n\t<meta name=\"twitter:data1\" content=\"Redacci\u00f3n Aeronoticias\" \/>\n\t<meta name=\"twitter:label2\" content=\"Tiempo de lectura\" \/>\n\t<meta name=\"twitter:data2\" content=\"3 minutos\" \/>\n<script type=\"application\/ld+json\" class=\"yoast-schema-graph\">{\"@context\":\"https:\/\/schema.org\",\"@graph\":[{\"@type\":\"WebPage\",\"@id\":\"https:\/\/aeronoticias.com.pe\/noticiero\/ultimas\/1\/hanna-podria-convertirse-en-ciclon-y-ike-ya-es-huracan\/\",\"url\":\"https:\/\/aeronoticias.com.pe\/noticiero\/ultimas\/1\/hanna-podria-convertirse-en-ciclon-y-ike-ya-es-huracan\/\",\"name\":\"'HANNA' PODRIA CONVERTIRSE EN CICLON Y 'IKE' YA ES HURACAN\",\"isPartOf\":{\"@id\":\"https:\/\/aeronoticias.com.pe\/noticiero\/#website\"},\"primaryImageOfPage\":{\"@id\":\"https:\/\/aeronoticias.com.pe\/noticiero\/ultimas\/1\/hanna-podria-convertirse-en-ciclon-y-ike-ya-es-huracan\/#primaryimage\"},\"image\":{\"@id\":\"https:\/\/aeronoticias.com.pe\/noticiero\/ultimas\/1\/hanna-podria-convertirse-en-ciclon-y-ike-ya-es-huracan\/#primaryimage\"},\"thumbnailUrl\":\"http:\/\/aeronoticias.com.pe\/fotonoticias\/setiembre\/huracan4sep.JPG\",\"datePublished\":\"2008-09-04T19:55:15+00:00\",\"author\":{\"@id\":\"https:\/\/aeronoticias.com.pe\/noticiero\/#\/schema\/person\/fc1e5d578f4b62ba1cf7ac2bba1170a0\"},\"description\":\"Portal de noticias del Per\u00fa sobre el transporte a\u00e9reo, aviaci\u00f3n, turismo, hoteleria, actualidad.\",\"breadcrumb\":{\"@id\":\"https:\/\/aeronoticias.com.pe\/noticiero\/ultimas\/1\/hanna-podria-convertirse-en-ciclon-y-ike-ya-es-huracan\/#breadcrumb\"},\"inLanguage\":\"es\",\"potentialAction\":[{\"@type\":\"ReadAction\",\"target\":[\"https:\/\/aeronoticias.com.pe\/noticiero\/ultimas\/1\/hanna-podria-convertirse-en-ciclon-y-ike-ya-es-huracan\/\"]}]},{\"@type\":\"ImageObject\",\"inLanguage\":\"es\",\"@id\":\"https:\/\/aeronoticias.com.pe\/noticiero\/ultimas\/1\/hanna-podria-convertirse-en-ciclon-y-ike-ya-es-huracan\/#primaryimage\",\"url\":\"http:\/\/aeronoticias.com.pe\/fotonoticias\/setiembre\/huracan4sep.JPG\",\"contentUrl\":\"http:\/\/aeronoticias.com.pe\/fotonoticias\/setiembre\/huracan4sep.JPG\"},{\"@type\":\"BreadcrumbList\",\"@id\":\"https:\/\/aeronoticias.com.pe\/noticiero\/ultimas\/1\/hanna-podria-convertirse-en-ciclon-y-ike-ya-es-huracan\/#breadcrumb\",\"itemListElement\":[{\"@type\":\"ListItem\",\"position\":1,\"name\":\"Portada\",\"item\":\"https:\/\/aeronoticias.com.pe\/noticiero\/\"},{\"@type\":\"ListItem\",\"position\":2,\"name\":\"&#8216;HANNA&#8217; PODRIA CONVERTIRSE EN CICLON Y &#8216;IKE&#8217; YA ES HURACAN\"}]},{\"@type\":\"WebSite\",\"@id\":\"https:\/\/aeronoticias.com.pe\/noticiero\/#website\",\"url\":\"https:\/\/aeronoticias.com.pe\/noticiero\/\",\"name\":\"Aeronoticias.com.pe\",\"description\":\"Noticias de tranporte aereo, turismo, hoteles, gastronomia, actualidad, internacional\",\"potentialAction\":[{\"@type\":\"SearchAction\",\"target\":{\"@type\":\"EntryPoint\",\"urlTemplate\":\"https:\/\/aeronoticias.com.pe\/noticiero\/?s={search_term_string}\"},\"query-input\":{\"@type\":\"PropertyValueSpecification\",\"valueRequired\":true,\"valueName\":\"search_term_string\"}}],\"inLanguage\":\"es\"},{\"@type\":\"Person\",\"@id\":\"https:\/\/aeronoticias.com.pe\/noticiero\/#\/schema\/person\/fc1e5d578f4b62ba1cf7ac2bba1170a0\",\"name\":\"Redacci\u00f3n Aeronoticias\",\"url\":\"https:\/\/aeronoticias.com.pe\/noticiero\/author\/piloto\/\"}]}<\/script>\n<!-- \/ Yoast SEO plugin. -->","yoast_head_json":{"title":"'HANNA' PODRIA CONVERTIRSE EN CICLON Y 'IKE' YA ES HURACAN","description":"Portal de noticias del Per\u00fa sobre el transporte a\u00e9reo, aviaci\u00f3n, turismo, hoteleria, actualidad.","robots":{"index":"index","follow":"follow","max-snippet":"max-snippet:-1","max-image-preview":"max-image-preview:large","max-video-preview":"max-video-preview:-1"},"canonical":"https:\/\/aeronoticias.com.pe\/noticiero\/ultimas\/1\/hanna-podria-convertirse-en-ciclon-y-ike-ya-es-huracan\/","og_locale":"es_ES","og_type":"article","og_title":"'HANNA' PODRIA CONVERTIRSE EN CICLON Y 'IKE' YA ES HURACAN","og_description":"Portal de noticias del Per\u00fa sobre el transporte a\u00e9reo, aviaci\u00f3n, turismo, hoteleria, actualidad.","og_url":"https:\/\/aeronoticias.com.pe\/noticiero\/ultimas\/1\/hanna-podria-convertirse-en-ciclon-y-ike-ya-es-huracan\/","og_site_name":"Aeronoticias.com.pe","article_publisher":"https:\/\/www.facebook.com\/Aeronoticias.com.pe\/","article_published_time":"2008-09-04T19:55:15+00:00","og_image":[{"url":"http:\/\/aeronoticias.com.pe\/fotonoticias\/setiembre\/huracan4sep.JPG","type":"","width":"","height":""}],"author":"Redacci\u00f3n Aeronoticias","twitter_card":"summary_large_image","twitter_creator":"@aeronoticias","twitter_site":"@aeronoticias","twitter_misc":{"Escrito por":"Redacci\u00f3n Aeronoticias","Tiempo de lectura":"3 minutos"},"schema":{"@context":"https:\/\/schema.org","@graph":[{"@type":"WebPage","@id":"https:\/\/aeronoticias.com.pe\/noticiero\/ultimas\/1\/hanna-podria-convertirse-en-ciclon-y-ike-ya-es-huracan\/","url":"https:\/\/aeronoticias.com.pe\/noticiero\/ultimas\/1\/hanna-podria-convertirse-en-ciclon-y-ike-ya-es-huracan\/","name":"'HANNA' PODRIA CONVERTIRSE EN CICLON Y 'IKE' YA ES HURACAN","isPartOf":{"@id":"https:\/\/aeronoticias.com.pe\/noticiero\/#website"},"primaryImageOfPage":{"@id":"https:\/\/aeronoticias.com.pe\/noticiero\/ultimas\/1\/hanna-podria-convertirse-en-ciclon-y-ike-ya-es-huracan\/#primaryimage"},"image":{"@id":"https:\/\/aeronoticias.com.pe\/noticiero\/ultimas\/1\/hanna-podria-convertirse-en-ciclon-y-ike-ya-es-huracan\/#primaryimage"},"thumbnailUrl":"http:\/\/aeronoticias.com.pe\/fotonoticias\/setiembre\/huracan4sep.JPG","datePublished":"2008-09-04T19:55:15+00:00","author":{"@id":"https:\/\/aeronoticias.com.pe\/noticiero\/#\/schema\/person\/fc1e5d578f4b62ba1cf7ac2bba1170a0"},"description":"Portal de noticias del Per\u00fa sobre el transporte a\u00e9reo, aviaci\u00f3n, turismo, hoteleria, actualidad.","breadcrumb":{"@id":"https:\/\/aeronoticias.com.pe\/noticiero\/ultimas\/1\/hanna-podria-convertirse-en-ciclon-y-ike-ya-es-huracan\/#breadcrumb"},"inLanguage":"es","potentialAction":[{"@type":"ReadAction","target":["https:\/\/aeronoticias.com.pe\/noticiero\/ultimas\/1\/hanna-podria-convertirse-en-ciclon-y-ike-ya-es-huracan\/"]}]},{"@type":"ImageObject","inLanguage":"es","@id":"https:\/\/aeronoticias.com.pe\/noticiero\/ultimas\/1\/hanna-podria-convertirse-en-ciclon-y-ike-ya-es-huracan\/#primaryimage","url":"http:\/\/aeronoticias.com.pe\/fotonoticias\/setiembre\/huracan4sep.JPG","contentUrl":"http:\/\/aeronoticias.com.pe\/fotonoticias\/setiembre\/huracan4sep.JPG"},{"@type":"BreadcrumbList","@id":"https:\/\/aeronoticias.com.pe\/noticiero\/ultimas\/1\/hanna-podria-convertirse-en-ciclon-y-ike-ya-es-huracan\/#breadcrumb","itemListElement":[{"@type":"ListItem","position":1,"name":"Portada","item":"https:\/\/aeronoticias.com.pe\/noticiero\/"},{"@type":"ListItem","position":2,"name":"&#8216;HANNA&#8217; PODRIA CONVERTIRSE EN CICLON Y &#8216;IKE&#8217; YA ES HURACAN"}]},{"@type":"WebSite","@id":"https:\/\/aeronoticias.com.pe\/noticiero\/#website","url":"https:\/\/aeronoticias.com.pe\/noticiero\/","name":"Aeronoticias.com.pe","description":"Noticias de tranporte aereo, turismo, hoteles, gastronomia, actualidad, internacional","potentialAction":[{"@type":"SearchAction","target":{"@type":"EntryPoint","urlTemplate":"https:\/\/aeronoticias.com.pe\/noticiero\/?s={search_term_string}"},"query-input":{"@type":"PropertyValueSpecification","valueRequired":true,"valueName":"search_term_string"}}],"inLanguage":"es"},{"@type":"Person","@id":"https:\/\/aeronoticias.com.pe\/noticiero\/#\/schema\/person\/fc1e5d578f4b62ba1cf7ac2bba1170a0","name":"Redacci\u00f3n Aeronoticias","url":"https:\/\/aeronoticias.com.pe\/noticiero\/author\/piloto\/"}]}},"_links":{"self":[{"href":"https:\/\/aeronoticias.com.pe\/noticiero\/wp-json\/wp\/v2\/posts\/414","targetHints":{"allow":["GET"]}}],"collection":[{"href":"https:\/\/aeronoticias.com.pe\/noticiero\/wp-json\/wp\/v2\/posts"}],"about":[{"href":"https:\/\/aeronoticias.com.pe\/noticiero\/wp-json\/wp\/v2\/types\/post"}],"author":[{"embeddable":true,"href":"https:\/\/aeronoticias.com.pe\/noticiero\/wp-json\/wp\/v2\/users\/1"}],"replies":[{"embeddable":true,"href":"https:\/\/aeronoticias.com.pe\/noticiero\/wp-json\/wp\/v2\/comments?post=414"}],"version-history":[{"count":0,"href":"https:\/\/aeronoticias.com.pe\/noticiero\/wp-json\/wp\/v2\/posts\/414\/revisions"}],"wp:attachment":[{"href":"https:\/\/aeronoticias.com.pe\/noticiero\/wp-json\/wp\/v2\/media?parent=414"}],"wp:term":[{"taxonomy":"category","embeddable":true,"href":"https:\/\/aeronoticias.com.pe\/noticiero\/wp-json\/wp\/v2\/categories?post=414"},{"taxonomy":"post_tag","embeddable":true,"href":"https:\/\/aeronoticias.com.pe\/noticiero\/wp-json\/wp\/v2\/tags?post=414"}],"curies":[{"name":"wp","href":"https:\/\/api.w.org\/{rel}","templated":true}]}}