{"id":415,"date":"2008-09-04T21:05:16","date_gmt":"2008-09-04T21:05:16","guid":{"rendered":"http:\/\/desarrollo.mcvicious.com\/aero2020\/2008\/09\/04\/alta-118-crecio-trafico-aereo-intra-latinoamericano\/"},"modified":"2008-09-04T21:05:16","modified_gmt":"2008-09-04T21:05:16","slug":"alta-118-crecio-trafico-aereo-intra-latinoamericano","status":"publish","type":"post","link":"https:\/\/aeronoticias.com.pe\/noticiero\/transporte-aereo\/internacional\/alta-118-crecio-trafico-aereo-intra-latinoamericano\/","title":{"rendered":"ALTA: 11,8% CRECIO TRAFICO AEREO INTRA-LATINOAMERICANO"},"content":{"rendered":"<p style=\"font-size: 12px; color: #003a75; font-family: Arial, Helvetica, sans-serif\" align=\"justify\">La Asociaci&oacute;n Latinoamericana de Transporte A&eacute;reo &ndash;ALTA- inform&oacute; que el tr&aacute;fico intra-latinoamericano mantuvo un crecimiento sostenido, con un incremento de los RPKs (cantidad de asientos vendidos)&nbsp;&nbsp; del 9,6% en julio pasado comparado con el a&ntilde;o 2007. Asimismo detall&oacute; que el aumento acumulado de RPKs alcanz&oacute; 11,8% durante los primeros siete meses de 2008, con un crecimiento de la capacidad del 10,6%.<\/p>\n<p><\/p>\n<div style=\"text-align: center\"><\/div>\n<div align=\"center\">&nbsp;<img loading=\"lazy\" decoding=\"async\" src=\"http:\/\/aeronoticias.com.pe\/fotonoticias\/setiembre\/alta2set4.JPG\" alt=\" \" title=\"Tr&aacute;fico de pasajeros.\" hspace=\"5\" vspace=\"5\" width=\"400\" height=\"200\" \/><\/div>\n<div align=\"justify\">El tr&aacute;fico (medido en RPKs) y capacidad se incrementaron un 9,6% y 10,1% respectivamente.<\/p>\n<\/div>\n<p>El factor de ocupaci&oacute;n alcanz&oacute; el 75,7%, 0,4 puntos porcentuales menos que durante julio de 2007.&nbsp; <!--more--> <\/p>\n<p align=\"center\">&nbsp;<\/p>\n<p align=\"center\"><img loading=\"lazy\" decoding=\"async\" src=\"http:\/\/aeronoticias.com.pe\/fotonoticias\/setiembre\/alta3set4.JPG\" alt=\" \" title=\"Variaciones en el tr&aacute;fico por regi&oacute;n.\" hspace=\"5\" vspace=\"5\" width=\"400\" height=\"163\" \/> <\/p>\n<p align=\"center\"><strong>Acumulado de pasajeros transportados <\/strong><\/p>\n<p>La cantidad de pasajeros transportados acumulada a julio (enero-julio 2008) se increment&oacute; un 7,3% contra el mismo per&iacute;odo del a&ntilde;o anterior, alcanzando los 67,3 millones de pasajeros.<\/p>\n<p>&nbsp;<\/p>\n<p>&nbsp;<\/p>\n<div align=\"center\"><img loading=\"lazy\" decoding=\"async\" src=\"http:\/\/aeronoticias.com.pe\/fotonoticias\/setiembre\/alta4set4.JPG\" alt=\" \" title=\"Acumulado de flujo de pasajeros.\" hspace=\"5\" vspace=\"5\" width=\"400\" height=\"163\" \/> <\/div>\n<p>&nbsp;<\/p>\n<p>&nbsp;<\/p>\n<div align=\"justify\">Durante el per&iacute;odo mencionado el tr&aacute;fico (RPKs) se increment&oacute; un 11,8%, la capacidad un 10,6%, y el factor de ocupaci&oacute;n alcanz&oacute; el 71,8%, 0.8 puntos porcentuales m&aacute;s que en el per&iacute;odo anterior.<\/div>\n<div align=\"center\"><img loading=\"lazy\" decoding=\"async\" src=\"http:\/\/aeronoticias.com.pe\/fotonoticias\/setiembre\/alta6set4.JPG\" alt=\" \" title=\"Cifras de la evoluci&oacute;n de la carga a&eacute;rea.\" hspace=\"5\" vspace=\"5\" width=\"400\" height=\"250\" \/> <\/div>\n<div align=\"center\"><img loading=\"lazy\" decoding=\"async\" src=\"http:\/\/aeronoticias.com.pe\/fotonoticias\/setiembre\/alta5set4.JPG\" alt=\" \" title=\"Evoluci&oacute;n del tr&aacute;fico y capacidad en los &uacute;ltimos tres a&ntilde;os.\" hspace=\"5\" vspace=\"5\" width=\"400\" height=\"165\" \/><\/div>\n<p><\/p>\n<div align=\"center\"><strong>En 11,1% se redujo las toneladas-kil&oacute;metros de carga transportadas<\/strong><\/div>\n<p>Las toneladas-kil&oacute;metros de carga transportadas se redujeron un 11,1% en el mes de julio, y las toneladas-kil&oacute;metros de carga acumuladas lo hicieron un 10,1%. Los resultados de la carga fueron afectados por la reducci&oacute;n de capacidad de Varig Log.<\/p>\n<p>&nbsp;<\/p>\n<div align=\"center\"><img loading=\"lazy\" decoding=\"async\" src=\"http:\/\/aeronoticias.com.pe\/fotonoticias\/setiembre\/alta7set4.JPG\" alt=\" \" title=\"Evoluci&oacute;n de la carga en los &uacute;ltimos tres a&ntilde;os.\" hspace=\"5\" vspace=\"5\" width=\"400\" height=\"165\" \/> <\/div>\n<p>&nbsp;<\/p>\n<p>&nbsp;<\/p>\n<p>&nbsp;<\/p>\n<p align=\"center\"><strong style=\"font-size: 12px; color: #003a75; font-family: Arial,Helvetica,sans-serif\">ALTA est&aacute; formada por 39 aerol&iacute;neas<\/strong><\/p>\n<p>&nbsp;<\/p>\n<p style=\"font-size: 12px; color: #003a75; font-family: Arial,Helvetica,sans-serif\" align=\"justify\">ALTA, www.alta.aero, se fund&oacute; en 1980 como una organizaci&oacute;n sin fines de lucro, y est&aacute; compuesta actualmente por 39 l&iacute;neas a&eacute;reas. Sus aerol&iacute;neas miembros generan en conjunto ingresos por m&aacute;s de US$19 billones al a&ntilde;o, operan m&aacute;s de 800 aeronaves y emplean m&aacute;s de 70.000 personas en Antigua, Argentina, Bolivia, Brasil, Islas Caim&aacute;n, Chile, Colombia, Costa Rica, Cuba, Ecuador, El Salvador, Guatemala, Honduras, Jamaica, M&eacute;xico, Antillas Holandesas, Nicaragua, Panam&aacute;, Paraguay, Per&uacute;, Venezuela, Uruguay y en otras naciones a las cuales operan.<\/p>\n<p>Las Aerol&iacute;neas Miembros son: Aerol&iacute;neas Argentinas, Aerom&eacute;xico, Aerom&eacute;xico Connect, Aeropostal, AeroRep&uacute;blica, AeroSur, Aires, Air Jamaica,&nbsp; Aserca Airlines, Avianca, Bahamas Air Caribbean Airlines, Cayman Airways, Cielos Airlines, Click, Copa Airlines, Cubana, GOL, Icaro, LAB, LAN Airlines, LAN Ecuador, LAN Peru, Liat, Mexicana, Nature Air, Pluna, Santa B&aacute;rbara Airlines, Sky Airline, TACA, TACA Per&uacute;, TAM, TAM Mercosur, TAME,VARIG, VARIG LOG y Volaris. Adem&aacute;s, ALTA tiene cuatro Aerol&iacute;neas&nbsp; Asociadas &#8211; Air Canada, Continental, Iberia y UPS.<\/p>\n<p style=\"font-size: 12px; color: #003a75; font-family: Arial,Helvetica,sans-serif\" align=\"justify\">&nbsp;<\/p>\n<p style=\"font-size: 12px; color: #003a75; font-family: Arial,Helvetica,sans-serif\" align=\"justify\">&nbsp;<\/p>\n<div align=\"center\" style=\"text-align: center\"><img loading=\"lazy\" decoding=\"async\" src=\"http:\/\/aeronoticias.com.pe\/fotonoticias\/setiembre\/alta1sept4.JPG\" alt=\" \" title=\"Resumen\" hspace=\"5\" vspace=\"5\" width=\"400\" height=\"165\" \/><\/div>\n<p>&nbsp;<\/p>\n<p style=\"font-size: 12px; color: #003a75; font-family: Arial,Helvetica,sans-serif\" align=\"justify\">&nbsp;<\/p>\n<div align=\"center\"><img loading=\"lazy\" decoding=\"async\" src=\"http:\/\/aeronoticias.com.pe\/fotonoticias\/setiembre\/alta8set4.JPG\" alt=\" \" title=\"Glosario.\" hspace=\"5\" vspace=\"5\" width=\"400\" height=\"73\" \/><\/div>\n<p>&nbsp;<\/p>\n<p style=\"font-size: 12px; color: #003a75; font-family: Arial,Helvetica,sans-serif\" align=\"justify\">&nbsp;<\/p>\n","protected":false},"excerpt":{"rendered":"<p>La Asociaci&oacute;n Latinoamericana de Transporte A&eacute;reo &ndash;ALTA- inform&oacute; que el tr&aacute;fico intra-latinoamericano mantuvo un crecimiento sostenido, con un incremento de los RPKs (cantidad de asientos vendidos)&nbsp;&nbsp; del 9,6% en julio pasado comparado con el a&ntilde;o 2007. Asimismo detall&oacute; que el aumento acumulado de RPKs alcanz&oacute; 11,8% durante los primeros siete meses de 2008, con un [&hellip;]<\/p>\n","protected":false},"author":1,"featured_media":0,"comment_status":"open","ping_status":"open","sticky":false,"template":"","format":"standard","meta":{"tdm_status":"","tdm_grid_status":"","footnotes":""},"categories":[32],"tags":[],"class_list":{"0":"post-415","1":"post","2":"type-post","3":"status-publish","4":"format-standard","6":"category-internacional"},"yoast_head":"<!-- This site is optimized with the Yoast SEO plugin v25.1 - https:\/\/yoast.com\/wordpress\/plugins\/seo\/ -->\n<title>ALTA: 11,8% CRECIO TRAFICO AEREO INTRA-LATINOAMERICANO<\/title>\n<meta name=\"description\" content=\"Portal de noticias del Per\u00fa sobre el transporte a\u00e9reo, aviaci\u00f3n, turismo, hoteleria, actualidad.\" \/>\n<meta name=\"robots\" content=\"index, follow, max-snippet:-1, max-image-preview:large, max-video-preview:-1\" \/>\n<link rel=\"canonical\" href=\"https:\/\/aeronoticias.com.pe\/noticiero\/transporte-aereo\/internacional\/alta-118-crecio-trafico-aereo-intra-latinoamericano\/\" \/>\n<meta property=\"og:locale\" content=\"es_ES\" \/>\n<meta property=\"og:type\" content=\"article\" \/>\n<meta property=\"og:title\" content=\"ALTA: 11,8% CRECIO TRAFICO AEREO INTRA-LATINOAMERICANO\" \/>\n<meta property=\"og:description\" content=\"Portal de noticias del Per\u00fa sobre el transporte a\u00e9reo, aviaci\u00f3n, turismo, hoteleria, actualidad.\" \/>\n<meta property=\"og:url\" content=\"https:\/\/aeronoticias.com.pe\/noticiero\/transporte-aereo\/internacional\/alta-118-crecio-trafico-aereo-intra-latinoamericano\/\" \/>\n<meta property=\"og:site_name\" content=\"Aeronoticias.com.pe\" \/>\n<meta property=\"article:publisher\" content=\"https:\/\/www.facebook.com\/Aeronoticias.com.pe\/\" \/>\n<meta property=\"article:published_time\" content=\"2008-09-04T21:05:16+00:00\" \/>\n<meta property=\"og:image\" content=\"http:\/\/aeronoticias.com.pe\/fotonoticias\/setiembre\/alta2set4.JPG\" \/>\n<meta name=\"author\" content=\"Redacci\u00f3n Aeronoticias\" \/>\n<meta name=\"twitter:card\" content=\"summary_large_image\" \/>\n<meta name=\"twitter:creator\" content=\"@aeronoticias\" \/>\n<meta name=\"twitter:site\" content=\"@aeronoticias\" \/>\n<meta name=\"twitter:label1\" content=\"Escrito por\" \/>\n\t<meta name=\"twitter:data1\" content=\"Redacci\u00f3n Aeronoticias\" \/>\n\t<meta name=\"twitter:label2\" content=\"Tiempo de lectura\" \/>\n\t<meta name=\"twitter:data2\" content=\"2 minutos\" \/>\n<script type=\"application\/ld+json\" class=\"yoast-schema-graph\">{\"@context\":\"https:\/\/schema.org\",\"@graph\":[{\"@type\":\"WebPage\",\"@id\":\"https:\/\/aeronoticias.com.pe\/noticiero\/transporte-aereo\/internacional\/alta-118-crecio-trafico-aereo-intra-latinoamericano\/\",\"url\":\"https:\/\/aeronoticias.com.pe\/noticiero\/transporte-aereo\/internacional\/alta-118-crecio-trafico-aereo-intra-latinoamericano\/\",\"name\":\"ALTA: 11,8% CRECIO TRAFICO AEREO INTRA-LATINOAMERICANO\",\"isPartOf\":{\"@id\":\"https:\/\/aeronoticias.com.pe\/noticiero\/#website\"},\"primaryImageOfPage\":{\"@id\":\"https:\/\/aeronoticias.com.pe\/noticiero\/transporte-aereo\/internacional\/alta-118-crecio-trafico-aereo-intra-latinoamericano\/#primaryimage\"},\"image\":{\"@id\":\"https:\/\/aeronoticias.com.pe\/noticiero\/transporte-aereo\/internacional\/alta-118-crecio-trafico-aereo-intra-latinoamericano\/#primaryimage\"},\"thumbnailUrl\":\"http:\/\/aeronoticias.com.pe\/fotonoticias\/setiembre\/alta2set4.JPG\",\"datePublished\":\"2008-09-04T21:05:16+00:00\",\"author\":{\"@id\":\"https:\/\/aeronoticias.com.pe\/noticiero\/#\/schema\/person\/fc1e5d578f4b62ba1cf7ac2bba1170a0\"},\"description\":\"Portal de noticias del Per\u00fa sobre el transporte a\u00e9reo, aviaci\u00f3n, turismo, hoteleria, actualidad.\",\"breadcrumb\":{\"@id\":\"https:\/\/aeronoticias.com.pe\/noticiero\/transporte-aereo\/internacional\/alta-118-crecio-trafico-aereo-intra-latinoamericano\/#breadcrumb\"},\"inLanguage\":\"es\",\"potentialAction\":[{\"@type\":\"ReadAction\",\"target\":[\"https:\/\/aeronoticias.com.pe\/noticiero\/transporte-aereo\/internacional\/alta-118-crecio-trafico-aereo-intra-latinoamericano\/\"]}]},{\"@type\":\"ImageObject\",\"inLanguage\":\"es\",\"@id\":\"https:\/\/aeronoticias.com.pe\/noticiero\/transporte-aereo\/internacional\/alta-118-crecio-trafico-aereo-intra-latinoamericano\/#primaryimage\",\"url\":\"http:\/\/aeronoticias.com.pe\/fotonoticias\/setiembre\/alta2set4.JPG\",\"contentUrl\":\"http:\/\/aeronoticias.com.pe\/fotonoticias\/setiembre\/alta2set4.JPG\"},{\"@type\":\"BreadcrumbList\",\"@id\":\"https:\/\/aeronoticias.com.pe\/noticiero\/transporte-aereo\/internacional\/alta-118-crecio-trafico-aereo-intra-latinoamericano\/#breadcrumb\",\"itemListElement\":[{\"@type\":\"ListItem\",\"position\":1,\"name\":\"Portada\",\"item\":\"https:\/\/aeronoticias.com.pe\/noticiero\/\"},{\"@type\":\"ListItem\",\"position\":2,\"name\":\"ALTA: 11,8% CRECIO TRAFICO AEREO INTRA-LATINOAMERICANO\"}]},{\"@type\":\"WebSite\",\"@id\":\"https:\/\/aeronoticias.com.pe\/noticiero\/#website\",\"url\":\"https:\/\/aeronoticias.com.pe\/noticiero\/\",\"name\":\"Aeronoticias.com.pe\",\"description\":\"Noticias de tranporte aereo, turismo, hoteles, gastronomia, actualidad, internacional\",\"potentialAction\":[{\"@type\":\"SearchAction\",\"target\":{\"@type\":\"EntryPoint\",\"urlTemplate\":\"https:\/\/aeronoticias.com.pe\/noticiero\/?s={search_term_string}\"},\"query-input\":{\"@type\":\"PropertyValueSpecification\",\"valueRequired\":true,\"valueName\":\"search_term_string\"}}],\"inLanguage\":\"es\"},{\"@type\":\"Person\",\"@id\":\"https:\/\/aeronoticias.com.pe\/noticiero\/#\/schema\/person\/fc1e5d578f4b62ba1cf7ac2bba1170a0\",\"name\":\"Redacci\u00f3n Aeronoticias\",\"url\":\"https:\/\/aeronoticias.com.pe\/noticiero\/author\/piloto\/\"}]}<\/script>\n<!-- \/ Yoast SEO plugin. -->","yoast_head_json":{"title":"ALTA: 11,8% CRECIO TRAFICO AEREO INTRA-LATINOAMERICANO","description":"Portal de noticias del Per\u00fa sobre el transporte a\u00e9reo, aviaci\u00f3n, turismo, hoteleria, actualidad.","robots":{"index":"index","follow":"follow","max-snippet":"max-snippet:-1","max-image-preview":"max-image-preview:large","max-video-preview":"max-video-preview:-1"},"canonical":"https:\/\/aeronoticias.com.pe\/noticiero\/transporte-aereo\/internacional\/alta-118-crecio-trafico-aereo-intra-latinoamericano\/","og_locale":"es_ES","og_type":"article","og_title":"ALTA: 11,8% CRECIO TRAFICO AEREO INTRA-LATINOAMERICANO","og_description":"Portal de noticias del Per\u00fa sobre el transporte a\u00e9reo, aviaci\u00f3n, turismo, hoteleria, actualidad.","og_url":"https:\/\/aeronoticias.com.pe\/noticiero\/transporte-aereo\/internacional\/alta-118-crecio-trafico-aereo-intra-latinoamericano\/","og_site_name":"Aeronoticias.com.pe","article_publisher":"https:\/\/www.facebook.com\/Aeronoticias.com.pe\/","article_published_time":"2008-09-04T21:05:16+00:00","og_image":[{"url":"http:\/\/aeronoticias.com.pe\/fotonoticias\/setiembre\/alta2set4.JPG","type":"","width":"","height":""}],"author":"Redacci\u00f3n Aeronoticias","twitter_card":"summary_large_image","twitter_creator":"@aeronoticias","twitter_site":"@aeronoticias","twitter_misc":{"Escrito por":"Redacci\u00f3n Aeronoticias","Tiempo de lectura":"2 minutos"},"schema":{"@context":"https:\/\/schema.org","@graph":[{"@type":"WebPage","@id":"https:\/\/aeronoticias.com.pe\/noticiero\/transporte-aereo\/internacional\/alta-118-crecio-trafico-aereo-intra-latinoamericano\/","url":"https:\/\/aeronoticias.com.pe\/noticiero\/transporte-aereo\/internacional\/alta-118-crecio-trafico-aereo-intra-latinoamericano\/","name":"ALTA: 11,8% CRECIO TRAFICO AEREO INTRA-LATINOAMERICANO","isPartOf":{"@id":"https:\/\/aeronoticias.com.pe\/noticiero\/#website"},"primaryImageOfPage":{"@id":"https:\/\/aeronoticias.com.pe\/noticiero\/transporte-aereo\/internacional\/alta-118-crecio-trafico-aereo-intra-latinoamericano\/#primaryimage"},"image":{"@id":"https:\/\/aeronoticias.com.pe\/noticiero\/transporte-aereo\/internacional\/alta-118-crecio-trafico-aereo-intra-latinoamericano\/#primaryimage"},"thumbnailUrl":"http:\/\/aeronoticias.com.pe\/fotonoticias\/setiembre\/alta2set4.JPG","datePublished":"2008-09-04T21:05:16+00:00","author":{"@id":"https:\/\/aeronoticias.com.pe\/noticiero\/#\/schema\/person\/fc1e5d578f4b62ba1cf7ac2bba1170a0"},"description":"Portal de noticias del Per\u00fa sobre el transporte a\u00e9reo, aviaci\u00f3n, turismo, hoteleria, actualidad.","breadcrumb":{"@id":"https:\/\/aeronoticias.com.pe\/noticiero\/transporte-aereo\/internacional\/alta-118-crecio-trafico-aereo-intra-latinoamericano\/#breadcrumb"},"inLanguage":"es","potentialAction":[{"@type":"ReadAction","target":["https:\/\/aeronoticias.com.pe\/noticiero\/transporte-aereo\/internacional\/alta-118-crecio-trafico-aereo-intra-latinoamericano\/"]}]},{"@type":"ImageObject","inLanguage":"es","@id":"https:\/\/aeronoticias.com.pe\/noticiero\/transporte-aereo\/internacional\/alta-118-crecio-trafico-aereo-intra-latinoamericano\/#primaryimage","url":"http:\/\/aeronoticias.com.pe\/fotonoticias\/setiembre\/alta2set4.JPG","contentUrl":"http:\/\/aeronoticias.com.pe\/fotonoticias\/setiembre\/alta2set4.JPG"},{"@type":"BreadcrumbList","@id":"https:\/\/aeronoticias.com.pe\/noticiero\/transporte-aereo\/internacional\/alta-118-crecio-trafico-aereo-intra-latinoamericano\/#breadcrumb","itemListElement":[{"@type":"ListItem","position":1,"name":"Portada","item":"https:\/\/aeronoticias.com.pe\/noticiero\/"},{"@type":"ListItem","position":2,"name":"ALTA: 11,8% CRECIO TRAFICO AEREO INTRA-LATINOAMERICANO"}]},{"@type":"WebSite","@id":"https:\/\/aeronoticias.com.pe\/noticiero\/#website","url":"https:\/\/aeronoticias.com.pe\/noticiero\/","name":"Aeronoticias.com.pe","description":"Noticias de tranporte aereo, turismo, hoteles, gastronomia, actualidad, internacional","potentialAction":[{"@type":"SearchAction","target":{"@type":"EntryPoint","urlTemplate":"https:\/\/aeronoticias.com.pe\/noticiero\/?s={search_term_string}"},"query-input":{"@type":"PropertyValueSpecification","valueRequired":true,"valueName":"search_term_string"}}],"inLanguage":"es"},{"@type":"Person","@id":"https:\/\/aeronoticias.com.pe\/noticiero\/#\/schema\/person\/fc1e5d578f4b62ba1cf7ac2bba1170a0","name":"Redacci\u00f3n Aeronoticias","url":"https:\/\/aeronoticias.com.pe\/noticiero\/author\/piloto\/"}]}},"_links":{"self":[{"href":"https:\/\/aeronoticias.com.pe\/noticiero\/wp-json\/wp\/v2\/posts\/415","targetHints":{"allow":["GET"]}}],"collection":[{"href":"https:\/\/aeronoticias.com.pe\/noticiero\/wp-json\/wp\/v2\/posts"}],"about":[{"href":"https:\/\/aeronoticias.com.pe\/noticiero\/wp-json\/wp\/v2\/types\/post"}],"author":[{"embeddable":true,"href":"https:\/\/aeronoticias.com.pe\/noticiero\/wp-json\/wp\/v2\/users\/1"}],"replies":[{"embeddable":true,"href":"https:\/\/aeronoticias.com.pe\/noticiero\/wp-json\/wp\/v2\/comments?post=415"}],"version-history":[{"count":0,"href":"https:\/\/aeronoticias.com.pe\/noticiero\/wp-json\/wp\/v2\/posts\/415\/revisions"}],"wp:attachment":[{"href":"https:\/\/aeronoticias.com.pe\/noticiero\/wp-json\/wp\/v2\/media?parent=415"}],"wp:term":[{"taxonomy":"category","embeddable":true,"href":"https:\/\/aeronoticias.com.pe\/noticiero\/wp-json\/wp\/v2\/categories?post=415"},{"taxonomy":"post_tag","embeddable":true,"href":"https:\/\/aeronoticias.com.pe\/noticiero\/wp-json\/wp\/v2\/tags?post=415"}],"curies":[{"name":"wp","href":"https:\/\/api.w.org\/{rel}","templated":true}]}}