{"id":41550,"date":"2013-11-08T16:39:23","date_gmt":"2013-11-08T16:39:23","guid":{"rendered":"http:\/\/desarrollo.mcvicious.com\/aero2020\/2013\/11\/08\/moscu-alista-respuesta-a-colombia-ante-queja-por-violacion-de-espacio-aereo\/"},"modified":"2013-11-08T16:39:23","modified_gmt":"2013-11-08T16:39:23","slug":"moscu-alista-respuesta-a-colombia-ante-queja-por-violacion-de-espacio-aereo","status":"publish","type":"post","link":"https:\/\/aeronoticias.com.pe\/noticiero\/transporte-aereo\/internacional\/moscu-alista-respuesta-a-colombia-ante-queja-por-violacion-de-espacio-aereo\/","title":{"rendered":"Mosc\u00fa alista respuesta a Colombia ante queja por violaci\u00f3n de espacio a\u00e9reo"},"content":{"rendered":"<p><img decoding=\"async\" src=\"images\/stories\/13\/11\/081113\/29c575031e31bb17a3d8aada60e0330c_article.jpg\" border=\"0\" \/><\/p>\n<p style=\"text-align: justify;\"><strong>(Aeronoticias).-<\/strong> <em>\u00abLa canciller\u00eda ha recibido esa nota. Estamos analizando atentamente su contenido\u00bb, indic\u00f3 un portavoz del Ministerio de Relaciones Exteriores ruso.<\/em><\/p>\n<p style=\"text-align: justify;\">Mosc\u00fa estudia la nota de protesta enviada por Colombia por la violaci\u00f3n de su espacio a\u00e9reo en dos ocasiones el pasado viernes por parte de dos aviones militares rusos Tupolev 160.<\/p>\n<p style=\"text-align: justify;\">\u00abLa canciller\u00eda ha recibido esa nota. Estamos analizando atentamente su contenido\u00bb, se\u00f1al\u00f3 el portavoz del Ministerio de Relaciones Exteriores de Rusia, Alexander Lukash\u00e9vich y agreg\u00f3 que \u00abpor supuesto, se preparar\u00e1 una respuesta\u00bb.<\/p>\n<p style=\"text-align: justify;\">Los Tupolev-160, que generalmente llevan carga nuclear y son consideradas una de las aeronaves con m\u00e1s desarrollo tecnol\u00f3gico de Rusia, fueron detectados por los radares de la isla colombiana de San Andr\u00e9s e interceptados por dos aviones Kfir de la Fuerza A\u00e9rea Colombiana, unas 80 millas al norte de la ciudad de Barranquilla.<\/p>\n<p style=\"text-align: justify;\">Seg\u00fan las autoridades colombianas, en la primera ocasi\u00f3n dos bombarderos rusos, que iban de Venezuela hacia Nicaragua, volaron por encima del espacio a\u00e9reo colombiano sin pedir autorizaci\u00f3n.<\/p>\n<p style=\"text-align: justify;\">Luego, esos mismos bombarderos regresaron hacia Venezuela y nuevamente entraron en espacio a\u00e9reo colombiano tras lo cual fueron detectados por aviones de inteligencia colombianos e interceptados por dos aviones Kfir.<\/p>\n<p style=\"text-align: justify;\">Seg\u00fan el presidente colombiano, Juan Manuel Santos, tras el primer incidente se hizo una reclamaci\u00f3n a Rusia y luego, tras el segundo sobrevuelo no autorizado, se decidi\u00f3 enviar la nota de protesta.<\/p>\n<p style=\"text-align: justify;\">\u00a0<\/p>\n<p style=\"text-align: justify;\">Fuente: emol<\/p>\n<p style=\"text-align: justify;\">Foto: Taringa \/ \u00a0Actualidad<\/p>\n<div><\/div>\n","protected":false},"excerpt":{"rendered":"<p>(Aeronoticias).- \u00abLa canciller\u00eda ha recibido esa nota. Estamos analizando atentamente su contenido\u00bb, indic\u00f3 un portavoz del Ministerio de Relaciones Exteriores ruso. Mosc\u00fa estudia la nota de protesta enviada por Colombia por la violaci\u00f3n de su espacio a\u00e9reo en dos ocasiones el pasado viernes por parte de dos aviones militares rusos Tupolev 160. \u00abLa canciller\u00eda ha [&hellip;]<\/p>\n","protected":false},"author":1,"featured_media":0,"comment_status":"open","ping_status":"open","sticky":false,"template":"","format":"standard","meta":{"tdm_status":"","tdm_grid_status":"","footnotes":""},"categories":[32],"tags":[],"class_list":{"0":"post-41550","1":"post","2":"type-post","3":"status-publish","4":"format-standard","6":"category-internacional"},"yoast_head":"<!-- This site is optimized with the Yoast SEO plugin v25.1 - https:\/\/yoast.com\/wordpress\/plugins\/seo\/ -->\n<title>Mosc\u00fa alista respuesta a Colombia ante queja por violaci\u00f3n de espacio a\u00e9reo<\/title>\n<meta name=\"description\" content=\"Portal de noticias del Per\u00fa sobre el transporte a\u00e9reo, aviaci\u00f3n, turismo, hoteleria, actualidad.\" \/>\n<meta name=\"robots\" content=\"index, follow, max-snippet:-1, max-image-preview:large, max-video-preview:-1\" \/>\n<link rel=\"canonical\" href=\"https:\/\/aeronoticias.com.pe\/noticiero\/transporte-aereo\/internacional\/moscu-alista-respuesta-a-colombia-ante-queja-por-violacion-de-espacio-aereo\/\" \/>\n<meta property=\"og:locale\" content=\"es_ES\" \/>\n<meta property=\"og:type\" content=\"article\" \/>\n<meta property=\"og:title\" content=\"Mosc\u00fa alista respuesta a Colombia ante queja por violaci\u00f3n de espacio a\u00e9reo\" \/>\n<meta property=\"og:description\" content=\"Portal de noticias del Per\u00fa sobre el transporte a\u00e9reo, aviaci\u00f3n, turismo, hoteleria, actualidad.\" \/>\n<meta property=\"og:url\" content=\"https:\/\/aeronoticias.com.pe\/noticiero\/transporte-aereo\/internacional\/moscu-alista-respuesta-a-colombia-ante-queja-por-violacion-de-espacio-aereo\/\" \/>\n<meta property=\"og:site_name\" content=\"Aeronoticias.com.pe\" \/>\n<meta property=\"article:publisher\" content=\"https:\/\/www.facebook.com\/Aeronoticias.com.pe\/\" \/>\n<meta property=\"article:published_time\" content=\"2013-11-08T16:39:23+00:00\" \/>\n<meta name=\"author\" content=\"Redacci\u00f3n Aeronoticias\" \/>\n<meta name=\"twitter:card\" content=\"summary_large_image\" \/>\n<meta name=\"twitter:creator\" content=\"@aeronoticias\" \/>\n<meta name=\"twitter:site\" content=\"@aeronoticias\" \/>\n<meta name=\"twitter:label1\" content=\"Escrito por\" \/>\n\t<meta name=\"twitter:data1\" content=\"Redacci\u00f3n Aeronoticias\" \/>\n\t<meta name=\"twitter:label2\" content=\"Tiempo de lectura\" \/>\n\t<meta name=\"twitter:data2\" content=\"1 minuto\" \/>\n<script type=\"application\/ld+json\" class=\"yoast-schema-graph\">{\"@context\":\"https:\/\/schema.org\",\"@graph\":[{\"@type\":\"WebPage\",\"@id\":\"https:\/\/aeronoticias.com.pe\/noticiero\/transporte-aereo\/internacional\/moscu-alista-respuesta-a-colombia-ante-queja-por-violacion-de-espacio-aereo\/\",\"url\":\"https:\/\/aeronoticias.com.pe\/noticiero\/transporte-aereo\/internacional\/moscu-alista-respuesta-a-colombia-ante-queja-por-violacion-de-espacio-aereo\/\",\"name\":\"Mosc\u00fa alista respuesta a Colombia ante queja por violaci\u00f3n de espacio a\u00e9reo\",\"isPartOf\":{\"@id\":\"https:\/\/aeronoticias.com.pe\/noticiero\/#website\"},\"datePublished\":\"2013-11-08T16:39:23+00:00\",\"author\":{\"@id\":\"https:\/\/aeronoticias.com.pe\/noticiero\/#\/schema\/person\/fc1e5d578f4b62ba1cf7ac2bba1170a0\"},\"description\":\"Portal de noticias del Per\u00fa sobre el transporte a\u00e9reo, aviaci\u00f3n, turismo, hoteleria, actualidad.\",\"breadcrumb\":{\"@id\":\"https:\/\/aeronoticias.com.pe\/noticiero\/transporte-aereo\/internacional\/moscu-alista-respuesta-a-colombia-ante-queja-por-violacion-de-espacio-aereo\/#breadcrumb\"},\"inLanguage\":\"es\",\"potentialAction\":[{\"@type\":\"ReadAction\",\"target\":[\"https:\/\/aeronoticias.com.pe\/noticiero\/transporte-aereo\/internacional\/moscu-alista-respuesta-a-colombia-ante-queja-por-violacion-de-espacio-aereo\/\"]}]},{\"@type\":\"BreadcrumbList\",\"@id\":\"https:\/\/aeronoticias.com.pe\/noticiero\/transporte-aereo\/internacional\/moscu-alista-respuesta-a-colombia-ante-queja-por-violacion-de-espacio-aereo\/#breadcrumb\",\"itemListElement\":[{\"@type\":\"ListItem\",\"position\":1,\"name\":\"Portada\",\"item\":\"https:\/\/aeronoticias.com.pe\/noticiero\/\"},{\"@type\":\"ListItem\",\"position\":2,\"name\":\"Mosc\u00fa alista respuesta a Colombia ante queja por violaci\u00f3n de espacio a\u00e9reo\"}]},{\"@type\":\"WebSite\",\"@id\":\"https:\/\/aeronoticias.com.pe\/noticiero\/#website\",\"url\":\"https:\/\/aeronoticias.com.pe\/noticiero\/\",\"name\":\"Aeronoticias.com.pe\",\"description\":\"Noticias de tranporte aereo, turismo, hoteles, gastronomia, actualidad, internacional\",\"potentialAction\":[{\"@type\":\"SearchAction\",\"target\":{\"@type\":\"EntryPoint\",\"urlTemplate\":\"https:\/\/aeronoticias.com.pe\/noticiero\/?s={search_term_string}\"},\"query-input\":{\"@type\":\"PropertyValueSpecification\",\"valueRequired\":true,\"valueName\":\"search_term_string\"}}],\"inLanguage\":\"es\"},{\"@type\":\"Person\",\"@id\":\"https:\/\/aeronoticias.com.pe\/noticiero\/#\/schema\/person\/fc1e5d578f4b62ba1cf7ac2bba1170a0\",\"name\":\"Redacci\u00f3n Aeronoticias\",\"url\":\"https:\/\/aeronoticias.com.pe\/noticiero\/author\/piloto\/\"}]}<\/script>\n<!-- \/ Yoast SEO plugin. -->","yoast_head_json":{"title":"Mosc\u00fa alista respuesta a Colombia ante queja por violaci\u00f3n de espacio a\u00e9reo","description":"Portal de noticias del Per\u00fa sobre el transporte a\u00e9reo, aviaci\u00f3n, turismo, hoteleria, actualidad.","robots":{"index":"index","follow":"follow","max-snippet":"max-snippet:-1","max-image-preview":"max-image-preview:large","max-video-preview":"max-video-preview:-1"},"canonical":"https:\/\/aeronoticias.com.pe\/noticiero\/transporte-aereo\/internacional\/moscu-alista-respuesta-a-colombia-ante-queja-por-violacion-de-espacio-aereo\/","og_locale":"es_ES","og_type":"article","og_title":"Mosc\u00fa alista respuesta a Colombia ante queja por violaci\u00f3n de espacio a\u00e9reo","og_description":"Portal de noticias del Per\u00fa sobre el transporte a\u00e9reo, aviaci\u00f3n, turismo, hoteleria, actualidad.","og_url":"https:\/\/aeronoticias.com.pe\/noticiero\/transporte-aereo\/internacional\/moscu-alista-respuesta-a-colombia-ante-queja-por-violacion-de-espacio-aereo\/","og_site_name":"Aeronoticias.com.pe","article_publisher":"https:\/\/www.facebook.com\/Aeronoticias.com.pe\/","article_published_time":"2013-11-08T16:39:23+00:00","author":"Redacci\u00f3n Aeronoticias","twitter_card":"summary_large_image","twitter_creator":"@aeronoticias","twitter_site":"@aeronoticias","twitter_misc":{"Escrito por":"Redacci\u00f3n Aeronoticias","Tiempo de lectura":"1 minuto"},"schema":{"@context":"https:\/\/schema.org","@graph":[{"@type":"WebPage","@id":"https:\/\/aeronoticias.com.pe\/noticiero\/transporte-aereo\/internacional\/moscu-alista-respuesta-a-colombia-ante-queja-por-violacion-de-espacio-aereo\/","url":"https:\/\/aeronoticias.com.pe\/noticiero\/transporte-aereo\/internacional\/moscu-alista-respuesta-a-colombia-ante-queja-por-violacion-de-espacio-aereo\/","name":"Mosc\u00fa alista respuesta a Colombia ante queja por violaci\u00f3n de espacio a\u00e9reo","isPartOf":{"@id":"https:\/\/aeronoticias.com.pe\/noticiero\/#website"},"datePublished":"2013-11-08T16:39:23+00:00","author":{"@id":"https:\/\/aeronoticias.com.pe\/noticiero\/#\/schema\/person\/fc1e5d578f4b62ba1cf7ac2bba1170a0"},"description":"Portal de noticias del Per\u00fa sobre el transporte a\u00e9reo, aviaci\u00f3n, turismo, hoteleria, actualidad.","breadcrumb":{"@id":"https:\/\/aeronoticias.com.pe\/noticiero\/transporte-aereo\/internacional\/moscu-alista-respuesta-a-colombia-ante-queja-por-violacion-de-espacio-aereo\/#breadcrumb"},"inLanguage":"es","potentialAction":[{"@type":"ReadAction","target":["https:\/\/aeronoticias.com.pe\/noticiero\/transporte-aereo\/internacional\/moscu-alista-respuesta-a-colombia-ante-queja-por-violacion-de-espacio-aereo\/"]}]},{"@type":"BreadcrumbList","@id":"https:\/\/aeronoticias.com.pe\/noticiero\/transporte-aereo\/internacional\/moscu-alista-respuesta-a-colombia-ante-queja-por-violacion-de-espacio-aereo\/#breadcrumb","itemListElement":[{"@type":"ListItem","position":1,"name":"Portada","item":"https:\/\/aeronoticias.com.pe\/noticiero\/"},{"@type":"ListItem","position":2,"name":"Mosc\u00fa alista respuesta a Colombia ante queja por violaci\u00f3n de espacio a\u00e9reo"}]},{"@type":"WebSite","@id":"https:\/\/aeronoticias.com.pe\/noticiero\/#website","url":"https:\/\/aeronoticias.com.pe\/noticiero\/","name":"Aeronoticias.com.pe","description":"Noticias de tranporte aereo, turismo, hoteles, gastronomia, actualidad, internacional","potentialAction":[{"@type":"SearchAction","target":{"@type":"EntryPoint","urlTemplate":"https:\/\/aeronoticias.com.pe\/noticiero\/?s={search_term_string}"},"query-input":{"@type":"PropertyValueSpecification","valueRequired":true,"valueName":"search_term_string"}}],"inLanguage":"es"},{"@type":"Person","@id":"https:\/\/aeronoticias.com.pe\/noticiero\/#\/schema\/person\/fc1e5d578f4b62ba1cf7ac2bba1170a0","name":"Redacci\u00f3n Aeronoticias","url":"https:\/\/aeronoticias.com.pe\/noticiero\/author\/piloto\/"}]}},"_links":{"self":[{"href":"https:\/\/aeronoticias.com.pe\/noticiero\/wp-json\/wp\/v2\/posts\/41550","targetHints":{"allow":["GET"]}}],"collection":[{"href":"https:\/\/aeronoticias.com.pe\/noticiero\/wp-json\/wp\/v2\/posts"}],"about":[{"href":"https:\/\/aeronoticias.com.pe\/noticiero\/wp-json\/wp\/v2\/types\/post"}],"author":[{"embeddable":true,"href":"https:\/\/aeronoticias.com.pe\/noticiero\/wp-json\/wp\/v2\/users\/1"}],"replies":[{"embeddable":true,"href":"https:\/\/aeronoticias.com.pe\/noticiero\/wp-json\/wp\/v2\/comments?post=41550"}],"version-history":[{"count":0,"href":"https:\/\/aeronoticias.com.pe\/noticiero\/wp-json\/wp\/v2\/posts\/41550\/revisions"}],"wp:attachment":[{"href":"https:\/\/aeronoticias.com.pe\/noticiero\/wp-json\/wp\/v2\/media?parent=41550"}],"wp:term":[{"taxonomy":"category","embeddable":true,"href":"https:\/\/aeronoticias.com.pe\/noticiero\/wp-json\/wp\/v2\/categories?post=41550"},{"taxonomy":"post_tag","embeddable":true,"href":"https:\/\/aeronoticias.com.pe\/noticiero\/wp-json\/wp\/v2\/tags?post=41550"}],"curies":[{"name":"wp","href":"https:\/\/api.w.org\/{rel}","templated":true}]}}