{"id":41551,"date":"2013-11-08T17:36:31","date_gmt":"2013-11-08T17:36:31","guid":{"rendered":"http:\/\/desarrollo.mcvicious.com\/aero2020\/2013\/11\/08\/fotos-conoce-las-10-carceles-mas-peligrosas\/"},"modified":"2013-11-08T17:36:31","modified_gmt":"2013-11-08T17:36:31","slug":"fotos-conoce-las-10-carceles-mas-peligrosas","status":"publish","type":"post","link":"https:\/\/aeronoticias.com.pe\/noticiero\/internacionales\/fotos-conoce-las-10-carceles-mas-peligrosas\/","title":{"rendered":"Fotos: Conoce las 10 c\u00e1rceles m\u00e1s peligrosas"},"content":{"rendered":"<p><img decoding=\"async\" src=\"images\/stories\/13\/11\/081113\/0010341108.jpg\" border=\"0\" \/><\/p>\n<p><img decoding=\"async\" src=\"images\/stories\/13\/11\/081113\/0010341024.jpg\" border=\"0\" \/><\/p>\n<p><img decoding=\"async\" src=\"images\/stories\/13\/11\/081113\/0010341101.jpg\" border=\"0\" \/><\/p>\n<p><img decoding=\"async\" src=\"images\/stories\/13\/11\/081113\/0010341039.jpg\" border=\"0\" \/><img decoding=\"async\" src=\"images\/stories\/13\/11\/081113\/0010341055.jpg\" border=\"0\" \/><\/p>\n<p><img decoding=\"async\" src=\"images\/stories\/13\/11\/081113\/0010341048.jpg\" border=\"0\" \/><\/p>\n<p><img decoding=\"async\" src=\"images\/stories\/13\/11\/081113\/0010341082.jpg\" border=\"0\" \/><\/p>\n<p><img decoding=\"async\" src=\"images\/stories\/13\/11\/081113\/0010341031.jpg\" border=\"0\" \/><\/p>\n<p><img decoding=\"async\" src=\"images\/stories\/13\/11\/081113\/0010341064.jpg\" border=\"0\" \/><\/p>\n<p style=\"text-align: justify;\"><img decoding=\"async\" src=\"images\/stories\/13\/11\/081113\/0010341094.jpg\" border=\"0\" \/><\/p>\n<p style=\"text-align: justify;\"><strong>(Aeronoticias).-<\/strong><\/p>\n<p style=\"text-align: justify;\"><strong><em>Ruanda:<\/em><\/strong> las terribles condiciones en las que viven los presos en Gitarama los llevaron a vivir situaciones extremas como comer la carne de sus propios compa\u00f1eros de celda. Dise\u00f1ada para 400 presos, actualmente tiene m\u00e1s de 10.000 reclusos.<\/p>\n<p style=\"text-align: justify;\"><em><strong>Turqu\u00eda:<\/strong><\/em> la prisi\u00f3n de Diyarbaki fue construida en 1980 y ha albergado los criminales m\u00e1s peligrosos de ese pa\u00eds. Desde su creaci\u00f3n ha recibido denuncias de torturas psicol\u00f3gicas y abusos sexuales dentro del penal.<\/p>\n<p style=\"text-align: justify;\"><em><strong>Tailandia:<\/strong><\/em> la superpoblaci\u00f3n y las condiciones de aislamiento hacen de Bang Kwang una de las peores c\u00e1rceles del mundo. Los presos se mantienen encadenados y son v\u00edctimas de constantes maltratos de los guardias.<\/p>\n<p style=\"text-align: justify;\"><strong><em>Per\u00fa:<\/em><\/strong> el penal San Juan de Luringancho es considerado uno de los m\u00e1s peligrosos de Latinoam\u00e9rica. Tiene una sobrepoblaci\u00f3n de m\u00e1s de 7.000 presos.<\/p>\n<p style=\"text-align: justify;\"><strong><em>Siria:<\/em><\/strong> la c\u00e1rcel de Tadmor se ubica a 200 kil\u00f3metros de Damasco, en medio del desierto. En un principio albergaba prisioneros de guerra pero luego se abri\u00f3 a todo tipo de criminales. En 1980, el presidente Hafez Al Assad orden\u00f3 matar a todos los presos, siendo una masacre de 2.400 personas. Hab\u00eda cerrado en 2001 pero reabri\u00f3 en 2011.<\/p>\n<p style=\"text-align: justify;\"><strong><em>Brasil:<\/em><\/strong> Carandir\u00fa es quiz\u00e1 de las emblem\u00e1ticas y recordadas c\u00e1rceles del mundo. Ubicada en Sao Paulo, cerr\u00f3 en 2002 por dos eventos traum\u00e1ticos que ocurrieron all\u00ed: en 1992, al amanecer, 111 prisioneros fueron asesinados y en 2002, 8.000 presos fueron contagiados con el virus del SIDA.<\/p>\n<p style=\"text-align: justify;\"><strong><em>Corea del Norte:<\/em><\/strong> Campo 22 \u00a0es considerada la peor del mundo. Tiene cerca de 50.000 presos y est\u00e1 completamente aislada de la civilizaci\u00f3n.<\/p>\n<p style=\"text-align: justify;\"><em><strong>Estados Unidos:<\/strong><\/em> la prisi\u00f3n de m\u00e1xima seguridad ADX Florence en Colorado tiene a los criminales m\u00e1s peligrosos del pa\u00eds. Actualmente cuenta con 439 presos que no tienen comunicaci\u00f3n entre s\u00ed ni con los guardas.<\/p>\n<p style=\"text-align: justify;\"><strong><em>Venezuela:<\/em><\/strong> debido a las precarias condiciones de higiene, los presos de La Sabaneta suelen contaminarse con enfermedades. Constantemente hay motines que dejan varios muertos.<\/p>\n<p style=\"text-align: justify;\"><strong><em>Rusia:<\/em><\/strong> la mayor\u00eda de los reclusos en Petak mueren por las bajas temperaturas debido a la nieve y la lluvia. No reciben visitas de sus familiares ya que, al igual que Alcatraz, se encuentra en una isla.<\/p>\n<p style=\"text-align: justify;\">\u00a0<\/p>\n<p style=\"text-align: justify;\">Fuente: <strong>Infobae<\/strong><\/p>\n<p style=\"text-align: justify;\">Fotos: <strong>Infobae<\/strong><\/p>\n<p style=\"text-align: justify;\">\u00a0<\/p>\n<p>\u00a0<\/p>\n<p>\u00a0<\/p>\n<p>\u00a0<\/p>\n<p>\u00a0<\/p>\n<p>\u00a0<\/p>\n<p>\u00a0<\/p>\n<p>\u00a0<\/p>\n","protected":false},"excerpt":{"rendered":"<p>(Aeronoticias).- Ruanda: las terribles condiciones en las que viven los presos en Gitarama los llevaron a vivir situaciones extremas como comer la carne de sus propios compa\u00f1eros de celda. Dise\u00f1ada para 400 presos, actualmente tiene m\u00e1s de 10.000 reclusos. Turqu\u00eda: la prisi\u00f3n de Diyarbaki fue construida en 1980 y ha albergado los criminales m\u00e1s peligrosos [&hellip;]<\/p>\n","protected":false},"author":1,"featured_media":0,"comment_status":"open","ping_status":"open","sticky":false,"template":"","format":"standard","meta":{"tdm_status":"","tdm_grid_status":"","footnotes":""},"categories":[34],"tags":[],"class_list":{"0":"post-41551","1":"post","2":"type-post","3":"status-publish","4":"format-standard","6":"category-internacionales"},"yoast_head":"<!-- This site is optimized with the Yoast SEO plugin v25.1 - https:\/\/yoast.com\/wordpress\/plugins\/seo\/ -->\n<title>Fotos: Conoce las 10 c\u00e1rceles m\u00e1s peligrosas<\/title>\n<meta name=\"description\" content=\"Portal de noticias del Per\u00fa sobre el transporte a\u00e9reo, aviaci\u00f3n, turismo, hoteleria, actualidad.\" \/>\n<meta name=\"robots\" content=\"index, follow, max-snippet:-1, max-image-preview:large, max-video-preview:-1\" \/>\n<link rel=\"canonical\" href=\"https:\/\/aeronoticias.com.pe\/noticiero\/internacionales\/fotos-conoce-las-10-carceles-mas-peligrosas\/\" \/>\n<meta property=\"og:locale\" content=\"es_ES\" \/>\n<meta property=\"og:type\" content=\"article\" \/>\n<meta property=\"og:title\" content=\"Fotos: Conoce las 10 c\u00e1rceles m\u00e1s peligrosas\" \/>\n<meta property=\"og:description\" content=\"Portal de noticias del Per\u00fa sobre el transporte a\u00e9reo, aviaci\u00f3n, turismo, hoteleria, actualidad.\" \/>\n<meta property=\"og:url\" content=\"https:\/\/aeronoticias.com.pe\/noticiero\/internacionales\/fotos-conoce-las-10-carceles-mas-peligrosas\/\" \/>\n<meta property=\"og:site_name\" content=\"Aeronoticias.com.pe\" \/>\n<meta property=\"article:publisher\" content=\"https:\/\/www.facebook.com\/Aeronoticias.com.pe\/\" \/>\n<meta property=\"article:published_time\" content=\"2013-11-08T17:36:31+00:00\" \/>\n<meta name=\"author\" content=\"Redacci\u00f3n Aeronoticias\" \/>\n<meta name=\"twitter:card\" content=\"summary_large_image\" \/>\n<meta name=\"twitter:creator\" content=\"@aeronoticias\" \/>\n<meta name=\"twitter:site\" content=\"@aeronoticias\" \/>\n<meta name=\"twitter:label1\" content=\"Escrito por\" \/>\n\t<meta name=\"twitter:data1\" content=\"Redacci\u00f3n Aeronoticias\" \/>\n\t<meta name=\"twitter:label2\" content=\"Tiempo de lectura\" \/>\n\t<meta name=\"twitter:data2\" content=\"2 minutos\" \/>\n<script type=\"application\/ld+json\" class=\"yoast-schema-graph\">{\"@context\":\"https:\/\/schema.org\",\"@graph\":[{\"@type\":\"WebPage\",\"@id\":\"https:\/\/aeronoticias.com.pe\/noticiero\/internacionales\/fotos-conoce-las-10-carceles-mas-peligrosas\/\",\"url\":\"https:\/\/aeronoticias.com.pe\/noticiero\/internacionales\/fotos-conoce-las-10-carceles-mas-peligrosas\/\",\"name\":\"Fotos: Conoce las 10 c\u00e1rceles m\u00e1s peligrosas\",\"isPartOf\":{\"@id\":\"https:\/\/aeronoticias.com.pe\/noticiero\/#website\"},\"datePublished\":\"2013-11-08T17:36:31+00:00\",\"author\":{\"@id\":\"https:\/\/aeronoticias.com.pe\/noticiero\/#\/schema\/person\/fc1e5d578f4b62ba1cf7ac2bba1170a0\"},\"description\":\"Portal de noticias del Per\u00fa sobre el transporte a\u00e9reo, aviaci\u00f3n, turismo, hoteleria, actualidad.\",\"breadcrumb\":{\"@id\":\"https:\/\/aeronoticias.com.pe\/noticiero\/internacionales\/fotos-conoce-las-10-carceles-mas-peligrosas\/#breadcrumb\"},\"inLanguage\":\"es\",\"potentialAction\":[{\"@type\":\"ReadAction\",\"target\":[\"https:\/\/aeronoticias.com.pe\/noticiero\/internacionales\/fotos-conoce-las-10-carceles-mas-peligrosas\/\"]}]},{\"@type\":\"BreadcrumbList\",\"@id\":\"https:\/\/aeronoticias.com.pe\/noticiero\/internacionales\/fotos-conoce-las-10-carceles-mas-peligrosas\/#breadcrumb\",\"itemListElement\":[{\"@type\":\"ListItem\",\"position\":1,\"name\":\"Portada\",\"item\":\"https:\/\/aeronoticias.com.pe\/noticiero\/\"},{\"@type\":\"ListItem\",\"position\":2,\"name\":\"Fotos: Conoce las 10 c\u00e1rceles m\u00e1s peligrosas\"}]},{\"@type\":\"WebSite\",\"@id\":\"https:\/\/aeronoticias.com.pe\/noticiero\/#website\",\"url\":\"https:\/\/aeronoticias.com.pe\/noticiero\/\",\"name\":\"Aeronoticias.com.pe\",\"description\":\"Noticias de tranporte aereo, turismo, hoteles, gastronomia, actualidad, internacional\",\"potentialAction\":[{\"@type\":\"SearchAction\",\"target\":{\"@type\":\"EntryPoint\",\"urlTemplate\":\"https:\/\/aeronoticias.com.pe\/noticiero\/?s={search_term_string}\"},\"query-input\":{\"@type\":\"PropertyValueSpecification\",\"valueRequired\":true,\"valueName\":\"search_term_string\"}}],\"inLanguage\":\"es\"},{\"@type\":\"Person\",\"@id\":\"https:\/\/aeronoticias.com.pe\/noticiero\/#\/schema\/person\/fc1e5d578f4b62ba1cf7ac2bba1170a0\",\"name\":\"Redacci\u00f3n Aeronoticias\",\"url\":\"https:\/\/aeronoticias.com.pe\/noticiero\/author\/piloto\/\"}]}<\/script>\n<!-- \/ Yoast SEO plugin. -->","yoast_head_json":{"title":"Fotos: Conoce las 10 c\u00e1rceles m\u00e1s peligrosas","description":"Portal de noticias del Per\u00fa sobre el transporte a\u00e9reo, aviaci\u00f3n, turismo, hoteleria, actualidad.","robots":{"index":"index","follow":"follow","max-snippet":"max-snippet:-1","max-image-preview":"max-image-preview:large","max-video-preview":"max-video-preview:-1"},"canonical":"https:\/\/aeronoticias.com.pe\/noticiero\/internacionales\/fotos-conoce-las-10-carceles-mas-peligrosas\/","og_locale":"es_ES","og_type":"article","og_title":"Fotos: Conoce las 10 c\u00e1rceles m\u00e1s peligrosas","og_description":"Portal de noticias del Per\u00fa sobre el transporte a\u00e9reo, aviaci\u00f3n, turismo, hoteleria, actualidad.","og_url":"https:\/\/aeronoticias.com.pe\/noticiero\/internacionales\/fotos-conoce-las-10-carceles-mas-peligrosas\/","og_site_name":"Aeronoticias.com.pe","article_publisher":"https:\/\/www.facebook.com\/Aeronoticias.com.pe\/","article_published_time":"2013-11-08T17:36:31+00:00","author":"Redacci\u00f3n Aeronoticias","twitter_card":"summary_large_image","twitter_creator":"@aeronoticias","twitter_site":"@aeronoticias","twitter_misc":{"Escrito por":"Redacci\u00f3n Aeronoticias","Tiempo de lectura":"2 minutos"},"schema":{"@context":"https:\/\/schema.org","@graph":[{"@type":"WebPage","@id":"https:\/\/aeronoticias.com.pe\/noticiero\/internacionales\/fotos-conoce-las-10-carceles-mas-peligrosas\/","url":"https:\/\/aeronoticias.com.pe\/noticiero\/internacionales\/fotos-conoce-las-10-carceles-mas-peligrosas\/","name":"Fotos: Conoce las 10 c\u00e1rceles m\u00e1s peligrosas","isPartOf":{"@id":"https:\/\/aeronoticias.com.pe\/noticiero\/#website"},"datePublished":"2013-11-08T17:36:31+00:00","author":{"@id":"https:\/\/aeronoticias.com.pe\/noticiero\/#\/schema\/person\/fc1e5d578f4b62ba1cf7ac2bba1170a0"},"description":"Portal de noticias del Per\u00fa sobre el transporte a\u00e9reo, aviaci\u00f3n, turismo, hoteleria, actualidad.","breadcrumb":{"@id":"https:\/\/aeronoticias.com.pe\/noticiero\/internacionales\/fotos-conoce-las-10-carceles-mas-peligrosas\/#breadcrumb"},"inLanguage":"es","potentialAction":[{"@type":"ReadAction","target":["https:\/\/aeronoticias.com.pe\/noticiero\/internacionales\/fotos-conoce-las-10-carceles-mas-peligrosas\/"]}]},{"@type":"BreadcrumbList","@id":"https:\/\/aeronoticias.com.pe\/noticiero\/internacionales\/fotos-conoce-las-10-carceles-mas-peligrosas\/#breadcrumb","itemListElement":[{"@type":"ListItem","position":1,"name":"Portada","item":"https:\/\/aeronoticias.com.pe\/noticiero\/"},{"@type":"ListItem","position":2,"name":"Fotos: Conoce las 10 c\u00e1rceles m\u00e1s peligrosas"}]},{"@type":"WebSite","@id":"https:\/\/aeronoticias.com.pe\/noticiero\/#website","url":"https:\/\/aeronoticias.com.pe\/noticiero\/","name":"Aeronoticias.com.pe","description":"Noticias de tranporte aereo, turismo, hoteles, gastronomia, actualidad, internacional","potentialAction":[{"@type":"SearchAction","target":{"@type":"EntryPoint","urlTemplate":"https:\/\/aeronoticias.com.pe\/noticiero\/?s={search_term_string}"},"query-input":{"@type":"PropertyValueSpecification","valueRequired":true,"valueName":"search_term_string"}}],"inLanguage":"es"},{"@type":"Person","@id":"https:\/\/aeronoticias.com.pe\/noticiero\/#\/schema\/person\/fc1e5d578f4b62ba1cf7ac2bba1170a0","name":"Redacci\u00f3n Aeronoticias","url":"https:\/\/aeronoticias.com.pe\/noticiero\/author\/piloto\/"}]}},"_links":{"self":[{"href":"https:\/\/aeronoticias.com.pe\/noticiero\/wp-json\/wp\/v2\/posts\/41551","targetHints":{"allow":["GET"]}}],"collection":[{"href":"https:\/\/aeronoticias.com.pe\/noticiero\/wp-json\/wp\/v2\/posts"}],"about":[{"href":"https:\/\/aeronoticias.com.pe\/noticiero\/wp-json\/wp\/v2\/types\/post"}],"author":[{"embeddable":true,"href":"https:\/\/aeronoticias.com.pe\/noticiero\/wp-json\/wp\/v2\/users\/1"}],"replies":[{"embeddable":true,"href":"https:\/\/aeronoticias.com.pe\/noticiero\/wp-json\/wp\/v2\/comments?post=41551"}],"version-history":[{"count":0,"href":"https:\/\/aeronoticias.com.pe\/noticiero\/wp-json\/wp\/v2\/posts\/41551\/revisions"}],"wp:attachment":[{"href":"https:\/\/aeronoticias.com.pe\/noticiero\/wp-json\/wp\/v2\/media?parent=41551"}],"wp:term":[{"taxonomy":"category","embeddable":true,"href":"https:\/\/aeronoticias.com.pe\/noticiero\/wp-json\/wp\/v2\/categories?post=41551"},{"taxonomy":"post_tag","embeddable":true,"href":"https:\/\/aeronoticias.com.pe\/noticiero\/wp-json\/wp\/v2\/tags?post=41551"}],"curies":[{"name":"wp","href":"https:\/\/api.w.org\/{rel}","templated":true}]}}