{"id":41553,"date":"2013-11-08T20:47:08","date_gmt":"2013-11-08T20:47:08","guid":{"rendered":"http:\/\/desarrollo.mcvicious.com\/aero2020\/2013\/11\/08\/argentina-se-bajo-del-ejercicio-de-guerra-mas-grande-de-america\/"},"modified":"2013-11-08T20:47:08","modified_gmt":"2013-11-08T20:47:08","slug":"argentina-se-bajo-del-ejercicio-de-guerra-mas-grande-de-america","status":"publish","type":"post","link":"https:\/\/aeronoticias.com.pe\/noticiero\/transporte-aereo\/internacional\/argentina-se-bajo-del-ejercicio-de-guerra-mas-grande-de-america\/","title":{"rendered":"Argentina se baj\u00f3 del ejercicio de guerra m\u00e1s grande de Am\u00e9rica"},"content":{"rendered":"<p style=\"text-align: justify;\"><img decoding=\"async\" src=\"images\/stories\/13\/11\/081113\/oa-4ar-faa-accidente-feb2013-2.jpg\" border=\"0\" \/><\/p>\n<p style=\"text-align: justify;\"><strong>(Aeronoticias).<\/strong>&#8211;<em> La UCR denunci\u00f3 que es porque los aviones no est\u00e1n en condiciones. El Congreso no dio el permiso a tiempo.<\/em><\/p>\n<p style=\"text-align: justify;\">En las pistas. Los aviones de ocho pa\u00edses comenzaron el lunes a realizar maniobras en el norte de Brasil. Lo har\u00e1n hasta el 15 de noviembre.<\/p>\n<p style=\"text-align: justify;\">Los radares de la Fuerza A\u00e9rea hicieron el lunes el seguimiento de los caza F-16 de la Fuerza A\u00e9rea de Chile que atravesaron el territorio argentino con destino a Natal, en el norte de Brasil, para sumarse al ejercicio combinado Crucex 2013. Pese a haber comprometido su presencia \u2013y a que la planificaci\u00f3n con las fuerzas a\u00e9reas de otros pa\u00edses llevaba m\u00e1s de un a\u00f1o\u2013, los aviones argentinos se quedaron en tierra: el Congreso no aprob\u00f3 a tiempo la autorizaci\u00f3n para su salida, aunque la UCR denunci\u00f3 que la cuesti\u00f3n de fondo es la falta de aeronaves en condiciones.<\/p>\n<p style=\"text-align: justify;\">El Crucex, iniciado en 2002 y ya en su s\u00e9ptima edici\u00f3n, es el mayor ejercicio de guerra a\u00e9rea de Am\u00e9rica. Este a\u00f1o intervienen 90 aeronaves y 2 mil efectivos de Brasil, Canad\u00e1, Chile, Colombia, Ecuador, EE.UU., Uruguay y Venezuela.<\/p>\n<p style=\"text-align: justify;\">Clar\u00edn consult\u00f3 a la oficina de prensa del ministro de Defensa, Agust\u00edn Rossi, pero no obtuvo respuesta: no hubo explicaci\u00f3n oficial sobre la cancelaci\u00f3n. El diputado radical Julio Mart\u00ednez, en cambio, afirm\u00f3 a este diario que Defensa \u201cenvi\u00f3 tarde\u201d al Senado (dijo que el 10 de octubre) el pedido de autorizaci\u00f3n, \u201cy en plena campa\u00f1a electoral. El mismo kirchnerismo lo planch\u00f3, no hubo voluntad de tratarlo\u201d.<\/p>\n<p style=\"text-align: justify;\">Y fue m\u00e1s all\u00e1 al insistir en que la falta de aprobaci\u00f3n legislativa busc\u00f3 \u201cenmascarar\u201d las falencias que existen con los medios a\u00e9reos. \u201cTratan de dibujar un papel\u00f3n internacional. Tenemos informaci\u00f3n de la fuerza de que no ten\u00edan aviones para ir, que faltan recursos. Los pocos A-4AR que funcionan est\u00e1n sosteniendo precariamente el Escudo Norte\u201d, dijo por el operativo de vigilancia y control del narcotr\u00e1fico, donde la Fuerza A\u00e9rea presta apoyo a las fuerzas de seguridad.<\/p>\n<p style=\"text-align: justify;\">La Argentina se hab\u00eda anotado con seis cazas A-4AR y un H\u00e9rcules. En tiempos de paz, los ejercicios son la raz\u00f3n de ser de la profesi\u00f3n militar, y aunque puedan durar unos pocos d\u00edas en el terreno, son la culminaci\u00f3n de extensos preparativos. Pero los A-4AR basados en Villa Reynolds, San Luis, tuvieron que quedarse en tierra. No es el primer papel\u00f3n internacional de este tipo: en 2008 y 2010, tambi\u00e9n se cancel\u00f3 la asistencia al Crucex porque el Congreso no autoriz\u00f3 a tiempo.<\/p>\n<p style=\"text-align: justify;\">\u00a0<\/p>\n<p style=\"text-align: justify;\">Fuente: <strong>Clar\u00edn<\/strong><\/p>\n<p style=\"text-align: justify;\">Fuente: <strong>Clar\u00edn<\/strong><\/p>\n","protected":false},"excerpt":{"rendered":"<p>(Aeronoticias).&#8211; La UCR denunci\u00f3 que es porque los aviones no est\u00e1n en condiciones. El Congreso no dio el permiso a tiempo. En las pistas. Los aviones de ocho pa\u00edses comenzaron el lunes a realizar maniobras en el norte de Brasil. Lo har\u00e1n hasta el 15 de noviembre. Los radares de la Fuerza A\u00e9rea hicieron el [&hellip;]<\/p>\n","protected":false},"author":1,"featured_media":0,"comment_status":"open","ping_status":"open","sticky":false,"template":"","format":"standard","meta":{"tdm_status":"","tdm_grid_status":"","footnotes":""},"categories":[32],"tags":[],"class_list":{"0":"post-41553","1":"post","2":"type-post","3":"status-publish","4":"format-standard","6":"category-internacional"},"yoast_head":"<!-- This site is optimized with the Yoast SEO plugin v25.1 - https:\/\/yoast.com\/wordpress\/plugins\/seo\/ -->\n<title>Argentina se baj\u00f3 del ejercicio de guerra m\u00e1s grande de Am\u00e9rica<\/title>\n<meta name=\"description\" content=\"Portal de noticias del Per\u00fa sobre el transporte a\u00e9reo, aviaci\u00f3n, turismo, hoteleria, actualidad.\" \/>\n<meta name=\"robots\" content=\"index, follow, max-snippet:-1, max-image-preview:large, max-video-preview:-1\" \/>\n<link rel=\"canonical\" href=\"https:\/\/aeronoticias.com.pe\/noticiero\/transporte-aereo\/internacional\/argentina-se-bajo-del-ejercicio-de-guerra-mas-grande-de-america\/\" \/>\n<meta property=\"og:locale\" content=\"es_ES\" \/>\n<meta property=\"og:type\" content=\"article\" \/>\n<meta property=\"og:title\" content=\"Argentina se baj\u00f3 del ejercicio de guerra m\u00e1s grande de Am\u00e9rica\" \/>\n<meta property=\"og:description\" content=\"Portal de noticias del Per\u00fa sobre el transporte a\u00e9reo, aviaci\u00f3n, turismo, hoteleria, actualidad.\" \/>\n<meta property=\"og:url\" content=\"https:\/\/aeronoticias.com.pe\/noticiero\/transporte-aereo\/internacional\/argentina-se-bajo-del-ejercicio-de-guerra-mas-grande-de-america\/\" \/>\n<meta property=\"og:site_name\" content=\"Aeronoticias.com.pe\" \/>\n<meta property=\"article:publisher\" content=\"https:\/\/www.facebook.com\/Aeronoticias.com.pe\/\" \/>\n<meta property=\"article:published_time\" content=\"2013-11-08T20:47:08+00:00\" \/>\n<meta name=\"author\" content=\"Redacci\u00f3n Aeronoticias\" \/>\n<meta name=\"twitter:card\" content=\"summary_large_image\" \/>\n<meta name=\"twitter:creator\" content=\"@aeronoticias\" \/>\n<meta name=\"twitter:site\" content=\"@aeronoticias\" \/>\n<meta name=\"twitter:label1\" content=\"Escrito por\" \/>\n\t<meta name=\"twitter:data1\" content=\"Redacci\u00f3n Aeronoticias\" \/>\n\t<meta name=\"twitter:label2\" content=\"Tiempo de lectura\" \/>\n\t<meta name=\"twitter:data2\" content=\"2 minutos\" \/>\n<script type=\"application\/ld+json\" class=\"yoast-schema-graph\">{\"@context\":\"https:\/\/schema.org\",\"@graph\":[{\"@type\":\"WebPage\",\"@id\":\"https:\/\/aeronoticias.com.pe\/noticiero\/transporte-aereo\/internacional\/argentina-se-bajo-del-ejercicio-de-guerra-mas-grande-de-america\/\",\"url\":\"https:\/\/aeronoticias.com.pe\/noticiero\/transporte-aereo\/internacional\/argentina-se-bajo-del-ejercicio-de-guerra-mas-grande-de-america\/\",\"name\":\"Argentina se baj\u00f3 del ejercicio de guerra m\u00e1s grande de Am\u00e9rica\",\"isPartOf\":{\"@id\":\"https:\/\/aeronoticias.com.pe\/noticiero\/#website\"},\"datePublished\":\"2013-11-08T20:47:08+00:00\",\"author\":{\"@id\":\"https:\/\/aeronoticias.com.pe\/noticiero\/#\/schema\/person\/fc1e5d578f4b62ba1cf7ac2bba1170a0\"},\"description\":\"Portal de noticias del Per\u00fa sobre el transporte a\u00e9reo, aviaci\u00f3n, turismo, hoteleria, actualidad.\",\"breadcrumb\":{\"@id\":\"https:\/\/aeronoticias.com.pe\/noticiero\/transporte-aereo\/internacional\/argentina-se-bajo-del-ejercicio-de-guerra-mas-grande-de-america\/#breadcrumb\"},\"inLanguage\":\"es\",\"potentialAction\":[{\"@type\":\"ReadAction\",\"target\":[\"https:\/\/aeronoticias.com.pe\/noticiero\/transporte-aereo\/internacional\/argentina-se-bajo-del-ejercicio-de-guerra-mas-grande-de-america\/\"]}]},{\"@type\":\"BreadcrumbList\",\"@id\":\"https:\/\/aeronoticias.com.pe\/noticiero\/transporte-aereo\/internacional\/argentina-se-bajo-del-ejercicio-de-guerra-mas-grande-de-america\/#breadcrumb\",\"itemListElement\":[{\"@type\":\"ListItem\",\"position\":1,\"name\":\"Portada\",\"item\":\"https:\/\/aeronoticias.com.pe\/noticiero\/\"},{\"@type\":\"ListItem\",\"position\":2,\"name\":\"Argentina se baj\u00f3 del ejercicio de guerra m\u00e1s grande de Am\u00e9rica\"}]},{\"@type\":\"WebSite\",\"@id\":\"https:\/\/aeronoticias.com.pe\/noticiero\/#website\",\"url\":\"https:\/\/aeronoticias.com.pe\/noticiero\/\",\"name\":\"Aeronoticias.com.pe\",\"description\":\"Noticias de tranporte aereo, turismo, hoteles, gastronomia, actualidad, internacional\",\"potentialAction\":[{\"@type\":\"SearchAction\",\"target\":{\"@type\":\"EntryPoint\",\"urlTemplate\":\"https:\/\/aeronoticias.com.pe\/noticiero\/?s={search_term_string}\"},\"query-input\":{\"@type\":\"PropertyValueSpecification\",\"valueRequired\":true,\"valueName\":\"search_term_string\"}}],\"inLanguage\":\"es\"},{\"@type\":\"Person\",\"@id\":\"https:\/\/aeronoticias.com.pe\/noticiero\/#\/schema\/person\/fc1e5d578f4b62ba1cf7ac2bba1170a0\",\"name\":\"Redacci\u00f3n Aeronoticias\",\"url\":\"https:\/\/aeronoticias.com.pe\/noticiero\/author\/piloto\/\"}]}<\/script>\n<!-- \/ Yoast SEO plugin. -->","yoast_head_json":{"title":"Argentina se baj\u00f3 del ejercicio de guerra m\u00e1s grande de Am\u00e9rica","description":"Portal de noticias del Per\u00fa sobre el transporte a\u00e9reo, aviaci\u00f3n, turismo, hoteleria, actualidad.","robots":{"index":"index","follow":"follow","max-snippet":"max-snippet:-1","max-image-preview":"max-image-preview:large","max-video-preview":"max-video-preview:-1"},"canonical":"https:\/\/aeronoticias.com.pe\/noticiero\/transporte-aereo\/internacional\/argentina-se-bajo-del-ejercicio-de-guerra-mas-grande-de-america\/","og_locale":"es_ES","og_type":"article","og_title":"Argentina se baj\u00f3 del ejercicio de guerra m\u00e1s grande de Am\u00e9rica","og_description":"Portal de noticias del Per\u00fa sobre el transporte a\u00e9reo, aviaci\u00f3n, turismo, hoteleria, actualidad.","og_url":"https:\/\/aeronoticias.com.pe\/noticiero\/transporte-aereo\/internacional\/argentina-se-bajo-del-ejercicio-de-guerra-mas-grande-de-america\/","og_site_name":"Aeronoticias.com.pe","article_publisher":"https:\/\/www.facebook.com\/Aeronoticias.com.pe\/","article_published_time":"2013-11-08T20:47:08+00:00","author":"Redacci\u00f3n Aeronoticias","twitter_card":"summary_large_image","twitter_creator":"@aeronoticias","twitter_site":"@aeronoticias","twitter_misc":{"Escrito por":"Redacci\u00f3n Aeronoticias","Tiempo de lectura":"2 minutos"},"schema":{"@context":"https:\/\/schema.org","@graph":[{"@type":"WebPage","@id":"https:\/\/aeronoticias.com.pe\/noticiero\/transporte-aereo\/internacional\/argentina-se-bajo-del-ejercicio-de-guerra-mas-grande-de-america\/","url":"https:\/\/aeronoticias.com.pe\/noticiero\/transporte-aereo\/internacional\/argentina-se-bajo-del-ejercicio-de-guerra-mas-grande-de-america\/","name":"Argentina se baj\u00f3 del ejercicio de guerra m\u00e1s grande de Am\u00e9rica","isPartOf":{"@id":"https:\/\/aeronoticias.com.pe\/noticiero\/#website"},"datePublished":"2013-11-08T20:47:08+00:00","author":{"@id":"https:\/\/aeronoticias.com.pe\/noticiero\/#\/schema\/person\/fc1e5d578f4b62ba1cf7ac2bba1170a0"},"description":"Portal de noticias del Per\u00fa sobre el transporte a\u00e9reo, aviaci\u00f3n, turismo, hoteleria, actualidad.","breadcrumb":{"@id":"https:\/\/aeronoticias.com.pe\/noticiero\/transporte-aereo\/internacional\/argentina-se-bajo-del-ejercicio-de-guerra-mas-grande-de-america\/#breadcrumb"},"inLanguage":"es","potentialAction":[{"@type":"ReadAction","target":["https:\/\/aeronoticias.com.pe\/noticiero\/transporte-aereo\/internacional\/argentina-se-bajo-del-ejercicio-de-guerra-mas-grande-de-america\/"]}]},{"@type":"BreadcrumbList","@id":"https:\/\/aeronoticias.com.pe\/noticiero\/transporte-aereo\/internacional\/argentina-se-bajo-del-ejercicio-de-guerra-mas-grande-de-america\/#breadcrumb","itemListElement":[{"@type":"ListItem","position":1,"name":"Portada","item":"https:\/\/aeronoticias.com.pe\/noticiero\/"},{"@type":"ListItem","position":2,"name":"Argentina se baj\u00f3 del ejercicio de guerra m\u00e1s grande de Am\u00e9rica"}]},{"@type":"WebSite","@id":"https:\/\/aeronoticias.com.pe\/noticiero\/#website","url":"https:\/\/aeronoticias.com.pe\/noticiero\/","name":"Aeronoticias.com.pe","description":"Noticias de tranporte aereo, turismo, hoteles, gastronomia, actualidad, internacional","potentialAction":[{"@type":"SearchAction","target":{"@type":"EntryPoint","urlTemplate":"https:\/\/aeronoticias.com.pe\/noticiero\/?s={search_term_string}"},"query-input":{"@type":"PropertyValueSpecification","valueRequired":true,"valueName":"search_term_string"}}],"inLanguage":"es"},{"@type":"Person","@id":"https:\/\/aeronoticias.com.pe\/noticiero\/#\/schema\/person\/fc1e5d578f4b62ba1cf7ac2bba1170a0","name":"Redacci\u00f3n Aeronoticias","url":"https:\/\/aeronoticias.com.pe\/noticiero\/author\/piloto\/"}]}},"_links":{"self":[{"href":"https:\/\/aeronoticias.com.pe\/noticiero\/wp-json\/wp\/v2\/posts\/41553","targetHints":{"allow":["GET"]}}],"collection":[{"href":"https:\/\/aeronoticias.com.pe\/noticiero\/wp-json\/wp\/v2\/posts"}],"about":[{"href":"https:\/\/aeronoticias.com.pe\/noticiero\/wp-json\/wp\/v2\/types\/post"}],"author":[{"embeddable":true,"href":"https:\/\/aeronoticias.com.pe\/noticiero\/wp-json\/wp\/v2\/users\/1"}],"replies":[{"embeddable":true,"href":"https:\/\/aeronoticias.com.pe\/noticiero\/wp-json\/wp\/v2\/comments?post=41553"}],"version-history":[{"count":0,"href":"https:\/\/aeronoticias.com.pe\/noticiero\/wp-json\/wp\/v2\/posts\/41553\/revisions"}],"wp:attachment":[{"href":"https:\/\/aeronoticias.com.pe\/noticiero\/wp-json\/wp\/v2\/media?parent=41553"}],"wp:term":[{"taxonomy":"category","embeddable":true,"href":"https:\/\/aeronoticias.com.pe\/noticiero\/wp-json\/wp\/v2\/categories?post=41553"},{"taxonomy":"post_tag","embeddable":true,"href":"https:\/\/aeronoticias.com.pe\/noticiero\/wp-json\/wp\/v2\/tags?post=41553"}],"curies":[{"name":"wp","href":"https:\/\/api.w.org\/{rel}","templated":true}]}}