{"id":41554,"date":"2013-11-08T21:19:31","date_gmt":"2013-11-08T21:19:31","guid":{"rendered":"http:\/\/desarrollo.mcvicious.com\/aero2020\/2013\/11\/08\/colegio-de-abogados-de-lima-debatira-mocion-para-declarar-persona-no-grata-al-senor-alejandro-ramirez-merino\/"},"modified":"2013-11-08T21:19:31","modified_gmt":"2013-11-08T21:19:31","slug":"colegio-de-abogados-de-lima-debatira-mocion-para-declarar-persona-no-grata-al-senor-alejandro-ramirez-merino","status":"publish","type":"post","link":"https:\/\/aeronoticias.com.pe\/noticiero\/49\/colegio-de-abogados-de-lima-debatira-mocion-para-declarar-persona-no-grata-al-senor-alejandro-ramirez-merino\/","title":{"rendered":"Colegio de abogados de Lima debatir\u00e1 moci\u00f3n para declarar \u2018persona no grata\u2019 al se\u00f1or Alejandro Ram\u00edrez Merino"},"content":{"rendered":"<p style=\"text-align: justify;\"><strong>(Aeronoticias)<\/strong> El d\u00eda de hoy se puso en agenda de la Junta Directiva del Colegio de Abogados de Lima una moci\u00f3n para declarar persona no grata del gremio al se\u00f1or Alejandro Ram\u00edrez Merino, un ex trabajador asalariado de tercer nivel de esta instituci\u00f3n que desempe\u00f1ara una funci\u00f3n de poca importancia en la Direcci\u00f3n de Telecomunicaciones del CAL en el 2012 y que luego de que no se le renovara el contrato se ha dedicado a difamar \u00a0a miembros de la Junta Directiva del CAL.<\/p>\n<p style=\"text-align: justify;\">A la fecha se ha tomado conocimiento que se interpondr\u00eda una denuncia penal contra Alejandro Ram\u00edrez Merino un supuesto periodista, editor de un bolet\u00edn autodenominado \u201cEl Mensajero\u201d, que en reciente publicaci\u00f3n le habr\u00eda faltado el respeto a dign\u00edsimos miembros de la Junta Directiva.<\/p>\n<p style=\"text-align: justify;\">El Colegio de Abogados de Lima tendr\u00eda el derecho a impedirle la entrada a este personaje a todas sus instalaciones de Miraflores, Lima y Ricardo Palma y se cursar\u00eda una carta \u00a0a cada una de las embajadas acreditadas en el Per\u00fa, precisando que este se\u00f1or no tiene ning\u00fan tipo de relaci\u00f3n contractual con el Colegio de Abogados de Lima.<\/p>\n<p style=\"text-align: justify;\">Se est\u00e1 investigando quien es el financista o qu\u00e9 instituci\u00f3n paga la sucia campa\u00f1a para que \u00a0este bolet\u00edn \u201cEL Mensajero\u201d \u00a0afecte la imagen de la abogac\u00eda peruana, dentro de un contexto en el cual nadie entiende como una persona ajena al gremio y a quien se le ha retirado la confianza como dependiente laboral ha estado durante el 2013, pr\u00e1cticamente todo el d\u00eda en el Colegio de Abogados de Lima.<\/p>\n<p style=\"text-align: justify;\">Pronto se sabr\u00e1 qu\u00e9 abogados, violando la \u00e9tica profesional de los Colegios de Abogados del Per\u00fa estar\u00edan detr\u00e1s de este cuestionado personaje-Alejandro Ram\u00edrez Merino-que ser\u00eda declarado \u201cpersona no grata\u201d al Colegio de Abogados de Lima e impedido de ingresar a todas las instalaciones.<\/p>\n<p style=\"text-align: justify;\">El Presidente del Consejo de \u00c9tica del Colegio de Abogados de Lima, Dr. Abelardo Abrill Encinas Silva, Director de \u00c9tica Profesional, dijo que si se detecta que alg\u00fan mal abogado que trabaje o no en el Colegio de Abogados de Lima este financiando \u00e9sta sucia campa\u00f1a de este se\u00f1or Alejandro Ram\u00edrez Merino ser\u00e1 denunciado por graves faltas \u00e9ticas al C\u00f3digo de \u00c9tica de los Colegios de Abogados del Per\u00fa y podr\u00eda inclusive ser suspendido por 5 a\u00f1os o expulsado para toda la vida, ya que ser\u00eda grave que abogados del CAL se presenten a la campa\u00f1a como autores intelectuales de este trabajador despedido del CAL, Alejandro Ram\u00edrez Merino.<\/p>\n<p style=\"text-align: justify;\"><img decoding=\"async\" src=\"images\/stories\/13\/11\/071113\/mensajero.jpg\" border=\"0\" \/><\/p>\n","protected":false},"excerpt":{"rendered":"<p>(Aeronoticias) El d\u00eda de hoy se puso en agenda de la Junta Directiva del Colegio de Abogados de Lima una moci\u00f3n para declarar persona no grata del gremio al se\u00f1or Alejandro Ram\u00edrez Merino, un ex trabajador asalariado de tercer nivel de esta instituci\u00f3n que desempe\u00f1ara una funci\u00f3n de poca importancia en la Direcci\u00f3n de Telecomunicaciones [&hellip;]<\/p>\n","protected":false},"author":1,"featured_media":0,"comment_status":"open","ping_status":"open","sticky":false,"template":"","format":"standard","meta":{"tdm_status":"","tdm_grid_status":"","footnotes":""},"categories":[39],"tags":[],"class_list":{"0":"post-41554","1":"post","2":"type-post","3":"status-publish","4":"format-standard","6":"category-39"},"yoast_head":"<!-- This site is optimized with the Yoast SEO plugin v25.1 - https:\/\/yoast.com\/wordpress\/plugins\/seo\/ -->\n<title>Colegio de abogados de Lima debatir\u00e1 moci\u00f3n para declarar \u2018persona no grata\u2019 al se\u00f1or Alejandro Ram\u00edrez Merino<\/title>\n<meta name=\"description\" content=\"Portal de noticias del Per\u00fa sobre el transporte a\u00e9reo, aviaci\u00f3n, turismo, hoteleria, actualidad.\" \/>\n<meta name=\"robots\" content=\"index, follow, max-snippet:-1, max-image-preview:large, max-video-preview:-1\" \/>\n<link rel=\"canonical\" href=\"https:\/\/aeronoticias.com.pe\/noticiero\/49\/colegio-de-abogados-de-lima-debatira-mocion-para-declarar-persona-no-grata-al-senor-alejandro-ramirez-merino\/\" \/>\n<meta property=\"og:locale\" content=\"es_ES\" \/>\n<meta property=\"og:type\" content=\"article\" \/>\n<meta property=\"og:title\" content=\"Colegio de abogados de Lima debatir\u00e1 moci\u00f3n para declarar \u2018persona no grata\u2019 al se\u00f1or Alejandro Ram\u00edrez Merino\" \/>\n<meta property=\"og:description\" content=\"Portal de noticias del Per\u00fa sobre el transporte a\u00e9reo, aviaci\u00f3n, turismo, hoteleria, actualidad.\" \/>\n<meta property=\"og:url\" content=\"https:\/\/aeronoticias.com.pe\/noticiero\/49\/colegio-de-abogados-de-lima-debatira-mocion-para-declarar-persona-no-grata-al-senor-alejandro-ramirez-merino\/\" \/>\n<meta property=\"og:site_name\" content=\"Aeronoticias.com.pe\" \/>\n<meta property=\"article:publisher\" content=\"https:\/\/www.facebook.com\/Aeronoticias.com.pe\/\" \/>\n<meta property=\"article:published_time\" content=\"2013-11-08T21:19:31+00:00\" \/>\n<meta name=\"author\" content=\"Redacci\u00f3n Aeronoticias\" \/>\n<meta name=\"twitter:card\" content=\"summary_large_image\" \/>\n<meta name=\"twitter:creator\" content=\"@aeronoticias\" \/>\n<meta name=\"twitter:site\" content=\"@aeronoticias\" \/>\n<meta name=\"twitter:label1\" content=\"Escrito por\" \/>\n\t<meta name=\"twitter:data1\" content=\"Redacci\u00f3n Aeronoticias\" \/>\n\t<meta name=\"twitter:label2\" content=\"Tiempo de lectura\" \/>\n\t<meta name=\"twitter:data2\" content=\"2 minutos\" \/>\n<script type=\"application\/ld+json\" class=\"yoast-schema-graph\">{\"@context\":\"https:\/\/schema.org\",\"@graph\":[{\"@type\":\"WebPage\",\"@id\":\"https:\/\/aeronoticias.com.pe\/noticiero\/49\/colegio-de-abogados-de-lima-debatira-mocion-para-declarar-persona-no-grata-al-senor-alejandro-ramirez-merino\/\",\"url\":\"https:\/\/aeronoticias.com.pe\/noticiero\/49\/colegio-de-abogados-de-lima-debatira-mocion-para-declarar-persona-no-grata-al-senor-alejandro-ramirez-merino\/\",\"name\":\"Colegio de abogados de Lima debatir\u00e1 moci\u00f3n para declarar \u2018persona no grata\u2019 al se\u00f1or Alejandro Ram\u00edrez Merino\",\"isPartOf\":{\"@id\":\"https:\/\/aeronoticias.com.pe\/noticiero\/#website\"},\"datePublished\":\"2013-11-08T21:19:31+00:00\",\"author\":{\"@id\":\"https:\/\/aeronoticias.com.pe\/noticiero\/#\/schema\/person\/fc1e5d578f4b62ba1cf7ac2bba1170a0\"},\"description\":\"Portal de noticias del Per\u00fa sobre el transporte a\u00e9reo, aviaci\u00f3n, turismo, hoteleria, actualidad.\",\"breadcrumb\":{\"@id\":\"https:\/\/aeronoticias.com.pe\/noticiero\/49\/colegio-de-abogados-de-lima-debatira-mocion-para-declarar-persona-no-grata-al-senor-alejandro-ramirez-merino\/#breadcrumb\"},\"inLanguage\":\"es\",\"potentialAction\":[{\"@type\":\"ReadAction\",\"target\":[\"https:\/\/aeronoticias.com.pe\/noticiero\/49\/colegio-de-abogados-de-lima-debatira-mocion-para-declarar-persona-no-grata-al-senor-alejandro-ramirez-merino\/\"]}]},{\"@type\":\"BreadcrumbList\",\"@id\":\"https:\/\/aeronoticias.com.pe\/noticiero\/49\/colegio-de-abogados-de-lima-debatira-mocion-para-declarar-persona-no-grata-al-senor-alejandro-ramirez-merino\/#breadcrumb\",\"itemListElement\":[{\"@type\":\"ListItem\",\"position\":1,\"name\":\"Portada\",\"item\":\"https:\/\/aeronoticias.com.pe\/noticiero\/\"},{\"@type\":\"ListItem\",\"position\":2,\"name\":\"Colegio de abogados de Lima debatir\u00e1 moci\u00f3n para declarar \u2018persona no grata\u2019 al se\u00f1or Alejandro Ram\u00edrez Merino\"}]},{\"@type\":\"WebSite\",\"@id\":\"https:\/\/aeronoticias.com.pe\/noticiero\/#website\",\"url\":\"https:\/\/aeronoticias.com.pe\/noticiero\/\",\"name\":\"Aeronoticias.com.pe\",\"description\":\"Noticias de tranporte aereo, turismo, hoteles, gastronomia, actualidad, internacional\",\"potentialAction\":[{\"@type\":\"SearchAction\",\"target\":{\"@type\":\"EntryPoint\",\"urlTemplate\":\"https:\/\/aeronoticias.com.pe\/noticiero\/?s={search_term_string}\"},\"query-input\":{\"@type\":\"PropertyValueSpecification\",\"valueRequired\":true,\"valueName\":\"search_term_string\"}}],\"inLanguage\":\"es\"},{\"@type\":\"Person\",\"@id\":\"https:\/\/aeronoticias.com.pe\/noticiero\/#\/schema\/person\/fc1e5d578f4b62ba1cf7ac2bba1170a0\",\"name\":\"Redacci\u00f3n Aeronoticias\",\"url\":\"https:\/\/aeronoticias.com.pe\/noticiero\/author\/piloto\/\"}]}<\/script>\n<!-- \/ Yoast SEO plugin. -->","yoast_head_json":{"title":"Colegio de abogados de Lima debatir\u00e1 moci\u00f3n para declarar \u2018persona no grata\u2019 al se\u00f1or Alejandro Ram\u00edrez Merino","description":"Portal de noticias del Per\u00fa sobre el transporte a\u00e9reo, aviaci\u00f3n, turismo, hoteleria, actualidad.","robots":{"index":"index","follow":"follow","max-snippet":"max-snippet:-1","max-image-preview":"max-image-preview:large","max-video-preview":"max-video-preview:-1"},"canonical":"https:\/\/aeronoticias.com.pe\/noticiero\/49\/colegio-de-abogados-de-lima-debatira-mocion-para-declarar-persona-no-grata-al-senor-alejandro-ramirez-merino\/","og_locale":"es_ES","og_type":"article","og_title":"Colegio de abogados de Lima debatir\u00e1 moci\u00f3n para declarar \u2018persona no grata\u2019 al se\u00f1or Alejandro Ram\u00edrez Merino","og_description":"Portal de noticias del Per\u00fa sobre el transporte a\u00e9reo, aviaci\u00f3n, turismo, hoteleria, actualidad.","og_url":"https:\/\/aeronoticias.com.pe\/noticiero\/49\/colegio-de-abogados-de-lima-debatira-mocion-para-declarar-persona-no-grata-al-senor-alejandro-ramirez-merino\/","og_site_name":"Aeronoticias.com.pe","article_publisher":"https:\/\/www.facebook.com\/Aeronoticias.com.pe\/","article_published_time":"2013-11-08T21:19:31+00:00","author":"Redacci\u00f3n Aeronoticias","twitter_card":"summary_large_image","twitter_creator":"@aeronoticias","twitter_site":"@aeronoticias","twitter_misc":{"Escrito por":"Redacci\u00f3n Aeronoticias","Tiempo de lectura":"2 minutos"},"schema":{"@context":"https:\/\/schema.org","@graph":[{"@type":"WebPage","@id":"https:\/\/aeronoticias.com.pe\/noticiero\/49\/colegio-de-abogados-de-lima-debatira-mocion-para-declarar-persona-no-grata-al-senor-alejandro-ramirez-merino\/","url":"https:\/\/aeronoticias.com.pe\/noticiero\/49\/colegio-de-abogados-de-lima-debatira-mocion-para-declarar-persona-no-grata-al-senor-alejandro-ramirez-merino\/","name":"Colegio de abogados de Lima debatir\u00e1 moci\u00f3n para declarar \u2018persona no grata\u2019 al se\u00f1or Alejandro Ram\u00edrez Merino","isPartOf":{"@id":"https:\/\/aeronoticias.com.pe\/noticiero\/#website"},"datePublished":"2013-11-08T21:19:31+00:00","author":{"@id":"https:\/\/aeronoticias.com.pe\/noticiero\/#\/schema\/person\/fc1e5d578f4b62ba1cf7ac2bba1170a0"},"description":"Portal de noticias del Per\u00fa sobre el transporte a\u00e9reo, aviaci\u00f3n, turismo, hoteleria, actualidad.","breadcrumb":{"@id":"https:\/\/aeronoticias.com.pe\/noticiero\/49\/colegio-de-abogados-de-lima-debatira-mocion-para-declarar-persona-no-grata-al-senor-alejandro-ramirez-merino\/#breadcrumb"},"inLanguage":"es","potentialAction":[{"@type":"ReadAction","target":["https:\/\/aeronoticias.com.pe\/noticiero\/49\/colegio-de-abogados-de-lima-debatira-mocion-para-declarar-persona-no-grata-al-senor-alejandro-ramirez-merino\/"]}]},{"@type":"BreadcrumbList","@id":"https:\/\/aeronoticias.com.pe\/noticiero\/49\/colegio-de-abogados-de-lima-debatira-mocion-para-declarar-persona-no-grata-al-senor-alejandro-ramirez-merino\/#breadcrumb","itemListElement":[{"@type":"ListItem","position":1,"name":"Portada","item":"https:\/\/aeronoticias.com.pe\/noticiero\/"},{"@type":"ListItem","position":2,"name":"Colegio de abogados de Lima debatir\u00e1 moci\u00f3n para declarar \u2018persona no grata\u2019 al se\u00f1or Alejandro Ram\u00edrez Merino"}]},{"@type":"WebSite","@id":"https:\/\/aeronoticias.com.pe\/noticiero\/#website","url":"https:\/\/aeronoticias.com.pe\/noticiero\/","name":"Aeronoticias.com.pe","description":"Noticias de tranporte aereo, turismo, hoteles, gastronomia, actualidad, internacional","potentialAction":[{"@type":"SearchAction","target":{"@type":"EntryPoint","urlTemplate":"https:\/\/aeronoticias.com.pe\/noticiero\/?s={search_term_string}"},"query-input":{"@type":"PropertyValueSpecification","valueRequired":true,"valueName":"search_term_string"}}],"inLanguage":"es"},{"@type":"Person","@id":"https:\/\/aeronoticias.com.pe\/noticiero\/#\/schema\/person\/fc1e5d578f4b62ba1cf7ac2bba1170a0","name":"Redacci\u00f3n Aeronoticias","url":"https:\/\/aeronoticias.com.pe\/noticiero\/author\/piloto\/"}]}},"_links":{"self":[{"href":"https:\/\/aeronoticias.com.pe\/noticiero\/wp-json\/wp\/v2\/posts\/41554","targetHints":{"allow":["GET"]}}],"collection":[{"href":"https:\/\/aeronoticias.com.pe\/noticiero\/wp-json\/wp\/v2\/posts"}],"about":[{"href":"https:\/\/aeronoticias.com.pe\/noticiero\/wp-json\/wp\/v2\/types\/post"}],"author":[{"embeddable":true,"href":"https:\/\/aeronoticias.com.pe\/noticiero\/wp-json\/wp\/v2\/users\/1"}],"replies":[{"embeddable":true,"href":"https:\/\/aeronoticias.com.pe\/noticiero\/wp-json\/wp\/v2\/comments?post=41554"}],"version-history":[{"count":0,"href":"https:\/\/aeronoticias.com.pe\/noticiero\/wp-json\/wp\/v2\/posts\/41554\/revisions"}],"wp:attachment":[{"href":"https:\/\/aeronoticias.com.pe\/noticiero\/wp-json\/wp\/v2\/media?parent=41554"}],"wp:term":[{"taxonomy":"category","embeddable":true,"href":"https:\/\/aeronoticias.com.pe\/noticiero\/wp-json\/wp\/v2\/categories?post=41554"},{"taxonomy":"post_tag","embeddable":true,"href":"https:\/\/aeronoticias.com.pe\/noticiero\/wp-json\/wp\/v2\/tags?post=41554"}],"curies":[{"name":"wp","href":"https:\/\/api.w.org\/{rel}","templated":true}]}}