{"id":41556,"date":"2013-11-08T21:34:31","date_gmt":"2013-11-08T21:34:31","guid":{"rendered":"http:\/\/desarrollo.mcvicious.com\/aero2020\/2013\/11\/08\/el-aeropuerto-de-barcelona-crecio-un-95-en-el-numero-de-pasajeros-intercontinentales-durante-octubre\/"},"modified":"2013-11-08T21:34:31","modified_gmt":"2013-11-08T21:34:31","slug":"el-aeropuerto-de-barcelona-crecio-un-95-en-el-numero-de-pasajeros-intercontinentales-durante-octubre","status":"publish","type":"post","link":"https:\/\/aeronoticias.com.pe\/noticiero\/transporte-aereo\/internacional\/el-aeropuerto-de-barcelona-crecio-un-95-en-el-numero-de-pasajeros-intercontinentales-durante-octubre\/","title":{"rendered":"El Aeropuerto de Barcelona creci\u00f3 un 9,5% en el n\u00famero de pasajeros intercontinentales durante Octubre"},"content":{"rendered":"<p><img decoding=\"async\" src=\"images\/stories\/13\/11\/081113\/barce1.jpg\" border=\"0\" \/><\/p>\n<p style=\"text-align: justify;\"><strong>(Aeronoticias).<\/strong>&#8211; El Aeropuerto de Barcelona-El Prat cerr\u00f3 la temporada de verano con un nuevo crecimiento en el n\u00famero de pasajeros. Durante el mes de octubre, un 2,1% m\u00e1s de usuarios pasaron por las instalaciones barcelonesas, alcanzando un total de 3.119.098.<\/p>\n<p style=\"text-align: justify;\">Estas cifras se consolidan gracias, sobre todo, al crecimiento Internacional no UE que fue del 10,4%, con un destacado incremento del 9,5% en el n\u00famero de pasajeros intercontinentales.<\/p>\n<p style=\"text-align: justify;\">En lo que llevamos de a\u00f1o, el aeropuerto ya ha superado los 30,5 millones de pasajeros y disminuye levemente la diferencia negativa con el a\u00f1o pasado que ahora se sit\u00faa en un menos 0,5%. El principal motivo sigue siendo la ca\u00edda de los usuarios del tr\u00e1fico nacional que en lo que llevamos de a\u00f1o es de un 12,1%.<\/p>\n<p style=\"text-align: justify;\">En el apartado de operaciones, en el mes de octubre se realizaron 24.087 un 4,6% menos que en el mismo periodo del a\u00f1o pasado, mientras que en el acumulado ya se han operado 237.558, un menos 5,3%.<\/p>\n<p style=\"text-align: justify;\">Por el contrario, el transporte de mercanc\u00edas contin\u00faa creciendo y durante el mes pasado lo hizo en un 6,4%. De enero a octubre, ya se han transportado m\u00e1s de 82 millones de kilos de carga, lo que se traduce en un m\u00e1s 2,1% con respecto a 2012.<\/p>\n<p style=\"text-align: justify;\">\u00a0<\/p>\n<p style=\"text-align: justify;\">Fuente:<strong> Aerotendencias<\/strong><\/p>\n<p style=\"text-align: justify;\">Foto: <strong>noticiaslogisticaytransporte<\/strong><\/p>\n<p>\u00a0<\/p>\n<p>\u00a0<\/p>\n","protected":false},"excerpt":{"rendered":"<p>(Aeronoticias).&#8211; El Aeropuerto de Barcelona-El Prat cerr\u00f3 la temporada de verano con un nuevo crecimiento en el n\u00famero de pasajeros. Durante el mes de octubre, un 2,1% m\u00e1s de usuarios pasaron por las instalaciones barcelonesas, alcanzando un total de 3.119.098. Estas cifras se consolidan gracias, sobre todo, al crecimiento Internacional no UE que fue del [&hellip;]<\/p>\n","protected":false},"author":1,"featured_media":0,"comment_status":"open","ping_status":"open","sticky":false,"template":"","format":"standard","meta":{"tdm_status":"","tdm_grid_status":"","footnotes":""},"categories":[32],"tags":[],"class_list":{"0":"post-41556","1":"post","2":"type-post","3":"status-publish","4":"format-standard","6":"category-internacional"},"yoast_head":"<!-- This site is optimized with the Yoast SEO plugin v25.1 - https:\/\/yoast.com\/wordpress\/plugins\/seo\/ -->\n<title>El Aeropuerto de Barcelona creci\u00f3 un 9,5% en el n\u00famero de pasajeros intercontinentales durante Octubre<\/title>\n<meta name=\"description\" content=\"Portal de noticias del Per\u00fa sobre el transporte a\u00e9reo, aviaci\u00f3n, turismo, hoteleria, actualidad.\" \/>\n<meta name=\"robots\" content=\"index, follow, max-snippet:-1, max-image-preview:large, max-video-preview:-1\" \/>\n<link rel=\"canonical\" href=\"https:\/\/aeronoticias.com.pe\/noticiero\/transporte-aereo\/internacional\/el-aeropuerto-de-barcelona-crecio-un-95-en-el-numero-de-pasajeros-intercontinentales-durante-octubre\/\" \/>\n<meta property=\"og:locale\" content=\"es_ES\" \/>\n<meta property=\"og:type\" content=\"article\" \/>\n<meta property=\"og:title\" content=\"El Aeropuerto de Barcelona creci\u00f3 un 9,5% en el n\u00famero de pasajeros intercontinentales durante Octubre\" \/>\n<meta property=\"og:description\" content=\"Portal de noticias del Per\u00fa sobre el transporte a\u00e9reo, aviaci\u00f3n, turismo, hoteleria, actualidad.\" \/>\n<meta property=\"og:url\" content=\"https:\/\/aeronoticias.com.pe\/noticiero\/transporte-aereo\/internacional\/el-aeropuerto-de-barcelona-crecio-un-95-en-el-numero-de-pasajeros-intercontinentales-durante-octubre\/\" \/>\n<meta property=\"og:site_name\" content=\"Aeronoticias.com.pe\" \/>\n<meta property=\"article:publisher\" content=\"https:\/\/www.facebook.com\/Aeronoticias.com.pe\/\" \/>\n<meta property=\"article:published_time\" content=\"2013-11-08T21:34:31+00:00\" \/>\n<meta name=\"author\" content=\"Redacci\u00f3n Aeronoticias\" \/>\n<meta name=\"twitter:card\" content=\"summary_large_image\" \/>\n<meta name=\"twitter:creator\" content=\"@aeronoticias\" \/>\n<meta name=\"twitter:site\" content=\"@aeronoticias\" \/>\n<meta name=\"twitter:label1\" content=\"Escrito por\" \/>\n\t<meta name=\"twitter:data1\" content=\"Redacci\u00f3n Aeronoticias\" \/>\n\t<meta name=\"twitter:label2\" content=\"Tiempo de lectura\" \/>\n\t<meta name=\"twitter:data2\" content=\"1 minuto\" \/>\n<script type=\"application\/ld+json\" class=\"yoast-schema-graph\">{\"@context\":\"https:\/\/schema.org\",\"@graph\":[{\"@type\":\"WebPage\",\"@id\":\"https:\/\/aeronoticias.com.pe\/noticiero\/transporte-aereo\/internacional\/el-aeropuerto-de-barcelona-crecio-un-95-en-el-numero-de-pasajeros-intercontinentales-durante-octubre\/\",\"url\":\"https:\/\/aeronoticias.com.pe\/noticiero\/transporte-aereo\/internacional\/el-aeropuerto-de-barcelona-crecio-un-95-en-el-numero-de-pasajeros-intercontinentales-durante-octubre\/\",\"name\":\"El Aeropuerto de Barcelona creci\u00f3 un 9,5% en el n\u00famero de pasajeros intercontinentales durante Octubre\",\"isPartOf\":{\"@id\":\"https:\/\/aeronoticias.com.pe\/noticiero\/#website\"},\"datePublished\":\"2013-11-08T21:34:31+00:00\",\"author\":{\"@id\":\"https:\/\/aeronoticias.com.pe\/noticiero\/#\/schema\/person\/fc1e5d578f4b62ba1cf7ac2bba1170a0\"},\"description\":\"Portal de noticias del Per\u00fa sobre el transporte a\u00e9reo, aviaci\u00f3n, turismo, hoteleria, actualidad.\",\"breadcrumb\":{\"@id\":\"https:\/\/aeronoticias.com.pe\/noticiero\/transporte-aereo\/internacional\/el-aeropuerto-de-barcelona-crecio-un-95-en-el-numero-de-pasajeros-intercontinentales-durante-octubre\/#breadcrumb\"},\"inLanguage\":\"es\",\"potentialAction\":[{\"@type\":\"ReadAction\",\"target\":[\"https:\/\/aeronoticias.com.pe\/noticiero\/transporte-aereo\/internacional\/el-aeropuerto-de-barcelona-crecio-un-95-en-el-numero-de-pasajeros-intercontinentales-durante-octubre\/\"]}]},{\"@type\":\"BreadcrumbList\",\"@id\":\"https:\/\/aeronoticias.com.pe\/noticiero\/transporte-aereo\/internacional\/el-aeropuerto-de-barcelona-crecio-un-95-en-el-numero-de-pasajeros-intercontinentales-durante-octubre\/#breadcrumb\",\"itemListElement\":[{\"@type\":\"ListItem\",\"position\":1,\"name\":\"Portada\",\"item\":\"https:\/\/aeronoticias.com.pe\/noticiero\/\"},{\"@type\":\"ListItem\",\"position\":2,\"name\":\"El Aeropuerto de Barcelona creci\u00f3 un 9,5% en el n\u00famero de pasajeros intercontinentales durante Octubre\"}]},{\"@type\":\"WebSite\",\"@id\":\"https:\/\/aeronoticias.com.pe\/noticiero\/#website\",\"url\":\"https:\/\/aeronoticias.com.pe\/noticiero\/\",\"name\":\"Aeronoticias.com.pe\",\"description\":\"Noticias de tranporte aereo, turismo, hoteles, gastronomia, actualidad, internacional\",\"potentialAction\":[{\"@type\":\"SearchAction\",\"target\":{\"@type\":\"EntryPoint\",\"urlTemplate\":\"https:\/\/aeronoticias.com.pe\/noticiero\/?s={search_term_string}\"},\"query-input\":{\"@type\":\"PropertyValueSpecification\",\"valueRequired\":true,\"valueName\":\"search_term_string\"}}],\"inLanguage\":\"es\"},{\"@type\":\"Person\",\"@id\":\"https:\/\/aeronoticias.com.pe\/noticiero\/#\/schema\/person\/fc1e5d578f4b62ba1cf7ac2bba1170a0\",\"name\":\"Redacci\u00f3n Aeronoticias\",\"url\":\"https:\/\/aeronoticias.com.pe\/noticiero\/author\/piloto\/\"}]}<\/script>\n<!-- \/ Yoast SEO plugin. -->","yoast_head_json":{"title":"El Aeropuerto de Barcelona creci\u00f3 un 9,5% en el n\u00famero de pasajeros intercontinentales durante Octubre","description":"Portal de noticias del Per\u00fa sobre el transporte a\u00e9reo, aviaci\u00f3n, turismo, hoteleria, actualidad.","robots":{"index":"index","follow":"follow","max-snippet":"max-snippet:-1","max-image-preview":"max-image-preview:large","max-video-preview":"max-video-preview:-1"},"canonical":"https:\/\/aeronoticias.com.pe\/noticiero\/transporte-aereo\/internacional\/el-aeropuerto-de-barcelona-crecio-un-95-en-el-numero-de-pasajeros-intercontinentales-durante-octubre\/","og_locale":"es_ES","og_type":"article","og_title":"El Aeropuerto de Barcelona creci\u00f3 un 9,5% en el n\u00famero de pasajeros intercontinentales durante Octubre","og_description":"Portal de noticias del Per\u00fa sobre el transporte a\u00e9reo, aviaci\u00f3n, turismo, hoteleria, actualidad.","og_url":"https:\/\/aeronoticias.com.pe\/noticiero\/transporte-aereo\/internacional\/el-aeropuerto-de-barcelona-crecio-un-95-en-el-numero-de-pasajeros-intercontinentales-durante-octubre\/","og_site_name":"Aeronoticias.com.pe","article_publisher":"https:\/\/www.facebook.com\/Aeronoticias.com.pe\/","article_published_time":"2013-11-08T21:34:31+00:00","author":"Redacci\u00f3n Aeronoticias","twitter_card":"summary_large_image","twitter_creator":"@aeronoticias","twitter_site":"@aeronoticias","twitter_misc":{"Escrito por":"Redacci\u00f3n Aeronoticias","Tiempo de lectura":"1 minuto"},"schema":{"@context":"https:\/\/schema.org","@graph":[{"@type":"WebPage","@id":"https:\/\/aeronoticias.com.pe\/noticiero\/transporte-aereo\/internacional\/el-aeropuerto-de-barcelona-crecio-un-95-en-el-numero-de-pasajeros-intercontinentales-durante-octubre\/","url":"https:\/\/aeronoticias.com.pe\/noticiero\/transporte-aereo\/internacional\/el-aeropuerto-de-barcelona-crecio-un-95-en-el-numero-de-pasajeros-intercontinentales-durante-octubre\/","name":"El Aeropuerto de Barcelona creci\u00f3 un 9,5% en el n\u00famero de pasajeros intercontinentales durante Octubre","isPartOf":{"@id":"https:\/\/aeronoticias.com.pe\/noticiero\/#website"},"datePublished":"2013-11-08T21:34:31+00:00","author":{"@id":"https:\/\/aeronoticias.com.pe\/noticiero\/#\/schema\/person\/fc1e5d578f4b62ba1cf7ac2bba1170a0"},"description":"Portal de noticias del Per\u00fa sobre el transporte a\u00e9reo, aviaci\u00f3n, turismo, hoteleria, actualidad.","breadcrumb":{"@id":"https:\/\/aeronoticias.com.pe\/noticiero\/transporte-aereo\/internacional\/el-aeropuerto-de-barcelona-crecio-un-95-en-el-numero-de-pasajeros-intercontinentales-durante-octubre\/#breadcrumb"},"inLanguage":"es","potentialAction":[{"@type":"ReadAction","target":["https:\/\/aeronoticias.com.pe\/noticiero\/transporte-aereo\/internacional\/el-aeropuerto-de-barcelona-crecio-un-95-en-el-numero-de-pasajeros-intercontinentales-durante-octubre\/"]}]},{"@type":"BreadcrumbList","@id":"https:\/\/aeronoticias.com.pe\/noticiero\/transporte-aereo\/internacional\/el-aeropuerto-de-barcelona-crecio-un-95-en-el-numero-de-pasajeros-intercontinentales-durante-octubre\/#breadcrumb","itemListElement":[{"@type":"ListItem","position":1,"name":"Portada","item":"https:\/\/aeronoticias.com.pe\/noticiero\/"},{"@type":"ListItem","position":2,"name":"El Aeropuerto de Barcelona creci\u00f3 un 9,5% en el n\u00famero de pasajeros intercontinentales durante Octubre"}]},{"@type":"WebSite","@id":"https:\/\/aeronoticias.com.pe\/noticiero\/#website","url":"https:\/\/aeronoticias.com.pe\/noticiero\/","name":"Aeronoticias.com.pe","description":"Noticias de tranporte aereo, turismo, hoteles, gastronomia, actualidad, internacional","potentialAction":[{"@type":"SearchAction","target":{"@type":"EntryPoint","urlTemplate":"https:\/\/aeronoticias.com.pe\/noticiero\/?s={search_term_string}"},"query-input":{"@type":"PropertyValueSpecification","valueRequired":true,"valueName":"search_term_string"}}],"inLanguage":"es"},{"@type":"Person","@id":"https:\/\/aeronoticias.com.pe\/noticiero\/#\/schema\/person\/fc1e5d578f4b62ba1cf7ac2bba1170a0","name":"Redacci\u00f3n Aeronoticias","url":"https:\/\/aeronoticias.com.pe\/noticiero\/author\/piloto\/"}]}},"_links":{"self":[{"href":"https:\/\/aeronoticias.com.pe\/noticiero\/wp-json\/wp\/v2\/posts\/41556","targetHints":{"allow":["GET"]}}],"collection":[{"href":"https:\/\/aeronoticias.com.pe\/noticiero\/wp-json\/wp\/v2\/posts"}],"about":[{"href":"https:\/\/aeronoticias.com.pe\/noticiero\/wp-json\/wp\/v2\/types\/post"}],"author":[{"embeddable":true,"href":"https:\/\/aeronoticias.com.pe\/noticiero\/wp-json\/wp\/v2\/users\/1"}],"replies":[{"embeddable":true,"href":"https:\/\/aeronoticias.com.pe\/noticiero\/wp-json\/wp\/v2\/comments?post=41556"}],"version-history":[{"count":0,"href":"https:\/\/aeronoticias.com.pe\/noticiero\/wp-json\/wp\/v2\/posts\/41556\/revisions"}],"wp:attachment":[{"href":"https:\/\/aeronoticias.com.pe\/noticiero\/wp-json\/wp\/v2\/media?parent=41556"}],"wp:term":[{"taxonomy":"category","embeddable":true,"href":"https:\/\/aeronoticias.com.pe\/noticiero\/wp-json\/wp\/v2\/categories?post=41556"},{"taxonomy":"post_tag","embeddable":true,"href":"https:\/\/aeronoticias.com.pe\/noticiero\/wp-json\/wp\/v2\/tags?post=41556"}],"curies":[{"name":"wp","href":"https:\/\/api.w.org\/{rel}","templated":true}]}}