{"id":41557,"date":"2013-11-08T21:43:37","date_gmt":"2013-11-08T21:43:37","guid":{"rendered":"http:\/\/desarrollo.mcvicious.com\/aero2020\/2013\/11\/08\/la-armada-de-rusia-recibira-el-segundo-submarino-clase-borei-en-diciembre\/"},"modified":"2013-11-08T21:43:37","modified_gmt":"2013-11-08T21:43:37","slug":"la-armada-de-rusia-recibira-el-segundo-submarino-clase-borei-en-diciembre","status":"publish","type":"post","link":"https:\/\/aeronoticias.com.pe\/noticiero\/internacionales\/la-armada-de-rusia-recibira-el-segundo-submarino-clase-borei-en-diciembre\/","title":{"rendered":"La Armada de Rusia recibir\u00e1 el segundo submarino clase Borei en diciembre"},"content":{"rendered":"<p><img decoding=\"async\" src=\"images\/stories\/13\/11\/081113\/tanqusito.jpg\" border=\"0\" \/><\/p>\n<p style=\"text-align: justify;\"><strong>(Aeronoticias).<\/strong>&#8211; La Marina de Guerra rusa incorporar\u00e1 a finales de noviembre o principios de diciembre el submarino nuclear estrat\u00e9gico Alexandr Nevski, segunda unidad del proyecto 955 clase Borei y primero construido en serie.<\/p>\n<p style=\"text-align: justify;\">\u00abLa entrega del submarino est\u00e1 prevista para finales de noviembre o principios de diciembre. Despu\u00e9s, ser\u00e1 trasladado a su base permanente\u00bb, comunic\u00f3 hoy la Corporaci\u00f3n de Construcciones Navales de Rusia.<\/p>\n<p style=\"text-align: justify;\">El Alexandr Nevski tambi\u00e9n debe realizar una prueba de navegaci\u00f3n de varios d\u00edas, agrega la nota.<\/p>\n<p style=\"text-align: justify;\">A finales de 2012, la Armada rusa incorpor\u00f3 el submarino Yuri Dolgoruki, buque insignia del proyecto 955. Pero en septiembre pasado, tras un lanzamiento fallido del misil bal\u00edstico Bulav\u00e1 \u2013arma principal de estos submarinos\u2013 el ministro de Defensa orden\u00f3 suspender las pruebas de homologaci\u00f3n y realizar cinco lanzamientos adicionales de los misiles Bulav\u00e1.<\/p>\n<p style=\"text-align: justify;\">Los submarinos del proyecto 955 clase Borei miden 170 metros de eslora, desplazan 24.000 toneladas y pueden portar hasta 16 misiles bal\u00edsticos intercontinentales Bulav\u00e1-30, con un alcance de 8.000 kil\u00f3metros.<\/p>\n<p style=\"text-align: justify;\">\u00a0<\/p>\n<p style=\"text-align: justify;\">Fuente: <strong>RIANovosti<\/strong><\/p>\n<p style=\"text-align: justify;\">Foto: <strong>RIANovosti<\/strong><\/p>\n<div style=\"text-align: justify;\"><\/div>\n<p>\u00a0<\/p>\n","protected":false},"excerpt":{"rendered":"<p>(Aeronoticias).&#8211; La Marina de Guerra rusa incorporar\u00e1 a finales de noviembre o principios de diciembre el submarino nuclear estrat\u00e9gico Alexandr Nevski, segunda unidad del proyecto 955 clase Borei y primero construido en serie. \u00abLa entrega del submarino est\u00e1 prevista para finales de noviembre o principios de diciembre. Despu\u00e9s, ser\u00e1 trasladado a su base permanente\u00bb, comunic\u00f3 [&hellip;]<\/p>\n","protected":false},"author":1,"featured_media":0,"comment_status":"open","ping_status":"open","sticky":false,"template":"","format":"standard","meta":{"tdm_status":"","tdm_grid_status":"","footnotes":""},"categories":[34],"tags":[],"class_list":{"0":"post-41557","1":"post","2":"type-post","3":"status-publish","4":"format-standard","6":"category-internacionales"},"yoast_head":"<!-- This site is optimized with the Yoast SEO plugin v25.1 - https:\/\/yoast.com\/wordpress\/plugins\/seo\/ -->\n<title>La Armada de Rusia recibir\u00e1 el segundo submarino clase Borei en diciembre<\/title>\n<meta name=\"description\" content=\"Portal de noticias del Per\u00fa sobre el transporte a\u00e9reo, aviaci\u00f3n, turismo, hoteleria, actualidad.\" \/>\n<meta name=\"robots\" content=\"index, follow, max-snippet:-1, max-image-preview:large, max-video-preview:-1\" \/>\n<link rel=\"canonical\" href=\"https:\/\/aeronoticias.com.pe\/noticiero\/internacionales\/la-armada-de-rusia-recibira-el-segundo-submarino-clase-borei-en-diciembre\/\" \/>\n<meta property=\"og:locale\" content=\"es_ES\" \/>\n<meta property=\"og:type\" content=\"article\" \/>\n<meta property=\"og:title\" content=\"La Armada de Rusia recibir\u00e1 el segundo submarino clase Borei en diciembre\" \/>\n<meta property=\"og:description\" content=\"Portal de noticias del Per\u00fa sobre el transporte a\u00e9reo, aviaci\u00f3n, turismo, hoteleria, actualidad.\" \/>\n<meta property=\"og:url\" content=\"https:\/\/aeronoticias.com.pe\/noticiero\/internacionales\/la-armada-de-rusia-recibira-el-segundo-submarino-clase-borei-en-diciembre\/\" \/>\n<meta property=\"og:site_name\" content=\"Aeronoticias.com.pe\" \/>\n<meta property=\"article:publisher\" content=\"https:\/\/www.facebook.com\/Aeronoticias.com.pe\/\" \/>\n<meta property=\"article:published_time\" content=\"2013-11-08T21:43:37+00:00\" \/>\n<meta name=\"author\" content=\"Redacci\u00f3n Aeronoticias\" \/>\n<meta name=\"twitter:card\" content=\"summary_large_image\" \/>\n<meta name=\"twitter:creator\" content=\"@aeronoticias\" \/>\n<meta name=\"twitter:site\" content=\"@aeronoticias\" \/>\n<meta name=\"twitter:label1\" content=\"Escrito por\" \/>\n\t<meta name=\"twitter:data1\" content=\"Redacci\u00f3n Aeronoticias\" \/>\n\t<meta name=\"twitter:label2\" content=\"Tiempo de lectura\" \/>\n\t<meta name=\"twitter:data2\" content=\"1 minuto\" \/>\n<script type=\"application\/ld+json\" class=\"yoast-schema-graph\">{\"@context\":\"https:\/\/schema.org\",\"@graph\":[{\"@type\":\"WebPage\",\"@id\":\"https:\/\/aeronoticias.com.pe\/noticiero\/internacionales\/la-armada-de-rusia-recibira-el-segundo-submarino-clase-borei-en-diciembre\/\",\"url\":\"https:\/\/aeronoticias.com.pe\/noticiero\/internacionales\/la-armada-de-rusia-recibira-el-segundo-submarino-clase-borei-en-diciembre\/\",\"name\":\"La Armada de Rusia recibir\u00e1 el segundo submarino clase Borei en diciembre\",\"isPartOf\":{\"@id\":\"https:\/\/aeronoticias.com.pe\/noticiero\/#website\"},\"datePublished\":\"2013-11-08T21:43:37+00:00\",\"author\":{\"@id\":\"https:\/\/aeronoticias.com.pe\/noticiero\/#\/schema\/person\/fc1e5d578f4b62ba1cf7ac2bba1170a0\"},\"description\":\"Portal de noticias del Per\u00fa sobre el transporte a\u00e9reo, aviaci\u00f3n, turismo, hoteleria, actualidad.\",\"breadcrumb\":{\"@id\":\"https:\/\/aeronoticias.com.pe\/noticiero\/internacionales\/la-armada-de-rusia-recibira-el-segundo-submarino-clase-borei-en-diciembre\/#breadcrumb\"},\"inLanguage\":\"es\",\"potentialAction\":[{\"@type\":\"ReadAction\",\"target\":[\"https:\/\/aeronoticias.com.pe\/noticiero\/internacionales\/la-armada-de-rusia-recibira-el-segundo-submarino-clase-borei-en-diciembre\/\"]}]},{\"@type\":\"BreadcrumbList\",\"@id\":\"https:\/\/aeronoticias.com.pe\/noticiero\/internacionales\/la-armada-de-rusia-recibira-el-segundo-submarino-clase-borei-en-diciembre\/#breadcrumb\",\"itemListElement\":[{\"@type\":\"ListItem\",\"position\":1,\"name\":\"Portada\",\"item\":\"https:\/\/aeronoticias.com.pe\/noticiero\/\"},{\"@type\":\"ListItem\",\"position\":2,\"name\":\"La Armada de Rusia recibir\u00e1 el segundo submarino clase Borei en diciembre\"}]},{\"@type\":\"WebSite\",\"@id\":\"https:\/\/aeronoticias.com.pe\/noticiero\/#website\",\"url\":\"https:\/\/aeronoticias.com.pe\/noticiero\/\",\"name\":\"Aeronoticias.com.pe\",\"description\":\"Noticias de tranporte aereo, turismo, hoteles, gastronomia, actualidad, internacional\",\"potentialAction\":[{\"@type\":\"SearchAction\",\"target\":{\"@type\":\"EntryPoint\",\"urlTemplate\":\"https:\/\/aeronoticias.com.pe\/noticiero\/?s={search_term_string}\"},\"query-input\":{\"@type\":\"PropertyValueSpecification\",\"valueRequired\":true,\"valueName\":\"search_term_string\"}}],\"inLanguage\":\"es\"},{\"@type\":\"Person\",\"@id\":\"https:\/\/aeronoticias.com.pe\/noticiero\/#\/schema\/person\/fc1e5d578f4b62ba1cf7ac2bba1170a0\",\"name\":\"Redacci\u00f3n Aeronoticias\",\"url\":\"https:\/\/aeronoticias.com.pe\/noticiero\/author\/piloto\/\"}]}<\/script>\n<!-- \/ Yoast SEO plugin. -->","yoast_head_json":{"title":"La Armada de Rusia recibir\u00e1 el segundo submarino clase Borei en diciembre","description":"Portal de noticias del Per\u00fa sobre el transporte a\u00e9reo, aviaci\u00f3n, turismo, hoteleria, actualidad.","robots":{"index":"index","follow":"follow","max-snippet":"max-snippet:-1","max-image-preview":"max-image-preview:large","max-video-preview":"max-video-preview:-1"},"canonical":"https:\/\/aeronoticias.com.pe\/noticiero\/internacionales\/la-armada-de-rusia-recibira-el-segundo-submarino-clase-borei-en-diciembre\/","og_locale":"es_ES","og_type":"article","og_title":"La Armada de Rusia recibir\u00e1 el segundo submarino clase Borei en diciembre","og_description":"Portal de noticias del Per\u00fa sobre el transporte a\u00e9reo, aviaci\u00f3n, turismo, hoteleria, actualidad.","og_url":"https:\/\/aeronoticias.com.pe\/noticiero\/internacionales\/la-armada-de-rusia-recibira-el-segundo-submarino-clase-borei-en-diciembre\/","og_site_name":"Aeronoticias.com.pe","article_publisher":"https:\/\/www.facebook.com\/Aeronoticias.com.pe\/","article_published_time":"2013-11-08T21:43:37+00:00","author":"Redacci\u00f3n Aeronoticias","twitter_card":"summary_large_image","twitter_creator":"@aeronoticias","twitter_site":"@aeronoticias","twitter_misc":{"Escrito por":"Redacci\u00f3n Aeronoticias","Tiempo de lectura":"1 minuto"},"schema":{"@context":"https:\/\/schema.org","@graph":[{"@type":"WebPage","@id":"https:\/\/aeronoticias.com.pe\/noticiero\/internacionales\/la-armada-de-rusia-recibira-el-segundo-submarino-clase-borei-en-diciembre\/","url":"https:\/\/aeronoticias.com.pe\/noticiero\/internacionales\/la-armada-de-rusia-recibira-el-segundo-submarino-clase-borei-en-diciembre\/","name":"La Armada de Rusia recibir\u00e1 el segundo submarino clase Borei en diciembre","isPartOf":{"@id":"https:\/\/aeronoticias.com.pe\/noticiero\/#website"},"datePublished":"2013-11-08T21:43:37+00:00","author":{"@id":"https:\/\/aeronoticias.com.pe\/noticiero\/#\/schema\/person\/fc1e5d578f4b62ba1cf7ac2bba1170a0"},"description":"Portal de noticias del Per\u00fa sobre el transporte a\u00e9reo, aviaci\u00f3n, turismo, hoteleria, actualidad.","breadcrumb":{"@id":"https:\/\/aeronoticias.com.pe\/noticiero\/internacionales\/la-armada-de-rusia-recibira-el-segundo-submarino-clase-borei-en-diciembre\/#breadcrumb"},"inLanguage":"es","potentialAction":[{"@type":"ReadAction","target":["https:\/\/aeronoticias.com.pe\/noticiero\/internacionales\/la-armada-de-rusia-recibira-el-segundo-submarino-clase-borei-en-diciembre\/"]}]},{"@type":"BreadcrumbList","@id":"https:\/\/aeronoticias.com.pe\/noticiero\/internacionales\/la-armada-de-rusia-recibira-el-segundo-submarino-clase-borei-en-diciembre\/#breadcrumb","itemListElement":[{"@type":"ListItem","position":1,"name":"Portada","item":"https:\/\/aeronoticias.com.pe\/noticiero\/"},{"@type":"ListItem","position":2,"name":"La Armada de Rusia recibir\u00e1 el segundo submarino clase Borei en diciembre"}]},{"@type":"WebSite","@id":"https:\/\/aeronoticias.com.pe\/noticiero\/#website","url":"https:\/\/aeronoticias.com.pe\/noticiero\/","name":"Aeronoticias.com.pe","description":"Noticias de tranporte aereo, turismo, hoteles, gastronomia, actualidad, internacional","potentialAction":[{"@type":"SearchAction","target":{"@type":"EntryPoint","urlTemplate":"https:\/\/aeronoticias.com.pe\/noticiero\/?s={search_term_string}"},"query-input":{"@type":"PropertyValueSpecification","valueRequired":true,"valueName":"search_term_string"}}],"inLanguage":"es"},{"@type":"Person","@id":"https:\/\/aeronoticias.com.pe\/noticiero\/#\/schema\/person\/fc1e5d578f4b62ba1cf7ac2bba1170a0","name":"Redacci\u00f3n Aeronoticias","url":"https:\/\/aeronoticias.com.pe\/noticiero\/author\/piloto\/"}]}},"_links":{"self":[{"href":"https:\/\/aeronoticias.com.pe\/noticiero\/wp-json\/wp\/v2\/posts\/41557","targetHints":{"allow":["GET"]}}],"collection":[{"href":"https:\/\/aeronoticias.com.pe\/noticiero\/wp-json\/wp\/v2\/posts"}],"about":[{"href":"https:\/\/aeronoticias.com.pe\/noticiero\/wp-json\/wp\/v2\/types\/post"}],"author":[{"embeddable":true,"href":"https:\/\/aeronoticias.com.pe\/noticiero\/wp-json\/wp\/v2\/users\/1"}],"replies":[{"embeddable":true,"href":"https:\/\/aeronoticias.com.pe\/noticiero\/wp-json\/wp\/v2\/comments?post=41557"}],"version-history":[{"count":0,"href":"https:\/\/aeronoticias.com.pe\/noticiero\/wp-json\/wp\/v2\/posts\/41557\/revisions"}],"wp:attachment":[{"href":"https:\/\/aeronoticias.com.pe\/noticiero\/wp-json\/wp\/v2\/media?parent=41557"}],"wp:term":[{"taxonomy":"category","embeddable":true,"href":"https:\/\/aeronoticias.com.pe\/noticiero\/wp-json\/wp\/v2\/categories?post=41557"},{"taxonomy":"post_tag","embeddable":true,"href":"https:\/\/aeronoticias.com.pe\/noticiero\/wp-json\/wp\/v2\/tags?post=41557"}],"curies":[{"name":"wp","href":"https:\/\/api.w.org\/{rel}","templated":true}]}}