{"id":41558,"date":"2013-11-08T21:50:22","date_gmt":"2013-11-08T21:50:22","guid":{"rendered":"http:\/\/desarrollo.mcvicious.com\/aero2020\/2013\/11\/08\/los-alemanes-desconfian-de-eeuu-y-no-quieren-dar-asilo-politico-a-snowden\/"},"modified":"2013-11-08T21:50:22","modified_gmt":"2013-11-08T21:50:22","slug":"los-alemanes-desconfian-de-eeuu-y-no-quieren-dar-asilo-politico-a-snowden","status":"publish","type":"post","link":"https:\/\/aeronoticias.com.pe\/noticiero\/internacionales\/los-alemanes-desconfian-de-eeuu-y-no-quieren-dar-asilo-politico-a-snowden\/","title":{"rendered":"Los alemanes desconf\u00edan de EEUU y no quieren dar asilo pol\u00edtico a Snowden"},"content":{"rendered":"<p><img decoding=\"async\" src=\"images\/stories\/13\/11\/081113\/snow1.jpg\" border=\"0\" \/><\/p>\n<p style=\"text-align: justify;\"><strong>(Aeronoticias).<\/strong>&#8211; La confianza de los alemanes hacia EEUU y hacia su presidente Barack Obama baj\u00f3 considerablemente a consecuencia del esc\u00e1ndalo sobre las actividades de los servicios secretos norteamericanos en Alemania, revel\u00f3 una encuesta reciente.<\/p>\n<p style=\"text-align: justify;\">Realizada por la organizaci\u00f3n sociol\u00f3gica Infratest Dimap, por encargo de la corporaci\u00f3n medi\u00e1tica ARD, la encuesta tambi\u00e9n estableci\u00f3 que a pesar de condenar el espionaje de EEUU, solo una minor\u00eda de los encuestados apoya que el gobierno alem\u00e1n conceda asilo pol\u00edtico al ex colaborador de la CIA Edward Snowden, que destap\u00f3 los esc\u00e1ndalos de espionaje.<\/p>\n<p style=\"text-align: justify;\">Seg\u00fan la encuesta, el nivel de confianza de los alemanes hacia EEUU cay\u00f3 a los niveles en tiempos del presidente George Bush, y ahora, el 35% de los encuestados consideran que EEUU es un socio fiable, un baj\u00f3n considerable en comparaci\u00f3n con el 78% de aceptaci\u00f3n a comienzos de 2009.<\/p>\n<p style=\"text-align: justify;\">La popularidad del presidente Obama entre los alemanes tambi\u00e9n qued\u00f3 afectada, y su gesti\u00f3n la valor\u00f3 positivamente un 43% de los encuestados, mientras que en abril de 2010, la popularidad de Obama en Alemania era del 88%.<\/p>\n<p style=\"text-align: justify;\">La encuesta revel\u00f3 que la desconfianza hacia EEUU domina en la opini\u00f3n p\u00fablica alemana porque el 92% de los consultados no creen que los servicios secretos estadounidenses cumplir\u00e1n los acuerdos para prohibir el espionaje entre aliados, como actualmente estudian las autoridades de ambos pa\u00edses.<\/p>\n<p style=\"text-align: justify;\">En cuanto a Snowden, protagonista \u00a0de la campa\u00f1a para desvelar las actividades de espionaje de EEUU en el mundo, la encuesta demostr\u00f3 que cada vez adquiere m\u00e1s simpatizantes entre los alemanes.<\/p>\n<p style=\"text-align: justify;\">As\u00ed, para el 60 % de los alemanes consultados Snowden es un h\u00e9roe, mientras que un 14% considera que es un delincuente.<\/p>\n<p style=\"text-align: justify;\">Entre tanto, \u00a0la idea de conceder asilo pol\u00edtico \u00a0Snowden, dispuesto a testificar sobre las actividades de espionaje de EEUU en Alemania, la apoya un 46% de los encuestados, mientras que un 48% se manifiesta categ\u00f3ricamente en contra.<\/p>\n<p style=\"text-align: justify;\">\u00a0<\/p>\n<p style=\"text-align: justify;\">Fuente: <strong>RIANovosti<\/strong><\/p>\n<p style=\"text-align: justify;\">Foto: <strong>RIANovosti<\/strong><\/p>\n","protected":false},"excerpt":{"rendered":"<p>(Aeronoticias).&#8211; La confianza de los alemanes hacia EEUU y hacia su presidente Barack Obama baj\u00f3 considerablemente a consecuencia del esc\u00e1ndalo sobre las actividades de los servicios secretos norteamericanos en Alemania, revel\u00f3 una encuesta reciente. Realizada por la organizaci\u00f3n sociol\u00f3gica Infratest Dimap, por encargo de la corporaci\u00f3n medi\u00e1tica ARD, la encuesta tambi\u00e9n estableci\u00f3 que a pesar [&hellip;]<\/p>\n","protected":false},"author":1,"featured_media":0,"comment_status":"open","ping_status":"open","sticky":false,"template":"","format":"standard","meta":{"tdm_status":"","tdm_grid_status":"","footnotes":""},"categories":[34],"tags":[],"class_list":{"0":"post-41558","1":"post","2":"type-post","3":"status-publish","4":"format-standard","6":"category-internacionales"},"yoast_head":"<!-- This site is optimized with the Yoast SEO plugin v25.1 - https:\/\/yoast.com\/wordpress\/plugins\/seo\/ -->\n<title>Los alemanes desconf\u00edan de EEUU y no quieren dar asilo pol\u00edtico a Snowden<\/title>\n<meta name=\"description\" content=\"Portal de noticias del Per\u00fa sobre el transporte a\u00e9reo, aviaci\u00f3n, turismo, hoteleria, actualidad.\" \/>\n<meta name=\"robots\" content=\"index, follow, max-snippet:-1, max-image-preview:large, max-video-preview:-1\" \/>\n<link rel=\"canonical\" href=\"https:\/\/aeronoticias.com.pe\/noticiero\/internacionales\/los-alemanes-desconfian-de-eeuu-y-no-quieren-dar-asilo-politico-a-snowden\/\" \/>\n<meta property=\"og:locale\" content=\"es_ES\" \/>\n<meta property=\"og:type\" content=\"article\" \/>\n<meta property=\"og:title\" content=\"Los alemanes desconf\u00edan de EEUU y no quieren dar asilo pol\u00edtico a Snowden\" \/>\n<meta property=\"og:description\" content=\"Portal de noticias del Per\u00fa sobre el transporte a\u00e9reo, aviaci\u00f3n, turismo, hoteleria, actualidad.\" \/>\n<meta property=\"og:url\" content=\"https:\/\/aeronoticias.com.pe\/noticiero\/internacionales\/los-alemanes-desconfian-de-eeuu-y-no-quieren-dar-asilo-politico-a-snowden\/\" \/>\n<meta property=\"og:site_name\" content=\"Aeronoticias.com.pe\" \/>\n<meta property=\"article:publisher\" content=\"https:\/\/www.facebook.com\/Aeronoticias.com.pe\/\" \/>\n<meta property=\"article:published_time\" content=\"2013-11-08T21:50:22+00:00\" \/>\n<meta name=\"author\" content=\"Redacci\u00f3n Aeronoticias\" \/>\n<meta name=\"twitter:card\" content=\"summary_large_image\" \/>\n<meta name=\"twitter:creator\" content=\"@aeronoticias\" \/>\n<meta name=\"twitter:site\" content=\"@aeronoticias\" \/>\n<meta name=\"twitter:label1\" content=\"Escrito por\" \/>\n\t<meta name=\"twitter:data1\" content=\"Redacci\u00f3n Aeronoticias\" \/>\n\t<meta name=\"twitter:label2\" content=\"Tiempo de lectura\" \/>\n\t<meta name=\"twitter:data2\" content=\"2 minutos\" \/>\n<script type=\"application\/ld+json\" class=\"yoast-schema-graph\">{\"@context\":\"https:\/\/schema.org\",\"@graph\":[{\"@type\":\"WebPage\",\"@id\":\"https:\/\/aeronoticias.com.pe\/noticiero\/internacionales\/los-alemanes-desconfian-de-eeuu-y-no-quieren-dar-asilo-politico-a-snowden\/\",\"url\":\"https:\/\/aeronoticias.com.pe\/noticiero\/internacionales\/los-alemanes-desconfian-de-eeuu-y-no-quieren-dar-asilo-politico-a-snowden\/\",\"name\":\"Los alemanes desconf\u00edan de EEUU y no quieren dar asilo pol\u00edtico a Snowden\",\"isPartOf\":{\"@id\":\"https:\/\/aeronoticias.com.pe\/noticiero\/#website\"},\"datePublished\":\"2013-11-08T21:50:22+00:00\",\"author\":{\"@id\":\"https:\/\/aeronoticias.com.pe\/noticiero\/#\/schema\/person\/fc1e5d578f4b62ba1cf7ac2bba1170a0\"},\"description\":\"Portal de noticias del Per\u00fa sobre el transporte a\u00e9reo, aviaci\u00f3n, turismo, hoteleria, actualidad.\",\"breadcrumb\":{\"@id\":\"https:\/\/aeronoticias.com.pe\/noticiero\/internacionales\/los-alemanes-desconfian-de-eeuu-y-no-quieren-dar-asilo-politico-a-snowden\/#breadcrumb\"},\"inLanguage\":\"es\",\"potentialAction\":[{\"@type\":\"ReadAction\",\"target\":[\"https:\/\/aeronoticias.com.pe\/noticiero\/internacionales\/los-alemanes-desconfian-de-eeuu-y-no-quieren-dar-asilo-politico-a-snowden\/\"]}]},{\"@type\":\"BreadcrumbList\",\"@id\":\"https:\/\/aeronoticias.com.pe\/noticiero\/internacionales\/los-alemanes-desconfian-de-eeuu-y-no-quieren-dar-asilo-politico-a-snowden\/#breadcrumb\",\"itemListElement\":[{\"@type\":\"ListItem\",\"position\":1,\"name\":\"Portada\",\"item\":\"https:\/\/aeronoticias.com.pe\/noticiero\/\"},{\"@type\":\"ListItem\",\"position\":2,\"name\":\"Los alemanes desconf\u00edan de EEUU y no quieren dar asilo pol\u00edtico a Snowden\"}]},{\"@type\":\"WebSite\",\"@id\":\"https:\/\/aeronoticias.com.pe\/noticiero\/#website\",\"url\":\"https:\/\/aeronoticias.com.pe\/noticiero\/\",\"name\":\"Aeronoticias.com.pe\",\"description\":\"Noticias de tranporte aereo, turismo, hoteles, gastronomia, actualidad, internacional\",\"potentialAction\":[{\"@type\":\"SearchAction\",\"target\":{\"@type\":\"EntryPoint\",\"urlTemplate\":\"https:\/\/aeronoticias.com.pe\/noticiero\/?s={search_term_string}\"},\"query-input\":{\"@type\":\"PropertyValueSpecification\",\"valueRequired\":true,\"valueName\":\"search_term_string\"}}],\"inLanguage\":\"es\"},{\"@type\":\"Person\",\"@id\":\"https:\/\/aeronoticias.com.pe\/noticiero\/#\/schema\/person\/fc1e5d578f4b62ba1cf7ac2bba1170a0\",\"name\":\"Redacci\u00f3n Aeronoticias\",\"url\":\"https:\/\/aeronoticias.com.pe\/noticiero\/author\/piloto\/\"}]}<\/script>\n<!-- \/ Yoast SEO plugin. -->","yoast_head_json":{"title":"Los alemanes desconf\u00edan de EEUU y no quieren dar asilo pol\u00edtico a Snowden","description":"Portal de noticias del Per\u00fa sobre el transporte a\u00e9reo, aviaci\u00f3n, turismo, hoteleria, actualidad.","robots":{"index":"index","follow":"follow","max-snippet":"max-snippet:-1","max-image-preview":"max-image-preview:large","max-video-preview":"max-video-preview:-1"},"canonical":"https:\/\/aeronoticias.com.pe\/noticiero\/internacionales\/los-alemanes-desconfian-de-eeuu-y-no-quieren-dar-asilo-politico-a-snowden\/","og_locale":"es_ES","og_type":"article","og_title":"Los alemanes desconf\u00edan de EEUU y no quieren dar asilo pol\u00edtico a Snowden","og_description":"Portal de noticias del Per\u00fa sobre el transporte a\u00e9reo, aviaci\u00f3n, turismo, hoteleria, actualidad.","og_url":"https:\/\/aeronoticias.com.pe\/noticiero\/internacionales\/los-alemanes-desconfian-de-eeuu-y-no-quieren-dar-asilo-politico-a-snowden\/","og_site_name":"Aeronoticias.com.pe","article_publisher":"https:\/\/www.facebook.com\/Aeronoticias.com.pe\/","article_published_time":"2013-11-08T21:50:22+00:00","author":"Redacci\u00f3n Aeronoticias","twitter_card":"summary_large_image","twitter_creator":"@aeronoticias","twitter_site":"@aeronoticias","twitter_misc":{"Escrito por":"Redacci\u00f3n Aeronoticias","Tiempo de lectura":"2 minutos"},"schema":{"@context":"https:\/\/schema.org","@graph":[{"@type":"WebPage","@id":"https:\/\/aeronoticias.com.pe\/noticiero\/internacionales\/los-alemanes-desconfian-de-eeuu-y-no-quieren-dar-asilo-politico-a-snowden\/","url":"https:\/\/aeronoticias.com.pe\/noticiero\/internacionales\/los-alemanes-desconfian-de-eeuu-y-no-quieren-dar-asilo-politico-a-snowden\/","name":"Los alemanes desconf\u00edan de EEUU y no quieren dar asilo pol\u00edtico a Snowden","isPartOf":{"@id":"https:\/\/aeronoticias.com.pe\/noticiero\/#website"},"datePublished":"2013-11-08T21:50:22+00:00","author":{"@id":"https:\/\/aeronoticias.com.pe\/noticiero\/#\/schema\/person\/fc1e5d578f4b62ba1cf7ac2bba1170a0"},"description":"Portal de noticias del Per\u00fa sobre el transporte a\u00e9reo, aviaci\u00f3n, turismo, hoteleria, actualidad.","breadcrumb":{"@id":"https:\/\/aeronoticias.com.pe\/noticiero\/internacionales\/los-alemanes-desconfian-de-eeuu-y-no-quieren-dar-asilo-politico-a-snowden\/#breadcrumb"},"inLanguage":"es","potentialAction":[{"@type":"ReadAction","target":["https:\/\/aeronoticias.com.pe\/noticiero\/internacionales\/los-alemanes-desconfian-de-eeuu-y-no-quieren-dar-asilo-politico-a-snowden\/"]}]},{"@type":"BreadcrumbList","@id":"https:\/\/aeronoticias.com.pe\/noticiero\/internacionales\/los-alemanes-desconfian-de-eeuu-y-no-quieren-dar-asilo-politico-a-snowden\/#breadcrumb","itemListElement":[{"@type":"ListItem","position":1,"name":"Portada","item":"https:\/\/aeronoticias.com.pe\/noticiero\/"},{"@type":"ListItem","position":2,"name":"Los alemanes desconf\u00edan de EEUU y no quieren dar asilo pol\u00edtico a Snowden"}]},{"@type":"WebSite","@id":"https:\/\/aeronoticias.com.pe\/noticiero\/#website","url":"https:\/\/aeronoticias.com.pe\/noticiero\/","name":"Aeronoticias.com.pe","description":"Noticias de tranporte aereo, turismo, hoteles, gastronomia, actualidad, internacional","potentialAction":[{"@type":"SearchAction","target":{"@type":"EntryPoint","urlTemplate":"https:\/\/aeronoticias.com.pe\/noticiero\/?s={search_term_string}"},"query-input":{"@type":"PropertyValueSpecification","valueRequired":true,"valueName":"search_term_string"}}],"inLanguage":"es"},{"@type":"Person","@id":"https:\/\/aeronoticias.com.pe\/noticiero\/#\/schema\/person\/fc1e5d578f4b62ba1cf7ac2bba1170a0","name":"Redacci\u00f3n Aeronoticias","url":"https:\/\/aeronoticias.com.pe\/noticiero\/author\/piloto\/"}]}},"_links":{"self":[{"href":"https:\/\/aeronoticias.com.pe\/noticiero\/wp-json\/wp\/v2\/posts\/41558","targetHints":{"allow":["GET"]}}],"collection":[{"href":"https:\/\/aeronoticias.com.pe\/noticiero\/wp-json\/wp\/v2\/posts"}],"about":[{"href":"https:\/\/aeronoticias.com.pe\/noticiero\/wp-json\/wp\/v2\/types\/post"}],"author":[{"embeddable":true,"href":"https:\/\/aeronoticias.com.pe\/noticiero\/wp-json\/wp\/v2\/users\/1"}],"replies":[{"embeddable":true,"href":"https:\/\/aeronoticias.com.pe\/noticiero\/wp-json\/wp\/v2\/comments?post=41558"}],"version-history":[{"count":0,"href":"https:\/\/aeronoticias.com.pe\/noticiero\/wp-json\/wp\/v2\/posts\/41558\/revisions"}],"wp:attachment":[{"href":"https:\/\/aeronoticias.com.pe\/noticiero\/wp-json\/wp\/v2\/media?parent=41558"}],"wp:term":[{"taxonomy":"category","embeddable":true,"href":"https:\/\/aeronoticias.com.pe\/noticiero\/wp-json\/wp\/v2\/categories?post=41558"},{"taxonomy":"post_tag","embeddable":true,"href":"https:\/\/aeronoticias.com.pe\/noticiero\/wp-json\/wp\/v2\/tags?post=41558"}],"curies":[{"name":"wp","href":"https:\/\/api.w.org\/{rel}","templated":true}]}}