{"id":41559,"date":"2013-11-08T21:56:57","date_gmt":"2013-11-08T21:56:57","guid":{"rendered":"http:\/\/desarrollo.mcvicious.com\/aero2020\/2013\/11\/08\/erupcion-solar-puede-causar-tormentas-magneticas-en-la-tierra-los-proximos-dias\/"},"modified":"2013-11-08T21:56:57","modified_gmt":"2013-11-08T21:56:57","slug":"erupcion-solar-puede-causar-tormentas-magneticas-en-la-tierra-los-proximos-dias","status":"publish","type":"post","link":"https:\/\/aeronoticias.com.pe\/noticiero\/internacionales\/erupcion-solar-puede-causar-tormentas-magneticas-en-la-tierra-los-proximos-dias\/","title":{"rendered":"Erupci\u00f3n solar puede causar tormentas magn\u00e9ticas en la Tierra los pr\u00f3ximos d\u00edas"},"content":{"rendered":"<p><img decoding=\"async\" src=\"images\/stories\/13\/11\/081113\/solsito.jpg\" border=\"0\" \/><\/p>\n<p style=\"text-align: justify;\"><strong>(Aeronoticias).-<\/strong> Una erupci\u00f3n de la m\u00e1s alta clase X de potencia ocurrida \u00a0en la superficie solar puede causar en los pr\u00f3ximos d\u00edas tormentas magn\u00e9ticas en la Tierra, revel\u00f3 hoy un portavoz del Instituto de Geof\u00edsica Aplicada, organismo dependiente de la agencia meteorol\u00f3gica rusa.<\/p>\n<p style=\"text-align: justify;\">La explosi\u00f3n solar, clasificada como X1.1, ocurri\u00f3 a las 08:26 hora Mosc\u00fa (05:26 GMT) de hoy, en la zona activa 1890 que se encuentra cerca al centro del disco solar, indic\u00f3 el portavoz a RIA Novosti.<\/p>\n<p style=\"text-align: justify;\">\u201cFue un estallido de impulso r\u00e1pido. Nuestros c\u00e1lculos demuestran que probablemente no ocurrir\u00e1n perturbaciones de protones. En cuanto a las tormentas magn\u00e9ticas, hay que esperar datos del observatorio solar SOHO para establecer la magnitud de eyecci\u00f3n de plasma en la corona\u201d, indic\u00f3 el portavoz.<\/p>\n<p style=\"text-align: justify;\">A\u00f1adi\u00f3 que a juzgar por la ubicaci\u00f3n de la fuente de la erupci\u00f3n, la posibilidad de tormentas magn\u00e9ticas en la Tierra es alta.<\/p>\n<p style=\"text-align: justify;\">Las explosiones solares se dividen en cinco clases, seg\u00fan la intensidad de los rayos X. Los niveles se denominan con las letras A, B, C, M y X, siendo A0.0 el nivel m\u00ednimo.<\/p>\n<p style=\"text-align: justify;\">Estos sucesos son acompa\u00f1ados por emisiones de plasma solar. Cuando la nube de plasma alcanza la Tierra, se da un fen\u00f3meno conocido como tormenta geomagn\u00e9tica.<\/p>\n<p style=\"text-align: justify;\">Las part\u00edculas ionizadas provocan perturbaciones de la magnetosfera y, en los casos m\u00e1s graves, fallos en equipos electr\u00f3nicos y de radiocomunicaci\u00f3n y cortes de electricidad.<\/p>\n<p style=\"text-align: justify;\">\u00a0<\/p>\n<p style=\"text-align: justify;\">Fuente: <strong>RIANovosti<\/strong><\/p>\n<p style=\"text-align: justify;\">Foto: <strong>RIANovosti<\/strong><\/p>\n<div><\/div>\n","protected":false},"excerpt":{"rendered":"<p>(Aeronoticias).- Una erupci\u00f3n de la m\u00e1s alta clase X de potencia ocurrida \u00a0en la superficie solar puede causar en los pr\u00f3ximos d\u00edas tormentas magn\u00e9ticas en la Tierra, revel\u00f3 hoy un portavoz del Instituto de Geof\u00edsica Aplicada, organismo dependiente de la agencia meteorol\u00f3gica rusa. La explosi\u00f3n solar, clasificada como X1.1, ocurri\u00f3 a las 08:26 hora Mosc\u00fa [&hellip;]<\/p>\n","protected":false},"author":1,"featured_media":0,"comment_status":"open","ping_status":"open","sticky":false,"template":"","format":"standard","meta":{"tdm_status":"","tdm_grid_status":"","footnotes":""},"categories":[34],"tags":[],"class_list":{"0":"post-41559","1":"post","2":"type-post","3":"status-publish","4":"format-standard","6":"category-internacionales"},"yoast_head":"<!-- This site is optimized with the Yoast SEO plugin v25.1 - https:\/\/yoast.com\/wordpress\/plugins\/seo\/ -->\n<title>Erupci\u00f3n solar puede causar tormentas magn\u00e9ticas en la Tierra los pr\u00f3ximos d\u00edas<\/title>\n<meta name=\"description\" content=\"Portal de noticias del Per\u00fa sobre el transporte a\u00e9reo, aviaci\u00f3n, turismo, hoteleria, actualidad.\" \/>\n<meta name=\"robots\" content=\"index, follow, max-snippet:-1, max-image-preview:large, max-video-preview:-1\" \/>\n<link rel=\"canonical\" href=\"https:\/\/aeronoticias.com.pe\/noticiero\/internacionales\/erupcion-solar-puede-causar-tormentas-magneticas-en-la-tierra-los-proximos-dias\/\" \/>\n<meta property=\"og:locale\" content=\"es_ES\" \/>\n<meta property=\"og:type\" content=\"article\" \/>\n<meta property=\"og:title\" content=\"Erupci\u00f3n solar puede causar tormentas magn\u00e9ticas en la Tierra los pr\u00f3ximos d\u00edas\" \/>\n<meta property=\"og:description\" content=\"Portal de noticias del Per\u00fa sobre el transporte a\u00e9reo, aviaci\u00f3n, turismo, hoteleria, actualidad.\" \/>\n<meta property=\"og:url\" content=\"https:\/\/aeronoticias.com.pe\/noticiero\/internacionales\/erupcion-solar-puede-causar-tormentas-magneticas-en-la-tierra-los-proximos-dias\/\" \/>\n<meta property=\"og:site_name\" content=\"Aeronoticias.com.pe\" \/>\n<meta property=\"article:publisher\" content=\"https:\/\/www.facebook.com\/Aeronoticias.com.pe\/\" \/>\n<meta property=\"article:published_time\" content=\"2013-11-08T21:56:57+00:00\" \/>\n<meta name=\"author\" content=\"Redacci\u00f3n Aeronoticias\" \/>\n<meta name=\"twitter:card\" content=\"summary_large_image\" \/>\n<meta name=\"twitter:creator\" content=\"@aeronoticias\" \/>\n<meta name=\"twitter:site\" content=\"@aeronoticias\" \/>\n<meta name=\"twitter:label1\" content=\"Escrito por\" \/>\n\t<meta name=\"twitter:data1\" content=\"Redacci\u00f3n Aeronoticias\" \/>\n\t<meta name=\"twitter:label2\" content=\"Tiempo de lectura\" \/>\n\t<meta name=\"twitter:data2\" content=\"1 minuto\" \/>\n<script type=\"application\/ld+json\" class=\"yoast-schema-graph\">{\"@context\":\"https:\/\/schema.org\",\"@graph\":[{\"@type\":\"WebPage\",\"@id\":\"https:\/\/aeronoticias.com.pe\/noticiero\/internacionales\/erupcion-solar-puede-causar-tormentas-magneticas-en-la-tierra-los-proximos-dias\/\",\"url\":\"https:\/\/aeronoticias.com.pe\/noticiero\/internacionales\/erupcion-solar-puede-causar-tormentas-magneticas-en-la-tierra-los-proximos-dias\/\",\"name\":\"Erupci\u00f3n solar puede causar tormentas magn\u00e9ticas en la Tierra los pr\u00f3ximos d\u00edas\",\"isPartOf\":{\"@id\":\"https:\/\/aeronoticias.com.pe\/noticiero\/#website\"},\"datePublished\":\"2013-11-08T21:56:57+00:00\",\"author\":{\"@id\":\"https:\/\/aeronoticias.com.pe\/noticiero\/#\/schema\/person\/fc1e5d578f4b62ba1cf7ac2bba1170a0\"},\"description\":\"Portal de noticias del Per\u00fa sobre el transporte a\u00e9reo, aviaci\u00f3n, turismo, hoteleria, actualidad.\",\"breadcrumb\":{\"@id\":\"https:\/\/aeronoticias.com.pe\/noticiero\/internacionales\/erupcion-solar-puede-causar-tormentas-magneticas-en-la-tierra-los-proximos-dias\/#breadcrumb\"},\"inLanguage\":\"es\",\"potentialAction\":[{\"@type\":\"ReadAction\",\"target\":[\"https:\/\/aeronoticias.com.pe\/noticiero\/internacionales\/erupcion-solar-puede-causar-tormentas-magneticas-en-la-tierra-los-proximos-dias\/\"]}]},{\"@type\":\"BreadcrumbList\",\"@id\":\"https:\/\/aeronoticias.com.pe\/noticiero\/internacionales\/erupcion-solar-puede-causar-tormentas-magneticas-en-la-tierra-los-proximos-dias\/#breadcrumb\",\"itemListElement\":[{\"@type\":\"ListItem\",\"position\":1,\"name\":\"Portada\",\"item\":\"https:\/\/aeronoticias.com.pe\/noticiero\/\"},{\"@type\":\"ListItem\",\"position\":2,\"name\":\"Erupci\u00f3n solar puede causar tormentas magn\u00e9ticas en la Tierra los pr\u00f3ximos d\u00edas\"}]},{\"@type\":\"WebSite\",\"@id\":\"https:\/\/aeronoticias.com.pe\/noticiero\/#website\",\"url\":\"https:\/\/aeronoticias.com.pe\/noticiero\/\",\"name\":\"Aeronoticias.com.pe\",\"description\":\"Noticias de tranporte aereo, turismo, hoteles, gastronomia, actualidad, internacional\",\"potentialAction\":[{\"@type\":\"SearchAction\",\"target\":{\"@type\":\"EntryPoint\",\"urlTemplate\":\"https:\/\/aeronoticias.com.pe\/noticiero\/?s={search_term_string}\"},\"query-input\":{\"@type\":\"PropertyValueSpecification\",\"valueRequired\":true,\"valueName\":\"search_term_string\"}}],\"inLanguage\":\"es\"},{\"@type\":\"Person\",\"@id\":\"https:\/\/aeronoticias.com.pe\/noticiero\/#\/schema\/person\/fc1e5d578f4b62ba1cf7ac2bba1170a0\",\"name\":\"Redacci\u00f3n Aeronoticias\",\"url\":\"https:\/\/aeronoticias.com.pe\/noticiero\/author\/piloto\/\"}]}<\/script>\n<!-- \/ Yoast SEO plugin. -->","yoast_head_json":{"title":"Erupci\u00f3n solar puede causar tormentas magn\u00e9ticas en la Tierra los pr\u00f3ximos d\u00edas","description":"Portal de noticias del Per\u00fa sobre el transporte a\u00e9reo, aviaci\u00f3n, turismo, hoteleria, actualidad.","robots":{"index":"index","follow":"follow","max-snippet":"max-snippet:-1","max-image-preview":"max-image-preview:large","max-video-preview":"max-video-preview:-1"},"canonical":"https:\/\/aeronoticias.com.pe\/noticiero\/internacionales\/erupcion-solar-puede-causar-tormentas-magneticas-en-la-tierra-los-proximos-dias\/","og_locale":"es_ES","og_type":"article","og_title":"Erupci\u00f3n solar puede causar tormentas magn\u00e9ticas en la Tierra los pr\u00f3ximos d\u00edas","og_description":"Portal de noticias del Per\u00fa sobre el transporte a\u00e9reo, aviaci\u00f3n, turismo, hoteleria, actualidad.","og_url":"https:\/\/aeronoticias.com.pe\/noticiero\/internacionales\/erupcion-solar-puede-causar-tormentas-magneticas-en-la-tierra-los-proximos-dias\/","og_site_name":"Aeronoticias.com.pe","article_publisher":"https:\/\/www.facebook.com\/Aeronoticias.com.pe\/","article_published_time":"2013-11-08T21:56:57+00:00","author":"Redacci\u00f3n Aeronoticias","twitter_card":"summary_large_image","twitter_creator":"@aeronoticias","twitter_site":"@aeronoticias","twitter_misc":{"Escrito por":"Redacci\u00f3n Aeronoticias","Tiempo de lectura":"1 minuto"},"schema":{"@context":"https:\/\/schema.org","@graph":[{"@type":"WebPage","@id":"https:\/\/aeronoticias.com.pe\/noticiero\/internacionales\/erupcion-solar-puede-causar-tormentas-magneticas-en-la-tierra-los-proximos-dias\/","url":"https:\/\/aeronoticias.com.pe\/noticiero\/internacionales\/erupcion-solar-puede-causar-tormentas-magneticas-en-la-tierra-los-proximos-dias\/","name":"Erupci\u00f3n solar puede causar tormentas magn\u00e9ticas en la Tierra los pr\u00f3ximos d\u00edas","isPartOf":{"@id":"https:\/\/aeronoticias.com.pe\/noticiero\/#website"},"datePublished":"2013-11-08T21:56:57+00:00","author":{"@id":"https:\/\/aeronoticias.com.pe\/noticiero\/#\/schema\/person\/fc1e5d578f4b62ba1cf7ac2bba1170a0"},"description":"Portal de noticias del Per\u00fa sobre el transporte a\u00e9reo, aviaci\u00f3n, turismo, hoteleria, actualidad.","breadcrumb":{"@id":"https:\/\/aeronoticias.com.pe\/noticiero\/internacionales\/erupcion-solar-puede-causar-tormentas-magneticas-en-la-tierra-los-proximos-dias\/#breadcrumb"},"inLanguage":"es","potentialAction":[{"@type":"ReadAction","target":["https:\/\/aeronoticias.com.pe\/noticiero\/internacionales\/erupcion-solar-puede-causar-tormentas-magneticas-en-la-tierra-los-proximos-dias\/"]}]},{"@type":"BreadcrumbList","@id":"https:\/\/aeronoticias.com.pe\/noticiero\/internacionales\/erupcion-solar-puede-causar-tormentas-magneticas-en-la-tierra-los-proximos-dias\/#breadcrumb","itemListElement":[{"@type":"ListItem","position":1,"name":"Portada","item":"https:\/\/aeronoticias.com.pe\/noticiero\/"},{"@type":"ListItem","position":2,"name":"Erupci\u00f3n solar puede causar tormentas magn\u00e9ticas en la Tierra los pr\u00f3ximos d\u00edas"}]},{"@type":"WebSite","@id":"https:\/\/aeronoticias.com.pe\/noticiero\/#website","url":"https:\/\/aeronoticias.com.pe\/noticiero\/","name":"Aeronoticias.com.pe","description":"Noticias de tranporte aereo, turismo, hoteles, gastronomia, actualidad, internacional","potentialAction":[{"@type":"SearchAction","target":{"@type":"EntryPoint","urlTemplate":"https:\/\/aeronoticias.com.pe\/noticiero\/?s={search_term_string}"},"query-input":{"@type":"PropertyValueSpecification","valueRequired":true,"valueName":"search_term_string"}}],"inLanguage":"es"},{"@type":"Person","@id":"https:\/\/aeronoticias.com.pe\/noticiero\/#\/schema\/person\/fc1e5d578f4b62ba1cf7ac2bba1170a0","name":"Redacci\u00f3n Aeronoticias","url":"https:\/\/aeronoticias.com.pe\/noticiero\/author\/piloto\/"}]}},"_links":{"self":[{"href":"https:\/\/aeronoticias.com.pe\/noticiero\/wp-json\/wp\/v2\/posts\/41559","targetHints":{"allow":["GET"]}}],"collection":[{"href":"https:\/\/aeronoticias.com.pe\/noticiero\/wp-json\/wp\/v2\/posts"}],"about":[{"href":"https:\/\/aeronoticias.com.pe\/noticiero\/wp-json\/wp\/v2\/types\/post"}],"author":[{"embeddable":true,"href":"https:\/\/aeronoticias.com.pe\/noticiero\/wp-json\/wp\/v2\/users\/1"}],"replies":[{"embeddable":true,"href":"https:\/\/aeronoticias.com.pe\/noticiero\/wp-json\/wp\/v2\/comments?post=41559"}],"version-history":[{"count":0,"href":"https:\/\/aeronoticias.com.pe\/noticiero\/wp-json\/wp\/v2\/posts\/41559\/revisions"}],"wp:attachment":[{"href":"https:\/\/aeronoticias.com.pe\/noticiero\/wp-json\/wp\/v2\/media?parent=41559"}],"wp:term":[{"taxonomy":"category","embeddable":true,"href":"https:\/\/aeronoticias.com.pe\/noticiero\/wp-json\/wp\/v2\/categories?post=41559"},{"taxonomy":"post_tag","embeddable":true,"href":"https:\/\/aeronoticias.com.pe\/noticiero\/wp-json\/wp\/v2\/tags?post=41559"}],"curies":[{"name":"wp","href":"https:\/\/api.w.org\/{rel}","templated":true}]}}