{"id":41562,"date":"2013-11-09T15:47:45","date_gmt":"2013-11-09T15:47:45","guid":{"rendered":"http:\/\/desarrollo.mcvicious.com\/aero2020\/2013\/11\/09\/fotos-y-video-conociendo-mas-al-piper-pa-11\/"},"modified":"2013-11-09T15:47:45","modified_gmt":"2013-11-09T15:47:45","slug":"fotos-y-video-conociendo-mas-al-piper-pa-11","status":"publish","type":"post","link":"https:\/\/aeronoticias.com.pe\/noticiero\/transporte-aereo\/internacional\/fotos-y-video-conociendo-mas-al-piper-pa-11\/","title":{"rendered":"Fotos y Video | Conociendo m\u00e1s al Piper PA 11"},"content":{"rendered":"<p><img decoding=\"async\" src=\"images\/stories\/13\/11\/091113\/piperpa-11.jpg\" border=\"0\" \/><img decoding=\"async\" src=\"images\/stories\/13\/11\/091113\/300px-piper_cub_cockpit.jpg\" border=\"0\" \/><img decoding=\"async\" src=\"images\/stories\/13\/11\/091113\/071019-f-1234s-007.jpg\" border=\"0\" \/><\/p>\n<p><img decoding=\"async\" src=\"images\/stories\/13\/11\/091113\/1053484m.jpg\" border=\"0\" \/><\/p>\n<p><img decoding=\"async\" src=\"images\/stories\/13\/11\/091113\/241217027_f885e15ca9.jpg\" border=\"0\" \/><\/p>\n<p><img decoding=\"async\" src=\"images\/stories\/13\/11\/091113\/357667465_8c1002c986.jpg\" border=\"0\" \/><img decoding=\"async\" src=\"images\/stories\/13\/11\/091113\/357667468_20a10de81b.jpg\" border=\"0\" \/><\/p>\n<p><img decoding=\"async\" src=\"images\/stories\/13\/11\/091113\/aero3aa.jpg\" border=\"0\" \/><\/p>\n<p><img decoding=\"async\" src=\"images\/stories\/13\/11\/091113\/aeroplanoinstru.jpg\" border=\"0\" \/><\/p>\n<p><img decoding=\"async\" src=\"images\/stories\/13\/11\/091113\/pa_11.jpg\" border=\"0\" \/><\/p>\n<p style=\"text-align: justify;\"><img decoding=\"async\" src=\"images\/stories\/13\/11\/091113\/pa11ipb.jpg\" border=\"0\" \/><img decoding=\"async\" src=\"images\/stories\/13\/11\/091113\/pipepa11.jpg\" border=\"0\" \/><img decoding=\"async\" src=\"images\/stories\/13\/11\/091113\/plantilla.jpg\" border=\"0\" \/><\/p>\n<p style=\"text-align: justify;\"><strong>(Aeronoticias).-<\/strong> Durante muchas generaciones desde la d\u00e9cada del 50 esta aeronave ha formado muchos pilotos en todo el mundo, ha prestado servicios en incidentes b\u00e9licos y forma parte de la aviaci\u00f3n.<\/p>\n<p style=\"text-align: justify;\">La aeronave es b\u00e1sicamente una evoluci\u00f3n del Piper J-3 Cub con el motor situado m\u00e1s bajo; una cubierta rodea completamente las cabezas de los cilindros y se incorporan tanques de combustible en las alas para proporcionarle una mayor autonom\u00eda. De esta manera se altera el centro de gravedad del avi\u00f3n, lo que permite realizar vuelos en solitario desde el asiento delantero. Las primeras unidades del PA-11 llevaban motores Continental A65-8, mientras que las \u00faltimas ten\u00edan la opci\u00f3n de montar un Continental C90-8.<\/p>\n<p style=\"text-align: justify;\">Este aparato fue la base del siguiente modelo de la serie Piper Cub: el Piper PA-18 Super Cub. Debido al ajustado peso del PA-11, es lo suficientemente ligero para tener un buen rendimiento y lo suficientemente pesado para ser f\u00e1cil de pilotar con vientos m\u00e1s fuertes que el m\u00e1s ligero J-3 Cub.<\/p>\n<p style=\"text-align: justify;\">mira <a href=\"http:\/\/www.youtube.com\/watch?v=CvY4lNdHaa0\" target=\"_blank\" rel=\"noopener noreferrer\">aqu\u00ed<\/a> el v\u00eddeo<\/p>\n<p style=\"text-align: justify;\">\u00a0<\/p>\n<p style=\"text-align: justify;\">Fuente: <strong>EdwardAMCullen (Taringa) \/ Wikipedia<\/strong><\/p>\n<p style=\"text-align: justify;\">Fotos: <strong>EdwardAMCullen (Taringa) \u00a0\/ forum.mutleyshangar <\/strong><\/p>\n","protected":false},"excerpt":{"rendered":"<p>(Aeronoticias).- Durante muchas generaciones desde la d\u00e9cada del 50 esta aeronave ha formado muchos pilotos en todo el mundo, ha prestado servicios en incidentes b\u00e9licos y forma parte de la aviaci\u00f3n. La aeronave es b\u00e1sicamente una evoluci\u00f3n del Piper J-3 Cub con el motor situado m\u00e1s bajo; una cubierta rodea completamente las cabezas de los [&hellip;]<\/p>\n","protected":false},"author":1,"featured_media":0,"comment_status":"open","ping_status":"open","sticky":false,"template":"","format":"standard","meta":{"tdm_status":"","tdm_grid_status":"","footnotes":""},"categories":[32],"tags":[],"class_list":{"0":"post-41562","1":"post","2":"type-post","3":"status-publish","4":"format-standard","6":"category-internacional"},"yoast_head":"<!-- This site is optimized with the Yoast SEO plugin v25.1 - https:\/\/yoast.com\/wordpress\/plugins\/seo\/ -->\n<title>Fotos y Video | Conociendo m\u00e1s al Piper PA 11<\/title>\n<meta name=\"description\" content=\"Portal de noticias del Per\u00fa sobre el transporte a\u00e9reo, aviaci\u00f3n, turismo, hoteleria, actualidad.\" \/>\n<meta name=\"robots\" content=\"index, follow, max-snippet:-1, max-image-preview:large, max-video-preview:-1\" \/>\n<link rel=\"canonical\" href=\"https:\/\/aeronoticias.com.pe\/noticiero\/transporte-aereo\/internacional\/fotos-y-video-conociendo-mas-al-piper-pa-11\/\" \/>\n<meta property=\"og:locale\" content=\"es_ES\" \/>\n<meta property=\"og:type\" content=\"article\" \/>\n<meta property=\"og:title\" content=\"Fotos y Video | Conociendo m\u00e1s al Piper PA 11\" \/>\n<meta property=\"og:description\" content=\"Portal de noticias del Per\u00fa sobre el transporte a\u00e9reo, aviaci\u00f3n, turismo, hoteleria, actualidad.\" \/>\n<meta property=\"og:url\" content=\"https:\/\/aeronoticias.com.pe\/noticiero\/transporte-aereo\/internacional\/fotos-y-video-conociendo-mas-al-piper-pa-11\/\" \/>\n<meta property=\"og:site_name\" content=\"Aeronoticias.com.pe\" \/>\n<meta property=\"article:publisher\" content=\"https:\/\/www.facebook.com\/Aeronoticias.com.pe\/\" \/>\n<meta property=\"article:published_time\" content=\"2013-11-09T15:47:45+00:00\" \/>\n<meta name=\"author\" content=\"Redacci\u00f3n Aeronoticias\" \/>\n<meta name=\"twitter:card\" content=\"summary_large_image\" \/>\n<meta name=\"twitter:creator\" content=\"@aeronoticias\" \/>\n<meta name=\"twitter:site\" content=\"@aeronoticias\" \/>\n<meta name=\"twitter:label1\" content=\"Escrito por\" \/>\n\t<meta name=\"twitter:data1\" content=\"Redacci\u00f3n Aeronoticias\" \/>\n\t<meta name=\"twitter:label2\" content=\"Tiempo de lectura\" \/>\n\t<meta name=\"twitter:data2\" content=\"1 minuto\" \/>\n<script type=\"application\/ld+json\" class=\"yoast-schema-graph\">{\"@context\":\"https:\/\/schema.org\",\"@graph\":[{\"@type\":\"WebPage\",\"@id\":\"https:\/\/aeronoticias.com.pe\/noticiero\/transporte-aereo\/internacional\/fotos-y-video-conociendo-mas-al-piper-pa-11\/\",\"url\":\"https:\/\/aeronoticias.com.pe\/noticiero\/transporte-aereo\/internacional\/fotos-y-video-conociendo-mas-al-piper-pa-11\/\",\"name\":\"Fotos y Video | Conociendo m\u00e1s al Piper PA 11\",\"isPartOf\":{\"@id\":\"https:\/\/aeronoticias.com.pe\/noticiero\/#website\"},\"datePublished\":\"2013-11-09T15:47:45+00:00\",\"author\":{\"@id\":\"https:\/\/aeronoticias.com.pe\/noticiero\/#\/schema\/person\/fc1e5d578f4b62ba1cf7ac2bba1170a0\"},\"description\":\"Portal de noticias del Per\u00fa sobre el transporte a\u00e9reo, aviaci\u00f3n, turismo, hoteleria, actualidad.\",\"breadcrumb\":{\"@id\":\"https:\/\/aeronoticias.com.pe\/noticiero\/transporte-aereo\/internacional\/fotos-y-video-conociendo-mas-al-piper-pa-11\/#breadcrumb\"},\"inLanguage\":\"es\",\"potentialAction\":[{\"@type\":\"ReadAction\",\"target\":[\"https:\/\/aeronoticias.com.pe\/noticiero\/transporte-aereo\/internacional\/fotos-y-video-conociendo-mas-al-piper-pa-11\/\"]}]},{\"@type\":\"BreadcrumbList\",\"@id\":\"https:\/\/aeronoticias.com.pe\/noticiero\/transporte-aereo\/internacional\/fotos-y-video-conociendo-mas-al-piper-pa-11\/#breadcrumb\",\"itemListElement\":[{\"@type\":\"ListItem\",\"position\":1,\"name\":\"Portada\",\"item\":\"https:\/\/aeronoticias.com.pe\/noticiero\/\"},{\"@type\":\"ListItem\",\"position\":2,\"name\":\"Fotos y Video | Conociendo m\u00e1s al Piper PA 11\"}]},{\"@type\":\"WebSite\",\"@id\":\"https:\/\/aeronoticias.com.pe\/noticiero\/#website\",\"url\":\"https:\/\/aeronoticias.com.pe\/noticiero\/\",\"name\":\"Aeronoticias.com.pe\",\"description\":\"Noticias de tranporte aereo, turismo, hoteles, gastronomia, actualidad, internacional\",\"potentialAction\":[{\"@type\":\"SearchAction\",\"target\":{\"@type\":\"EntryPoint\",\"urlTemplate\":\"https:\/\/aeronoticias.com.pe\/noticiero\/?s={search_term_string}\"},\"query-input\":{\"@type\":\"PropertyValueSpecification\",\"valueRequired\":true,\"valueName\":\"search_term_string\"}}],\"inLanguage\":\"es\"},{\"@type\":\"Person\",\"@id\":\"https:\/\/aeronoticias.com.pe\/noticiero\/#\/schema\/person\/fc1e5d578f4b62ba1cf7ac2bba1170a0\",\"name\":\"Redacci\u00f3n Aeronoticias\",\"url\":\"https:\/\/aeronoticias.com.pe\/noticiero\/author\/piloto\/\"}]}<\/script>\n<!-- \/ Yoast SEO plugin. -->","yoast_head_json":{"title":"Fotos y Video | Conociendo m\u00e1s al Piper PA 11","description":"Portal de noticias del Per\u00fa sobre el transporte a\u00e9reo, aviaci\u00f3n, turismo, hoteleria, actualidad.","robots":{"index":"index","follow":"follow","max-snippet":"max-snippet:-1","max-image-preview":"max-image-preview:large","max-video-preview":"max-video-preview:-1"},"canonical":"https:\/\/aeronoticias.com.pe\/noticiero\/transporte-aereo\/internacional\/fotos-y-video-conociendo-mas-al-piper-pa-11\/","og_locale":"es_ES","og_type":"article","og_title":"Fotos y Video | Conociendo m\u00e1s al Piper PA 11","og_description":"Portal de noticias del Per\u00fa sobre el transporte a\u00e9reo, aviaci\u00f3n, turismo, hoteleria, actualidad.","og_url":"https:\/\/aeronoticias.com.pe\/noticiero\/transporte-aereo\/internacional\/fotos-y-video-conociendo-mas-al-piper-pa-11\/","og_site_name":"Aeronoticias.com.pe","article_publisher":"https:\/\/www.facebook.com\/Aeronoticias.com.pe\/","article_published_time":"2013-11-09T15:47:45+00:00","author":"Redacci\u00f3n Aeronoticias","twitter_card":"summary_large_image","twitter_creator":"@aeronoticias","twitter_site":"@aeronoticias","twitter_misc":{"Escrito por":"Redacci\u00f3n Aeronoticias","Tiempo de lectura":"1 minuto"},"schema":{"@context":"https:\/\/schema.org","@graph":[{"@type":"WebPage","@id":"https:\/\/aeronoticias.com.pe\/noticiero\/transporte-aereo\/internacional\/fotos-y-video-conociendo-mas-al-piper-pa-11\/","url":"https:\/\/aeronoticias.com.pe\/noticiero\/transporte-aereo\/internacional\/fotos-y-video-conociendo-mas-al-piper-pa-11\/","name":"Fotos y Video | Conociendo m\u00e1s al Piper PA 11","isPartOf":{"@id":"https:\/\/aeronoticias.com.pe\/noticiero\/#website"},"datePublished":"2013-11-09T15:47:45+00:00","author":{"@id":"https:\/\/aeronoticias.com.pe\/noticiero\/#\/schema\/person\/fc1e5d578f4b62ba1cf7ac2bba1170a0"},"description":"Portal de noticias del Per\u00fa sobre el transporte a\u00e9reo, aviaci\u00f3n, turismo, hoteleria, actualidad.","breadcrumb":{"@id":"https:\/\/aeronoticias.com.pe\/noticiero\/transporte-aereo\/internacional\/fotos-y-video-conociendo-mas-al-piper-pa-11\/#breadcrumb"},"inLanguage":"es","potentialAction":[{"@type":"ReadAction","target":["https:\/\/aeronoticias.com.pe\/noticiero\/transporte-aereo\/internacional\/fotos-y-video-conociendo-mas-al-piper-pa-11\/"]}]},{"@type":"BreadcrumbList","@id":"https:\/\/aeronoticias.com.pe\/noticiero\/transporte-aereo\/internacional\/fotos-y-video-conociendo-mas-al-piper-pa-11\/#breadcrumb","itemListElement":[{"@type":"ListItem","position":1,"name":"Portada","item":"https:\/\/aeronoticias.com.pe\/noticiero\/"},{"@type":"ListItem","position":2,"name":"Fotos y Video | Conociendo m\u00e1s al Piper PA 11"}]},{"@type":"WebSite","@id":"https:\/\/aeronoticias.com.pe\/noticiero\/#website","url":"https:\/\/aeronoticias.com.pe\/noticiero\/","name":"Aeronoticias.com.pe","description":"Noticias de tranporte aereo, turismo, hoteles, gastronomia, actualidad, internacional","potentialAction":[{"@type":"SearchAction","target":{"@type":"EntryPoint","urlTemplate":"https:\/\/aeronoticias.com.pe\/noticiero\/?s={search_term_string}"},"query-input":{"@type":"PropertyValueSpecification","valueRequired":true,"valueName":"search_term_string"}}],"inLanguage":"es"},{"@type":"Person","@id":"https:\/\/aeronoticias.com.pe\/noticiero\/#\/schema\/person\/fc1e5d578f4b62ba1cf7ac2bba1170a0","name":"Redacci\u00f3n Aeronoticias","url":"https:\/\/aeronoticias.com.pe\/noticiero\/author\/piloto\/"}]}},"_links":{"self":[{"href":"https:\/\/aeronoticias.com.pe\/noticiero\/wp-json\/wp\/v2\/posts\/41562","targetHints":{"allow":["GET"]}}],"collection":[{"href":"https:\/\/aeronoticias.com.pe\/noticiero\/wp-json\/wp\/v2\/posts"}],"about":[{"href":"https:\/\/aeronoticias.com.pe\/noticiero\/wp-json\/wp\/v2\/types\/post"}],"author":[{"embeddable":true,"href":"https:\/\/aeronoticias.com.pe\/noticiero\/wp-json\/wp\/v2\/users\/1"}],"replies":[{"embeddable":true,"href":"https:\/\/aeronoticias.com.pe\/noticiero\/wp-json\/wp\/v2\/comments?post=41562"}],"version-history":[{"count":0,"href":"https:\/\/aeronoticias.com.pe\/noticiero\/wp-json\/wp\/v2\/posts\/41562\/revisions"}],"wp:attachment":[{"href":"https:\/\/aeronoticias.com.pe\/noticiero\/wp-json\/wp\/v2\/media?parent=41562"}],"wp:term":[{"taxonomy":"category","embeddable":true,"href":"https:\/\/aeronoticias.com.pe\/noticiero\/wp-json\/wp\/v2\/categories?post=41562"},{"taxonomy":"post_tag","embeddable":true,"href":"https:\/\/aeronoticias.com.pe\/noticiero\/wp-json\/wp\/v2\/tags?post=41562"}],"curies":[{"name":"wp","href":"https:\/\/api.w.org\/{rel}","templated":true}]}}