{"id":41566,"date":"2013-11-09T18:14:47","date_gmt":"2013-11-09T18:14:47","guid":{"rendered":"http:\/\/desarrollo.mcvicious.com\/aero2020\/2013\/11\/09\/un-satelite-sin-combustible-caera-en-la-tierra-en-breve\/"},"modified":"2013-11-09T18:14:47","modified_gmt":"2013-11-09T18:14:47","slug":"un-satelite-sin-combustible-caera-en-la-tierra-en-breve","status":"publish","type":"post","link":"https:\/\/aeronoticias.com.pe\/noticiero\/transporte-aereo\/internacional\/un-satelite-sin-combustible-caera-en-la-tierra-en-breve\/","title":{"rendered":"Un sat\u00e9lite sin combustible caer\u00e1 en la Tierra en breve"},"content":{"rendered":"<p><img decoding=\"async\" src=\"images\/stories\/13\/11\/091113\/131107154829-goce-satellite-story-top.jpg\" border=\"0\" \/><\/p>\n<p style=\"text-align: justify;\"><strong>(Aeronoticias). <\/strong>\u2013 Un sat\u00e9lite europeo que se qued\u00f3 sin combustible comenzar\u00e1 a caer en los pr\u00f3ximos d\u00edas y se espera que se desintegre y los fragmentos de la nave espacial de casi una tonelada golpear\u00e1n la superficie de la Tierra.<\/p>\n<p style=\"text-align: justify;\">Nadie sabe d\u00f3nde o cu\u00e1ndo llegar\u00e1n los trozos de la nave, pero la Agencia Espacial Europea ha dicho que es probable que caigan en las zonas oce\u00e1nicas o \u00e1reas despobladas.<\/p>\n<p style=\"text-align: justify;\">Los fragmentos chocar\u00e1n con la Tierra el domingo o el lunes, seg\u00fan augur\u00f3 a The New York Times Rune Floberghagen, director de la misi\u00f3n para el campo de la gravedad y el Explorador de Oc\u00e9ano, m\u00e1s conocido como GOCE.<\/p>\n<p style=\"text-align: justify;\">GOCE fue lanzado en 2009 para mapear las variaciones en la gravedad de la Tierra en 3D, proporcionar patrones de circulaci\u00f3n oce\u00e1nica y tomar otras medidas.<\/p>\n<p style=\"text-align: justify;\">La p\u00e1gina web de la ESA, dijo que el sat\u00e9lite \u00abse convirti\u00f3 en el primer sism\u00f3metro en \u00f3rbita\u00bb, en marzo de 2011, cuando detect\u00f3 ondas sonoras desde el espacio del terremoto que afect\u00f3 a Jap\u00f3n.<\/p>\n<p style=\"text-align: justify;\">Se esperaba que GOCE cayera mucho antes, pero el consumo de combustible fue menor de lo esperado. En agosto, la altitud del sat\u00e9lite se redujo a alrededor de 139 millas, m\u00e1s que cualquier otro sat\u00e9lite de investigaci\u00f3n, para mejorar la exactitud de la informaci\u00f3n recopilada, dijo el sitio web de la ESA.<\/p>\n<p style=\"text-align: justify;\">GOCE se qued\u00f3 sin combustible el 21 de octubre. El 4 de noviembre, el sitio web de la ESA, anunci\u00f3 que el sat\u00e9lite estaba orbitando la Tierra a 119 millas y la velocidad de descenso aumentar\u00eda significativamente en los pr\u00f3ximos d\u00edas.<\/p>\n<p style=\"text-align: justify;\">\u00a0<\/p>\n<p style=\"text-align: justify;\">Fuente: <strong>CNN<\/strong><\/p>\n<p style=\"text-align: justify;\">Foto: <strong>CNN<\/strong><\/p>\n<p style=\"text-align: justify;\">\u00a0<\/p>\n","protected":false},"excerpt":{"rendered":"<p>(Aeronoticias). \u2013 Un sat\u00e9lite europeo que se qued\u00f3 sin combustible comenzar\u00e1 a caer en los pr\u00f3ximos d\u00edas y se espera que se desintegre y los fragmentos de la nave espacial de casi una tonelada golpear\u00e1n la superficie de la Tierra. Nadie sabe d\u00f3nde o cu\u00e1ndo llegar\u00e1n los trozos de la nave, pero la Agencia Espacial [&hellip;]<\/p>\n","protected":false},"author":1,"featured_media":0,"comment_status":"open","ping_status":"open","sticky":false,"template":"","format":"standard","meta":{"tdm_status":"","tdm_grid_status":"","footnotes":""},"categories":[32],"tags":[],"class_list":{"0":"post-41566","1":"post","2":"type-post","3":"status-publish","4":"format-standard","6":"category-internacional"},"yoast_head":"<!-- This site is optimized with the Yoast SEO plugin v25.1 - https:\/\/yoast.com\/wordpress\/plugins\/seo\/ -->\n<title>Un sat\u00e9lite sin combustible caer\u00e1 en la Tierra en breve<\/title>\n<meta name=\"description\" content=\"Portal de noticias del Per\u00fa sobre el transporte a\u00e9reo, aviaci\u00f3n, turismo, hoteleria, actualidad.\" \/>\n<meta name=\"robots\" content=\"index, follow, max-snippet:-1, max-image-preview:large, max-video-preview:-1\" \/>\n<link rel=\"canonical\" href=\"https:\/\/aeronoticias.com.pe\/noticiero\/transporte-aereo\/internacional\/un-satelite-sin-combustible-caera-en-la-tierra-en-breve\/\" \/>\n<meta property=\"og:locale\" content=\"es_ES\" \/>\n<meta property=\"og:type\" content=\"article\" \/>\n<meta property=\"og:title\" content=\"Un sat\u00e9lite sin combustible caer\u00e1 en la Tierra en breve\" \/>\n<meta property=\"og:description\" content=\"Portal de noticias del Per\u00fa sobre el transporte a\u00e9reo, aviaci\u00f3n, turismo, hoteleria, actualidad.\" \/>\n<meta property=\"og:url\" content=\"https:\/\/aeronoticias.com.pe\/noticiero\/transporte-aereo\/internacional\/un-satelite-sin-combustible-caera-en-la-tierra-en-breve\/\" \/>\n<meta property=\"og:site_name\" content=\"Aeronoticias.com.pe\" \/>\n<meta property=\"article:publisher\" content=\"https:\/\/www.facebook.com\/Aeronoticias.com.pe\/\" \/>\n<meta property=\"article:published_time\" content=\"2013-11-09T18:14:47+00:00\" \/>\n<meta name=\"author\" content=\"Redacci\u00f3n Aeronoticias\" \/>\n<meta name=\"twitter:card\" content=\"summary_large_image\" \/>\n<meta name=\"twitter:creator\" content=\"@aeronoticias\" \/>\n<meta name=\"twitter:site\" content=\"@aeronoticias\" \/>\n<meta name=\"twitter:label1\" content=\"Escrito por\" \/>\n\t<meta name=\"twitter:data1\" content=\"Redacci\u00f3n Aeronoticias\" \/>\n\t<meta name=\"twitter:label2\" content=\"Tiempo de lectura\" \/>\n\t<meta name=\"twitter:data2\" content=\"1 minuto\" \/>\n<script type=\"application\/ld+json\" class=\"yoast-schema-graph\">{\"@context\":\"https:\/\/schema.org\",\"@graph\":[{\"@type\":\"WebPage\",\"@id\":\"https:\/\/aeronoticias.com.pe\/noticiero\/transporte-aereo\/internacional\/un-satelite-sin-combustible-caera-en-la-tierra-en-breve\/\",\"url\":\"https:\/\/aeronoticias.com.pe\/noticiero\/transporte-aereo\/internacional\/un-satelite-sin-combustible-caera-en-la-tierra-en-breve\/\",\"name\":\"Un sat\u00e9lite sin combustible caer\u00e1 en la Tierra en breve\",\"isPartOf\":{\"@id\":\"https:\/\/aeronoticias.com.pe\/noticiero\/#website\"},\"datePublished\":\"2013-11-09T18:14:47+00:00\",\"author\":{\"@id\":\"https:\/\/aeronoticias.com.pe\/noticiero\/#\/schema\/person\/fc1e5d578f4b62ba1cf7ac2bba1170a0\"},\"description\":\"Portal de noticias del Per\u00fa sobre el transporte a\u00e9reo, aviaci\u00f3n, turismo, hoteleria, actualidad.\",\"breadcrumb\":{\"@id\":\"https:\/\/aeronoticias.com.pe\/noticiero\/transporte-aereo\/internacional\/un-satelite-sin-combustible-caera-en-la-tierra-en-breve\/#breadcrumb\"},\"inLanguage\":\"es\",\"potentialAction\":[{\"@type\":\"ReadAction\",\"target\":[\"https:\/\/aeronoticias.com.pe\/noticiero\/transporte-aereo\/internacional\/un-satelite-sin-combustible-caera-en-la-tierra-en-breve\/\"]}]},{\"@type\":\"BreadcrumbList\",\"@id\":\"https:\/\/aeronoticias.com.pe\/noticiero\/transporte-aereo\/internacional\/un-satelite-sin-combustible-caera-en-la-tierra-en-breve\/#breadcrumb\",\"itemListElement\":[{\"@type\":\"ListItem\",\"position\":1,\"name\":\"Portada\",\"item\":\"https:\/\/aeronoticias.com.pe\/noticiero\/\"},{\"@type\":\"ListItem\",\"position\":2,\"name\":\"Un sat\u00e9lite sin combustible caer\u00e1 en la Tierra en breve\"}]},{\"@type\":\"WebSite\",\"@id\":\"https:\/\/aeronoticias.com.pe\/noticiero\/#website\",\"url\":\"https:\/\/aeronoticias.com.pe\/noticiero\/\",\"name\":\"Aeronoticias.com.pe\",\"description\":\"Noticias de tranporte aereo, turismo, hoteles, gastronomia, actualidad, internacional\",\"potentialAction\":[{\"@type\":\"SearchAction\",\"target\":{\"@type\":\"EntryPoint\",\"urlTemplate\":\"https:\/\/aeronoticias.com.pe\/noticiero\/?s={search_term_string}\"},\"query-input\":{\"@type\":\"PropertyValueSpecification\",\"valueRequired\":true,\"valueName\":\"search_term_string\"}}],\"inLanguage\":\"es\"},{\"@type\":\"Person\",\"@id\":\"https:\/\/aeronoticias.com.pe\/noticiero\/#\/schema\/person\/fc1e5d578f4b62ba1cf7ac2bba1170a0\",\"name\":\"Redacci\u00f3n Aeronoticias\",\"url\":\"https:\/\/aeronoticias.com.pe\/noticiero\/author\/piloto\/\"}]}<\/script>\n<!-- \/ Yoast SEO plugin. -->","yoast_head_json":{"title":"Un sat\u00e9lite sin combustible caer\u00e1 en la Tierra en breve","description":"Portal de noticias del Per\u00fa sobre el transporte a\u00e9reo, aviaci\u00f3n, turismo, hoteleria, actualidad.","robots":{"index":"index","follow":"follow","max-snippet":"max-snippet:-1","max-image-preview":"max-image-preview:large","max-video-preview":"max-video-preview:-1"},"canonical":"https:\/\/aeronoticias.com.pe\/noticiero\/transporte-aereo\/internacional\/un-satelite-sin-combustible-caera-en-la-tierra-en-breve\/","og_locale":"es_ES","og_type":"article","og_title":"Un sat\u00e9lite sin combustible caer\u00e1 en la Tierra en breve","og_description":"Portal de noticias del Per\u00fa sobre el transporte a\u00e9reo, aviaci\u00f3n, turismo, hoteleria, actualidad.","og_url":"https:\/\/aeronoticias.com.pe\/noticiero\/transporte-aereo\/internacional\/un-satelite-sin-combustible-caera-en-la-tierra-en-breve\/","og_site_name":"Aeronoticias.com.pe","article_publisher":"https:\/\/www.facebook.com\/Aeronoticias.com.pe\/","article_published_time":"2013-11-09T18:14:47+00:00","author":"Redacci\u00f3n Aeronoticias","twitter_card":"summary_large_image","twitter_creator":"@aeronoticias","twitter_site":"@aeronoticias","twitter_misc":{"Escrito por":"Redacci\u00f3n Aeronoticias","Tiempo de lectura":"1 minuto"},"schema":{"@context":"https:\/\/schema.org","@graph":[{"@type":"WebPage","@id":"https:\/\/aeronoticias.com.pe\/noticiero\/transporte-aereo\/internacional\/un-satelite-sin-combustible-caera-en-la-tierra-en-breve\/","url":"https:\/\/aeronoticias.com.pe\/noticiero\/transporte-aereo\/internacional\/un-satelite-sin-combustible-caera-en-la-tierra-en-breve\/","name":"Un sat\u00e9lite sin combustible caer\u00e1 en la Tierra en breve","isPartOf":{"@id":"https:\/\/aeronoticias.com.pe\/noticiero\/#website"},"datePublished":"2013-11-09T18:14:47+00:00","author":{"@id":"https:\/\/aeronoticias.com.pe\/noticiero\/#\/schema\/person\/fc1e5d578f4b62ba1cf7ac2bba1170a0"},"description":"Portal de noticias del Per\u00fa sobre el transporte a\u00e9reo, aviaci\u00f3n, turismo, hoteleria, actualidad.","breadcrumb":{"@id":"https:\/\/aeronoticias.com.pe\/noticiero\/transporte-aereo\/internacional\/un-satelite-sin-combustible-caera-en-la-tierra-en-breve\/#breadcrumb"},"inLanguage":"es","potentialAction":[{"@type":"ReadAction","target":["https:\/\/aeronoticias.com.pe\/noticiero\/transporte-aereo\/internacional\/un-satelite-sin-combustible-caera-en-la-tierra-en-breve\/"]}]},{"@type":"BreadcrumbList","@id":"https:\/\/aeronoticias.com.pe\/noticiero\/transporte-aereo\/internacional\/un-satelite-sin-combustible-caera-en-la-tierra-en-breve\/#breadcrumb","itemListElement":[{"@type":"ListItem","position":1,"name":"Portada","item":"https:\/\/aeronoticias.com.pe\/noticiero\/"},{"@type":"ListItem","position":2,"name":"Un sat\u00e9lite sin combustible caer\u00e1 en la Tierra en breve"}]},{"@type":"WebSite","@id":"https:\/\/aeronoticias.com.pe\/noticiero\/#website","url":"https:\/\/aeronoticias.com.pe\/noticiero\/","name":"Aeronoticias.com.pe","description":"Noticias de tranporte aereo, turismo, hoteles, gastronomia, actualidad, internacional","potentialAction":[{"@type":"SearchAction","target":{"@type":"EntryPoint","urlTemplate":"https:\/\/aeronoticias.com.pe\/noticiero\/?s={search_term_string}"},"query-input":{"@type":"PropertyValueSpecification","valueRequired":true,"valueName":"search_term_string"}}],"inLanguage":"es"},{"@type":"Person","@id":"https:\/\/aeronoticias.com.pe\/noticiero\/#\/schema\/person\/fc1e5d578f4b62ba1cf7ac2bba1170a0","name":"Redacci\u00f3n Aeronoticias","url":"https:\/\/aeronoticias.com.pe\/noticiero\/author\/piloto\/"}]}},"_links":{"self":[{"href":"https:\/\/aeronoticias.com.pe\/noticiero\/wp-json\/wp\/v2\/posts\/41566","targetHints":{"allow":["GET"]}}],"collection":[{"href":"https:\/\/aeronoticias.com.pe\/noticiero\/wp-json\/wp\/v2\/posts"}],"about":[{"href":"https:\/\/aeronoticias.com.pe\/noticiero\/wp-json\/wp\/v2\/types\/post"}],"author":[{"embeddable":true,"href":"https:\/\/aeronoticias.com.pe\/noticiero\/wp-json\/wp\/v2\/users\/1"}],"replies":[{"embeddable":true,"href":"https:\/\/aeronoticias.com.pe\/noticiero\/wp-json\/wp\/v2\/comments?post=41566"}],"version-history":[{"count":0,"href":"https:\/\/aeronoticias.com.pe\/noticiero\/wp-json\/wp\/v2\/posts\/41566\/revisions"}],"wp:attachment":[{"href":"https:\/\/aeronoticias.com.pe\/noticiero\/wp-json\/wp\/v2\/media?parent=41566"}],"wp:term":[{"taxonomy":"category","embeddable":true,"href":"https:\/\/aeronoticias.com.pe\/noticiero\/wp-json\/wp\/v2\/categories?post=41566"},{"taxonomy":"post_tag","embeddable":true,"href":"https:\/\/aeronoticias.com.pe\/noticiero\/wp-json\/wp\/v2\/tags?post=41566"}],"curies":[{"name":"wp","href":"https:\/\/api.w.org\/{rel}","templated":true}]}}