{"id":41569,"date":"2013-11-09T18:44:32","date_gmt":"2013-11-09T18:44:32","guid":{"rendered":"http:\/\/desarrollo.mcvicious.com\/aero2020\/2013\/11\/09\/iquien-era-el-misterioso-coleccionista-que-atesoraba-el-arte-robado-por-los-nazis\/"},"modified":"2013-11-09T18:44:32","modified_gmt":"2013-11-09T18:44:32","slug":"iquien-era-el-misterioso-coleccionista-que-atesoraba-el-arte-robado-por-los-nazis","status":"publish","type":"post","link":"https:\/\/aeronoticias.com.pe\/noticiero\/internacionales\/iquien-era-el-misterioso-coleccionista-que-atesoraba-el-arte-robado-por-los-nazis\/","title":{"rendered":"\u00bfQui\u00e9n era el misterioso coleccionista que atesoraba el arte robado por los nazis?"},"content":{"rendered":"<p style=\"text-align: justify;\"><img decoding=\"async\" src=\"images\/stories\/13\/11\/091113\/131105150040-degenerate-art-beckmann-story-top.jpg\" border=\"0\" \/><\/p>\n<p style=\"text-align: justify;\"><strong>(Aeronoticias)<\/strong> &#8211; Ha sido uno de los descubrimientos art\u00edsticos que m\u00e1s sorprendi\u00f3 al mundo: m\u00e1s de 1.400 obras de arte, muchas de ellas obras maestras, escondidos desde hac\u00eda m\u00e1s de 70 a\u00f1os, halladas en un apartamento an\u00f3nimo en un lujoso barrio alem\u00e1n. El gran alijo incluye pinturas de artistas como Picasso, Matisse y Chagal, algunos desconocidos, otras que se cre\u00edan perdidas para siempre. Su valor se calcula que es m\u00e1s de 1.000 millones de d\u00f3lares. La gran mayor\u00eda obras robadas por los nazis. \u00bfPero qui\u00e9n era el misterioso coleccionista que las atesor\u00f3 durante siete d\u00e9cadas?<\/p>\n<p style=\"text-align: justify;\">Las autoridades fiscales alemanas hicieron el hallazgo el a\u00f1o pasado, en febrero de 2012, cuando allanaron la propiedad en el distrito de Schwabing, en M\u00fanich, como parte de una investigaci\u00f3n sobre evasi\u00f3n de impuestos, pero su existencia se mantuvo guardada en secreto celosamente hasta esta semana.<\/p>\n<p style=\"text-align: justify;\">El apartamento donde estaba escondido el bot\u00edn pertenece a una persona de 80 a\u00f1os, amante del arte llamado Cornelio Gurlitt; desde que aparecieron las obras se ha esfumado, dejando a sus familiares y vecinos tan aturdidos como al resto del mundo tras conocerse su tesoro escondido en una aparentemente modesta casa.<\/p>\n<p style=\"text-align: justify;\">\u00abPara m\u00ed era un \u00abllanero solitario\u00bb, dice su primo Ekkeheart, quien vio por \u00faltima vez Gurlitt hace m\u00e1s de 30 a\u00f1os, y ahora vive en Espa\u00f1a. \u00abNo ten\u00eda amigos. Era muy extra\u00f1o. La \u00fanica cosa que creo que le interesaba era su pintura\u00bb.<\/p>\n<p style=\"text-align: justify;\">Ekkeheart Gurlitt le recuerda como \u00abun hombre muy elegante\u00bb, siempre impecable, que lleva un bast\u00f3n de marfil, y siempre con un aire de misterio a su alrededor.<\/p>\n<p style=\"text-align: justify;\">\u00abNunca dejaba entrar a nadie a su piso\u00bb, dijo a CNN. \u00abCuando nos reun\u00edamos con \u00e9l siempre era en alg\u00fan lugar elegante&#8230; nunca en su casa. Yo le preguntaba \u00bfpero por qu\u00e9 no podemos quedar all\u00ed, y \u00e9l respond\u00eda: \u00abNo, no, no es posible\u00bb.<\/p>\n<p style=\"text-align: justify;\">\u00a0<\/p>\n<p style=\"text-align: justify;\">Fuente: <strong>CNN<\/strong><\/p>\n<p style=\"text-align: justify;\">Foto: <strong>CNN<\/strong><\/p>\n<p>\u00a0<\/p>\n","protected":false},"excerpt":{"rendered":"<p>(Aeronoticias) &#8211; Ha sido uno de los descubrimientos art\u00edsticos que m\u00e1s sorprendi\u00f3 al mundo: m\u00e1s de 1.400 obras de arte, muchas de ellas obras maestras, escondidos desde hac\u00eda m\u00e1s de 70 a\u00f1os, halladas en un apartamento an\u00f3nimo en un lujoso barrio alem\u00e1n. El gran alijo incluye pinturas de artistas como Picasso, Matisse y Chagal, algunos [&hellip;]<\/p>\n","protected":false},"author":1,"featured_media":0,"comment_status":"open","ping_status":"open","sticky":false,"template":"","format":"standard","meta":{"tdm_status":"","tdm_grid_status":"","footnotes":""},"categories":[34],"tags":[],"class_list":{"0":"post-41569","1":"post","2":"type-post","3":"status-publish","4":"format-standard","6":"category-internacionales"},"yoast_head":"<!-- This site is optimized with the Yoast SEO plugin v25.1 - https:\/\/yoast.com\/wordpress\/plugins\/seo\/ -->\n<title>\u00bfQui\u00e9n era el misterioso coleccionista que atesoraba el arte robado por los nazis?<\/title>\n<meta name=\"description\" content=\"Portal de noticias del Per\u00fa sobre el transporte a\u00e9reo, aviaci\u00f3n, turismo, hoteleria, actualidad.\" \/>\n<meta name=\"robots\" content=\"index, follow, max-snippet:-1, max-image-preview:large, max-video-preview:-1\" \/>\n<link rel=\"canonical\" href=\"https:\/\/aeronoticias.com.pe\/noticiero\/internacionales\/iquien-era-el-misterioso-coleccionista-que-atesoraba-el-arte-robado-por-los-nazis\/\" \/>\n<meta property=\"og:locale\" content=\"es_ES\" \/>\n<meta property=\"og:type\" content=\"article\" \/>\n<meta property=\"og:title\" content=\"\u00bfQui\u00e9n era el misterioso coleccionista que atesoraba el arte robado por los nazis?\" \/>\n<meta property=\"og:description\" content=\"Portal de noticias del Per\u00fa sobre el transporte a\u00e9reo, aviaci\u00f3n, turismo, hoteleria, actualidad.\" \/>\n<meta property=\"og:url\" content=\"https:\/\/aeronoticias.com.pe\/noticiero\/internacionales\/iquien-era-el-misterioso-coleccionista-que-atesoraba-el-arte-robado-por-los-nazis\/\" \/>\n<meta property=\"og:site_name\" content=\"Aeronoticias.com.pe\" \/>\n<meta property=\"article:publisher\" content=\"https:\/\/www.facebook.com\/Aeronoticias.com.pe\/\" \/>\n<meta property=\"article:published_time\" content=\"2013-11-09T18:44:32+00:00\" \/>\n<meta name=\"author\" content=\"Redacci\u00f3n Aeronoticias\" \/>\n<meta name=\"twitter:card\" content=\"summary_large_image\" \/>\n<meta name=\"twitter:creator\" content=\"@aeronoticias\" \/>\n<meta name=\"twitter:site\" content=\"@aeronoticias\" \/>\n<meta name=\"twitter:label1\" content=\"Escrito por\" \/>\n\t<meta name=\"twitter:data1\" content=\"Redacci\u00f3n Aeronoticias\" \/>\n\t<meta name=\"twitter:label2\" content=\"Tiempo de lectura\" \/>\n\t<meta name=\"twitter:data2\" content=\"2 minutos\" \/>\n<script type=\"application\/ld+json\" class=\"yoast-schema-graph\">{\"@context\":\"https:\/\/schema.org\",\"@graph\":[{\"@type\":\"WebPage\",\"@id\":\"https:\/\/aeronoticias.com.pe\/noticiero\/internacionales\/iquien-era-el-misterioso-coleccionista-que-atesoraba-el-arte-robado-por-los-nazis\/\",\"url\":\"https:\/\/aeronoticias.com.pe\/noticiero\/internacionales\/iquien-era-el-misterioso-coleccionista-que-atesoraba-el-arte-robado-por-los-nazis\/\",\"name\":\"\u00bfQui\u00e9n era el misterioso coleccionista que atesoraba el arte robado por los nazis?\",\"isPartOf\":{\"@id\":\"https:\/\/aeronoticias.com.pe\/noticiero\/#website\"},\"datePublished\":\"2013-11-09T18:44:32+00:00\",\"author\":{\"@id\":\"https:\/\/aeronoticias.com.pe\/noticiero\/#\/schema\/person\/fc1e5d578f4b62ba1cf7ac2bba1170a0\"},\"description\":\"Portal de noticias del Per\u00fa sobre el transporte a\u00e9reo, aviaci\u00f3n, turismo, hoteleria, actualidad.\",\"breadcrumb\":{\"@id\":\"https:\/\/aeronoticias.com.pe\/noticiero\/internacionales\/iquien-era-el-misterioso-coleccionista-que-atesoraba-el-arte-robado-por-los-nazis\/#breadcrumb\"},\"inLanguage\":\"es\",\"potentialAction\":[{\"@type\":\"ReadAction\",\"target\":[\"https:\/\/aeronoticias.com.pe\/noticiero\/internacionales\/iquien-era-el-misterioso-coleccionista-que-atesoraba-el-arte-robado-por-los-nazis\/\"]}]},{\"@type\":\"BreadcrumbList\",\"@id\":\"https:\/\/aeronoticias.com.pe\/noticiero\/internacionales\/iquien-era-el-misterioso-coleccionista-que-atesoraba-el-arte-robado-por-los-nazis\/#breadcrumb\",\"itemListElement\":[{\"@type\":\"ListItem\",\"position\":1,\"name\":\"Portada\",\"item\":\"https:\/\/aeronoticias.com.pe\/noticiero\/\"},{\"@type\":\"ListItem\",\"position\":2,\"name\":\"\u00bfQui\u00e9n era el misterioso coleccionista que atesoraba el arte robado por los nazis?\"}]},{\"@type\":\"WebSite\",\"@id\":\"https:\/\/aeronoticias.com.pe\/noticiero\/#website\",\"url\":\"https:\/\/aeronoticias.com.pe\/noticiero\/\",\"name\":\"Aeronoticias.com.pe\",\"description\":\"Noticias de tranporte aereo, turismo, hoteles, gastronomia, actualidad, internacional\",\"potentialAction\":[{\"@type\":\"SearchAction\",\"target\":{\"@type\":\"EntryPoint\",\"urlTemplate\":\"https:\/\/aeronoticias.com.pe\/noticiero\/?s={search_term_string}\"},\"query-input\":{\"@type\":\"PropertyValueSpecification\",\"valueRequired\":true,\"valueName\":\"search_term_string\"}}],\"inLanguage\":\"es\"},{\"@type\":\"Person\",\"@id\":\"https:\/\/aeronoticias.com.pe\/noticiero\/#\/schema\/person\/fc1e5d578f4b62ba1cf7ac2bba1170a0\",\"name\":\"Redacci\u00f3n Aeronoticias\",\"url\":\"https:\/\/aeronoticias.com.pe\/noticiero\/author\/piloto\/\"}]}<\/script>\n<!-- \/ Yoast SEO plugin. -->","yoast_head_json":{"title":"\u00bfQui\u00e9n era el misterioso coleccionista que atesoraba el arte robado por los nazis?","description":"Portal de noticias del Per\u00fa sobre el transporte a\u00e9reo, aviaci\u00f3n, turismo, hoteleria, actualidad.","robots":{"index":"index","follow":"follow","max-snippet":"max-snippet:-1","max-image-preview":"max-image-preview:large","max-video-preview":"max-video-preview:-1"},"canonical":"https:\/\/aeronoticias.com.pe\/noticiero\/internacionales\/iquien-era-el-misterioso-coleccionista-que-atesoraba-el-arte-robado-por-los-nazis\/","og_locale":"es_ES","og_type":"article","og_title":"\u00bfQui\u00e9n era el misterioso coleccionista que atesoraba el arte robado por los nazis?","og_description":"Portal de noticias del Per\u00fa sobre el transporte a\u00e9reo, aviaci\u00f3n, turismo, hoteleria, actualidad.","og_url":"https:\/\/aeronoticias.com.pe\/noticiero\/internacionales\/iquien-era-el-misterioso-coleccionista-que-atesoraba-el-arte-robado-por-los-nazis\/","og_site_name":"Aeronoticias.com.pe","article_publisher":"https:\/\/www.facebook.com\/Aeronoticias.com.pe\/","article_published_time":"2013-11-09T18:44:32+00:00","author":"Redacci\u00f3n Aeronoticias","twitter_card":"summary_large_image","twitter_creator":"@aeronoticias","twitter_site":"@aeronoticias","twitter_misc":{"Escrito por":"Redacci\u00f3n Aeronoticias","Tiempo de lectura":"2 minutos"},"schema":{"@context":"https:\/\/schema.org","@graph":[{"@type":"WebPage","@id":"https:\/\/aeronoticias.com.pe\/noticiero\/internacionales\/iquien-era-el-misterioso-coleccionista-que-atesoraba-el-arte-robado-por-los-nazis\/","url":"https:\/\/aeronoticias.com.pe\/noticiero\/internacionales\/iquien-era-el-misterioso-coleccionista-que-atesoraba-el-arte-robado-por-los-nazis\/","name":"\u00bfQui\u00e9n era el misterioso coleccionista que atesoraba el arte robado por los nazis?","isPartOf":{"@id":"https:\/\/aeronoticias.com.pe\/noticiero\/#website"},"datePublished":"2013-11-09T18:44:32+00:00","author":{"@id":"https:\/\/aeronoticias.com.pe\/noticiero\/#\/schema\/person\/fc1e5d578f4b62ba1cf7ac2bba1170a0"},"description":"Portal de noticias del Per\u00fa sobre el transporte a\u00e9reo, aviaci\u00f3n, turismo, hoteleria, actualidad.","breadcrumb":{"@id":"https:\/\/aeronoticias.com.pe\/noticiero\/internacionales\/iquien-era-el-misterioso-coleccionista-que-atesoraba-el-arte-robado-por-los-nazis\/#breadcrumb"},"inLanguage":"es","potentialAction":[{"@type":"ReadAction","target":["https:\/\/aeronoticias.com.pe\/noticiero\/internacionales\/iquien-era-el-misterioso-coleccionista-que-atesoraba-el-arte-robado-por-los-nazis\/"]}]},{"@type":"BreadcrumbList","@id":"https:\/\/aeronoticias.com.pe\/noticiero\/internacionales\/iquien-era-el-misterioso-coleccionista-que-atesoraba-el-arte-robado-por-los-nazis\/#breadcrumb","itemListElement":[{"@type":"ListItem","position":1,"name":"Portada","item":"https:\/\/aeronoticias.com.pe\/noticiero\/"},{"@type":"ListItem","position":2,"name":"\u00bfQui\u00e9n era el misterioso coleccionista que atesoraba el arte robado por los nazis?"}]},{"@type":"WebSite","@id":"https:\/\/aeronoticias.com.pe\/noticiero\/#website","url":"https:\/\/aeronoticias.com.pe\/noticiero\/","name":"Aeronoticias.com.pe","description":"Noticias de tranporte aereo, turismo, hoteles, gastronomia, actualidad, internacional","potentialAction":[{"@type":"SearchAction","target":{"@type":"EntryPoint","urlTemplate":"https:\/\/aeronoticias.com.pe\/noticiero\/?s={search_term_string}"},"query-input":{"@type":"PropertyValueSpecification","valueRequired":true,"valueName":"search_term_string"}}],"inLanguage":"es"},{"@type":"Person","@id":"https:\/\/aeronoticias.com.pe\/noticiero\/#\/schema\/person\/fc1e5d578f4b62ba1cf7ac2bba1170a0","name":"Redacci\u00f3n Aeronoticias","url":"https:\/\/aeronoticias.com.pe\/noticiero\/author\/piloto\/"}]}},"_links":{"self":[{"href":"https:\/\/aeronoticias.com.pe\/noticiero\/wp-json\/wp\/v2\/posts\/41569","targetHints":{"allow":["GET"]}}],"collection":[{"href":"https:\/\/aeronoticias.com.pe\/noticiero\/wp-json\/wp\/v2\/posts"}],"about":[{"href":"https:\/\/aeronoticias.com.pe\/noticiero\/wp-json\/wp\/v2\/types\/post"}],"author":[{"embeddable":true,"href":"https:\/\/aeronoticias.com.pe\/noticiero\/wp-json\/wp\/v2\/users\/1"}],"replies":[{"embeddable":true,"href":"https:\/\/aeronoticias.com.pe\/noticiero\/wp-json\/wp\/v2\/comments?post=41569"}],"version-history":[{"count":0,"href":"https:\/\/aeronoticias.com.pe\/noticiero\/wp-json\/wp\/v2\/posts\/41569\/revisions"}],"wp:attachment":[{"href":"https:\/\/aeronoticias.com.pe\/noticiero\/wp-json\/wp\/v2\/media?parent=41569"}],"wp:term":[{"taxonomy":"category","embeddable":true,"href":"https:\/\/aeronoticias.com.pe\/noticiero\/wp-json\/wp\/v2\/categories?post=41569"},{"taxonomy":"post_tag","embeddable":true,"href":"https:\/\/aeronoticias.com.pe\/noticiero\/wp-json\/wp\/v2\/tags?post=41569"}],"curies":[{"name":"wp","href":"https:\/\/api.w.org\/{rel}","templated":true}]}}