{"id":41572,"date":"2013-11-10T21:30:58","date_gmt":"2013-11-10T21:30:58","guid":{"rendered":"http:\/\/desarrollo.mcvicious.com\/aero2020\/2013\/11\/10\/seleccion-de-futbol-del-cal-estreno-camiseta-julian-palacin-decano-2014-2015\/"},"modified":"2013-11-10T21:30:58","modified_gmt":"2013-11-10T21:30:58","slug":"seleccion-de-futbol-del-cal-estreno-camiseta-julian-palacin-decano-2014-2015","status":"publish","type":"post","link":"https:\/\/aeronoticias.com.pe\/noticiero\/deportes\/seleccion-de-futbol-del-cal-estreno-camiseta-julian-palacin-decano-2014-2015\/","title":{"rendered":"Selecci\u00f3n de f\u00fatbol del CAL estren\u00f3 camiseta Juli\u00e1n Palac\u00edn Decano 2014-2015"},"content":{"rendered":"<p style=\"text-align: justify;\"><strong>(Aeronoticias).-<\/strong> El d\u00eda de hoy la selecci\u00f3n de f\u00fatbol del Colegio de Abogados de Lima estren\u00f3 su camiseta oficial \u00abJuli\u00e1n Palac\u00edn Fern\u00e1ndez\u00bb Decano CAL 2014-2015, en un partido oficial que se realiz\u00f3 en el estadio municipal de San Isidro en la avenida Del Ej\u00e9rcito, en la foto del recuerdo se acord\u00f3 que el Dr. Palac\u00edn lleve la camiseta n\u00famero 10, en recuerdo de que fue en las \u00e9pocas juveniles un \u00a0jugador destacado goleador y con nivel de primera divisi\u00f3n.<\/p>\n<p style=\"text-align: justify;\">Los jugadores de la selecci\u00f3n del CAL agradecieron uno por uno la donaci\u00f3n del virtual decano favorito en las encuestas para ganar las pr\u00f3ximas elecciones al Decanato del CAL Don Juli\u00e1n Palac\u00edn Fern\u00e1ndez quien estuvo presente en el acto, en el que fue ovacionado por los abogados que integran la selecci\u00f3n.<\/p>\n<p style=\"text-align: justify;\">La Junta Directiva saliente de Ra\u00fal Chanam\u00e9, Mario Amoretti y Jhony Palacios poco o nada han hecho por apoyar el deporte dentro del gremio, \u00a0\u00abse van sin pena ni gloria del Colegio de Abogados de Lima\u00bb dijo uno de los jugadores de la selecci\u00f3n del CAL, quien agreg\u00f3 \u00abahora el nuevo liderazgo del padrino de la selecci\u00f3n de f\u00fatbol del CAL don Juli\u00e1n Palac\u00edn se hace sentir, \u00a0y votaremos por Palac\u00edn que es la esperanza de la juventud de la abogac\u00eda peruana\u00bb.<\/p>\n<p style=\"text-align: justify;\">Al retirarse del estadio el candidato al decanato del CAL recibi\u00f3 el aplauso de toda la selecci\u00f3n de f\u00fatbol del CAL, y en el agradecimiento les manifest\u00f3 que si lo eligen decano en las pr\u00f3ximas elecciones presidir\u00e1 la delegaci\u00f3n del CAL para ir el a\u00f1o que viene al mundial de Hungr\u00eda.<\/p>\n<p style=\"text-align: justify;\">Trascendi\u00f3 que la juventud de la abogac\u00eda apoyar\u00eda a Juli\u00e1n Palac\u00edn en las pr\u00f3ximas elecciones y que es lamentable que la actual Junta Directiva de Ra\u00fal Chanam\u00e9 est\u00e9 dividida, la mitad apoyan al Apra y la otra mitad al Vice decano de Ra\u00fal Chanam\u00e9 don Mario Amoretti, sin embargo, el equipo del CAL y los deportistas j\u00f3venes abogados apoyan al candidato de la esperanza ya que al ponerse la camiseta le est\u00e1n diciendo: \u00abno al continuismo de Amoretti\u00bb y \u00abno al Apra de Garc\u00eda Toma\u00bb.<\/p>\n<p><img decoding=\"async\" src=\"images\/stories\/13\/11\/091113\/dscf1718.png\" border=\"0\" \/><\/p>\n<p>{loadposition relacionados}<\/p>\n","protected":false},"excerpt":{"rendered":"<p>(Aeronoticias).- El d\u00eda de hoy la selecci\u00f3n de f\u00fatbol del Colegio de Abogados de Lima estren\u00f3 su camiseta oficial \u00abJuli\u00e1n Palac\u00edn Fern\u00e1ndez\u00bb Decano CAL 2014-2015, en un partido oficial que se realiz\u00f3 en el estadio municipal de San Isidro en la avenida Del Ej\u00e9rcito, en la foto del recuerdo se acord\u00f3 que el Dr. Palac\u00edn [&hellip;]<\/p>\n","protected":false},"author":1,"featured_media":0,"comment_status":"open","ping_status":"open","sticky":false,"template":"","format":"standard","meta":{"tdm_status":"","tdm_grid_status":"","footnotes":""},"categories":[40],"tags":[],"class_list":{"0":"post-41572","1":"post","2":"type-post","3":"status-publish","4":"format-standard","6":"category-deportes"},"yoast_head":"<!-- This site is optimized with the Yoast SEO plugin v25.1 - https:\/\/yoast.com\/wordpress\/plugins\/seo\/ -->\n<title>Selecci\u00f3n de f\u00fatbol del CAL estren\u00f3 camiseta Juli\u00e1n Palac\u00edn Decano 2014-2015<\/title>\n<meta name=\"description\" content=\"Portal de noticias del Per\u00fa sobre el transporte a\u00e9reo, aviaci\u00f3n, turismo, hoteleria, actualidad.\" \/>\n<meta name=\"robots\" content=\"index, follow, max-snippet:-1, max-image-preview:large, max-video-preview:-1\" \/>\n<link rel=\"canonical\" href=\"https:\/\/aeronoticias.com.pe\/noticiero\/deportes\/seleccion-de-futbol-del-cal-estreno-camiseta-julian-palacin-decano-2014-2015\/\" \/>\n<meta property=\"og:locale\" content=\"es_ES\" \/>\n<meta property=\"og:type\" content=\"article\" \/>\n<meta property=\"og:title\" content=\"Selecci\u00f3n de f\u00fatbol del CAL estren\u00f3 camiseta Juli\u00e1n Palac\u00edn Decano 2014-2015\" \/>\n<meta property=\"og:description\" content=\"Portal de noticias del Per\u00fa sobre el transporte a\u00e9reo, aviaci\u00f3n, turismo, hoteleria, actualidad.\" \/>\n<meta property=\"og:url\" content=\"https:\/\/aeronoticias.com.pe\/noticiero\/deportes\/seleccion-de-futbol-del-cal-estreno-camiseta-julian-palacin-decano-2014-2015\/\" \/>\n<meta property=\"og:site_name\" content=\"Aeronoticias.com.pe\" \/>\n<meta property=\"article:publisher\" content=\"https:\/\/www.facebook.com\/Aeronoticias.com.pe\/\" \/>\n<meta property=\"article:published_time\" content=\"2013-11-10T21:30:58+00:00\" \/>\n<meta name=\"author\" content=\"Redacci\u00f3n Aeronoticias\" \/>\n<meta name=\"twitter:card\" content=\"summary_large_image\" \/>\n<meta name=\"twitter:creator\" content=\"@aeronoticias\" \/>\n<meta name=\"twitter:site\" content=\"@aeronoticias\" \/>\n<meta name=\"twitter:label1\" content=\"Escrito por\" \/>\n\t<meta name=\"twitter:data1\" content=\"Redacci\u00f3n Aeronoticias\" \/>\n\t<meta name=\"twitter:label2\" content=\"Tiempo de lectura\" \/>\n\t<meta name=\"twitter:data2\" content=\"2 minutos\" \/>\n<script type=\"application\/ld+json\" class=\"yoast-schema-graph\">{\"@context\":\"https:\/\/schema.org\",\"@graph\":[{\"@type\":\"WebPage\",\"@id\":\"https:\/\/aeronoticias.com.pe\/noticiero\/deportes\/seleccion-de-futbol-del-cal-estreno-camiseta-julian-palacin-decano-2014-2015\/\",\"url\":\"https:\/\/aeronoticias.com.pe\/noticiero\/deportes\/seleccion-de-futbol-del-cal-estreno-camiseta-julian-palacin-decano-2014-2015\/\",\"name\":\"Selecci\u00f3n de f\u00fatbol del CAL estren\u00f3 camiseta Juli\u00e1n Palac\u00edn Decano 2014-2015\",\"isPartOf\":{\"@id\":\"https:\/\/aeronoticias.com.pe\/noticiero\/#website\"},\"datePublished\":\"2013-11-10T21:30:58+00:00\",\"author\":{\"@id\":\"https:\/\/aeronoticias.com.pe\/noticiero\/#\/schema\/person\/fc1e5d578f4b62ba1cf7ac2bba1170a0\"},\"description\":\"Portal de noticias del Per\u00fa sobre el transporte a\u00e9reo, aviaci\u00f3n, turismo, hoteleria, actualidad.\",\"breadcrumb\":{\"@id\":\"https:\/\/aeronoticias.com.pe\/noticiero\/deportes\/seleccion-de-futbol-del-cal-estreno-camiseta-julian-palacin-decano-2014-2015\/#breadcrumb\"},\"inLanguage\":\"es\",\"potentialAction\":[{\"@type\":\"ReadAction\",\"target\":[\"https:\/\/aeronoticias.com.pe\/noticiero\/deportes\/seleccion-de-futbol-del-cal-estreno-camiseta-julian-palacin-decano-2014-2015\/\"]}]},{\"@type\":\"BreadcrumbList\",\"@id\":\"https:\/\/aeronoticias.com.pe\/noticiero\/deportes\/seleccion-de-futbol-del-cal-estreno-camiseta-julian-palacin-decano-2014-2015\/#breadcrumb\",\"itemListElement\":[{\"@type\":\"ListItem\",\"position\":1,\"name\":\"Portada\",\"item\":\"https:\/\/aeronoticias.com.pe\/noticiero\/\"},{\"@type\":\"ListItem\",\"position\":2,\"name\":\"Selecci\u00f3n de f\u00fatbol del CAL estren\u00f3 camiseta Juli\u00e1n Palac\u00edn Decano 2014-2015\"}]},{\"@type\":\"WebSite\",\"@id\":\"https:\/\/aeronoticias.com.pe\/noticiero\/#website\",\"url\":\"https:\/\/aeronoticias.com.pe\/noticiero\/\",\"name\":\"Aeronoticias.com.pe\",\"description\":\"Noticias de tranporte aereo, turismo, hoteles, gastronomia, actualidad, internacional\",\"potentialAction\":[{\"@type\":\"SearchAction\",\"target\":{\"@type\":\"EntryPoint\",\"urlTemplate\":\"https:\/\/aeronoticias.com.pe\/noticiero\/?s={search_term_string}\"},\"query-input\":{\"@type\":\"PropertyValueSpecification\",\"valueRequired\":true,\"valueName\":\"search_term_string\"}}],\"inLanguage\":\"es\"},{\"@type\":\"Person\",\"@id\":\"https:\/\/aeronoticias.com.pe\/noticiero\/#\/schema\/person\/fc1e5d578f4b62ba1cf7ac2bba1170a0\",\"name\":\"Redacci\u00f3n Aeronoticias\",\"url\":\"https:\/\/aeronoticias.com.pe\/noticiero\/author\/piloto\/\"}]}<\/script>\n<!-- \/ Yoast SEO plugin. -->","yoast_head_json":{"title":"Selecci\u00f3n de f\u00fatbol del CAL estren\u00f3 camiseta Juli\u00e1n Palac\u00edn Decano 2014-2015","description":"Portal de noticias del Per\u00fa sobre el transporte a\u00e9reo, aviaci\u00f3n, turismo, hoteleria, actualidad.","robots":{"index":"index","follow":"follow","max-snippet":"max-snippet:-1","max-image-preview":"max-image-preview:large","max-video-preview":"max-video-preview:-1"},"canonical":"https:\/\/aeronoticias.com.pe\/noticiero\/deportes\/seleccion-de-futbol-del-cal-estreno-camiseta-julian-palacin-decano-2014-2015\/","og_locale":"es_ES","og_type":"article","og_title":"Selecci\u00f3n de f\u00fatbol del CAL estren\u00f3 camiseta Juli\u00e1n Palac\u00edn Decano 2014-2015","og_description":"Portal de noticias del Per\u00fa sobre el transporte a\u00e9reo, aviaci\u00f3n, turismo, hoteleria, actualidad.","og_url":"https:\/\/aeronoticias.com.pe\/noticiero\/deportes\/seleccion-de-futbol-del-cal-estreno-camiseta-julian-palacin-decano-2014-2015\/","og_site_name":"Aeronoticias.com.pe","article_publisher":"https:\/\/www.facebook.com\/Aeronoticias.com.pe\/","article_published_time":"2013-11-10T21:30:58+00:00","author":"Redacci\u00f3n Aeronoticias","twitter_card":"summary_large_image","twitter_creator":"@aeronoticias","twitter_site":"@aeronoticias","twitter_misc":{"Escrito por":"Redacci\u00f3n Aeronoticias","Tiempo de lectura":"2 minutos"},"schema":{"@context":"https:\/\/schema.org","@graph":[{"@type":"WebPage","@id":"https:\/\/aeronoticias.com.pe\/noticiero\/deportes\/seleccion-de-futbol-del-cal-estreno-camiseta-julian-palacin-decano-2014-2015\/","url":"https:\/\/aeronoticias.com.pe\/noticiero\/deportes\/seleccion-de-futbol-del-cal-estreno-camiseta-julian-palacin-decano-2014-2015\/","name":"Selecci\u00f3n de f\u00fatbol del CAL estren\u00f3 camiseta Juli\u00e1n Palac\u00edn Decano 2014-2015","isPartOf":{"@id":"https:\/\/aeronoticias.com.pe\/noticiero\/#website"},"datePublished":"2013-11-10T21:30:58+00:00","author":{"@id":"https:\/\/aeronoticias.com.pe\/noticiero\/#\/schema\/person\/fc1e5d578f4b62ba1cf7ac2bba1170a0"},"description":"Portal de noticias del Per\u00fa sobre el transporte a\u00e9reo, aviaci\u00f3n, turismo, hoteleria, actualidad.","breadcrumb":{"@id":"https:\/\/aeronoticias.com.pe\/noticiero\/deportes\/seleccion-de-futbol-del-cal-estreno-camiseta-julian-palacin-decano-2014-2015\/#breadcrumb"},"inLanguage":"es","potentialAction":[{"@type":"ReadAction","target":["https:\/\/aeronoticias.com.pe\/noticiero\/deportes\/seleccion-de-futbol-del-cal-estreno-camiseta-julian-palacin-decano-2014-2015\/"]}]},{"@type":"BreadcrumbList","@id":"https:\/\/aeronoticias.com.pe\/noticiero\/deportes\/seleccion-de-futbol-del-cal-estreno-camiseta-julian-palacin-decano-2014-2015\/#breadcrumb","itemListElement":[{"@type":"ListItem","position":1,"name":"Portada","item":"https:\/\/aeronoticias.com.pe\/noticiero\/"},{"@type":"ListItem","position":2,"name":"Selecci\u00f3n de f\u00fatbol del CAL estren\u00f3 camiseta Juli\u00e1n Palac\u00edn Decano 2014-2015"}]},{"@type":"WebSite","@id":"https:\/\/aeronoticias.com.pe\/noticiero\/#website","url":"https:\/\/aeronoticias.com.pe\/noticiero\/","name":"Aeronoticias.com.pe","description":"Noticias de tranporte aereo, turismo, hoteles, gastronomia, actualidad, internacional","potentialAction":[{"@type":"SearchAction","target":{"@type":"EntryPoint","urlTemplate":"https:\/\/aeronoticias.com.pe\/noticiero\/?s={search_term_string}"},"query-input":{"@type":"PropertyValueSpecification","valueRequired":true,"valueName":"search_term_string"}}],"inLanguage":"es"},{"@type":"Person","@id":"https:\/\/aeronoticias.com.pe\/noticiero\/#\/schema\/person\/fc1e5d578f4b62ba1cf7ac2bba1170a0","name":"Redacci\u00f3n Aeronoticias","url":"https:\/\/aeronoticias.com.pe\/noticiero\/author\/piloto\/"}]}},"_links":{"self":[{"href":"https:\/\/aeronoticias.com.pe\/noticiero\/wp-json\/wp\/v2\/posts\/41572","targetHints":{"allow":["GET"]}}],"collection":[{"href":"https:\/\/aeronoticias.com.pe\/noticiero\/wp-json\/wp\/v2\/posts"}],"about":[{"href":"https:\/\/aeronoticias.com.pe\/noticiero\/wp-json\/wp\/v2\/types\/post"}],"author":[{"embeddable":true,"href":"https:\/\/aeronoticias.com.pe\/noticiero\/wp-json\/wp\/v2\/users\/1"}],"replies":[{"embeddable":true,"href":"https:\/\/aeronoticias.com.pe\/noticiero\/wp-json\/wp\/v2\/comments?post=41572"}],"version-history":[{"count":0,"href":"https:\/\/aeronoticias.com.pe\/noticiero\/wp-json\/wp\/v2\/posts\/41572\/revisions"}],"wp:attachment":[{"href":"https:\/\/aeronoticias.com.pe\/noticiero\/wp-json\/wp\/v2\/media?parent=41572"}],"wp:term":[{"taxonomy":"category","embeddable":true,"href":"https:\/\/aeronoticias.com.pe\/noticiero\/wp-json\/wp\/v2\/categories?post=41572"},{"taxonomy":"post_tag","embeddable":true,"href":"https:\/\/aeronoticias.com.pe\/noticiero\/wp-json\/wp\/v2\/tags?post=41572"}],"curies":[{"name":"wp","href":"https:\/\/api.w.org\/{rel}","templated":true}]}}