{"id":41573,"date":"2013-11-10T04:09:44","date_gmt":"2013-11-10T04:09:44","guid":{"rendered":"http:\/\/desarrollo.mcvicious.com\/aero2020\/2013\/11\/10\/instituto-de-enfermedades-neoplasicas-inaugurara-equipo-de-radioterapia-para-tratamiento-de-cancer\/"},"modified":"2013-11-10T04:09:44","modified_gmt":"2013-11-10T04:09:44","slug":"instituto-de-enfermedades-neoplasicas-inaugurara-equipo-de-radioterapia-para-tratamiento-de-cancer","status":"publish","type":"post","link":"https:\/\/aeronoticias.com.pe\/noticiero\/nacionales\/instituto-de-enfermedades-neoplasicas-inaugurara-equipo-de-radioterapia-para-tratamiento-de-cancer\/","title":{"rendered":"Instituto de Enfermedades Neopl\u00e1sicas inaugurar\u00e1 equipo de radioterapia para tratamiento de c\u00e1ncer"},"content":{"rendered":"<p style=\"text-align: justify;\"><strong>(Aeronoticias)<\/strong>.- Dos aceleradores lineales que se utilizan para el tratamiento del c\u00e1ncer con radioterapia, valorizados en 20 millones de nuevos soles aproximadamente, ser\u00e1n inaugurados en el Instituto Nacional de Enfermedades Neopl\u00e1sicas (INEN), como parte de las innovaciones que se vienen ejecutando en dicho nosocomio dentro de los lineamientos del \u201cPlan Esperanza\u201d.<\/p>\n<p style=\"text-align: justify;\">Con la puesta en marcha de estos dos nuevos equipos, el Departamento de Radioterapia del INEN tendr\u00e1 tres aceleradores lineales: uno modelo Infinity y dos modelo Synergy (uno Full y otro Platform que fue inaugurado en marzo de este a\u00f1o). Actualmente cuenta con tres equipos de Cobalto (Equinox I, Equinox II y Equinox III). Todo este equipamiento es considerado como lo m\u00e1s moderno de su tipo, debido a la avanzada tecnolog\u00eda que utilizan para su acci\u00f3n terap\u00e9utica.<\/p>\n<p style=\"text-align: justify;\">Las caracter\u00edsticas m\u00e1s importantes del acelerador lineal Infinity es que puede hacer tratamientos de alta precisi\u00f3n. La velocidad de movimiento de sus 160 multihojas permite adaptarse a las diferentes formas de los campos planificados por el m\u00e9dico, \u201cesculpiendo\u201d la forma del tumor e incluso seguir su movimientos (en 4ta dimensi\u00f3n) disminuyendo la dosis a los tejidos sanos adyacentes.<\/p>\n<p style=\"text-align: justify;\">En el Departamento de Radioterapia del INEN se atienden a 26 mil pacientes aproximadamente cada a\u00f1o. Asimismo, se realiza un promedio anual de 2,542 aplicaciones de Braquiterapia de Alta Tasa de Dosis y 76,800 aplicaciones de Radioterapia Externa.<\/p>\n<p style=\"text-align: justify;\">En dicho acto se contar\u00e1 con la presencia de los doctores: Elmer Huerta, prestigioso onc\u00f3logo peruano que destaca por su labor preventiva en Estados Unidos; y Simon Sutcliffe, presidente de la Asociaci\u00f3n Internacional del Congreso Internacional de Control del C\u00e1ncer.<\/p>\n<p style=\"text-align: justify;\"><img decoding=\"async\" src=\"images\/stories\/13\/11\/051113\/rad.jpg\" border=\"0\" \/><\/p>\n","protected":false},"excerpt":{"rendered":"<p>(Aeronoticias).- Dos aceleradores lineales que se utilizan para el tratamiento del c\u00e1ncer con radioterapia, valorizados en 20 millones de nuevos soles aproximadamente, ser\u00e1n inaugurados en el Instituto Nacional de Enfermedades Neopl\u00e1sicas (INEN), como parte de las innovaciones que se vienen ejecutando en dicho nosocomio dentro de los lineamientos del \u201cPlan Esperanza\u201d. Con la puesta en [&hellip;]<\/p>\n","protected":false},"author":1,"featured_media":0,"comment_status":"open","ping_status":"open","sticky":false,"template":"","format":"standard","meta":{"tdm_status":"","tdm_grid_status":"","footnotes":""},"categories":[38],"tags":[],"class_list":{"0":"post-41573","1":"post","2":"type-post","3":"status-publish","4":"format-standard","6":"category-nacionales"},"yoast_head":"<!-- This site is optimized with the Yoast SEO plugin v25.1 - https:\/\/yoast.com\/wordpress\/plugins\/seo\/ -->\n<title>Instituto de Enfermedades Neopl\u00e1sicas inaugurar\u00e1 equipo de radioterapia para tratamiento de c\u00e1ncer<\/title>\n<meta name=\"description\" content=\"Portal de noticias del Per\u00fa sobre el transporte a\u00e9reo, aviaci\u00f3n, turismo, hoteleria, actualidad.\" \/>\n<meta name=\"robots\" content=\"index, follow, max-snippet:-1, max-image-preview:large, max-video-preview:-1\" \/>\n<link rel=\"canonical\" href=\"https:\/\/aeronoticias.com.pe\/noticiero\/nacionales\/instituto-de-enfermedades-neoplasicas-inaugurara-equipo-de-radioterapia-para-tratamiento-de-cancer\/\" \/>\n<meta property=\"og:locale\" content=\"es_ES\" \/>\n<meta property=\"og:type\" content=\"article\" \/>\n<meta property=\"og:title\" content=\"Instituto de Enfermedades Neopl\u00e1sicas inaugurar\u00e1 equipo de radioterapia para tratamiento de c\u00e1ncer\" \/>\n<meta property=\"og:description\" content=\"Portal de noticias del Per\u00fa sobre el transporte a\u00e9reo, aviaci\u00f3n, turismo, hoteleria, actualidad.\" \/>\n<meta property=\"og:url\" content=\"https:\/\/aeronoticias.com.pe\/noticiero\/nacionales\/instituto-de-enfermedades-neoplasicas-inaugurara-equipo-de-radioterapia-para-tratamiento-de-cancer\/\" \/>\n<meta property=\"og:site_name\" content=\"Aeronoticias.com.pe\" \/>\n<meta property=\"article:publisher\" content=\"https:\/\/www.facebook.com\/Aeronoticias.com.pe\/\" \/>\n<meta property=\"article:published_time\" content=\"2013-11-10T04:09:44+00:00\" \/>\n<meta name=\"author\" content=\"Redacci\u00f3n Aeronoticias\" \/>\n<meta name=\"twitter:card\" content=\"summary_large_image\" \/>\n<meta name=\"twitter:creator\" content=\"@aeronoticias\" \/>\n<meta name=\"twitter:site\" content=\"@aeronoticias\" \/>\n<meta name=\"twitter:label1\" content=\"Escrito por\" \/>\n\t<meta name=\"twitter:data1\" content=\"Redacci\u00f3n Aeronoticias\" \/>\n\t<meta name=\"twitter:label2\" content=\"Tiempo de lectura\" \/>\n\t<meta name=\"twitter:data2\" content=\"1 minuto\" \/>\n<script type=\"application\/ld+json\" class=\"yoast-schema-graph\">{\"@context\":\"https:\/\/schema.org\",\"@graph\":[{\"@type\":\"WebPage\",\"@id\":\"https:\/\/aeronoticias.com.pe\/noticiero\/nacionales\/instituto-de-enfermedades-neoplasicas-inaugurara-equipo-de-radioterapia-para-tratamiento-de-cancer\/\",\"url\":\"https:\/\/aeronoticias.com.pe\/noticiero\/nacionales\/instituto-de-enfermedades-neoplasicas-inaugurara-equipo-de-radioterapia-para-tratamiento-de-cancer\/\",\"name\":\"Instituto de Enfermedades Neopl\u00e1sicas inaugurar\u00e1 equipo de radioterapia para tratamiento de c\u00e1ncer\",\"isPartOf\":{\"@id\":\"https:\/\/aeronoticias.com.pe\/noticiero\/#website\"},\"datePublished\":\"2013-11-10T04:09:44+00:00\",\"author\":{\"@id\":\"https:\/\/aeronoticias.com.pe\/noticiero\/#\/schema\/person\/fc1e5d578f4b62ba1cf7ac2bba1170a0\"},\"description\":\"Portal de noticias del Per\u00fa sobre el transporte a\u00e9reo, aviaci\u00f3n, turismo, hoteleria, actualidad.\",\"breadcrumb\":{\"@id\":\"https:\/\/aeronoticias.com.pe\/noticiero\/nacionales\/instituto-de-enfermedades-neoplasicas-inaugurara-equipo-de-radioterapia-para-tratamiento-de-cancer\/#breadcrumb\"},\"inLanguage\":\"es\",\"potentialAction\":[{\"@type\":\"ReadAction\",\"target\":[\"https:\/\/aeronoticias.com.pe\/noticiero\/nacionales\/instituto-de-enfermedades-neoplasicas-inaugurara-equipo-de-radioterapia-para-tratamiento-de-cancer\/\"]}]},{\"@type\":\"BreadcrumbList\",\"@id\":\"https:\/\/aeronoticias.com.pe\/noticiero\/nacionales\/instituto-de-enfermedades-neoplasicas-inaugurara-equipo-de-radioterapia-para-tratamiento-de-cancer\/#breadcrumb\",\"itemListElement\":[{\"@type\":\"ListItem\",\"position\":1,\"name\":\"Portada\",\"item\":\"https:\/\/aeronoticias.com.pe\/noticiero\/\"},{\"@type\":\"ListItem\",\"position\":2,\"name\":\"Instituto de Enfermedades Neopl\u00e1sicas inaugurar\u00e1 equipo de radioterapia para tratamiento de c\u00e1ncer\"}]},{\"@type\":\"WebSite\",\"@id\":\"https:\/\/aeronoticias.com.pe\/noticiero\/#website\",\"url\":\"https:\/\/aeronoticias.com.pe\/noticiero\/\",\"name\":\"Aeronoticias.com.pe\",\"description\":\"Noticias de tranporte aereo, turismo, hoteles, gastronomia, actualidad, internacional\",\"potentialAction\":[{\"@type\":\"SearchAction\",\"target\":{\"@type\":\"EntryPoint\",\"urlTemplate\":\"https:\/\/aeronoticias.com.pe\/noticiero\/?s={search_term_string}\"},\"query-input\":{\"@type\":\"PropertyValueSpecification\",\"valueRequired\":true,\"valueName\":\"search_term_string\"}}],\"inLanguage\":\"es\"},{\"@type\":\"Person\",\"@id\":\"https:\/\/aeronoticias.com.pe\/noticiero\/#\/schema\/person\/fc1e5d578f4b62ba1cf7ac2bba1170a0\",\"name\":\"Redacci\u00f3n Aeronoticias\",\"url\":\"https:\/\/aeronoticias.com.pe\/noticiero\/author\/piloto\/\"}]}<\/script>\n<!-- \/ Yoast SEO plugin. -->","yoast_head_json":{"title":"Instituto de Enfermedades Neopl\u00e1sicas inaugurar\u00e1 equipo de radioterapia para tratamiento de c\u00e1ncer","description":"Portal de noticias del Per\u00fa sobre el transporte a\u00e9reo, aviaci\u00f3n, turismo, hoteleria, actualidad.","robots":{"index":"index","follow":"follow","max-snippet":"max-snippet:-1","max-image-preview":"max-image-preview:large","max-video-preview":"max-video-preview:-1"},"canonical":"https:\/\/aeronoticias.com.pe\/noticiero\/nacionales\/instituto-de-enfermedades-neoplasicas-inaugurara-equipo-de-radioterapia-para-tratamiento-de-cancer\/","og_locale":"es_ES","og_type":"article","og_title":"Instituto de Enfermedades Neopl\u00e1sicas inaugurar\u00e1 equipo de radioterapia para tratamiento de c\u00e1ncer","og_description":"Portal de noticias del Per\u00fa sobre el transporte a\u00e9reo, aviaci\u00f3n, turismo, hoteleria, actualidad.","og_url":"https:\/\/aeronoticias.com.pe\/noticiero\/nacionales\/instituto-de-enfermedades-neoplasicas-inaugurara-equipo-de-radioterapia-para-tratamiento-de-cancer\/","og_site_name":"Aeronoticias.com.pe","article_publisher":"https:\/\/www.facebook.com\/Aeronoticias.com.pe\/","article_published_time":"2013-11-10T04:09:44+00:00","author":"Redacci\u00f3n Aeronoticias","twitter_card":"summary_large_image","twitter_creator":"@aeronoticias","twitter_site":"@aeronoticias","twitter_misc":{"Escrito por":"Redacci\u00f3n Aeronoticias","Tiempo de lectura":"1 minuto"},"schema":{"@context":"https:\/\/schema.org","@graph":[{"@type":"WebPage","@id":"https:\/\/aeronoticias.com.pe\/noticiero\/nacionales\/instituto-de-enfermedades-neoplasicas-inaugurara-equipo-de-radioterapia-para-tratamiento-de-cancer\/","url":"https:\/\/aeronoticias.com.pe\/noticiero\/nacionales\/instituto-de-enfermedades-neoplasicas-inaugurara-equipo-de-radioterapia-para-tratamiento-de-cancer\/","name":"Instituto de Enfermedades Neopl\u00e1sicas inaugurar\u00e1 equipo de radioterapia para tratamiento de c\u00e1ncer","isPartOf":{"@id":"https:\/\/aeronoticias.com.pe\/noticiero\/#website"},"datePublished":"2013-11-10T04:09:44+00:00","author":{"@id":"https:\/\/aeronoticias.com.pe\/noticiero\/#\/schema\/person\/fc1e5d578f4b62ba1cf7ac2bba1170a0"},"description":"Portal de noticias del Per\u00fa sobre el transporte a\u00e9reo, aviaci\u00f3n, turismo, hoteleria, actualidad.","breadcrumb":{"@id":"https:\/\/aeronoticias.com.pe\/noticiero\/nacionales\/instituto-de-enfermedades-neoplasicas-inaugurara-equipo-de-radioterapia-para-tratamiento-de-cancer\/#breadcrumb"},"inLanguage":"es","potentialAction":[{"@type":"ReadAction","target":["https:\/\/aeronoticias.com.pe\/noticiero\/nacionales\/instituto-de-enfermedades-neoplasicas-inaugurara-equipo-de-radioterapia-para-tratamiento-de-cancer\/"]}]},{"@type":"BreadcrumbList","@id":"https:\/\/aeronoticias.com.pe\/noticiero\/nacionales\/instituto-de-enfermedades-neoplasicas-inaugurara-equipo-de-radioterapia-para-tratamiento-de-cancer\/#breadcrumb","itemListElement":[{"@type":"ListItem","position":1,"name":"Portada","item":"https:\/\/aeronoticias.com.pe\/noticiero\/"},{"@type":"ListItem","position":2,"name":"Instituto de Enfermedades Neopl\u00e1sicas inaugurar\u00e1 equipo de radioterapia para tratamiento de c\u00e1ncer"}]},{"@type":"WebSite","@id":"https:\/\/aeronoticias.com.pe\/noticiero\/#website","url":"https:\/\/aeronoticias.com.pe\/noticiero\/","name":"Aeronoticias.com.pe","description":"Noticias de tranporte aereo, turismo, hoteles, gastronomia, actualidad, internacional","potentialAction":[{"@type":"SearchAction","target":{"@type":"EntryPoint","urlTemplate":"https:\/\/aeronoticias.com.pe\/noticiero\/?s={search_term_string}"},"query-input":{"@type":"PropertyValueSpecification","valueRequired":true,"valueName":"search_term_string"}}],"inLanguage":"es"},{"@type":"Person","@id":"https:\/\/aeronoticias.com.pe\/noticiero\/#\/schema\/person\/fc1e5d578f4b62ba1cf7ac2bba1170a0","name":"Redacci\u00f3n Aeronoticias","url":"https:\/\/aeronoticias.com.pe\/noticiero\/author\/piloto\/"}]}},"_links":{"self":[{"href":"https:\/\/aeronoticias.com.pe\/noticiero\/wp-json\/wp\/v2\/posts\/41573","targetHints":{"allow":["GET"]}}],"collection":[{"href":"https:\/\/aeronoticias.com.pe\/noticiero\/wp-json\/wp\/v2\/posts"}],"about":[{"href":"https:\/\/aeronoticias.com.pe\/noticiero\/wp-json\/wp\/v2\/types\/post"}],"author":[{"embeddable":true,"href":"https:\/\/aeronoticias.com.pe\/noticiero\/wp-json\/wp\/v2\/users\/1"}],"replies":[{"embeddable":true,"href":"https:\/\/aeronoticias.com.pe\/noticiero\/wp-json\/wp\/v2\/comments?post=41573"}],"version-history":[{"count":0,"href":"https:\/\/aeronoticias.com.pe\/noticiero\/wp-json\/wp\/v2\/posts\/41573\/revisions"}],"wp:attachment":[{"href":"https:\/\/aeronoticias.com.pe\/noticiero\/wp-json\/wp\/v2\/media?parent=41573"}],"wp:term":[{"taxonomy":"category","embeddable":true,"href":"https:\/\/aeronoticias.com.pe\/noticiero\/wp-json\/wp\/v2\/categories?post=41573"},{"taxonomy":"post_tag","embeddable":true,"href":"https:\/\/aeronoticias.com.pe\/noticiero\/wp-json\/wp\/v2\/tags?post=41573"}],"curies":[{"name":"wp","href":"https:\/\/api.w.org\/{rel}","templated":true}]}}