{"id":41574,"date":"2013-11-10T15:46:15","date_gmt":"2013-11-10T15:46:15","guid":{"rendered":"http:\/\/desarrollo.mcvicious.com\/aero2020\/2013\/11\/10\/putin-expreso-sus-condolencias-y-solidaridad-a-filipinas-por-muertes-a-causa-del-tifon-haiyan\/"},"modified":"2013-11-10T15:46:15","modified_gmt":"2013-11-10T15:46:15","slug":"putin-expreso-sus-condolencias-y-solidaridad-a-filipinas-por-muertes-a-causa-del-tifon-haiyan","status":"publish","type":"post","link":"https:\/\/aeronoticias.com.pe\/noticiero\/internacionales\/putin-expreso-sus-condolencias-y-solidaridad-a-filipinas-por-muertes-a-causa-del-tifon-haiyan\/","title":{"rendered":"Putin expres\u00f3 sus condolencias y solidaridad a Filipinas por muertes a causa del tif\u00f3n Haiyan"},"content":{"rendered":"<p><img decoding=\"async\" src=\"images\/stories\/13\/11\/101113\/158512275.jpg\" border=\"0\" \/><\/p>\n<p style=\"text-align: justify;\"><strong>(Aeronoticias).<\/strong>-El presidente de Rusia, Vlad\u00edmir Putin, expres\u00f3 condolencias a su hom\u00f3logo de Filipinas, Benigno S. Aquino III, por las p\u00e9rdidas humanas que ha causado el tif\u00f3n Haiyan en ese pa\u00eds, comunic\u00f3 hoy el Kremlin.<\/p>\n<p style=\"text-align: justify;\">\u00abVlad\u00edmir Putin transmiti\u00f3 su m\u00e1s hondo pesar al presidente Benigno S. Aquino III, por los numerosos muertos por el paso del tif\u00f3n. Tambi\u00e9n envi\u00f3 palabras de solidaridad a los familiares de los fallecidos\u00bb, dice la nota.<\/p>\n<p style=\"text-align: justify;\">Casi 10.000 personas murieron tan solo en la provincia de Leyte, en la parte central de Filipinas. La zona afectada, con la cual no hay comunicaci\u00f3n, se extiende por unos 600 kil\u00f3metros del este al oeste a trav\u00e9s de la parte central del pa\u00eds.<\/p>\n<p style=\"text-align: justify;\">Considerado uno de los tifones m\u00e1s violentos de la historia, Haiyan lleg\u00f3 a Filipinas el viernes pasado con vientos de hasta 275 kil\u00f3metros por hora. Actualmente avanza a 185 km\/h en direcci\u00f3n a Vietnam, cuyas autoridades procedieron a la evacuaci\u00f3n de m\u00e1s de 100.000 personas.<\/p>\n<p style=\"text-align: justify;\">\u00a0<\/p>\n<p style=\"text-align: justify;\">Fuente:<strong> Reuters<\/strong><\/p>\n<p style=\"text-align: justify;\">Foto: <strong>Reuters<\/strong><\/p>\n<div><\/div>\n","protected":false},"excerpt":{"rendered":"<p>(Aeronoticias).-El presidente de Rusia, Vlad\u00edmir Putin, expres\u00f3 condolencias a su hom\u00f3logo de Filipinas, Benigno S. Aquino III, por las p\u00e9rdidas humanas que ha causado el tif\u00f3n Haiyan en ese pa\u00eds, comunic\u00f3 hoy el Kremlin. \u00abVlad\u00edmir Putin transmiti\u00f3 su m\u00e1s hondo pesar al presidente Benigno S. Aquino III, por los numerosos muertos por el paso del [&hellip;]<\/p>\n","protected":false},"author":1,"featured_media":0,"comment_status":"open","ping_status":"open","sticky":false,"template":"","format":"standard","meta":{"tdm_status":"","tdm_grid_status":"","footnotes":""},"categories":[34],"tags":[],"class_list":{"0":"post-41574","1":"post","2":"type-post","3":"status-publish","4":"format-standard","6":"category-internacionales"},"yoast_head":"<!-- This site is optimized with the Yoast SEO plugin v25.1 - https:\/\/yoast.com\/wordpress\/plugins\/seo\/ -->\n<title>Putin expres\u00f3 sus condolencias y solidaridad a Filipinas por muertes a causa del tif\u00f3n Haiyan<\/title>\n<meta name=\"description\" content=\"Portal de noticias del Per\u00fa sobre el transporte a\u00e9reo, aviaci\u00f3n, turismo, hoteleria, actualidad.\" \/>\n<meta name=\"robots\" content=\"index, follow, max-snippet:-1, max-image-preview:large, max-video-preview:-1\" \/>\n<link rel=\"canonical\" href=\"https:\/\/aeronoticias.com.pe\/noticiero\/internacionales\/putin-expreso-sus-condolencias-y-solidaridad-a-filipinas-por-muertes-a-causa-del-tifon-haiyan\/\" \/>\n<meta property=\"og:locale\" content=\"es_ES\" \/>\n<meta property=\"og:type\" content=\"article\" \/>\n<meta property=\"og:title\" content=\"Putin expres\u00f3 sus condolencias y solidaridad a Filipinas por muertes a causa del tif\u00f3n Haiyan\" \/>\n<meta property=\"og:description\" content=\"Portal de noticias del Per\u00fa sobre el transporte a\u00e9reo, aviaci\u00f3n, turismo, hoteleria, actualidad.\" \/>\n<meta property=\"og:url\" content=\"https:\/\/aeronoticias.com.pe\/noticiero\/internacionales\/putin-expreso-sus-condolencias-y-solidaridad-a-filipinas-por-muertes-a-causa-del-tifon-haiyan\/\" \/>\n<meta property=\"og:site_name\" content=\"Aeronoticias.com.pe\" \/>\n<meta property=\"article:publisher\" content=\"https:\/\/www.facebook.com\/Aeronoticias.com.pe\/\" \/>\n<meta property=\"article:published_time\" content=\"2013-11-10T15:46:15+00:00\" \/>\n<meta name=\"author\" content=\"Redacci\u00f3n Aeronoticias\" \/>\n<meta name=\"twitter:card\" content=\"summary_large_image\" \/>\n<meta name=\"twitter:creator\" content=\"@aeronoticias\" \/>\n<meta name=\"twitter:site\" content=\"@aeronoticias\" \/>\n<meta name=\"twitter:label1\" content=\"Escrito por\" \/>\n\t<meta name=\"twitter:data1\" content=\"Redacci\u00f3n Aeronoticias\" \/>\n\t<meta name=\"twitter:label2\" content=\"Tiempo de lectura\" \/>\n\t<meta name=\"twitter:data2\" content=\"1 minuto\" \/>\n<script type=\"application\/ld+json\" class=\"yoast-schema-graph\">{\"@context\":\"https:\/\/schema.org\",\"@graph\":[{\"@type\":\"WebPage\",\"@id\":\"https:\/\/aeronoticias.com.pe\/noticiero\/internacionales\/putin-expreso-sus-condolencias-y-solidaridad-a-filipinas-por-muertes-a-causa-del-tifon-haiyan\/\",\"url\":\"https:\/\/aeronoticias.com.pe\/noticiero\/internacionales\/putin-expreso-sus-condolencias-y-solidaridad-a-filipinas-por-muertes-a-causa-del-tifon-haiyan\/\",\"name\":\"Putin expres\u00f3 sus condolencias y solidaridad a Filipinas por muertes a causa del tif\u00f3n Haiyan\",\"isPartOf\":{\"@id\":\"https:\/\/aeronoticias.com.pe\/noticiero\/#website\"},\"datePublished\":\"2013-11-10T15:46:15+00:00\",\"author\":{\"@id\":\"https:\/\/aeronoticias.com.pe\/noticiero\/#\/schema\/person\/fc1e5d578f4b62ba1cf7ac2bba1170a0\"},\"description\":\"Portal de noticias del Per\u00fa sobre el transporte a\u00e9reo, aviaci\u00f3n, turismo, hoteleria, actualidad.\",\"breadcrumb\":{\"@id\":\"https:\/\/aeronoticias.com.pe\/noticiero\/internacionales\/putin-expreso-sus-condolencias-y-solidaridad-a-filipinas-por-muertes-a-causa-del-tifon-haiyan\/#breadcrumb\"},\"inLanguage\":\"es\",\"potentialAction\":[{\"@type\":\"ReadAction\",\"target\":[\"https:\/\/aeronoticias.com.pe\/noticiero\/internacionales\/putin-expreso-sus-condolencias-y-solidaridad-a-filipinas-por-muertes-a-causa-del-tifon-haiyan\/\"]}]},{\"@type\":\"BreadcrumbList\",\"@id\":\"https:\/\/aeronoticias.com.pe\/noticiero\/internacionales\/putin-expreso-sus-condolencias-y-solidaridad-a-filipinas-por-muertes-a-causa-del-tifon-haiyan\/#breadcrumb\",\"itemListElement\":[{\"@type\":\"ListItem\",\"position\":1,\"name\":\"Portada\",\"item\":\"https:\/\/aeronoticias.com.pe\/noticiero\/\"},{\"@type\":\"ListItem\",\"position\":2,\"name\":\"Putin expres\u00f3 sus condolencias y solidaridad a Filipinas por muertes a causa del tif\u00f3n Haiyan\"}]},{\"@type\":\"WebSite\",\"@id\":\"https:\/\/aeronoticias.com.pe\/noticiero\/#website\",\"url\":\"https:\/\/aeronoticias.com.pe\/noticiero\/\",\"name\":\"Aeronoticias.com.pe\",\"description\":\"Noticias de tranporte aereo, turismo, hoteles, gastronomia, actualidad, internacional\",\"potentialAction\":[{\"@type\":\"SearchAction\",\"target\":{\"@type\":\"EntryPoint\",\"urlTemplate\":\"https:\/\/aeronoticias.com.pe\/noticiero\/?s={search_term_string}\"},\"query-input\":{\"@type\":\"PropertyValueSpecification\",\"valueRequired\":true,\"valueName\":\"search_term_string\"}}],\"inLanguage\":\"es\"},{\"@type\":\"Person\",\"@id\":\"https:\/\/aeronoticias.com.pe\/noticiero\/#\/schema\/person\/fc1e5d578f4b62ba1cf7ac2bba1170a0\",\"name\":\"Redacci\u00f3n Aeronoticias\",\"url\":\"https:\/\/aeronoticias.com.pe\/noticiero\/author\/piloto\/\"}]}<\/script>\n<!-- \/ Yoast SEO plugin. -->","yoast_head_json":{"title":"Putin expres\u00f3 sus condolencias y solidaridad a Filipinas por muertes a causa del tif\u00f3n Haiyan","description":"Portal de noticias del Per\u00fa sobre el transporte a\u00e9reo, aviaci\u00f3n, turismo, hoteleria, actualidad.","robots":{"index":"index","follow":"follow","max-snippet":"max-snippet:-1","max-image-preview":"max-image-preview:large","max-video-preview":"max-video-preview:-1"},"canonical":"https:\/\/aeronoticias.com.pe\/noticiero\/internacionales\/putin-expreso-sus-condolencias-y-solidaridad-a-filipinas-por-muertes-a-causa-del-tifon-haiyan\/","og_locale":"es_ES","og_type":"article","og_title":"Putin expres\u00f3 sus condolencias y solidaridad a Filipinas por muertes a causa del tif\u00f3n Haiyan","og_description":"Portal de noticias del Per\u00fa sobre el transporte a\u00e9reo, aviaci\u00f3n, turismo, hoteleria, actualidad.","og_url":"https:\/\/aeronoticias.com.pe\/noticiero\/internacionales\/putin-expreso-sus-condolencias-y-solidaridad-a-filipinas-por-muertes-a-causa-del-tifon-haiyan\/","og_site_name":"Aeronoticias.com.pe","article_publisher":"https:\/\/www.facebook.com\/Aeronoticias.com.pe\/","article_published_time":"2013-11-10T15:46:15+00:00","author":"Redacci\u00f3n Aeronoticias","twitter_card":"summary_large_image","twitter_creator":"@aeronoticias","twitter_site":"@aeronoticias","twitter_misc":{"Escrito por":"Redacci\u00f3n Aeronoticias","Tiempo de lectura":"1 minuto"},"schema":{"@context":"https:\/\/schema.org","@graph":[{"@type":"WebPage","@id":"https:\/\/aeronoticias.com.pe\/noticiero\/internacionales\/putin-expreso-sus-condolencias-y-solidaridad-a-filipinas-por-muertes-a-causa-del-tifon-haiyan\/","url":"https:\/\/aeronoticias.com.pe\/noticiero\/internacionales\/putin-expreso-sus-condolencias-y-solidaridad-a-filipinas-por-muertes-a-causa-del-tifon-haiyan\/","name":"Putin expres\u00f3 sus condolencias y solidaridad a Filipinas por muertes a causa del tif\u00f3n Haiyan","isPartOf":{"@id":"https:\/\/aeronoticias.com.pe\/noticiero\/#website"},"datePublished":"2013-11-10T15:46:15+00:00","author":{"@id":"https:\/\/aeronoticias.com.pe\/noticiero\/#\/schema\/person\/fc1e5d578f4b62ba1cf7ac2bba1170a0"},"description":"Portal de noticias del Per\u00fa sobre el transporte a\u00e9reo, aviaci\u00f3n, turismo, hoteleria, actualidad.","breadcrumb":{"@id":"https:\/\/aeronoticias.com.pe\/noticiero\/internacionales\/putin-expreso-sus-condolencias-y-solidaridad-a-filipinas-por-muertes-a-causa-del-tifon-haiyan\/#breadcrumb"},"inLanguage":"es","potentialAction":[{"@type":"ReadAction","target":["https:\/\/aeronoticias.com.pe\/noticiero\/internacionales\/putin-expreso-sus-condolencias-y-solidaridad-a-filipinas-por-muertes-a-causa-del-tifon-haiyan\/"]}]},{"@type":"BreadcrumbList","@id":"https:\/\/aeronoticias.com.pe\/noticiero\/internacionales\/putin-expreso-sus-condolencias-y-solidaridad-a-filipinas-por-muertes-a-causa-del-tifon-haiyan\/#breadcrumb","itemListElement":[{"@type":"ListItem","position":1,"name":"Portada","item":"https:\/\/aeronoticias.com.pe\/noticiero\/"},{"@type":"ListItem","position":2,"name":"Putin expres\u00f3 sus condolencias y solidaridad a Filipinas por muertes a causa del tif\u00f3n Haiyan"}]},{"@type":"WebSite","@id":"https:\/\/aeronoticias.com.pe\/noticiero\/#website","url":"https:\/\/aeronoticias.com.pe\/noticiero\/","name":"Aeronoticias.com.pe","description":"Noticias de tranporte aereo, turismo, hoteles, gastronomia, actualidad, internacional","potentialAction":[{"@type":"SearchAction","target":{"@type":"EntryPoint","urlTemplate":"https:\/\/aeronoticias.com.pe\/noticiero\/?s={search_term_string}"},"query-input":{"@type":"PropertyValueSpecification","valueRequired":true,"valueName":"search_term_string"}}],"inLanguage":"es"},{"@type":"Person","@id":"https:\/\/aeronoticias.com.pe\/noticiero\/#\/schema\/person\/fc1e5d578f4b62ba1cf7ac2bba1170a0","name":"Redacci\u00f3n Aeronoticias","url":"https:\/\/aeronoticias.com.pe\/noticiero\/author\/piloto\/"}]}},"_links":{"self":[{"href":"https:\/\/aeronoticias.com.pe\/noticiero\/wp-json\/wp\/v2\/posts\/41574","targetHints":{"allow":["GET"]}}],"collection":[{"href":"https:\/\/aeronoticias.com.pe\/noticiero\/wp-json\/wp\/v2\/posts"}],"about":[{"href":"https:\/\/aeronoticias.com.pe\/noticiero\/wp-json\/wp\/v2\/types\/post"}],"author":[{"embeddable":true,"href":"https:\/\/aeronoticias.com.pe\/noticiero\/wp-json\/wp\/v2\/users\/1"}],"replies":[{"embeddable":true,"href":"https:\/\/aeronoticias.com.pe\/noticiero\/wp-json\/wp\/v2\/comments?post=41574"}],"version-history":[{"count":0,"href":"https:\/\/aeronoticias.com.pe\/noticiero\/wp-json\/wp\/v2\/posts\/41574\/revisions"}],"wp:attachment":[{"href":"https:\/\/aeronoticias.com.pe\/noticiero\/wp-json\/wp\/v2\/media?parent=41574"}],"wp:term":[{"taxonomy":"category","embeddable":true,"href":"https:\/\/aeronoticias.com.pe\/noticiero\/wp-json\/wp\/v2\/categories?post=41574"},{"taxonomy":"post_tag","embeddable":true,"href":"https:\/\/aeronoticias.com.pe\/noticiero\/wp-json\/wp\/v2\/tags?post=41574"}],"curies":[{"name":"wp","href":"https:\/\/api.w.org\/{rel}","templated":true}]}}