{"id":41577,"date":"2013-11-10T16:45:10","date_gmt":"2013-11-10T16:45:10","guid":{"rendered":"http:\/\/desarrollo.mcvicious.com\/aero2020\/2013\/11\/10\/la-nueva-ronda-sobre-el-programa-nuclear-irani-se-celebrara-el-20-de-noviembre-en-ginebra\/"},"modified":"2013-11-10T16:45:10","modified_gmt":"2013-11-10T16:45:10","slug":"la-nueva-ronda-sobre-el-programa-nuclear-irani-se-celebrara-el-20-de-noviembre-en-ginebra","status":"publish","type":"post","link":"https:\/\/aeronoticias.com.pe\/noticiero\/internacionales\/la-nueva-ronda-sobre-el-programa-nuclear-irani-se-celebrara-el-20-de-noviembre-en-ginebra\/","title":{"rendered":"La nueva ronda sobre el programa nuclear iran\u00ed se celebrar\u00e1 el 20 de noviembre en Ginebra"},"content":{"rendered":"<p style=\"text-align: justify;\"><img decoding=\"async\" src=\"images\/stories\/13\/11\/101113\/158513505.jpg\" border=\"0\" \/><\/p>\n<p style=\"text-align: justify;\"><strong>(Aeronoticias)<\/strong>.-<em>La nueva ronda de negociaciones sobre el programa nuclear iran\u00ed se celebrar\u00e1 el 20 de noviembre en Ginebra, inform\u00f3 hoy la alta representante para la Pol\u00edtica Exterior de la Uni\u00f3n Europea, Catherine Ashton.<\/em><\/p>\n<p style=\"text-align: justify;\">\u00abEl pr\u00f3ximo \u00a0encuentro tendr\u00e1 lugar aqu\u00ed mismo el 20 de noviembre\u00bb, dijo Ashton al agregar que las negociaciones fueron \u00abmuy intensas\u00bb aunque quedan por resolver \u00abalgunas cuestiones importantes\u00bb.<\/p>\n<p style=\"text-align: justify;\">Durante todo el d\u00eda de ayer, s\u00e1bado, en Ginebra se celebraron numerosas reuniones de los participantes, en distintos formatos, para intentar alcanzar un acuerdo sobre el programa nuclear iran\u00ed.<\/p>\n<p style=\"text-align: justify;\">Ashton es la coordinadora del Grupo 5+1 (China, EEUU, Francia, Reino Unido, Rusia y Alemania) encargado de la negociaci\u00f3n nuclear con Teher\u00e1n.<\/p>\n<p style=\"text-align: justify;\">Se esperaba que el Grupo lograra acordar el levantamiento de algunas sanciones impuestas a Ir\u00e1n a cambio de acciones concretas que demuestren el car\u00e1cter civil del programa nuclear iran\u00ed.<\/p>\n<p style=\"text-align: justify;\">EEUU y otros pa\u00edses occidentales sospechan que Ir\u00e1n podr\u00eda desarrollar armas nucleares bajo la cobertura de un proyecto de energ\u00eda at\u00f3mica civil. Teher\u00e1n asegura que su programa est\u00e1 orientado exclusivamente a satisfacer la demanda interna de energ\u00eda.<\/p>\n<p style=\"text-align: justify;\">\u00a0<\/p>\n<p style=\"text-align: justify;\">Fuente:<strong> RIANovosti<\/strong><\/p>\n<p style=\"text-align: justify;\">Foto: <strong>RIANovosti<\/strong><\/p>\n<p style=\"text-align: justify;\">\u00a0<\/p>\n","protected":false},"excerpt":{"rendered":"<p>(Aeronoticias).-La nueva ronda de negociaciones sobre el programa nuclear iran\u00ed se celebrar\u00e1 el 20 de noviembre en Ginebra, inform\u00f3 hoy la alta representante para la Pol\u00edtica Exterior de la Uni\u00f3n Europea, Catherine Ashton. \u00abEl pr\u00f3ximo \u00a0encuentro tendr\u00e1 lugar aqu\u00ed mismo el 20 de noviembre\u00bb, dijo Ashton al agregar que las negociaciones fueron \u00abmuy intensas\u00bb aunque [&hellip;]<\/p>\n","protected":false},"author":1,"featured_media":0,"comment_status":"open","ping_status":"open","sticky":false,"template":"","format":"standard","meta":{"tdm_status":"","tdm_grid_status":"","footnotes":""},"categories":[34],"tags":[],"class_list":{"0":"post-41577","1":"post","2":"type-post","3":"status-publish","4":"format-standard","6":"category-internacionales"},"yoast_head":"<!-- This site is optimized with the Yoast SEO plugin v25.1 - https:\/\/yoast.com\/wordpress\/plugins\/seo\/ -->\n<title>La nueva ronda sobre el programa nuclear iran\u00ed se celebrar\u00e1 el 20 de noviembre en Ginebra<\/title>\n<meta name=\"description\" content=\"Portal de noticias del Per\u00fa sobre el transporte a\u00e9reo, aviaci\u00f3n, turismo, hoteleria, actualidad.\" \/>\n<meta name=\"robots\" content=\"index, follow, max-snippet:-1, max-image-preview:large, max-video-preview:-1\" \/>\n<link rel=\"canonical\" href=\"https:\/\/aeronoticias.com.pe\/noticiero\/internacionales\/la-nueva-ronda-sobre-el-programa-nuclear-irani-se-celebrara-el-20-de-noviembre-en-ginebra\/\" \/>\n<meta property=\"og:locale\" content=\"es_ES\" \/>\n<meta property=\"og:type\" content=\"article\" \/>\n<meta property=\"og:title\" content=\"La nueva ronda sobre el programa nuclear iran\u00ed se celebrar\u00e1 el 20 de noviembre en Ginebra\" \/>\n<meta property=\"og:description\" content=\"Portal de noticias del Per\u00fa sobre el transporte a\u00e9reo, aviaci\u00f3n, turismo, hoteleria, actualidad.\" \/>\n<meta property=\"og:url\" content=\"https:\/\/aeronoticias.com.pe\/noticiero\/internacionales\/la-nueva-ronda-sobre-el-programa-nuclear-irani-se-celebrara-el-20-de-noviembre-en-ginebra\/\" \/>\n<meta property=\"og:site_name\" content=\"Aeronoticias.com.pe\" \/>\n<meta property=\"article:publisher\" content=\"https:\/\/www.facebook.com\/Aeronoticias.com.pe\/\" \/>\n<meta property=\"article:published_time\" content=\"2013-11-10T16:45:10+00:00\" \/>\n<meta name=\"author\" content=\"Redacci\u00f3n Aeronoticias\" \/>\n<meta name=\"twitter:card\" content=\"summary_large_image\" \/>\n<meta name=\"twitter:creator\" content=\"@aeronoticias\" \/>\n<meta name=\"twitter:site\" content=\"@aeronoticias\" \/>\n<meta name=\"twitter:label1\" content=\"Escrito por\" \/>\n\t<meta name=\"twitter:data1\" content=\"Redacci\u00f3n Aeronoticias\" \/>\n\t<meta name=\"twitter:label2\" content=\"Tiempo de lectura\" \/>\n\t<meta name=\"twitter:data2\" content=\"1 minuto\" \/>\n<script type=\"application\/ld+json\" class=\"yoast-schema-graph\">{\"@context\":\"https:\/\/schema.org\",\"@graph\":[{\"@type\":\"WebPage\",\"@id\":\"https:\/\/aeronoticias.com.pe\/noticiero\/internacionales\/la-nueva-ronda-sobre-el-programa-nuclear-irani-se-celebrara-el-20-de-noviembre-en-ginebra\/\",\"url\":\"https:\/\/aeronoticias.com.pe\/noticiero\/internacionales\/la-nueva-ronda-sobre-el-programa-nuclear-irani-se-celebrara-el-20-de-noviembre-en-ginebra\/\",\"name\":\"La nueva ronda sobre el programa nuclear iran\u00ed se celebrar\u00e1 el 20 de noviembre en Ginebra\",\"isPartOf\":{\"@id\":\"https:\/\/aeronoticias.com.pe\/noticiero\/#website\"},\"datePublished\":\"2013-11-10T16:45:10+00:00\",\"author\":{\"@id\":\"https:\/\/aeronoticias.com.pe\/noticiero\/#\/schema\/person\/fc1e5d578f4b62ba1cf7ac2bba1170a0\"},\"description\":\"Portal de noticias del Per\u00fa sobre el transporte a\u00e9reo, aviaci\u00f3n, turismo, hoteleria, actualidad.\",\"breadcrumb\":{\"@id\":\"https:\/\/aeronoticias.com.pe\/noticiero\/internacionales\/la-nueva-ronda-sobre-el-programa-nuclear-irani-se-celebrara-el-20-de-noviembre-en-ginebra\/#breadcrumb\"},\"inLanguage\":\"es\",\"potentialAction\":[{\"@type\":\"ReadAction\",\"target\":[\"https:\/\/aeronoticias.com.pe\/noticiero\/internacionales\/la-nueva-ronda-sobre-el-programa-nuclear-irani-se-celebrara-el-20-de-noviembre-en-ginebra\/\"]}]},{\"@type\":\"BreadcrumbList\",\"@id\":\"https:\/\/aeronoticias.com.pe\/noticiero\/internacionales\/la-nueva-ronda-sobre-el-programa-nuclear-irani-se-celebrara-el-20-de-noviembre-en-ginebra\/#breadcrumb\",\"itemListElement\":[{\"@type\":\"ListItem\",\"position\":1,\"name\":\"Portada\",\"item\":\"https:\/\/aeronoticias.com.pe\/noticiero\/\"},{\"@type\":\"ListItem\",\"position\":2,\"name\":\"La nueva ronda sobre el programa nuclear iran\u00ed se celebrar\u00e1 el 20 de noviembre en Ginebra\"}]},{\"@type\":\"WebSite\",\"@id\":\"https:\/\/aeronoticias.com.pe\/noticiero\/#website\",\"url\":\"https:\/\/aeronoticias.com.pe\/noticiero\/\",\"name\":\"Aeronoticias.com.pe\",\"description\":\"Noticias de tranporte aereo, turismo, hoteles, gastronomia, actualidad, internacional\",\"potentialAction\":[{\"@type\":\"SearchAction\",\"target\":{\"@type\":\"EntryPoint\",\"urlTemplate\":\"https:\/\/aeronoticias.com.pe\/noticiero\/?s={search_term_string}\"},\"query-input\":{\"@type\":\"PropertyValueSpecification\",\"valueRequired\":true,\"valueName\":\"search_term_string\"}}],\"inLanguage\":\"es\"},{\"@type\":\"Person\",\"@id\":\"https:\/\/aeronoticias.com.pe\/noticiero\/#\/schema\/person\/fc1e5d578f4b62ba1cf7ac2bba1170a0\",\"name\":\"Redacci\u00f3n Aeronoticias\",\"url\":\"https:\/\/aeronoticias.com.pe\/noticiero\/author\/piloto\/\"}]}<\/script>\n<!-- \/ Yoast SEO plugin. -->","yoast_head_json":{"title":"La nueva ronda sobre el programa nuclear iran\u00ed se celebrar\u00e1 el 20 de noviembre en Ginebra","description":"Portal de noticias del Per\u00fa sobre el transporte a\u00e9reo, aviaci\u00f3n, turismo, hoteleria, actualidad.","robots":{"index":"index","follow":"follow","max-snippet":"max-snippet:-1","max-image-preview":"max-image-preview:large","max-video-preview":"max-video-preview:-1"},"canonical":"https:\/\/aeronoticias.com.pe\/noticiero\/internacionales\/la-nueva-ronda-sobre-el-programa-nuclear-irani-se-celebrara-el-20-de-noviembre-en-ginebra\/","og_locale":"es_ES","og_type":"article","og_title":"La nueva ronda sobre el programa nuclear iran\u00ed se celebrar\u00e1 el 20 de noviembre en Ginebra","og_description":"Portal de noticias del Per\u00fa sobre el transporte a\u00e9reo, aviaci\u00f3n, turismo, hoteleria, actualidad.","og_url":"https:\/\/aeronoticias.com.pe\/noticiero\/internacionales\/la-nueva-ronda-sobre-el-programa-nuclear-irani-se-celebrara-el-20-de-noviembre-en-ginebra\/","og_site_name":"Aeronoticias.com.pe","article_publisher":"https:\/\/www.facebook.com\/Aeronoticias.com.pe\/","article_published_time":"2013-11-10T16:45:10+00:00","author":"Redacci\u00f3n Aeronoticias","twitter_card":"summary_large_image","twitter_creator":"@aeronoticias","twitter_site":"@aeronoticias","twitter_misc":{"Escrito por":"Redacci\u00f3n Aeronoticias","Tiempo de lectura":"1 minuto"},"schema":{"@context":"https:\/\/schema.org","@graph":[{"@type":"WebPage","@id":"https:\/\/aeronoticias.com.pe\/noticiero\/internacionales\/la-nueva-ronda-sobre-el-programa-nuclear-irani-se-celebrara-el-20-de-noviembre-en-ginebra\/","url":"https:\/\/aeronoticias.com.pe\/noticiero\/internacionales\/la-nueva-ronda-sobre-el-programa-nuclear-irani-se-celebrara-el-20-de-noviembre-en-ginebra\/","name":"La nueva ronda sobre el programa nuclear iran\u00ed se celebrar\u00e1 el 20 de noviembre en Ginebra","isPartOf":{"@id":"https:\/\/aeronoticias.com.pe\/noticiero\/#website"},"datePublished":"2013-11-10T16:45:10+00:00","author":{"@id":"https:\/\/aeronoticias.com.pe\/noticiero\/#\/schema\/person\/fc1e5d578f4b62ba1cf7ac2bba1170a0"},"description":"Portal de noticias del Per\u00fa sobre el transporte a\u00e9reo, aviaci\u00f3n, turismo, hoteleria, actualidad.","breadcrumb":{"@id":"https:\/\/aeronoticias.com.pe\/noticiero\/internacionales\/la-nueva-ronda-sobre-el-programa-nuclear-irani-se-celebrara-el-20-de-noviembre-en-ginebra\/#breadcrumb"},"inLanguage":"es","potentialAction":[{"@type":"ReadAction","target":["https:\/\/aeronoticias.com.pe\/noticiero\/internacionales\/la-nueva-ronda-sobre-el-programa-nuclear-irani-se-celebrara-el-20-de-noviembre-en-ginebra\/"]}]},{"@type":"BreadcrumbList","@id":"https:\/\/aeronoticias.com.pe\/noticiero\/internacionales\/la-nueva-ronda-sobre-el-programa-nuclear-irani-se-celebrara-el-20-de-noviembre-en-ginebra\/#breadcrumb","itemListElement":[{"@type":"ListItem","position":1,"name":"Portada","item":"https:\/\/aeronoticias.com.pe\/noticiero\/"},{"@type":"ListItem","position":2,"name":"La nueva ronda sobre el programa nuclear iran\u00ed se celebrar\u00e1 el 20 de noviembre en Ginebra"}]},{"@type":"WebSite","@id":"https:\/\/aeronoticias.com.pe\/noticiero\/#website","url":"https:\/\/aeronoticias.com.pe\/noticiero\/","name":"Aeronoticias.com.pe","description":"Noticias de tranporte aereo, turismo, hoteles, gastronomia, actualidad, internacional","potentialAction":[{"@type":"SearchAction","target":{"@type":"EntryPoint","urlTemplate":"https:\/\/aeronoticias.com.pe\/noticiero\/?s={search_term_string}"},"query-input":{"@type":"PropertyValueSpecification","valueRequired":true,"valueName":"search_term_string"}}],"inLanguage":"es"},{"@type":"Person","@id":"https:\/\/aeronoticias.com.pe\/noticiero\/#\/schema\/person\/fc1e5d578f4b62ba1cf7ac2bba1170a0","name":"Redacci\u00f3n Aeronoticias","url":"https:\/\/aeronoticias.com.pe\/noticiero\/author\/piloto\/"}]}},"_links":{"self":[{"href":"https:\/\/aeronoticias.com.pe\/noticiero\/wp-json\/wp\/v2\/posts\/41577","targetHints":{"allow":["GET"]}}],"collection":[{"href":"https:\/\/aeronoticias.com.pe\/noticiero\/wp-json\/wp\/v2\/posts"}],"about":[{"href":"https:\/\/aeronoticias.com.pe\/noticiero\/wp-json\/wp\/v2\/types\/post"}],"author":[{"embeddable":true,"href":"https:\/\/aeronoticias.com.pe\/noticiero\/wp-json\/wp\/v2\/users\/1"}],"replies":[{"embeddable":true,"href":"https:\/\/aeronoticias.com.pe\/noticiero\/wp-json\/wp\/v2\/comments?post=41577"}],"version-history":[{"count":0,"href":"https:\/\/aeronoticias.com.pe\/noticiero\/wp-json\/wp\/v2\/posts\/41577\/revisions"}],"wp:attachment":[{"href":"https:\/\/aeronoticias.com.pe\/noticiero\/wp-json\/wp\/v2\/media?parent=41577"}],"wp:term":[{"taxonomy":"category","embeddable":true,"href":"https:\/\/aeronoticias.com.pe\/noticiero\/wp-json\/wp\/v2\/categories?post=41577"},{"taxonomy":"post_tag","embeddable":true,"href":"https:\/\/aeronoticias.com.pe\/noticiero\/wp-json\/wp\/v2\/tags?post=41577"}],"curies":[{"name":"wp","href":"https:\/\/api.w.org\/{rel}","templated":true}]}}