{"id":41578,"date":"2013-11-10T17:20:41","date_gmt":"2013-11-10T17:20:41","guid":{"rendered":"http:\/\/desarrollo.mcvicious.com\/aero2020\/2013\/11\/10\/intentan-apagar-un-incendio-de-pales-dentro-de-una-nave-de-sangonera-la-seca\/"},"modified":"2013-11-10T17:20:41","modified_gmt":"2013-11-10T17:20:41","slug":"intentan-apagar-un-incendio-de-pales-dentro-de-una-nave-de-sangonera-la-seca","status":"publish","type":"post","link":"https:\/\/aeronoticias.com.pe\/noticiero\/internacionales\/intentan-apagar-un-incendio-de-pales-dentro-de-una-nave-de-sangonera-la-seca\/","title":{"rendered":"Intentan apagar un incendio de pal\u00e9s dentro de una nave de Sangonera la Seca"},"content":{"rendered":"<p><img decoding=\"async\" src=\"images\/stories\/13\/11\/101113\/incendio-abaran--647x231.jpg\" border=\"0\" \/><\/p>\n<p style=\"text-align: justify;\"><strong>(Aeronoticias).<\/strong>-Bomberos del Servicio de Extinci\u00f3n de Incendios y Salvamento (SEIS) trabajaron para sofocar un incendio de pal\u00e9s en una nave industrial de Sangonera la Seca, seg\u00fan informaron fuentes del Centro de Coordinaci\u00f3n de Emergencias en un comunicado.<\/p>\n<p style=\"text-align: justify;\">De este modo, a las 11.13 horas, el Tel\u00e9fono \u00fanico de Emergencias &#8216;112&#8217; recib\u00eda varias llamadas informado del incendio de pal\u00e9s, en una nave industrial de construcci\u00f3n de la empresa &#8216;Profemur&#8217;, situada en la A-7 sentido Almer\u00eda, en la pedan\u00eda murciana de Sangonera la Seca.<\/p>\n<p style=\"text-align: justify;\">Al lugar, acudieron efectivos del Parque de Bomberos de Murcia que, en estos momentos, est\u00e1n realizando las labores de extinci\u00f3n.<\/p>\n<p style=\"text-align: justify;\">\u00a0<\/p>\n<p style=\"text-align: justify;\">Fuente: <strong>laverdad<\/strong><\/p>\n<p style=\"text-align: justify;\">Foto:<strong> laverdad<\/strong><\/p>\n<div style=\"text-align: justify;\"><\/div>\n","protected":false},"excerpt":{"rendered":"<p>(Aeronoticias).-Bomberos del Servicio de Extinci\u00f3n de Incendios y Salvamento (SEIS) trabajaron para sofocar un incendio de pal\u00e9s en una nave industrial de Sangonera la Seca, seg\u00fan informaron fuentes del Centro de Coordinaci\u00f3n de Emergencias en un comunicado. De este modo, a las 11.13 horas, el Tel\u00e9fono \u00fanico de Emergencias &#8216;112&#8217; recib\u00eda varias llamadas informado del [&hellip;]<\/p>\n","protected":false},"author":1,"featured_media":0,"comment_status":"open","ping_status":"open","sticky":false,"template":"","format":"standard","meta":{"tdm_status":"","tdm_grid_status":"","footnotes":""},"categories":[34],"tags":[],"class_list":{"0":"post-41578","1":"post","2":"type-post","3":"status-publish","4":"format-standard","6":"category-internacionales"},"yoast_head":"<!-- This site is optimized with the Yoast SEO plugin v25.1 - https:\/\/yoast.com\/wordpress\/plugins\/seo\/ -->\n<title>Intentan apagar un incendio de pal\u00e9s dentro de una nave de Sangonera la Seca<\/title>\n<meta name=\"description\" content=\"Portal de noticias del Per\u00fa sobre el transporte a\u00e9reo, aviaci\u00f3n, turismo, hoteleria, actualidad.\" \/>\n<meta name=\"robots\" content=\"index, follow, max-snippet:-1, max-image-preview:large, max-video-preview:-1\" \/>\n<link rel=\"canonical\" href=\"https:\/\/aeronoticias.com.pe\/noticiero\/internacionales\/intentan-apagar-un-incendio-de-pales-dentro-de-una-nave-de-sangonera-la-seca\/\" \/>\n<meta property=\"og:locale\" content=\"es_ES\" \/>\n<meta property=\"og:type\" content=\"article\" \/>\n<meta property=\"og:title\" content=\"Intentan apagar un incendio de pal\u00e9s dentro de una nave de Sangonera la Seca\" \/>\n<meta property=\"og:description\" content=\"Portal de noticias del Per\u00fa sobre el transporte a\u00e9reo, aviaci\u00f3n, turismo, hoteleria, actualidad.\" \/>\n<meta property=\"og:url\" content=\"https:\/\/aeronoticias.com.pe\/noticiero\/internacionales\/intentan-apagar-un-incendio-de-pales-dentro-de-una-nave-de-sangonera-la-seca\/\" \/>\n<meta property=\"og:site_name\" content=\"Aeronoticias.com.pe\" \/>\n<meta property=\"article:publisher\" content=\"https:\/\/www.facebook.com\/Aeronoticias.com.pe\/\" \/>\n<meta property=\"article:published_time\" content=\"2013-11-10T17:20:41+00:00\" \/>\n<meta name=\"author\" content=\"Redacci\u00f3n Aeronoticias\" \/>\n<meta name=\"twitter:card\" content=\"summary_large_image\" \/>\n<meta name=\"twitter:creator\" content=\"@aeronoticias\" \/>\n<meta name=\"twitter:site\" content=\"@aeronoticias\" \/>\n<meta name=\"twitter:label1\" content=\"Escrito por\" \/>\n\t<meta name=\"twitter:data1\" content=\"Redacci\u00f3n Aeronoticias\" \/>\n\t<meta name=\"twitter:label2\" content=\"Tiempo de lectura\" \/>\n\t<meta name=\"twitter:data2\" content=\"1 minuto\" \/>\n<script type=\"application\/ld+json\" class=\"yoast-schema-graph\">{\"@context\":\"https:\/\/schema.org\",\"@graph\":[{\"@type\":\"WebPage\",\"@id\":\"https:\/\/aeronoticias.com.pe\/noticiero\/internacionales\/intentan-apagar-un-incendio-de-pales-dentro-de-una-nave-de-sangonera-la-seca\/\",\"url\":\"https:\/\/aeronoticias.com.pe\/noticiero\/internacionales\/intentan-apagar-un-incendio-de-pales-dentro-de-una-nave-de-sangonera-la-seca\/\",\"name\":\"Intentan apagar un incendio de pal\u00e9s dentro de una nave de Sangonera la Seca\",\"isPartOf\":{\"@id\":\"https:\/\/aeronoticias.com.pe\/noticiero\/#website\"},\"datePublished\":\"2013-11-10T17:20:41+00:00\",\"author\":{\"@id\":\"https:\/\/aeronoticias.com.pe\/noticiero\/#\/schema\/person\/fc1e5d578f4b62ba1cf7ac2bba1170a0\"},\"description\":\"Portal de noticias del Per\u00fa sobre el transporte a\u00e9reo, aviaci\u00f3n, turismo, hoteleria, actualidad.\",\"breadcrumb\":{\"@id\":\"https:\/\/aeronoticias.com.pe\/noticiero\/internacionales\/intentan-apagar-un-incendio-de-pales-dentro-de-una-nave-de-sangonera-la-seca\/#breadcrumb\"},\"inLanguage\":\"es\",\"potentialAction\":[{\"@type\":\"ReadAction\",\"target\":[\"https:\/\/aeronoticias.com.pe\/noticiero\/internacionales\/intentan-apagar-un-incendio-de-pales-dentro-de-una-nave-de-sangonera-la-seca\/\"]}]},{\"@type\":\"BreadcrumbList\",\"@id\":\"https:\/\/aeronoticias.com.pe\/noticiero\/internacionales\/intentan-apagar-un-incendio-de-pales-dentro-de-una-nave-de-sangonera-la-seca\/#breadcrumb\",\"itemListElement\":[{\"@type\":\"ListItem\",\"position\":1,\"name\":\"Portada\",\"item\":\"https:\/\/aeronoticias.com.pe\/noticiero\/\"},{\"@type\":\"ListItem\",\"position\":2,\"name\":\"Intentan apagar un incendio de pal\u00e9s dentro de una nave de Sangonera la Seca\"}]},{\"@type\":\"WebSite\",\"@id\":\"https:\/\/aeronoticias.com.pe\/noticiero\/#website\",\"url\":\"https:\/\/aeronoticias.com.pe\/noticiero\/\",\"name\":\"Aeronoticias.com.pe\",\"description\":\"Noticias de tranporte aereo, turismo, hoteles, gastronomia, actualidad, internacional\",\"potentialAction\":[{\"@type\":\"SearchAction\",\"target\":{\"@type\":\"EntryPoint\",\"urlTemplate\":\"https:\/\/aeronoticias.com.pe\/noticiero\/?s={search_term_string}\"},\"query-input\":{\"@type\":\"PropertyValueSpecification\",\"valueRequired\":true,\"valueName\":\"search_term_string\"}}],\"inLanguage\":\"es\"},{\"@type\":\"Person\",\"@id\":\"https:\/\/aeronoticias.com.pe\/noticiero\/#\/schema\/person\/fc1e5d578f4b62ba1cf7ac2bba1170a0\",\"name\":\"Redacci\u00f3n Aeronoticias\",\"url\":\"https:\/\/aeronoticias.com.pe\/noticiero\/author\/piloto\/\"}]}<\/script>\n<!-- \/ Yoast SEO plugin. -->","yoast_head_json":{"title":"Intentan apagar un incendio de pal\u00e9s dentro de una nave de Sangonera la Seca","description":"Portal de noticias del Per\u00fa sobre el transporte a\u00e9reo, aviaci\u00f3n, turismo, hoteleria, actualidad.","robots":{"index":"index","follow":"follow","max-snippet":"max-snippet:-1","max-image-preview":"max-image-preview:large","max-video-preview":"max-video-preview:-1"},"canonical":"https:\/\/aeronoticias.com.pe\/noticiero\/internacionales\/intentan-apagar-un-incendio-de-pales-dentro-de-una-nave-de-sangonera-la-seca\/","og_locale":"es_ES","og_type":"article","og_title":"Intentan apagar un incendio de pal\u00e9s dentro de una nave de Sangonera la Seca","og_description":"Portal de noticias del Per\u00fa sobre el transporte a\u00e9reo, aviaci\u00f3n, turismo, hoteleria, actualidad.","og_url":"https:\/\/aeronoticias.com.pe\/noticiero\/internacionales\/intentan-apagar-un-incendio-de-pales-dentro-de-una-nave-de-sangonera-la-seca\/","og_site_name":"Aeronoticias.com.pe","article_publisher":"https:\/\/www.facebook.com\/Aeronoticias.com.pe\/","article_published_time":"2013-11-10T17:20:41+00:00","author":"Redacci\u00f3n Aeronoticias","twitter_card":"summary_large_image","twitter_creator":"@aeronoticias","twitter_site":"@aeronoticias","twitter_misc":{"Escrito por":"Redacci\u00f3n Aeronoticias","Tiempo de lectura":"1 minuto"},"schema":{"@context":"https:\/\/schema.org","@graph":[{"@type":"WebPage","@id":"https:\/\/aeronoticias.com.pe\/noticiero\/internacionales\/intentan-apagar-un-incendio-de-pales-dentro-de-una-nave-de-sangonera-la-seca\/","url":"https:\/\/aeronoticias.com.pe\/noticiero\/internacionales\/intentan-apagar-un-incendio-de-pales-dentro-de-una-nave-de-sangonera-la-seca\/","name":"Intentan apagar un incendio de pal\u00e9s dentro de una nave de Sangonera la Seca","isPartOf":{"@id":"https:\/\/aeronoticias.com.pe\/noticiero\/#website"},"datePublished":"2013-11-10T17:20:41+00:00","author":{"@id":"https:\/\/aeronoticias.com.pe\/noticiero\/#\/schema\/person\/fc1e5d578f4b62ba1cf7ac2bba1170a0"},"description":"Portal de noticias del Per\u00fa sobre el transporte a\u00e9reo, aviaci\u00f3n, turismo, hoteleria, actualidad.","breadcrumb":{"@id":"https:\/\/aeronoticias.com.pe\/noticiero\/internacionales\/intentan-apagar-un-incendio-de-pales-dentro-de-una-nave-de-sangonera-la-seca\/#breadcrumb"},"inLanguage":"es","potentialAction":[{"@type":"ReadAction","target":["https:\/\/aeronoticias.com.pe\/noticiero\/internacionales\/intentan-apagar-un-incendio-de-pales-dentro-de-una-nave-de-sangonera-la-seca\/"]}]},{"@type":"BreadcrumbList","@id":"https:\/\/aeronoticias.com.pe\/noticiero\/internacionales\/intentan-apagar-un-incendio-de-pales-dentro-de-una-nave-de-sangonera-la-seca\/#breadcrumb","itemListElement":[{"@type":"ListItem","position":1,"name":"Portada","item":"https:\/\/aeronoticias.com.pe\/noticiero\/"},{"@type":"ListItem","position":2,"name":"Intentan apagar un incendio de pal\u00e9s dentro de una nave de Sangonera la Seca"}]},{"@type":"WebSite","@id":"https:\/\/aeronoticias.com.pe\/noticiero\/#website","url":"https:\/\/aeronoticias.com.pe\/noticiero\/","name":"Aeronoticias.com.pe","description":"Noticias de tranporte aereo, turismo, hoteles, gastronomia, actualidad, internacional","potentialAction":[{"@type":"SearchAction","target":{"@type":"EntryPoint","urlTemplate":"https:\/\/aeronoticias.com.pe\/noticiero\/?s={search_term_string}"},"query-input":{"@type":"PropertyValueSpecification","valueRequired":true,"valueName":"search_term_string"}}],"inLanguage":"es"},{"@type":"Person","@id":"https:\/\/aeronoticias.com.pe\/noticiero\/#\/schema\/person\/fc1e5d578f4b62ba1cf7ac2bba1170a0","name":"Redacci\u00f3n Aeronoticias","url":"https:\/\/aeronoticias.com.pe\/noticiero\/author\/piloto\/"}]}},"_links":{"self":[{"href":"https:\/\/aeronoticias.com.pe\/noticiero\/wp-json\/wp\/v2\/posts\/41578","targetHints":{"allow":["GET"]}}],"collection":[{"href":"https:\/\/aeronoticias.com.pe\/noticiero\/wp-json\/wp\/v2\/posts"}],"about":[{"href":"https:\/\/aeronoticias.com.pe\/noticiero\/wp-json\/wp\/v2\/types\/post"}],"author":[{"embeddable":true,"href":"https:\/\/aeronoticias.com.pe\/noticiero\/wp-json\/wp\/v2\/users\/1"}],"replies":[{"embeddable":true,"href":"https:\/\/aeronoticias.com.pe\/noticiero\/wp-json\/wp\/v2\/comments?post=41578"}],"version-history":[{"count":0,"href":"https:\/\/aeronoticias.com.pe\/noticiero\/wp-json\/wp\/v2\/posts\/41578\/revisions"}],"wp:attachment":[{"href":"https:\/\/aeronoticias.com.pe\/noticiero\/wp-json\/wp\/v2\/media?parent=41578"}],"wp:term":[{"taxonomy":"category","embeddable":true,"href":"https:\/\/aeronoticias.com.pe\/noticiero\/wp-json\/wp\/v2\/categories?post=41578"},{"taxonomy":"post_tag","embeddable":true,"href":"https:\/\/aeronoticias.com.pe\/noticiero\/wp-json\/wp\/v2\/tags?post=41578"}],"curies":[{"name":"wp","href":"https:\/\/api.w.org\/{rel}","templated":true}]}}