{"id":41579,"date":"2013-11-10T17:47:30","date_gmt":"2013-11-10T17:47:30","guid":{"rendered":"http:\/\/desarrollo.mcvicious.com\/aero2020\/2013\/11\/10\/el-tifon-haiyan-se-dirige-a-vietnam-despues-de-devastar-filipinas\/"},"modified":"2013-11-10T17:47:30","modified_gmt":"2013-11-10T17:47:30","slug":"el-tifon-haiyan-se-dirige-a-vietnam-despues-de-devastar-filipinas","status":"publish","type":"post","link":"https:\/\/aeronoticias.com.pe\/noticiero\/internacionales\/el-tifon-haiyan-se-dirige-a-vietnam-despues-de-devastar-filipinas\/","title":{"rendered":"El tif\u00f3n Haiyan se dirige a Vietnam despu\u00e9s de devastar Filipinas"},"content":{"rendered":"<p><img decoding=\"async\" src=\"images\/stories\/13\/11\/101113\/131110074310-01-haiyan-1110-story-top.jpg\" border=\"0\" \/><\/p>\n<p style=\"text-align: justify;\"><strong>(Aeronoticias).<\/strong>\u2013 Vietnam comenz\u00f3 a prepararse para recibir al tif\u00f3n Haiyan, despu\u00e9s de que dej\u00f3 cientos de muertos y devastaci\u00f3n en varias poblaciones de Filipinas.<\/p>\n<p style=\"text-align: justify;\">La Cruz Roja de Vietnam inform\u00f3 que ayud\u00f3 a las autoridades a evacuar a 100.000 personas, incluidos residentes ancianos y hu\u00e9rfanos.<\/p>\n<p style=\"text-align: justify;\">Al mediod\u00eda de este domingo (hora local), Haiyan se desplazaba a trav\u00e9s del mar del sur de China con vientos sostenidos de 160 kil\u00f3metros por hora y r\u00e1fagas de 195. Se espera que afecte Vietnam la ma\u00f1ana de este lunes.<\/p>\n<p style=\"text-align: justify;\">Para ese entonces, el tif\u00f3n podr\u00eda haberse debilitado a tormenta tropical. Pero se espera que a\u00fan cause lluvias intensas e inundaciones en Hanoi, seg\u00fan la Cruz Roja. El \u00e1rea de afectaci\u00f3n de la tormenta podr\u00eda incluir 15 provincias de Vietnam, detall\u00f3 la organizaci\u00f3n humanitaria.<\/p>\n<p style=\"text-align: justify;\">Mientras la tormenta se desplaza hacia Vietnam, muchos filipinos lidian con una devastaci\u00f3n que nunca antes hab\u00edan visto.<\/p>\n<p style=\"text-align: justify;\">La Cruz Roja de Filipinas estima que al menos 1.200 personas murieron por Haiyan. Sharee Tan, gobernador de la provincia de Samar, report\u00f3 370 muertos y 2.000 desaparecidos solo en su provincia.<\/p>\n<p style=\"text-align: justify;\">Pero la cifra total de muertos podr\u00eda ser significativamente m\u00e1s alta. Las autoridades trabajan para acceder a lugares remotos y casi inaccesibles asolados por el cicl\u00f3n.<\/p>\n<p style=\"text-align: justify;\">El alcalde de la ciudad de Tacloban, Alfred Romualdez, dijo a CNN que es \u00abcompletamente posible\u00bb que m\u00e1s de 10.000 personas hayan muerto en la provincia de Leyte.<\/p>\n<p style=\"text-align: justify;\">\u00a0<\/p>\n<p style=\"text-align: justify;\">Fuente: <strong>CNN<\/strong><\/p>\n<p style=\"text-align: justify;\">Foto: <strong>CNN<\/strong><\/p>\n<div style=\"text-align: justify;\"><\/div>\n<p>\u00a0<\/p>\n","protected":false},"excerpt":{"rendered":"<p>(Aeronoticias).\u2013 Vietnam comenz\u00f3 a prepararse para recibir al tif\u00f3n Haiyan, despu\u00e9s de que dej\u00f3 cientos de muertos y devastaci\u00f3n en varias poblaciones de Filipinas. La Cruz Roja de Vietnam inform\u00f3 que ayud\u00f3 a las autoridades a evacuar a 100.000 personas, incluidos residentes ancianos y hu\u00e9rfanos. Al mediod\u00eda de este domingo (hora local), Haiyan se desplazaba [&hellip;]<\/p>\n","protected":false},"author":1,"featured_media":0,"comment_status":"open","ping_status":"open","sticky":false,"template":"","format":"standard","meta":{"tdm_status":"","tdm_grid_status":"","footnotes":""},"categories":[34],"tags":[],"class_list":{"0":"post-41579","1":"post","2":"type-post","3":"status-publish","4":"format-standard","6":"category-internacionales"},"yoast_head":"<!-- This site is optimized with the Yoast SEO plugin v25.1 - https:\/\/yoast.com\/wordpress\/plugins\/seo\/ -->\n<title>El tif\u00f3n Haiyan se dirige a Vietnam despu\u00e9s de devastar Filipinas<\/title>\n<meta name=\"description\" content=\"Portal de noticias del Per\u00fa sobre el transporte a\u00e9reo, aviaci\u00f3n, turismo, hoteleria, actualidad.\" \/>\n<meta name=\"robots\" content=\"index, follow, max-snippet:-1, max-image-preview:large, max-video-preview:-1\" \/>\n<link rel=\"canonical\" href=\"https:\/\/aeronoticias.com.pe\/noticiero\/internacionales\/el-tifon-haiyan-se-dirige-a-vietnam-despues-de-devastar-filipinas\/\" \/>\n<meta property=\"og:locale\" content=\"es_ES\" \/>\n<meta property=\"og:type\" content=\"article\" \/>\n<meta property=\"og:title\" content=\"El tif\u00f3n Haiyan se dirige a Vietnam despu\u00e9s de devastar Filipinas\" \/>\n<meta property=\"og:description\" content=\"Portal de noticias del Per\u00fa sobre el transporte a\u00e9reo, aviaci\u00f3n, turismo, hoteleria, actualidad.\" \/>\n<meta property=\"og:url\" content=\"https:\/\/aeronoticias.com.pe\/noticiero\/internacionales\/el-tifon-haiyan-se-dirige-a-vietnam-despues-de-devastar-filipinas\/\" \/>\n<meta property=\"og:site_name\" content=\"Aeronoticias.com.pe\" \/>\n<meta property=\"article:publisher\" content=\"https:\/\/www.facebook.com\/Aeronoticias.com.pe\/\" \/>\n<meta property=\"article:published_time\" content=\"2013-11-10T17:47:30+00:00\" \/>\n<meta name=\"author\" content=\"Redacci\u00f3n Aeronoticias\" \/>\n<meta name=\"twitter:card\" content=\"summary_large_image\" \/>\n<meta name=\"twitter:creator\" content=\"@aeronoticias\" \/>\n<meta name=\"twitter:site\" content=\"@aeronoticias\" \/>\n<meta name=\"twitter:label1\" content=\"Escrito por\" \/>\n\t<meta name=\"twitter:data1\" content=\"Redacci\u00f3n Aeronoticias\" \/>\n\t<meta name=\"twitter:label2\" content=\"Tiempo de lectura\" \/>\n\t<meta name=\"twitter:data2\" content=\"1 minuto\" \/>\n<script type=\"application\/ld+json\" class=\"yoast-schema-graph\">{\"@context\":\"https:\/\/schema.org\",\"@graph\":[{\"@type\":\"WebPage\",\"@id\":\"https:\/\/aeronoticias.com.pe\/noticiero\/internacionales\/el-tifon-haiyan-se-dirige-a-vietnam-despues-de-devastar-filipinas\/\",\"url\":\"https:\/\/aeronoticias.com.pe\/noticiero\/internacionales\/el-tifon-haiyan-se-dirige-a-vietnam-despues-de-devastar-filipinas\/\",\"name\":\"El tif\u00f3n Haiyan se dirige a Vietnam despu\u00e9s de devastar Filipinas\",\"isPartOf\":{\"@id\":\"https:\/\/aeronoticias.com.pe\/noticiero\/#website\"},\"datePublished\":\"2013-11-10T17:47:30+00:00\",\"author\":{\"@id\":\"https:\/\/aeronoticias.com.pe\/noticiero\/#\/schema\/person\/fc1e5d578f4b62ba1cf7ac2bba1170a0\"},\"description\":\"Portal de noticias del Per\u00fa sobre el transporte a\u00e9reo, aviaci\u00f3n, turismo, hoteleria, actualidad.\",\"breadcrumb\":{\"@id\":\"https:\/\/aeronoticias.com.pe\/noticiero\/internacionales\/el-tifon-haiyan-se-dirige-a-vietnam-despues-de-devastar-filipinas\/#breadcrumb\"},\"inLanguage\":\"es\",\"potentialAction\":[{\"@type\":\"ReadAction\",\"target\":[\"https:\/\/aeronoticias.com.pe\/noticiero\/internacionales\/el-tifon-haiyan-se-dirige-a-vietnam-despues-de-devastar-filipinas\/\"]}]},{\"@type\":\"BreadcrumbList\",\"@id\":\"https:\/\/aeronoticias.com.pe\/noticiero\/internacionales\/el-tifon-haiyan-se-dirige-a-vietnam-despues-de-devastar-filipinas\/#breadcrumb\",\"itemListElement\":[{\"@type\":\"ListItem\",\"position\":1,\"name\":\"Portada\",\"item\":\"https:\/\/aeronoticias.com.pe\/noticiero\/\"},{\"@type\":\"ListItem\",\"position\":2,\"name\":\"El tif\u00f3n Haiyan se dirige a Vietnam despu\u00e9s de devastar Filipinas\"}]},{\"@type\":\"WebSite\",\"@id\":\"https:\/\/aeronoticias.com.pe\/noticiero\/#website\",\"url\":\"https:\/\/aeronoticias.com.pe\/noticiero\/\",\"name\":\"Aeronoticias.com.pe\",\"description\":\"Noticias de tranporte aereo, turismo, hoteles, gastronomia, actualidad, internacional\",\"potentialAction\":[{\"@type\":\"SearchAction\",\"target\":{\"@type\":\"EntryPoint\",\"urlTemplate\":\"https:\/\/aeronoticias.com.pe\/noticiero\/?s={search_term_string}\"},\"query-input\":{\"@type\":\"PropertyValueSpecification\",\"valueRequired\":true,\"valueName\":\"search_term_string\"}}],\"inLanguage\":\"es\"},{\"@type\":\"Person\",\"@id\":\"https:\/\/aeronoticias.com.pe\/noticiero\/#\/schema\/person\/fc1e5d578f4b62ba1cf7ac2bba1170a0\",\"name\":\"Redacci\u00f3n Aeronoticias\",\"url\":\"https:\/\/aeronoticias.com.pe\/noticiero\/author\/piloto\/\"}]}<\/script>\n<!-- \/ Yoast SEO plugin. -->","yoast_head_json":{"title":"El tif\u00f3n Haiyan se dirige a Vietnam despu\u00e9s de devastar Filipinas","description":"Portal de noticias del Per\u00fa sobre el transporte a\u00e9reo, aviaci\u00f3n, turismo, hoteleria, actualidad.","robots":{"index":"index","follow":"follow","max-snippet":"max-snippet:-1","max-image-preview":"max-image-preview:large","max-video-preview":"max-video-preview:-1"},"canonical":"https:\/\/aeronoticias.com.pe\/noticiero\/internacionales\/el-tifon-haiyan-se-dirige-a-vietnam-despues-de-devastar-filipinas\/","og_locale":"es_ES","og_type":"article","og_title":"El tif\u00f3n Haiyan se dirige a Vietnam despu\u00e9s de devastar Filipinas","og_description":"Portal de noticias del Per\u00fa sobre el transporte a\u00e9reo, aviaci\u00f3n, turismo, hoteleria, actualidad.","og_url":"https:\/\/aeronoticias.com.pe\/noticiero\/internacionales\/el-tifon-haiyan-se-dirige-a-vietnam-despues-de-devastar-filipinas\/","og_site_name":"Aeronoticias.com.pe","article_publisher":"https:\/\/www.facebook.com\/Aeronoticias.com.pe\/","article_published_time":"2013-11-10T17:47:30+00:00","author":"Redacci\u00f3n Aeronoticias","twitter_card":"summary_large_image","twitter_creator":"@aeronoticias","twitter_site":"@aeronoticias","twitter_misc":{"Escrito por":"Redacci\u00f3n Aeronoticias","Tiempo de lectura":"1 minuto"},"schema":{"@context":"https:\/\/schema.org","@graph":[{"@type":"WebPage","@id":"https:\/\/aeronoticias.com.pe\/noticiero\/internacionales\/el-tifon-haiyan-se-dirige-a-vietnam-despues-de-devastar-filipinas\/","url":"https:\/\/aeronoticias.com.pe\/noticiero\/internacionales\/el-tifon-haiyan-se-dirige-a-vietnam-despues-de-devastar-filipinas\/","name":"El tif\u00f3n Haiyan se dirige a Vietnam despu\u00e9s de devastar Filipinas","isPartOf":{"@id":"https:\/\/aeronoticias.com.pe\/noticiero\/#website"},"datePublished":"2013-11-10T17:47:30+00:00","author":{"@id":"https:\/\/aeronoticias.com.pe\/noticiero\/#\/schema\/person\/fc1e5d578f4b62ba1cf7ac2bba1170a0"},"description":"Portal de noticias del Per\u00fa sobre el transporte a\u00e9reo, aviaci\u00f3n, turismo, hoteleria, actualidad.","breadcrumb":{"@id":"https:\/\/aeronoticias.com.pe\/noticiero\/internacionales\/el-tifon-haiyan-se-dirige-a-vietnam-despues-de-devastar-filipinas\/#breadcrumb"},"inLanguage":"es","potentialAction":[{"@type":"ReadAction","target":["https:\/\/aeronoticias.com.pe\/noticiero\/internacionales\/el-tifon-haiyan-se-dirige-a-vietnam-despues-de-devastar-filipinas\/"]}]},{"@type":"BreadcrumbList","@id":"https:\/\/aeronoticias.com.pe\/noticiero\/internacionales\/el-tifon-haiyan-se-dirige-a-vietnam-despues-de-devastar-filipinas\/#breadcrumb","itemListElement":[{"@type":"ListItem","position":1,"name":"Portada","item":"https:\/\/aeronoticias.com.pe\/noticiero\/"},{"@type":"ListItem","position":2,"name":"El tif\u00f3n Haiyan se dirige a Vietnam despu\u00e9s de devastar Filipinas"}]},{"@type":"WebSite","@id":"https:\/\/aeronoticias.com.pe\/noticiero\/#website","url":"https:\/\/aeronoticias.com.pe\/noticiero\/","name":"Aeronoticias.com.pe","description":"Noticias de tranporte aereo, turismo, hoteles, gastronomia, actualidad, internacional","potentialAction":[{"@type":"SearchAction","target":{"@type":"EntryPoint","urlTemplate":"https:\/\/aeronoticias.com.pe\/noticiero\/?s={search_term_string}"},"query-input":{"@type":"PropertyValueSpecification","valueRequired":true,"valueName":"search_term_string"}}],"inLanguage":"es"},{"@type":"Person","@id":"https:\/\/aeronoticias.com.pe\/noticiero\/#\/schema\/person\/fc1e5d578f4b62ba1cf7ac2bba1170a0","name":"Redacci\u00f3n Aeronoticias","url":"https:\/\/aeronoticias.com.pe\/noticiero\/author\/piloto\/"}]}},"_links":{"self":[{"href":"https:\/\/aeronoticias.com.pe\/noticiero\/wp-json\/wp\/v2\/posts\/41579","targetHints":{"allow":["GET"]}}],"collection":[{"href":"https:\/\/aeronoticias.com.pe\/noticiero\/wp-json\/wp\/v2\/posts"}],"about":[{"href":"https:\/\/aeronoticias.com.pe\/noticiero\/wp-json\/wp\/v2\/types\/post"}],"author":[{"embeddable":true,"href":"https:\/\/aeronoticias.com.pe\/noticiero\/wp-json\/wp\/v2\/users\/1"}],"replies":[{"embeddable":true,"href":"https:\/\/aeronoticias.com.pe\/noticiero\/wp-json\/wp\/v2\/comments?post=41579"}],"version-history":[{"count":0,"href":"https:\/\/aeronoticias.com.pe\/noticiero\/wp-json\/wp\/v2\/posts\/41579\/revisions"}],"wp:attachment":[{"href":"https:\/\/aeronoticias.com.pe\/noticiero\/wp-json\/wp\/v2\/media?parent=41579"}],"wp:term":[{"taxonomy":"category","embeddable":true,"href":"https:\/\/aeronoticias.com.pe\/noticiero\/wp-json\/wp\/v2\/categories?post=41579"},{"taxonomy":"post_tag","embeddable":true,"href":"https:\/\/aeronoticias.com.pe\/noticiero\/wp-json\/wp\/v2\/tags?post=41579"}],"curies":[{"name":"wp","href":"https:\/\/api.w.org\/{rel}","templated":true}]}}