{"id":41595,"date":"2013-11-11T19:10:41","date_gmt":"2013-11-11T19:10:41","guid":{"rendered":"http:\/\/desarrollo.mcvicious.com\/aero2020\/2013\/11\/11\/rusia-los-submarinos-seran-mas-pequenos-y-silenciosos\/"},"modified":"2013-11-11T19:10:41","modified_gmt":"2013-11-11T19:10:41","slug":"rusia-los-submarinos-seran-mas-pequenos-y-silenciosos","status":"publish","type":"post","link":"https:\/\/aeronoticias.com.pe\/noticiero\/internacionales\/rusia-los-submarinos-seran-mas-pequenos-y-silenciosos\/","title":{"rendered":"Rusia: Los submarinos ser\u00e1n m\u00e1s peque\u00f1os y silenciosos"},"content":{"rendered":"<p style=\"text-align: justify;\"><strong>(Aeronoticias).<\/strong>-Los submarinos de quinta generaci\u00f3n ser\u00e1n m\u00e1s peque\u00f1os y m\u00e1s silenciosos, declar\u00f3 Sergu\u00e9i Sujanov de la oficina de dise\u00f1o Rub\u00edn, especializada en el desarrollo de submarinos.<\/p>\n<p style=\"text-align: justify;\">\u00abLas dimensiones de los nuevos submarinos se reducir\u00e1n gracias a las tecnolog\u00edas modernas y, como resultado, se abaratar\u00e1 la producci\u00f3n\u00bb, dijo Sujanov en una entrevista con RIA Novosti.<\/p>\n<p style=\"text-align: justify;\">Record\u00f3 que los submarinos estrat\u00e9gicos de las tres primeras generaciones ten\u00edan dimensiones &#8216;formidables&#8217; y destac\u00f3 el proyecto de submarino Taif\u00fan, incluido en el Libro Guinness por ser el m\u00e1s grande del mundo.<\/p>\n<p style=\"text-align: justify;\">\u00abAdem\u00e1s, el sumergible de la quinta generaci\u00f3n ser\u00e1 mucho m\u00e1s silencioso, y en lo que se refiere al grupo propulsor podr\u00e1 ser totalmente el\u00e9ctrico\u00bb, apunt\u00f3.<\/p>\n<p style=\"text-align: justify;\">En su opini\u00f3n, es muy posible que se renuncie a la propulsi\u00f3n nuclear porque ya existen sistemas eficaces de propulsi\u00f3n independiente de aire (AIP).<\/p>\n<p style=\"text-align: justify;\">\u00abLos submarinos modernos con AIP tendr\u00e1n una autonom\u00eda suficiente, un mes o algo m\u00e1s\u00bb, dijo el representante de la oficina de dise\u00f1o Rub\u00edn.<\/p>\n<p style=\"text-align: justify;\">Asegur\u00f3 que la construcci\u00f3n de los submarinos de quinta generaci\u00f3n comenzar\u00eda dentro de 10 o 15 a\u00f1os.<\/p>\n<p style=\"text-align: justify;\">\u00a0<\/p>\n<p style=\"text-align: justify;\">Fuente: <strong>RIANovosti<\/strong><\/p>\n<p style=\"text-align: justify;\">Foto: <strong>RIANovosti<\/strong><\/p>\n<div><\/div>\n","protected":false},"excerpt":{"rendered":"<p>(Aeronoticias).-Los submarinos de quinta generaci\u00f3n ser\u00e1n m\u00e1s peque\u00f1os y m\u00e1s silenciosos, declar\u00f3 Sergu\u00e9i Sujanov de la oficina de dise\u00f1o Rub\u00edn, especializada en el desarrollo de submarinos. \u00abLas dimensiones de los nuevos submarinos se reducir\u00e1n gracias a las tecnolog\u00edas modernas y, como resultado, se abaratar\u00e1 la producci\u00f3n\u00bb, dijo Sujanov en una entrevista con RIA Novosti. Record\u00f3 [&hellip;]<\/p>\n","protected":false},"author":1,"featured_media":0,"comment_status":"open","ping_status":"open","sticky":false,"template":"","format":"standard","meta":{"tdm_status":"","tdm_grid_status":"","footnotes":""},"categories":[34],"tags":[],"class_list":{"0":"post-41595","1":"post","2":"type-post","3":"status-publish","4":"format-standard","6":"category-internacionales"},"yoast_head":"<!-- This site is optimized with the Yoast SEO plugin v25.1 - https:\/\/yoast.com\/wordpress\/plugins\/seo\/ -->\n<title>Rusia: Los submarinos ser\u00e1n m\u00e1s peque\u00f1os y silenciosos<\/title>\n<meta name=\"description\" content=\"Portal de noticias del Per\u00fa sobre el transporte a\u00e9reo, aviaci\u00f3n, turismo, hoteleria, actualidad.\" \/>\n<meta name=\"robots\" content=\"index, follow, max-snippet:-1, max-image-preview:large, max-video-preview:-1\" \/>\n<link rel=\"canonical\" href=\"https:\/\/aeronoticias.com.pe\/noticiero\/internacionales\/rusia-los-submarinos-seran-mas-pequenos-y-silenciosos\/\" \/>\n<meta property=\"og:locale\" content=\"es_ES\" \/>\n<meta property=\"og:type\" content=\"article\" \/>\n<meta property=\"og:title\" content=\"Rusia: Los submarinos ser\u00e1n m\u00e1s peque\u00f1os y silenciosos\" \/>\n<meta property=\"og:description\" content=\"Portal de noticias del Per\u00fa sobre el transporte a\u00e9reo, aviaci\u00f3n, turismo, hoteleria, actualidad.\" \/>\n<meta property=\"og:url\" content=\"https:\/\/aeronoticias.com.pe\/noticiero\/internacionales\/rusia-los-submarinos-seran-mas-pequenos-y-silenciosos\/\" \/>\n<meta property=\"og:site_name\" content=\"Aeronoticias.com.pe\" \/>\n<meta property=\"article:publisher\" content=\"https:\/\/www.facebook.com\/Aeronoticias.com.pe\/\" \/>\n<meta property=\"article:published_time\" content=\"2013-11-11T19:10:41+00:00\" \/>\n<meta name=\"author\" content=\"Redacci\u00f3n Aeronoticias\" \/>\n<meta name=\"twitter:card\" content=\"summary_large_image\" \/>\n<meta name=\"twitter:creator\" content=\"@aeronoticias\" \/>\n<meta name=\"twitter:site\" content=\"@aeronoticias\" \/>\n<meta name=\"twitter:label1\" content=\"Escrito por\" \/>\n\t<meta name=\"twitter:data1\" content=\"Redacci\u00f3n Aeronoticias\" \/>\n\t<meta name=\"twitter:label2\" content=\"Tiempo de lectura\" \/>\n\t<meta name=\"twitter:data2\" content=\"1 minuto\" \/>\n<script type=\"application\/ld+json\" class=\"yoast-schema-graph\">{\"@context\":\"https:\/\/schema.org\",\"@graph\":[{\"@type\":\"WebPage\",\"@id\":\"https:\/\/aeronoticias.com.pe\/noticiero\/internacionales\/rusia-los-submarinos-seran-mas-pequenos-y-silenciosos\/\",\"url\":\"https:\/\/aeronoticias.com.pe\/noticiero\/internacionales\/rusia-los-submarinos-seran-mas-pequenos-y-silenciosos\/\",\"name\":\"Rusia: Los submarinos ser\u00e1n m\u00e1s peque\u00f1os y silenciosos\",\"isPartOf\":{\"@id\":\"https:\/\/aeronoticias.com.pe\/noticiero\/#website\"},\"datePublished\":\"2013-11-11T19:10:41+00:00\",\"author\":{\"@id\":\"https:\/\/aeronoticias.com.pe\/noticiero\/#\/schema\/person\/fc1e5d578f4b62ba1cf7ac2bba1170a0\"},\"description\":\"Portal de noticias del Per\u00fa sobre el transporte a\u00e9reo, aviaci\u00f3n, turismo, hoteleria, actualidad.\",\"breadcrumb\":{\"@id\":\"https:\/\/aeronoticias.com.pe\/noticiero\/internacionales\/rusia-los-submarinos-seran-mas-pequenos-y-silenciosos\/#breadcrumb\"},\"inLanguage\":\"es\",\"potentialAction\":[{\"@type\":\"ReadAction\",\"target\":[\"https:\/\/aeronoticias.com.pe\/noticiero\/internacionales\/rusia-los-submarinos-seran-mas-pequenos-y-silenciosos\/\"]}]},{\"@type\":\"BreadcrumbList\",\"@id\":\"https:\/\/aeronoticias.com.pe\/noticiero\/internacionales\/rusia-los-submarinos-seran-mas-pequenos-y-silenciosos\/#breadcrumb\",\"itemListElement\":[{\"@type\":\"ListItem\",\"position\":1,\"name\":\"Portada\",\"item\":\"https:\/\/aeronoticias.com.pe\/noticiero\/\"},{\"@type\":\"ListItem\",\"position\":2,\"name\":\"Rusia: Los submarinos ser\u00e1n m\u00e1s peque\u00f1os y silenciosos\"}]},{\"@type\":\"WebSite\",\"@id\":\"https:\/\/aeronoticias.com.pe\/noticiero\/#website\",\"url\":\"https:\/\/aeronoticias.com.pe\/noticiero\/\",\"name\":\"Aeronoticias.com.pe\",\"description\":\"Noticias de tranporte aereo, turismo, hoteles, gastronomia, actualidad, internacional\",\"potentialAction\":[{\"@type\":\"SearchAction\",\"target\":{\"@type\":\"EntryPoint\",\"urlTemplate\":\"https:\/\/aeronoticias.com.pe\/noticiero\/?s={search_term_string}\"},\"query-input\":{\"@type\":\"PropertyValueSpecification\",\"valueRequired\":true,\"valueName\":\"search_term_string\"}}],\"inLanguage\":\"es\"},{\"@type\":\"Person\",\"@id\":\"https:\/\/aeronoticias.com.pe\/noticiero\/#\/schema\/person\/fc1e5d578f4b62ba1cf7ac2bba1170a0\",\"name\":\"Redacci\u00f3n Aeronoticias\",\"url\":\"https:\/\/aeronoticias.com.pe\/noticiero\/author\/piloto\/\"}]}<\/script>\n<!-- \/ Yoast SEO plugin. -->","yoast_head_json":{"title":"Rusia: Los submarinos ser\u00e1n m\u00e1s peque\u00f1os y silenciosos","description":"Portal de noticias del Per\u00fa sobre el transporte a\u00e9reo, aviaci\u00f3n, turismo, hoteleria, actualidad.","robots":{"index":"index","follow":"follow","max-snippet":"max-snippet:-1","max-image-preview":"max-image-preview:large","max-video-preview":"max-video-preview:-1"},"canonical":"https:\/\/aeronoticias.com.pe\/noticiero\/internacionales\/rusia-los-submarinos-seran-mas-pequenos-y-silenciosos\/","og_locale":"es_ES","og_type":"article","og_title":"Rusia: Los submarinos ser\u00e1n m\u00e1s peque\u00f1os y silenciosos","og_description":"Portal de noticias del Per\u00fa sobre el transporte a\u00e9reo, aviaci\u00f3n, turismo, hoteleria, actualidad.","og_url":"https:\/\/aeronoticias.com.pe\/noticiero\/internacionales\/rusia-los-submarinos-seran-mas-pequenos-y-silenciosos\/","og_site_name":"Aeronoticias.com.pe","article_publisher":"https:\/\/www.facebook.com\/Aeronoticias.com.pe\/","article_published_time":"2013-11-11T19:10:41+00:00","author":"Redacci\u00f3n Aeronoticias","twitter_card":"summary_large_image","twitter_creator":"@aeronoticias","twitter_site":"@aeronoticias","twitter_misc":{"Escrito por":"Redacci\u00f3n Aeronoticias","Tiempo de lectura":"1 minuto"},"schema":{"@context":"https:\/\/schema.org","@graph":[{"@type":"WebPage","@id":"https:\/\/aeronoticias.com.pe\/noticiero\/internacionales\/rusia-los-submarinos-seran-mas-pequenos-y-silenciosos\/","url":"https:\/\/aeronoticias.com.pe\/noticiero\/internacionales\/rusia-los-submarinos-seran-mas-pequenos-y-silenciosos\/","name":"Rusia: Los submarinos ser\u00e1n m\u00e1s peque\u00f1os y silenciosos","isPartOf":{"@id":"https:\/\/aeronoticias.com.pe\/noticiero\/#website"},"datePublished":"2013-11-11T19:10:41+00:00","author":{"@id":"https:\/\/aeronoticias.com.pe\/noticiero\/#\/schema\/person\/fc1e5d578f4b62ba1cf7ac2bba1170a0"},"description":"Portal de noticias del Per\u00fa sobre el transporte a\u00e9reo, aviaci\u00f3n, turismo, hoteleria, actualidad.","breadcrumb":{"@id":"https:\/\/aeronoticias.com.pe\/noticiero\/internacionales\/rusia-los-submarinos-seran-mas-pequenos-y-silenciosos\/#breadcrumb"},"inLanguage":"es","potentialAction":[{"@type":"ReadAction","target":["https:\/\/aeronoticias.com.pe\/noticiero\/internacionales\/rusia-los-submarinos-seran-mas-pequenos-y-silenciosos\/"]}]},{"@type":"BreadcrumbList","@id":"https:\/\/aeronoticias.com.pe\/noticiero\/internacionales\/rusia-los-submarinos-seran-mas-pequenos-y-silenciosos\/#breadcrumb","itemListElement":[{"@type":"ListItem","position":1,"name":"Portada","item":"https:\/\/aeronoticias.com.pe\/noticiero\/"},{"@type":"ListItem","position":2,"name":"Rusia: Los submarinos ser\u00e1n m\u00e1s peque\u00f1os y silenciosos"}]},{"@type":"WebSite","@id":"https:\/\/aeronoticias.com.pe\/noticiero\/#website","url":"https:\/\/aeronoticias.com.pe\/noticiero\/","name":"Aeronoticias.com.pe","description":"Noticias de tranporte aereo, turismo, hoteles, gastronomia, actualidad, internacional","potentialAction":[{"@type":"SearchAction","target":{"@type":"EntryPoint","urlTemplate":"https:\/\/aeronoticias.com.pe\/noticiero\/?s={search_term_string}"},"query-input":{"@type":"PropertyValueSpecification","valueRequired":true,"valueName":"search_term_string"}}],"inLanguage":"es"},{"@type":"Person","@id":"https:\/\/aeronoticias.com.pe\/noticiero\/#\/schema\/person\/fc1e5d578f4b62ba1cf7ac2bba1170a0","name":"Redacci\u00f3n Aeronoticias","url":"https:\/\/aeronoticias.com.pe\/noticiero\/author\/piloto\/"}]}},"_links":{"self":[{"href":"https:\/\/aeronoticias.com.pe\/noticiero\/wp-json\/wp\/v2\/posts\/41595","targetHints":{"allow":["GET"]}}],"collection":[{"href":"https:\/\/aeronoticias.com.pe\/noticiero\/wp-json\/wp\/v2\/posts"}],"about":[{"href":"https:\/\/aeronoticias.com.pe\/noticiero\/wp-json\/wp\/v2\/types\/post"}],"author":[{"embeddable":true,"href":"https:\/\/aeronoticias.com.pe\/noticiero\/wp-json\/wp\/v2\/users\/1"}],"replies":[{"embeddable":true,"href":"https:\/\/aeronoticias.com.pe\/noticiero\/wp-json\/wp\/v2\/comments?post=41595"}],"version-history":[{"count":0,"href":"https:\/\/aeronoticias.com.pe\/noticiero\/wp-json\/wp\/v2\/posts\/41595\/revisions"}],"wp:attachment":[{"href":"https:\/\/aeronoticias.com.pe\/noticiero\/wp-json\/wp\/v2\/media?parent=41595"}],"wp:term":[{"taxonomy":"category","embeddable":true,"href":"https:\/\/aeronoticias.com.pe\/noticiero\/wp-json\/wp\/v2\/categories?post=41595"},{"taxonomy":"post_tag","embeddable":true,"href":"https:\/\/aeronoticias.com.pe\/noticiero\/wp-json\/wp\/v2\/tags?post=41595"}],"curies":[{"name":"wp","href":"https:\/\/api.w.org\/{rel}","templated":true}]}}