{"id":41597,"date":"2013-11-11T19:37:19","date_gmt":"2013-11-11T19:37:19","guid":{"rendered":"http:\/\/desarrollo.mcvicious.com\/aero2020\/2013\/11\/11\/eeuu-bota-el-portaaviones-para-sus-guerras-del-futuro\/"},"modified":"2013-11-11T19:37:19","modified_gmt":"2013-11-11T19:37:19","slug":"eeuu-bota-el-portaaviones-para-sus-guerras-del-futuro","status":"publish","type":"post","link":"https:\/\/aeronoticias.com.pe\/noticiero\/transporte-aereo\/internacional\/eeuu-bota-el-portaaviones-para-sus-guerras-del-futuro\/","title":{"rendered":"EEUU bota el portaaviones para sus guerras del futuro"},"content":{"rendered":"<p style=\"text-align: justify;\"><strong>(Aeronoticias)<\/strong>.-La enorme deuda y el d\u00e9ficit no impedir\u00e1n a EEUU emprender los planes para renovar su flota de portaaviones, como demostr\u00f3 la botadura el pasado s\u00e1bado, del portaaviones CVN-78 Gerald Ford, escribi\u00f3 hoy el diario ruso Rossiyskaya gazeta.<\/p>\n<p style=\"text-align: justify;\">Al recopilar comentarios sobre la nueva fortaleza flotante, el rotativo cit\u00f3 el comentario del Pent\u00e1gono, que llam\u00f3 el portaaviones Gerald Ford \u00a0el \u201cfuturo se\u00f1or de los mares\u201d, pero la prensa estadounidense, con m\u00e1s patriotismo, dijo que el portaaviones botado en los astilleros militares Newport News (Virginia) es el \u00a0\u201csuperbuque de la superpotencia\u201d, destac\u00f3 el diario ruso.<\/p>\n<p style=\"text-align: justify;\">Un hito de ingenier\u00eda por que en todos los par\u00e1metros el nuevo portaaviones es superior a los actuales portaaviones de la clase Nimitz.<\/p>\n<p style=\"text-align: justify;\">Catalogado por expertos como una obra maestra de la industria militar naval, el G Ford desplaza 112.000 tonelada,s mucho m\u00e1s que el Nimitz (100.000).<\/p>\n<p style=\"text-align: justify;\">Con 333 metros de largo (cuatro campos de f\u00fatbol), y una cubierta de despegue de 78 metros de ancho, el portaaviones G Ford podr\u00e1 transportar hasta 90 aviones y helic\u00f3pteros que despegar\u00e1n en catapultas electromagn\u00e9ticas y en capacidad de realizar de 140 a 160 vuelos diarios.<\/p>\n<p style=\"text-align: justify;\">La ventaja principal del nuevo portaaviones \u00a0son sus caracter\u00edsticas t\u00e9cnicas, los dos reactores nucleares \u00a0pueden abastecer el consumo el\u00e9ctrico de M\u00f3naco, Lichtenstein, Andorra y San Marino juntos durante un a\u00f1o \u00a0y los nuevos sistemas de mantenimiento, navegaci\u00f3n y mando permitieron reducir el personal de servicio a 4.660 operarios.<\/p>\n<p style=\"text-align: justify;\">En lo que respecta a potencial b\u00e9lico y armamento, el nuevo portaaviones ser\u00e1 imbatible con equipos radioelectr\u00f3nicos de \u00faltima generaci\u00f3n, y \u00a0radares DBR con propiedades de radar multifuncional y radar de visi\u00f3n amplia.<\/p>\n<p style=\"text-align: justify;\">Entre el armamento, el G Ford tendr\u00e1 sistemas de defensa antia\u00e9rea con misiles \u00a0Evolved Sea Sparrow \u00a0con dos bater\u00edas de lanzamiento de ocho canales.<\/p>\n<p style=\"text-align: justify;\">Con un costo aproximado de 13.000 millones de d\u00f3lares, el portaaviones G Ford es la primera etapa para modernizar la flota de portaaviones de EEUU y sustituir en plazos de cinco a\u00f1os, los actuales portaaviones \u00a0Interprise y Nimitz, lo que supondr\u00e1 gastos adicionales por un monto de 43.000 millones de d\u00f3lares, la cuota inicial para gastos m\u00e1s ambiciosos si se tiene en cuenta que el plan final ser\u00e1 construir diez portaaviones de este tipo.<\/p>\n<p style=\"text-align: justify;\">Oradores en la ceremonia de botadura, destacaron que el orgullo de los estadounidenses alcanzar\u00e1 cuotas altas en 2016, cuando el portaaviones Gerald Ford sea incorporado a la Armada de EEUU y emprenda misiones en los mares del mundo.<\/p>\n<p style=\"text-align: justify;\">Al respecto de esa euforia, Rossiyskaya gazeta pregunta si ser\u00e1 suficiente para calmar la preocupaci\u00f3n de muchos estadounidenses por el d\u00e9ficit presupuestario y la deuda de su \u00a0pa\u00eds, que para entonces tambi\u00e9n tendr\u00e1 dimensiones alarmantes.<\/p>\n<p style=\"text-align: justify;\">\u00a0<\/p>\n<p style=\"text-align: justify;\">Fuente: <strong>AFP<\/strong><\/p>\n<p style=\"text-align: justify;\">Foto: <strong>AFP<\/strong><\/p>\n<div><\/div>\n","protected":false},"excerpt":{"rendered":"<p>(Aeronoticias).-La enorme deuda y el d\u00e9ficit no impedir\u00e1n a EEUU emprender los planes para renovar su flota de portaaviones, como demostr\u00f3 la botadura el pasado s\u00e1bado, del portaaviones CVN-78 Gerald Ford, escribi\u00f3 hoy el diario ruso Rossiyskaya gazeta. Al recopilar comentarios sobre la nueva fortaleza flotante, el rotativo cit\u00f3 el comentario del Pent\u00e1gono, que llam\u00f3 [&hellip;]<\/p>\n","protected":false},"author":1,"featured_media":0,"comment_status":"open","ping_status":"open","sticky":false,"template":"","format":"standard","meta":{"tdm_status":"","tdm_grid_status":"","footnotes":""},"categories":[32],"tags":[],"class_list":{"0":"post-41597","1":"post","2":"type-post","3":"status-publish","4":"format-standard","6":"category-internacional"},"yoast_head":"<!-- This site is optimized with the Yoast SEO plugin v25.1 - https:\/\/yoast.com\/wordpress\/plugins\/seo\/ -->\n<title>EEUU bota el portaaviones para sus guerras del futuro<\/title>\n<meta name=\"description\" content=\"Portal de noticias del Per\u00fa sobre el transporte a\u00e9reo, aviaci\u00f3n, turismo, hoteleria, actualidad.\" \/>\n<meta name=\"robots\" content=\"index, follow, max-snippet:-1, max-image-preview:large, max-video-preview:-1\" \/>\n<link rel=\"canonical\" href=\"https:\/\/aeronoticias.com.pe\/noticiero\/transporte-aereo\/internacional\/eeuu-bota-el-portaaviones-para-sus-guerras-del-futuro\/\" \/>\n<meta property=\"og:locale\" content=\"es_ES\" \/>\n<meta property=\"og:type\" content=\"article\" \/>\n<meta property=\"og:title\" content=\"EEUU bota el portaaviones para sus guerras del futuro\" \/>\n<meta property=\"og:description\" content=\"Portal de noticias del Per\u00fa sobre el transporte a\u00e9reo, aviaci\u00f3n, turismo, hoteleria, actualidad.\" \/>\n<meta property=\"og:url\" content=\"https:\/\/aeronoticias.com.pe\/noticiero\/transporte-aereo\/internacional\/eeuu-bota-el-portaaviones-para-sus-guerras-del-futuro\/\" \/>\n<meta property=\"og:site_name\" content=\"Aeronoticias.com.pe\" \/>\n<meta property=\"article:publisher\" content=\"https:\/\/www.facebook.com\/Aeronoticias.com.pe\/\" \/>\n<meta property=\"article:published_time\" content=\"2013-11-11T19:37:19+00:00\" \/>\n<meta name=\"author\" content=\"Redacci\u00f3n Aeronoticias\" \/>\n<meta name=\"twitter:card\" content=\"summary_large_image\" \/>\n<meta name=\"twitter:creator\" content=\"@aeronoticias\" \/>\n<meta name=\"twitter:site\" content=\"@aeronoticias\" \/>\n<meta name=\"twitter:label1\" content=\"Escrito por\" \/>\n\t<meta name=\"twitter:data1\" content=\"Redacci\u00f3n Aeronoticias\" \/>\n\t<meta name=\"twitter:label2\" content=\"Tiempo de lectura\" \/>\n\t<meta name=\"twitter:data2\" content=\"2 minutos\" \/>\n<script type=\"application\/ld+json\" class=\"yoast-schema-graph\">{\"@context\":\"https:\/\/schema.org\",\"@graph\":[{\"@type\":\"WebPage\",\"@id\":\"https:\/\/aeronoticias.com.pe\/noticiero\/transporte-aereo\/internacional\/eeuu-bota-el-portaaviones-para-sus-guerras-del-futuro\/\",\"url\":\"https:\/\/aeronoticias.com.pe\/noticiero\/transporte-aereo\/internacional\/eeuu-bota-el-portaaviones-para-sus-guerras-del-futuro\/\",\"name\":\"EEUU bota el portaaviones para sus guerras del futuro\",\"isPartOf\":{\"@id\":\"https:\/\/aeronoticias.com.pe\/noticiero\/#website\"},\"datePublished\":\"2013-11-11T19:37:19+00:00\",\"author\":{\"@id\":\"https:\/\/aeronoticias.com.pe\/noticiero\/#\/schema\/person\/fc1e5d578f4b62ba1cf7ac2bba1170a0\"},\"description\":\"Portal de noticias del Per\u00fa sobre el transporte a\u00e9reo, aviaci\u00f3n, turismo, hoteleria, actualidad.\",\"breadcrumb\":{\"@id\":\"https:\/\/aeronoticias.com.pe\/noticiero\/transporte-aereo\/internacional\/eeuu-bota-el-portaaviones-para-sus-guerras-del-futuro\/#breadcrumb\"},\"inLanguage\":\"es\",\"potentialAction\":[{\"@type\":\"ReadAction\",\"target\":[\"https:\/\/aeronoticias.com.pe\/noticiero\/transporte-aereo\/internacional\/eeuu-bota-el-portaaviones-para-sus-guerras-del-futuro\/\"]}]},{\"@type\":\"BreadcrumbList\",\"@id\":\"https:\/\/aeronoticias.com.pe\/noticiero\/transporte-aereo\/internacional\/eeuu-bota-el-portaaviones-para-sus-guerras-del-futuro\/#breadcrumb\",\"itemListElement\":[{\"@type\":\"ListItem\",\"position\":1,\"name\":\"Portada\",\"item\":\"https:\/\/aeronoticias.com.pe\/noticiero\/\"},{\"@type\":\"ListItem\",\"position\":2,\"name\":\"EEUU bota el portaaviones para sus guerras del futuro\"}]},{\"@type\":\"WebSite\",\"@id\":\"https:\/\/aeronoticias.com.pe\/noticiero\/#website\",\"url\":\"https:\/\/aeronoticias.com.pe\/noticiero\/\",\"name\":\"Aeronoticias.com.pe\",\"description\":\"Noticias de tranporte aereo, turismo, hoteles, gastronomia, actualidad, internacional\",\"potentialAction\":[{\"@type\":\"SearchAction\",\"target\":{\"@type\":\"EntryPoint\",\"urlTemplate\":\"https:\/\/aeronoticias.com.pe\/noticiero\/?s={search_term_string}\"},\"query-input\":{\"@type\":\"PropertyValueSpecification\",\"valueRequired\":true,\"valueName\":\"search_term_string\"}}],\"inLanguage\":\"es\"},{\"@type\":\"Person\",\"@id\":\"https:\/\/aeronoticias.com.pe\/noticiero\/#\/schema\/person\/fc1e5d578f4b62ba1cf7ac2bba1170a0\",\"name\":\"Redacci\u00f3n Aeronoticias\",\"url\":\"https:\/\/aeronoticias.com.pe\/noticiero\/author\/piloto\/\"}]}<\/script>\n<!-- \/ Yoast SEO plugin. -->","yoast_head_json":{"title":"EEUU bota el portaaviones para sus guerras del futuro","description":"Portal de noticias del Per\u00fa sobre el transporte a\u00e9reo, aviaci\u00f3n, turismo, hoteleria, actualidad.","robots":{"index":"index","follow":"follow","max-snippet":"max-snippet:-1","max-image-preview":"max-image-preview:large","max-video-preview":"max-video-preview:-1"},"canonical":"https:\/\/aeronoticias.com.pe\/noticiero\/transporte-aereo\/internacional\/eeuu-bota-el-portaaviones-para-sus-guerras-del-futuro\/","og_locale":"es_ES","og_type":"article","og_title":"EEUU bota el portaaviones para sus guerras del futuro","og_description":"Portal de noticias del Per\u00fa sobre el transporte a\u00e9reo, aviaci\u00f3n, turismo, hoteleria, actualidad.","og_url":"https:\/\/aeronoticias.com.pe\/noticiero\/transporte-aereo\/internacional\/eeuu-bota-el-portaaviones-para-sus-guerras-del-futuro\/","og_site_name":"Aeronoticias.com.pe","article_publisher":"https:\/\/www.facebook.com\/Aeronoticias.com.pe\/","article_published_time":"2013-11-11T19:37:19+00:00","author":"Redacci\u00f3n Aeronoticias","twitter_card":"summary_large_image","twitter_creator":"@aeronoticias","twitter_site":"@aeronoticias","twitter_misc":{"Escrito por":"Redacci\u00f3n Aeronoticias","Tiempo de lectura":"2 minutos"},"schema":{"@context":"https:\/\/schema.org","@graph":[{"@type":"WebPage","@id":"https:\/\/aeronoticias.com.pe\/noticiero\/transporte-aereo\/internacional\/eeuu-bota-el-portaaviones-para-sus-guerras-del-futuro\/","url":"https:\/\/aeronoticias.com.pe\/noticiero\/transporte-aereo\/internacional\/eeuu-bota-el-portaaviones-para-sus-guerras-del-futuro\/","name":"EEUU bota el portaaviones para sus guerras del futuro","isPartOf":{"@id":"https:\/\/aeronoticias.com.pe\/noticiero\/#website"},"datePublished":"2013-11-11T19:37:19+00:00","author":{"@id":"https:\/\/aeronoticias.com.pe\/noticiero\/#\/schema\/person\/fc1e5d578f4b62ba1cf7ac2bba1170a0"},"description":"Portal de noticias del Per\u00fa sobre el transporte a\u00e9reo, aviaci\u00f3n, turismo, hoteleria, actualidad.","breadcrumb":{"@id":"https:\/\/aeronoticias.com.pe\/noticiero\/transporte-aereo\/internacional\/eeuu-bota-el-portaaviones-para-sus-guerras-del-futuro\/#breadcrumb"},"inLanguage":"es","potentialAction":[{"@type":"ReadAction","target":["https:\/\/aeronoticias.com.pe\/noticiero\/transporte-aereo\/internacional\/eeuu-bota-el-portaaviones-para-sus-guerras-del-futuro\/"]}]},{"@type":"BreadcrumbList","@id":"https:\/\/aeronoticias.com.pe\/noticiero\/transporte-aereo\/internacional\/eeuu-bota-el-portaaviones-para-sus-guerras-del-futuro\/#breadcrumb","itemListElement":[{"@type":"ListItem","position":1,"name":"Portada","item":"https:\/\/aeronoticias.com.pe\/noticiero\/"},{"@type":"ListItem","position":2,"name":"EEUU bota el portaaviones para sus guerras del futuro"}]},{"@type":"WebSite","@id":"https:\/\/aeronoticias.com.pe\/noticiero\/#website","url":"https:\/\/aeronoticias.com.pe\/noticiero\/","name":"Aeronoticias.com.pe","description":"Noticias de tranporte aereo, turismo, hoteles, gastronomia, actualidad, internacional","potentialAction":[{"@type":"SearchAction","target":{"@type":"EntryPoint","urlTemplate":"https:\/\/aeronoticias.com.pe\/noticiero\/?s={search_term_string}"},"query-input":{"@type":"PropertyValueSpecification","valueRequired":true,"valueName":"search_term_string"}}],"inLanguage":"es"},{"@type":"Person","@id":"https:\/\/aeronoticias.com.pe\/noticiero\/#\/schema\/person\/fc1e5d578f4b62ba1cf7ac2bba1170a0","name":"Redacci\u00f3n Aeronoticias","url":"https:\/\/aeronoticias.com.pe\/noticiero\/author\/piloto\/"}]}},"_links":{"self":[{"href":"https:\/\/aeronoticias.com.pe\/noticiero\/wp-json\/wp\/v2\/posts\/41597","targetHints":{"allow":["GET"]}}],"collection":[{"href":"https:\/\/aeronoticias.com.pe\/noticiero\/wp-json\/wp\/v2\/posts"}],"about":[{"href":"https:\/\/aeronoticias.com.pe\/noticiero\/wp-json\/wp\/v2\/types\/post"}],"author":[{"embeddable":true,"href":"https:\/\/aeronoticias.com.pe\/noticiero\/wp-json\/wp\/v2\/users\/1"}],"replies":[{"embeddable":true,"href":"https:\/\/aeronoticias.com.pe\/noticiero\/wp-json\/wp\/v2\/comments?post=41597"}],"version-history":[{"count":0,"href":"https:\/\/aeronoticias.com.pe\/noticiero\/wp-json\/wp\/v2\/posts\/41597\/revisions"}],"wp:attachment":[{"href":"https:\/\/aeronoticias.com.pe\/noticiero\/wp-json\/wp\/v2\/media?parent=41597"}],"wp:term":[{"taxonomy":"category","embeddable":true,"href":"https:\/\/aeronoticias.com.pe\/noticiero\/wp-json\/wp\/v2\/categories?post=41597"},{"taxonomy":"post_tag","embeddable":true,"href":"https:\/\/aeronoticias.com.pe\/noticiero\/wp-json\/wp\/v2\/tags?post=41597"}],"curies":[{"name":"wp","href":"https:\/\/api.w.org\/{rel}","templated":true}]}}