{"id":416,"date":"2008-09-05T11:30:38","date_gmt":"2008-09-05T11:30:38","guid":{"rendered":"http:\/\/desarrollo.mcvicious.com\/aero2020\/2008\/09\/05\/mas-de-270-mil-adultos-mayores-integran-364-de-pea\/"},"modified":"2008-09-05T11:30:38","modified_gmt":"2008-09-05T11:30:38","slug":"mas-de-270-mil-adultos-mayores-integran-364-de-pea","status":"publish","type":"post","link":"https:\/\/aeronoticias.com.pe\/noticiero\/ultimas\/1\/mas-de-270-mil-adultos-mayores-integran-364-de-pea\/","title":{"rendered":"MAS DE 270 MIL ADULTOS MAYORES INTEGRAN 36,4% DE PEA"},"content":{"rendered":"<p>&nbsp;<\/p>\n<p style=\"font-size: 12px; color: #003a75; font-family: Arial,Helvetica,sans-serif\">M&aacute;s de 270 mil personas de la poblaci&oacute;n adulta mayor en edad de trabajar, forman parte de la Poblaci&oacute;n Econ&oacute;micamente Activa (PEA), es decir, el 36,4% de esta poblaci&oacute;n; seg&uacute;n el Informe T&eacute;cnico &ldquo;Situaci&oacute;n de la Ni&ntilde;ez y del Adulto Mayor, Trimestre: abril-mayo-junio 2008&rdquo;, elaborado por el Instituto Nacional de Estad&iacute;stica e Inform&aacute;tica &ndash; INEI. <\/p>\n<div align=\"justify\" style=\"font-size: 12px; color: #003a75; font-family: Arial,Helvetica,sans-serif\">Para analizar la participaci&oacute;n en el mercado laboral de la poblaci&oacute;n de 60 y m&aacute;s a&ntilde;os de edad, se utiliza los resultados de la Encuesta Permanente de Empleo (EPE), que se ejecuta mensualmente en Lima Metropolitana. Seg&uacute;n estos resultados, 747 mil 100 adultos de 60 y m&aacute;s a&ntilde;os de edad, forman parte de la Poblaci&oacute;n en Edad de Trabajar (PET), cantidad que comparada con similar trimestre del a&ntilde;o anterior representa un incremento de 6,3%. <\/p>\n<p>Este informe tambi&eacute;n muestra que el 63,6% de la poblaci&oacute;n adulta mayor, constituye la Poblaci&oacute;n Econ&oacute;micamente Inactiva (PEI), es decir, 475 mil 500 adultos mayores. Al comparar con similar periodo del a&ntilde;o anterior, la PEA adulta mayor se ha incrementado en 13,1%&nbsp; y la PEI en 2,8%.&nbsp; <\/div>\n<p><\/p>\n<div align=\"center\"><img loading=\"lazy\" decoding=\"async\" src=\"http:\/\/aeronoticias.com.pe\/fotonoticias\/setiembre\/adultosmayores5sep.JPG\" alt=\" \" title=\"MAS DE 270 MIL ADULTOS MAYORES INTEGRAN 36,4% DE PEA. (Foto: www.munisanisidro.gob.pe)\" hspace=\"5\" vspace=\"5\" width=\"400\" height=\"419\" \/><\/div>\n<p> <!--more--> <\/p>\n<div align=\"center\" style=\"font-size: 12px; color: #003a75; font-family: Arial,Helvetica,sans-serif\"><strong>Per&uacute; sigue siendo un pa&iacute;s joven, 4 de cada 10 peruanos son ni&ntilde;os o adolescentes<\/strong><\/div>\n<p>&nbsp;<\/p>\n<div align=\"justify\" style=\"font-size: 12px; color: #003a75; font-family: Arial,Helvetica,sans-serif\">Seg&uacute;n los resultados de la Encuesta Nacional de Hogares (ENAHO), en el periodo de an&aacute;lisis, el porcentaje de poblaci&oacute;n menor de 18 a&ntilde;os de edad que integra los hogares del pa&iacute;s, representa el 37,6% de la poblaci&oacute;n del pa&iacute;s, es decir, 4 de cada 10 peruanos (as) son ni&ntilde;os (as) o adolescentes, lo que evidencia una estructura poblacional a&uacute;n joven.&nbsp; <\/p>\n<p>As&iacute; tenemos que en el &aacute;rea rural el 44,9% de su poblaci&oacute;n son ni&ntilde;os(as) o adolescentes, seguido por el &aacute;rea urbana con el 35,8% y Lima Metropolitana 31,0%; mientras que la poblaci&oacute;n que tiene 60 y m&aacute;s a&ntilde;os de edad, denominados &ldquo;adultos mayores&rdquo; representa el 8,2% del total de poblaci&oacute;n (el 6,9% son adultos de 60 a 79 a&ntilde;os y el 1,3% son adultos de 80 y m&aacute;s a&ntilde;os de edad).<\/div>\n<p>&nbsp;<\/p>\n<div align=\"center\"><strong style=\"font-size: 12px; color: #003a75; font-family: Arial,Helvetica,sans-serif\">Menores de 18 a&ntilde;os que presentaron problemas de salud fueron m&aacute;s de la mitad<\/strong><\/div>\n<p>&nbsp;<\/p>\n<div align=\"justify\" style=\"font-size: 12px; color: #003a75; font-family: Arial,Helvetica,sans-serif\">Este informe revela que el 55,3% de la poblaci&oacute;n menor de 18 a&ntilde;os de edad present&oacute; alg&uacute;n problema de salud (s&iacute;ntoma o malestar, enfermedad, reca&iacute;da de enfermedad y\/o accidente). En el &aacute;rea urbana, este grupo poblacional, estuvo m&aacute;s expuesto a presentar alg&uacute;n problema de salud (60,8%) que en el &aacute;rea rural (53,5%) y Lima Metropolitana (50,7%).&nbsp; <\/div>\n<div align=\"center\"><strong style=\"font-size: 12px; color: #003a75; font-family: Arial,Helvetica,sans-serif\">Problemas de salud<\/strong><\/div>\n<p>&nbsp;<\/p>\n<div align=\"justify\" style=\"font-size: 12px; color: #003a75; font-family: Arial,Helvetica,sans-serif\">De otro lado, el 69,6% de la poblaci&oacute;n de 60 y m&aacute;s a&ntilde;os de edad, present&oacute; alg&uacute;n problema de salud; el 38,0% tuvo alg&uacute;n s&iacute;ntoma o malestar y el 41,3% alguna enfermedad o sufri&oacute; alg&uacute;n accidente. <br \/>&nbsp;<br \/>En relaci&oacute;n a similar trimestre (abril-mayo-junio 2007), el porcentaje de personas con s&iacute;ntoma o malestar disminuy&oacute; en 0,5 puntos porcentuales; y la proporci&oacute;n de los adultos mayores que sufrieron alguna enfermedad o accidente, aument&oacute; en 4,2 puntos porcentuales. <\/div>\n<p>&nbsp;<\/p>\n<div align=\"center\"><strong>En Lima Metropolitana, m&aacute;s de 191 mil adolescentes entre 14 y 17 a&ntilde;os conforman la PEA <\/strong><\/div>\n<p>&nbsp;<\/p>\n<div align=\"justify\">En el trimestre abril-mayo-junio 2008, en Lima Metropolitana 744 mil representaban la poblaci&oacute;n adolescente entre los 14 y 17 a&ntilde;os de edad en edad de trabajar, de &eacute;stos el 25,7%, es decir,&nbsp;&nbsp; 191 mil forman parte de la Poblaci&oacute;n Econ&oacute;micamente Activa (PEA) y el 74,3%, que equivale a 553 mil integran la Poblaci&oacute;n Econ&oacute;micamente Inactiva (PEI). Comparado con las cifras obtenidas en similar trimestre del a&ntilde;o anterior, se observa que la PEA integrada por adolescentes aument&oacute; en 7,5%.<\/div>\n<p>&nbsp;<\/p>\n<div align=\"center\"><strong>El 69,9% de adultos mayores son alfabetos<\/strong><\/div>\n<p>&nbsp;<\/p>\n<div align=\"justify\">De otro lado, se revel&oacute; que el 69,9% de los adultos de 60 a&ntilde;os y m&aacute;s de edad son alfabetos, es decir, saben leer y escribir, dato que en comparaci&oacute;n con el trimestre abril-mayo-junio 2007 aument&oacute; en 1,0 punto porcentual. El 30,1% restante corresponde a adultos mayores analfabetos, este valor respecto a similar periodo del a&ntilde;o anterior disminuy&oacute; en 1,0 punto porcentual. <\/div>\n<p>&nbsp;<\/p>\n","protected":false},"excerpt":{"rendered":"<p>&nbsp; M&aacute;s de 270 mil personas de la poblaci&oacute;n adulta mayor en edad de trabajar, forman parte de la Poblaci&oacute;n Econ&oacute;micamente Activa (PEA), es decir, el 36,4% de esta poblaci&oacute;n; seg&uacute;n el Informe T&eacute;cnico &ldquo;Situaci&oacute;n de la Ni&ntilde;ez y del Adulto Mayor, Trimestre: abril-mayo-junio 2008&rdquo;, elaborado por el Instituto Nacional de Estad&iacute;stica e Inform&aacute;tica &ndash; [&hellip;]<\/p>\n","protected":false},"author":1,"featured_media":0,"comment_status":"open","ping_status":"open","sticky":false,"template":"","format":"standard","meta":{"tdm_status":"","tdm_grid_status":"","footnotes":""},"categories":[30],"tags":[],"class_list":{"0":"post-416","1":"post","2":"type-post","3":"status-publish","4":"format-standard","6":"category-30"},"yoast_head":"<!-- This site is optimized with the Yoast SEO plugin v25.1 - https:\/\/yoast.com\/wordpress\/plugins\/seo\/ -->\n<title>MAS DE 270 MIL ADULTOS MAYORES INTEGRAN 36,4% DE PEA<\/title>\n<meta name=\"description\" content=\"Portal de noticias del Per\u00fa sobre el transporte a\u00e9reo, aviaci\u00f3n, turismo, hoteleria, actualidad.\" \/>\n<meta name=\"robots\" content=\"index, follow, max-snippet:-1, max-image-preview:large, max-video-preview:-1\" \/>\n<link rel=\"canonical\" href=\"https:\/\/aeronoticias.com.pe\/noticiero\/ultimas\/1\/mas-de-270-mil-adultos-mayores-integran-364-de-pea\/\" \/>\n<meta property=\"og:locale\" content=\"es_ES\" \/>\n<meta property=\"og:type\" content=\"article\" \/>\n<meta property=\"og:title\" content=\"MAS DE 270 MIL ADULTOS MAYORES INTEGRAN 36,4% DE PEA\" \/>\n<meta property=\"og:description\" content=\"Portal de noticias del Per\u00fa sobre el transporte a\u00e9reo, aviaci\u00f3n, turismo, hoteleria, actualidad.\" \/>\n<meta property=\"og:url\" content=\"https:\/\/aeronoticias.com.pe\/noticiero\/ultimas\/1\/mas-de-270-mil-adultos-mayores-integran-364-de-pea\/\" \/>\n<meta property=\"og:site_name\" content=\"Aeronoticias.com.pe\" \/>\n<meta property=\"article:publisher\" content=\"https:\/\/www.facebook.com\/Aeronoticias.com.pe\/\" \/>\n<meta property=\"article:published_time\" content=\"2008-09-05T11:30:38+00:00\" \/>\n<meta property=\"og:image\" content=\"http:\/\/aeronoticias.com.pe\/fotonoticias\/setiembre\/adultosmayores5sep.JPG\" \/>\n<meta name=\"author\" content=\"Redacci\u00f3n Aeronoticias\" \/>\n<meta name=\"twitter:card\" content=\"summary_large_image\" \/>\n<meta name=\"twitter:creator\" content=\"@aeronoticias\" \/>\n<meta name=\"twitter:site\" content=\"@aeronoticias\" \/>\n<meta name=\"twitter:label1\" content=\"Escrito por\" \/>\n\t<meta name=\"twitter:data1\" content=\"Redacci\u00f3n Aeronoticias\" \/>\n\t<meta name=\"twitter:label2\" content=\"Tiempo de lectura\" \/>\n\t<meta name=\"twitter:data2\" content=\"4 minutos\" \/>\n<script type=\"application\/ld+json\" class=\"yoast-schema-graph\">{\"@context\":\"https:\/\/schema.org\",\"@graph\":[{\"@type\":\"WebPage\",\"@id\":\"https:\/\/aeronoticias.com.pe\/noticiero\/ultimas\/1\/mas-de-270-mil-adultos-mayores-integran-364-de-pea\/\",\"url\":\"https:\/\/aeronoticias.com.pe\/noticiero\/ultimas\/1\/mas-de-270-mil-adultos-mayores-integran-364-de-pea\/\",\"name\":\"MAS DE 270 MIL ADULTOS MAYORES INTEGRAN 36,4% DE PEA\",\"isPartOf\":{\"@id\":\"https:\/\/aeronoticias.com.pe\/noticiero\/#website\"},\"primaryImageOfPage\":{\"@id\":\"https:\/\/aeronoticias.com.pe\/noticiero\/ultimas\/1\/mas-de-270-mil-adultos-mayores-integran-364-de-pea\/#primaryimage\"},\"image\":{\"@id\":\"https:\/\/aeronoticias.com.pe\/noticiero\/ultimas\/1\/mas-de-270-mil-adultos-mayores-integran-364-de-pea\/#primaryimage\"},\"thumbnailUrl\":\"http:\/\/aeronoticias.com.pe\/fotonoticias\/setiembre\/adultosmayores5sep.JPG\",\"datePublished\":\"2008-09-05T11:30:38+00:00\",\"author\":{\"@id\":\"https:\/\/aeronoticias.com.pe\/noticiero\/#\/schema\/person\/fc1e5d578f4b62ba1cf7ac2bba1170a0\"},\"description\":\"Portal de noticias del Per\u00fa sobre el transporte a\u00e9reo, aviaci\u00f3n, turismo, hoteleria, actualidad.\",\"breadcrumb\":{\"@id\":\"https:\/\/aeronoticias.com.pe\/noticiero\/ultimas\/1\/mas-de-270-mil-adultos-mayores-integran-364-de-pea\/#breadcrumb\"},\"inLanguage\":\"es\",\"potentialAction\":[{\"@type\":\"ReadAction\",\"target\":[\"https:\/\/aeronoticias.com.pe\/noticiero\/ultimas\/1\/mas-de-270-mil-adultos-mayores-integran-364-de-pea\/\"]}]},{\"@type\":\"ImageObject\",\"inLanguage\":\"es\",\"@id\":\"https:\/\/aeronoticias.com.pe\/noticiero\/ultimas\/1\/mas-de-270-mil-adultos-mayores-integran-364-de-pea\/#primaryimage\",\"url\":\"http:\/\/aeronoticias.com.pe\/fotonoticias\/setiembre\/adultosmayores5sep.JPG\",\"contentUrl\":\"http:\/\/aeronoticias.com.pe\/fotonoticias\/setiembre\/adultosmayores5sep.JPG\"},{\"@type\":\"BreadcrumbList\",\"@id\":\"https:\/\/aeronoticias.com.pe\/noticiero\/ultimas\/1\/mas-de-270-mil-adultos-mayores-integran-364-de-pea\/#breadcrumb\",\"itemListElement\":[{\"@type\":\"ListItem\",\"position\":1,\"name\":\"Portada\",\"item\":\"https:\/\/aeronoticias.com.pe\/noticiero\/\"},{\"@type\":\"ListItem\",\"position\":2,\"name\":\"MAS DE 270 MIL ADULTOS MAYORES INTEGRAN 36,4% DE PEA\"}]},{\"@type\":\"WebSite\",\"@id\":\"https:\/\/aeronoticias.com.pe\/noticiero\/#website\",\"url\":\"https:\/\/aeronoticias.com.pe\/noticiero\/\",\"name\":\"Aeronoticias.com.pe\",\"description\":\"Noticias de tranporte aereo, turismo, hoteles, gastronomia, actualidad, internacional\",\"potentialAction\":[{\"@type\":\"SearchAction\",\"target\":{\"@type\":\"EntryPoint\",\"urlTemplate\":\"https:\/\/aeronoticias.com.pe\/noticiero\/?s={search_term_string}\"},\"query-input\":{\"@type\":\"PropertyValueSpecification\",\"valueRequired\":true,\"valueName\":\"search_term_string\"}}],\"inLanguage\":\"es\"},{\"@type\":\"Person\",\"@id\":\"https:\/\/aeronoticias.com.pe\/noticiero\/#\/schema\/person\/fc1e5d578f4b62ba1cf7ac2bba1170a0\",\"name\":\"Redacci\u00f3n Aeronoticias\",\"url\":\"https:\/\/aeronoticias.com.pe\/noticiero\/author\/piloto\/\"}]}<\/script>\n<!-- \/ Yoast SEO plugin. -->","yoast_head_json":{"title":"MAS DE 270 MIL ADULTOS MAYORES INTEGRAN 36,4% DE PEA","description":"Portal de noticias del Per\u00fa sobre el transporte a\u00e9reo, aviaci\u00f3n, turismo, hoteleria, actualidad.","robots":{"index":"index","follow":"follow","max-snippet":"max-snippet:-1","max-image-preview":"max-image-preview:large","max-video-preview":"max-video-preview:-1"},"canonical":"https:\/\/aeronoticias.com.pe\/noticiero\/ultimas\/1\/mas-de-270-mil-adultos-mayores-integran-364-de-pea\/","og_locale":"es_ES","og_type":"article","og_title":"MAS DE 270 MIL ADULTOS MAYORES INTEGRAN 36,4% DE PEA","og_description":"Portal de noticias del Per\u00fa sobre el transporte a\u00e9reo, aviaci\u00f3n, turismo, hoteleria, actualidad.","og_url":"https:\/\/aeronoticias.com.pe\/noticiero\/ultimas\/1\/mas-de-270-mil-adultos-mayores-integran-364-de-pea\/","og_site_name":"Aeronoticias.com.pe","article_publisher":"https:\/\/www.facebook.com\/Aeronoticias.com.pe\/","article_published_time":"2008-09-05T11:30:38+00:00","og_image":[{"url":"http:\/\/aeronoticias.com.pe\/fotonoticias\/setiembre\/adultosmayores5sep.JPG","type":"","width":"","height":""}],"author":"Redacci\u00f3n Aeronoticias","twitter_card":"summary_large_image","twitter_creator":"@aeronoticias","twitter_site":"@aeronoticias","twitter_misc":{"Escrito por":"Redacci\u00f3n Aeronoticias","Tiempo de lectura":"4 minutos"},"schema":{"@context":"https:\/\/schema.org","@graph":[{"@type":"WebPage","@id":"https:\/\/aeronoticias.com.pe\/noticiero\/ultimas\/1\/mas-de-270-mil-adultos-mayores-integran-364-de-pea\/","url":"https:\/\/aeronoticias.com.pe\/noticiero\/ultimas\/1\/mas-de-270-mil-adultos-mayores-integran-364-de-pea\/","name":"MAS DE 270 MIL ADULTOS MAYORES INTEGRAN 36,4% DE PEA","isPartOf":{"@id":"https:\/\/aeronoticias.com.pe\/noticiero\/#website"},"primaryImageOfPage":{"@id":"https:\/\/aeronoticias.com.pe\/noticiero\/ultimas\/1\/mas-de-270-mil-adultos-mayores-integran-364-de-pea\/#primaryimage"},"image":{"@id":"https:\/\/aeronoticias.com.pe\/noticiero\/ultimas\/1\/mas-de-270-mil-adultos-mayores-integran-364-de-pea\/#primaryimage"},"thumbnailUrl":"http:\/\/aeronoticias.com.pe\/fotonoticias\/setiembre\/adultosmayores5sep.JPG","datePublished":"2008-09-05T11:30:38+00:00","author":{"@id":"https:\/\/aeronoticias.com.pe\/noticiero\/#\/schema\/person\/fc1e5d578f4b62ba1cf7ac2bba1170a0"},"description":"Portal de noticias del Per\u00fa sobre el transporte a\u00e9reo, aviaci\u00f3n, turismo, hoteleria, actualidad.","breadcrumb":{"@id":"https:\/\/aeronoticias.com.pe\/noticiero\/ultimas\/1\/mas-de-270-mil-adultos-mayores-integran-364-de-pea\/#breadcrumb"},"inLanguage":"es","potentialAction":[{"@type":"ReadAction","target":["https:\/\/aeronoticias.com.pe\/noticiero\/ultimas\/1\/mas-de-270-mil-adultos-mayores-integran-364-de-pea\/"]}]},{"@type":"ImageObject","inLanguage":"es","@id":"https:\/\/aeronoticias.com.pe\/noticiero\/ultimas\/1\/mas-de-270-mil-adultos-mayores-integran-364-de-pea\/#primaryimage","url":"http:\/\/aeronoticias.com.pe\/fotonoticias\/setiembre\/adultosmayores5sep.JPG","contentUrl":"http:\/\/aeronoticias.com.pe\/fotonoticias\/setiembre\/adultosmayores5sep.JPG"},{"@type":"BreadcrumbList","@id":"https:\/\/aeronoticias.com.pe\/noticiero\/ultimas\/1\/mas-de-270-mil-adultos-mayores-integran-364-de-pea\/#breadcrumb","itemListElement":[{"@type":"ListItem","position":1,"name":"Portada","item":"https:\/\/aeronoticias.com.pe\/noticiero\/"},{"@type":"ListItem","position":2,"name":"MAS DE 270 MIL ADULTOS MAYORES INTEGRAN 36,4% DE PEA"}]},{"@type":"WebSite","@id":"https:\/\/aeronoticias.com.pe\/noticiero\/#website","url":"https:\/\/aeronoticias.com.pe\/noticiero\/","name":"Aeronoticias.com.pe","description":"Noticias de tranporte aereo, turismo, hoteles, gastronomia, actualidad, internacional","potentialAction":[{"@type":"SearchAction","target":{"@type":"EntryPoint","urlTemplate":"https:\/\/aeronoticias.com.pe\/noticiero\/?s={search_term_string}"},"query-input":{"@type":"PropertyValueSpecification","valueRequired":true,"valueName":"search_term_string"}}],"inLanguage":"es"},{"@type":"Person","@id":"https:\/\/aeronoticias.com.pe\/noticiero\/#\/schema\/person\/fc1e5d578f4b62ba1cf7ac2bba1170a0","name":"Redacci\u00f3n Aeronoticias","url":"https:\/\/aeronoticias.com.pe\/noticiero\/author\/piloto\/"}]}},"_links":{"self":[{"href":"https:\/\/aeronoticias.com.pe\/noticiero\/wp-json\/wp\/v2\/posts\/416","targetHints":{"allow":["GET"]}}],"collection":[{"href":"https:\/\/aeronoticias.com.pe\/noticiero\/wp-json\/wp\/v2\/posts"}],"about":[{"href":"https:\/\/aeronoticias.com.pe\/noticiero\/wp-json\/wp\/v2\/types\/post"}],"author":[{"embeddable":true,"href":"https:\/\/aeronoticias.com.pe\/noticiero\/wp-json\/wp\/v2\/users\/1"}],"replies":[{"embeddable":true,"href":"https:\/\/aeronoticias.com.pe\/noticiero\/wp-json\/wp\/v2\/comments?post=416"}],"version-history":[{"count":0,"href":"https:\/\/aeronoticias.com.pe\/noticiero\/wp-json\/wp\/v2\/posts\/416\/revisions"}],"wp:attachment":[{"href":"https:\/\/aeronoticias.com.pe\/noticiero\/wp-json\/wp\/v2\/media?parent=416"}],"wp:term":[{"taxonomy":"category","embeddable":true,"href":"https:\/\/aeronoticias.com.pe\/noticiero\/wp-json\/wp\/v2\/categories?post=416"},{"taxonomy":"post_tag","embeddable":true,"href":"https:\/\/aeronoticias.com.pe\/noticiero\/wp-json\/wp\/v2\/tags?post=416"}],"curies":[{"name":"wp","href":"https:\/\/api.w.org\/{rel}","templated":true}]}}