{"id":41600,"date":"2013-11-11T20:26:42","date_gmt":"2013-11-11T20:26:42","guid":{"rendered":"http:\/\/desarrollo.mcvicious.com\/aero2020\/2013\/11\/11\/bolivia-acusan-a-cinco-militares-por-intentar-robar-una-avioneta\/"},"modified":"2013-11-11T20:26:42","modified_gmt":"2013-11-11T20:26:42","slug":"bolivia-acusan-a-cinco-militares-por-intentar-robar-una-avioneta","status":"publish","type":"post","link":"https:\/\/aeronoticias.com.pe\/noticiero\/transporte-aereo\/internacional\/bolivia-acusan-a-cinco-militares-por-intentar-robar-una-avioneta\/","title":{"rendered":"Bolivia: Acusan a cinco militares por intentar robar una avioneta"},"content":{"rendered":"<p style=\"text-align: justify;\"><strong>(Aeronoticias).-<\/strong> El Ministerio P\u00fablico acus\u00f3 a cinco efectivos adscritos al Ej\u00e9rcito Nacional Bolivariano (ENB), dos extranjeros y un civil, por presuntamente intentar robar una avioneta, situaci\u00f3n detectada el 18 de septiembre en el Aeropuerto Metropolitano de Caracas \u201cOscar Machado Zuloaga\u201d, ubicado en Charallave, estado Miranda.<\/p>\n<p style=\"text-align: justify;\">Las fiscales nacionales 7\u00ba auxiliar y 8\u00ba, Oneglis Zapata y Mery G\u00f3mez, respectivamente, acusaron al teniente coronel Ronald Recanatini (piloto); al primer teniente Willie Morales; y a los sargentos Rafael Guill\u00e9n, Anderson Guti\u00e9rrez y Ever Zerpa, por presuntamente ser c\u00f3mplices necesarios en los delitos de apoderamiento ileg\u00edtimo de aeronave, en grado de frustraci\u00f3n.<\/p>\n<p style=\"text-align: justify;\">Asimismo, fueron acusados Christopher Noes\u00ed (Rep\u00fablica Dominicana), Jos\u00e9 Urbano (Ecuador) y Alberto Y\u00e9pez (venezolano y copiloto de la avioneta) por la presunta comisi\u00f3n de los referidos delitos, pero en grado de autor\u00eda.<\/p>\n<p style=\"text-align: justify;\">Adicionalmente, los ocho hombres fueron acusados por presuntamente incurrir en el delito de asociaci\u00f3n para delinquir.<\/p>\n<p style=\"text-align: justify;\">En el escrito presentado ante el Tribunal 4\u00ba de Control de Miranda, extensi\u00f3n Valles del Tuy, las fiscales solicitaron la admisi\u00f3n de la acusaci\u00f3n, el enjuiciamiento de los ochos hombres y que se mantenga la medida privativa de libertad contra Recanatini, Morales, Guill\u00e9n, Guti\u00e9rrez, Zerpa, Noes\u00ed, Urbano y Y\u00e9pez, quienes permanecen recluidos en el Centro Penitenciario Yare III.<\/p>\n<p style=\"text-align: justify;\">Tales delitos se encuentran previstos y sancionados en el C\u00f3digo Penal y en la Ley contra la Delincuencia Organizada y Financiamiento al Terrorismo.<\/p>\n<p style=\"text-align: justify;\">El citado d\u00eda, aproximadamente a las 10 de la noche, un grupo de efectivos del ENB que realizaba labores de inspecci\u00f3n en el referido aeropuerto, se percat\u00f3 que varias personas, en actitud sospechosa, se hallaban en el interior de una aeronave modelo King 350, siglas YV-2899, por lo que se inform\u00f3 de inmediato a funcionarios de la Direcci\u00f3n General de Contrainteligencia Militar.<\/p>\n<p style=\"text-align: justify;\">Seguidamente, efectivos del organismo de inteligencia se acercaron al lugar para corroborar tal situaci\u00f3n, por lo que los cinco efectivos castrenses y los otros tres hombres fueron aprehendidos y puestos a la orden del Ministerio P\u00fablico.<\/p>\n<p style=\"text-align: justify;\">\u00a0<\/p>\n<p style=\"text-align: justify;\">Fuente: <strong>Informe21<\/strong><\/p>\n<p style=\"text-align: justify;\">Foto:<strong> Informe21<\/strong><\/p>\n","protected":false},"excerpt":{"rendered":"<p>(Aeronoticias).- El Ministerio P\u00fablico acus\u00f3 a cinco efectivos adscritos al Ej\u00e9rcito Nacional Bolivariano (ENB), dos extranjeros y un civil, por presuntamente intentar robar una avioneta, situaci\u00f3n detectada el 18 de septiembre en el Aeropuerto Metropolitano de Caracas \u201cOscar Machado Zuloaga\u201d, ubicado en Charallave, estado Miranda. Las fiscales nacionales 7\u00ba auxiliar y 8\u00ba, Oneglis Zapata y [&hellip;]<\/p>\n","protected":false},"author":1,"featured_media":0,"comment_status":"open","ping_status":"open","sticky":false,"template":"","format":"standard","meta":{"tdm_status":"","tdm_grid_status":"","footnotes":""},"categories":[32],"tags":[],"class_list":{"0":"post-41600","1":"post","2":"type-post","3":"status-publish","4":"format-standard","6":"category-internacional"},"yoast_head":"<!-- This site is optimized with the Yoast SEO plugin v25.1 - https:\/\/yoast.com\/wordpress\/plugins\/seo\/ -->\n<title>Bolivia: Acusan a cinco militares por intentar robar una avioneta<\/title>\n<meta name=\"description\" content=\"Portal de noticias del Per\u00fa sobre el transporte a\u00e9reo, aviaci\u00f3n, turismo, hoteleria, actualidad.\" \/>\n<meta name=\"robots\" content=\"index, follow, max-snippet:-1, max-image-preview:large, max-video-preview:-1\" \/>\n<link rel=\"canonical\" href=\"https:\/\/aeronoticias.com.pe\/noticiero\/transporte-aereo\/internacional\/bolivia-acusan-a-cinco-militares-por-intentar-robar-una-avioneta\/\" \/>\n<meta property=\"og:locale\" content=\"es_ES\" \/>\n<meta property=\"og:type\" content=\"article\" \/>\n<meta property=\"og:title\" content=\"Bolivia: Acusan a cinco militares por intentar robar una avioneta\" \/>\n<meta property=\"og:description\" content=\"Portal de noticias del Per\u00fa sobre el transporte a\u00e9reo, aviaci\u00f3n, turismo, hoteleria, actualidad.\" \/>\n<meta property=\"og:url\" content=\"https:\/\/aeronoticias.com.pe\/noticiero\/transporte-aereo\/internacional\/bolivia-acusan-a-cinco-militares-por-intentar-robar-una-avioneta\/\" \/>\n<meta property=\"og:site_name\" content=\"Aeronoticias.com.pe\" \/>\n<meta property=\"article:publisher\" content=\"https:\/\/www.facebook.com\/Aeronoticias.com.pe\/\" \/>\n<meta property=\"article:published_time\" content=\"2013-11-11T20:26:42+00:00\" \/>\n<meta name=\"author\" content=\"Redacci\u00f3n Aeronoticias\" \/>\n<meta name=\"twitter:card\" content=\"summary_large_image\" \/>\n<meta name=\"twitter:creator\" content=\"@aeronoticias\" \/>\n<meta name=\"twitter:site\" content=\"@aeronoticias\" \/>\n<meta name=\"twitter:label1\" content=\"Escrito por\" \/>\n\t<meta name=\"twitter:data1\" content=\"Redacci\u00f3n Aeronoticias\" \/>\n\t<meta name=\"twitter:label2\" content=\"Tiempo de lectura\" \/>\n\t<meta name=\"twitter:data2\" content=\"2 minutos\" \/>\n<script type=\"application\/ld+json\" class=\"yoast-schema-graph\">{\"@context\":\"https:\/\/schema.org\",\"@graph\":[{\"@type\":\"WebPage\",\"@id\":\"https:\/\/aeronoticias.com.pe\/noticiero\/transporte-aereo\/internacional\/bolivia-acusan-a-cinco-militares-por-intentar-robar-una-avioneta\/\",\"url\":\"https:\/\/aeronoticias.com.pe\/noticiero\/transporte-aereo\/internacional\/bolivia-acusan-a-cinco-militares-por-intentar-robar-una-avioneta\/\",\"name\":\"Bolivia: Acusan a cinco militares por intentar robar una avioneta\",\"isPartOf\":{\"@id\":\"https:\/\/aeronoticias.com.pe\/noticiero\/#website\"},\"datePublished\":\"2013-11-11T20:26:42+00:00\",\"author\":{\"@id\":\"https:\/\/aeronoticias.com.pe\/noticiero\/#\/schema\/person\/fc1e5d578f4b62ba1cf7ac2bba1170a0\"},\"description\":\"Portal de noticias del Per\u00fa sobre el transporte a\u00e9reo, aviaci\u00f3n, turismo, hoteleria, actualidad.\",\"breadcrumb\":{\"@id\":\"https:\/\/aeronoticias.com.pe\/noticiero\/transporte-aereo\/internacional\/bolivia-acusan-a-cinco-militares-por-intentar-robar-una-avioneta\/#breadcrumb\"},\"inLanguage\":\"es\",\"potentialAction\":[{\"@type\":\"ReadAction\",\"target\":[\"https:\/\/aeronoticias.com.pe\/noticiero\/transporte-aereo\/internacional\/bolivia-acusan-a-cinco-militares-por-intentar-robar-una-avioneta\/\"]}]},{\"@type\":\"BreadcrumbList\",\"@id\":\"https:\/\/aeronoticias.com.pe\/noticiero\/transporte-aereo\/internacional\/bolivia-acusan-a-cinco-militares-por-intentar-robar-una-avioneta\/#breadcrumb\",\"itemListElement\":[{\"@type\":\"ListItem\",\"position\":1,\"name\":\"Portada\",\"item\":\"https:\/\/aeronoticias.com.pe\/noticiero\/\"},{\"@type\":\"ListItem\",\"position\":2,\"name\":\"Bolivia: Acusan a cinco militares por intentar robar una avioneta\"}]},{\"@type\":\"WebSite\",\"@id\":\"https:\/\/aeronoticias.com.pe\/noticiero\/#website\",\"url\":\"https:\/\/aeronoticias.com.pe\/noticiero\/\",\"name\":\"Aeronoticias.com.pe\",\"description\":\"Noticias de tranporte aereo, turismo, hoteles, gastronomia, actualidad, internacional\",\"potentialAction\":[{\"@type\":\"SearchAction\",\"target\":{\"@type\":\"EntryPoint\",\"urlTemplate\":\"https:\/\/aeronoticias.com.pe\/noticiero\/?s={search_term_string}\"},\"query-input\":{\"@type\":\"PropertyValueSpecification\",\"valueRequired\":true,\"valueName\":\"search_term_string\"}}],\"inLanguage\":\"es\"},{\"@type\":\"Person\",\"@id\":\"https:\/\/aeronoticias.com.pe\/noticiero\/#\/schema\/person\/fc1e5d578f4b62ba1cf7ac2bba1170a0\",\"name\":\"Redacci\u00f3n Aeronoticias\",\"url\":\"https:\/\/aeronoticias.com.pe\/noticiero\/author\/piloto\/\"}]}<\/script>\n<!-- \/ Yoast SEO plugin. -->","yoast_head_json":{"title":"Bolivia: Acusan a cinco militares por intentar robar una avioneta","description":"Portal de noticias del Per\u00fa sobre el transporte a\u00e9reo, aviaci\u00f3n, turismo, hoteleria, actualidad.","robots":{"index":"index","follow":"follow","max-snippet":"max-snippet:-1","max-image-preview":"max-image-preview:large","max-video-preview":"max-video-preview:-1"},"canonical":"https:\/\/aeronoticias.com.pe\/noticiero\/transporte-aereo\/internacional\/bolivia-acusan-a-cinco-militares-por-intentar-robar-una-avioneta\/","og_locale":"es_ES","og_type":"article","og_title":"Bolivia: Acusan a cinco militares por intentar robar una avioneta","og_description":"Portal de noticias del Per\u00fa sobre el transporte a\u00e9reo, aviaci\u00f3n, turismo, hoteleria, actualidad.","og_url":"https:\/\/aeronoticias.com.pe\/noticiero\/transporte-aereo\/internacional\/bolivia-acusan-a-cinco-militares-por-intentar-robar-una-avioneta\/","og_site_name":"Aeronoticias.com.pe","article_publisher":"https:\/\/www.facebook.com\/Aeronoticias.com.pe\/","article_published_time":"2013-11-11T20:26:42+00:00","author":"Redacci\u00f3n Aeronoticias","twitter_card":"summary_large_image","twitter_creator":"@aeronoticias","twitter_site":"@aeronoticias","twitter_misc":{"Escrito por":"Redacci\u00f3n Aeronoticias","Tiempo de lectura":"2 minutos"},"schema":{"@context":"https:\/\/schema.org","@graph":[{"@type":"WebPage","@id":"https:\/\/aeronoticias.com.pe\/noticiero\/transporte-aereo\/internacional\/bolivia-acusan-a-cinco-militares-por-intentar-robar-una-avioneta\/","url":"https:\/\/aeronoticias.com.pe\/noticiero\/transporte-aereo\/internacional\/bolivia-acusan-a-cinco-militares-por-intentar-robar-una-avioneta\/","name":"Bolivia: Acusan a cinco militares por intentar robar una avioneta","isPartOf":{"@id":"https:\/\/aeronoticias.com.pe\/noticiero\/#website"},"datePublished":"2013-11-11T20:26:42+00:00","author":{"@id":"https:\/\/aeronoticias.com.pe\/noticiero\/#\/schema\/person\/fc1e5d578f4b62ba1cf7ac2bba1170a0"},"description":"Portal de noticias del Per\u00fa sobre el transporte a\u00e9reo, aviaci\u00f3n, turismo, hoteleria, actualidad.","breadcrumb":{"@id":"https:\/\/aeronoticias.com.pe\/noticiero\/transporte-aereo\/internacional\/bolivia-acusan-a-cinco-militares-por-intentar-robar-una-avioneta\/#breadcrumb"},"inLanguage":"es","potentialAction":[{"@type":"ReadAction","target":["https:\/\/aeronoticias.com.pe\/noticiero\/transporte-aereo\/internacional\/bolivia-acusan-a-cinco-militares-por-intentar-robar-una-avioneta\/"]}]},{"@type":"BreadcrumbList","@id":"https:\/\/aeronoticias.com.pe\/noticiero\/transporte-aereo\/internacional\/bolivia-acusan-a-cinco-militares-por-intentar-robar-una-avioneta\/#breadcrumb","itemListElement":[{"@type":"ListItem","position":1,"name":"Portada","item":"https:\/\/aeronoticias.com.pe\/noticiero\/"},{"@type":"ListItem","position":2,"name":"Bolivia: Acusan a cinco militares por intentar robar una avioneta"}]},{"@type":"WebSite","@id":"https:\/\/aeronoticias.com.pe\/noticiero\/#website","url":"https:\/\/aeronoticias.com.pe\/noticiero\/","name":"Aeronoticias.com.pe","description":"Noticias de tranporte aereo, turismo, hoteles, gastronomia, actualidad, internacional","potentialAction":[{"@type":"SearchAction","target":{"@type":"EntryPoint","urlTemplate":"https:\/\/aeronoticias.com.pe\/noticiero\/?s={search_term_string}"},"query-input":{"@type":"PropertyValueSpecification","valueRequired":true,"valueName":"search_term_string"}}],"inLanguage":"es"},{"@type":"Person","@id":"https:\/\/aeronoticias.com.pe\/noticiero\/#\/schema\/person\/fc1e5d578f4b62ba1cf7ac2bba1170a0","name":"Redacci\u00f3n Aeronoticias","url":"https:\/\/aeronoticias.com.pe\/noticiero\/author\/piloto\/"}]}},"_links":{"self":[{"href":"https:\/\/aeronoticias.com.pe\/noticiero\/wp-json\/wp\/v2\/posts\/41600","targetHints":{"allow":["GET"]}}],"collection":[{"href":"https:\/\/aeronoticias.com.pe\/noticiero\/wp-json\/wp\/v2\/posts"}],"about":[{"href":"https:\/\/aeronoticias.com.pe\/noticiero\/wp-json\/wp\/v2\/types\/post"}],"author":[{"embeddable":true,"href":"https:\/\/aeronoticias.com.pe\/noticiero\/wp-json\/wp\/v2\/users\/1"}],"replies":[{"embeddable":true,"href":"https:\/\/aeronoticias.com.pe\/noticiero\/wp-json\/wp\/v2\/comments?post=41600"}],"version-history":[{"count":0,"href":"https:\/\/aeronoticias.com.pe\/noticiero\/wp-json\/wp\/v2\/posts\/41600\/revisions"}],"wp:attachment":[{"href":"https:\/\/aeronoticias.com.pe\/noticiero\/wp-json\/wp\/v2\/media?parent=41600"}],"wp:term":[{"taxonomy":"category","embeddable":true,"href":"https:\/\/aeronoticias.com.pe\/noticiero\/wp-json\/wp\/v2\/categories?post=41600"},{"taxonomy":"post_tag","embeddable":true,"href":"https:\/\/aeronoticias.com.pe\/noticiero\/wp-json\/wp\/v2\/tags?post=41600"}],"curies":[{"name":"wp","href":"https:\/\/api.w.org\/{rel}","templated":true}]}}