{"id":41602,"date":"2013-11-12T11:28:51","date_gmt":"2013-11-12T11:28:51","guid":{"rendered":"http:\/\/desarrollo.mcvicious.com\/aero2020\/2013\/11\/12\/vandalos-destruyen-doscientos-treinta-banners-de-julian-palacin-al-decanato-del-cal-a-lima-norte\/"},"modified":"2013-11-12T11:28:51","modified_gmt":"2013-11-12T11:28:51","slug":"vandalos-destruyen-doscientos-treinta-banners-de-julian-palacin-al-decanato-del-cal-a-lima-norte","status":"publish","type":"post","link":"https:\/\/aeronoticias.com.pe\/noticiero\/49\/vandalos-destruyen-doscientos-treinta-banners-de-julian-palacin-al-decanato-del-cal-a-lima-norte\/","title":{"rendered":"V\u00e1ndalos destruyen doscientos treinta banners de Juli\u00e1n Palac\u00edn al decanato del CAL a Lima Norte"},"content":{"rendered":"<p style=\"text-align: justify;\"><img decoding=\"async\" src=\"images\/stories\/13\/11\/141113\/bannersrotos.jpg\" border=\"0\" \/><\/p>\n<p style=\"text-align: justify;\"><strong>(Aeronoticias)<\/strong>.-Las encuestas sobre un universo de mil trescientos abogados consultados que da como virtual ganador a Juli\u00e1n Palac\u00edn Fern\u00e1ndez, en una segunda vuelta electoral en las elecciones al decanato del colegio de abogados de Lima (Link de las encuestas), han puestos nerviosos a v\u00e1ndalos, en Lima Norte que el d\u00eda de ayer habr\u00edan destruido doscientos treinta banners publicitarios de este candidato independiente, extra\u00f1amente no han destruido ning\u00fan banner publicitario del vicedecano de la actual junta directiva Mario Amoretti Pachas.<\/p>\n<p style=\"text-align: justify;\">El Doctor Juli\u00e1n Palac\u00edn Fern\u00e1ndez expres\u00f3 que ante esta agresi\u00f3n, el mensaje es \u00abque podr\u00e1n destruir nuestros paneles publicitarios pero jam\u00e1s podr\u00e1n impedir que nuestro mensaje de uni\u00f3n e integraci\u00f3n a todos los sectores de la abogac\u00eda llegue al alma de los abogados y abogadas que le van a decir no al continuismo de la cuestionado gesti\u00f3n de Chaname Amoretti que ni siquiera cumpli\u00f3 con una de las once promesas electorales, y tampoco, el gremio quiere a representantes de los partidos pol\u00edticos en el decanato del CAL\u00bb, \u00abYo respeto a mis competidores\u00bb dijo Palac\u00edn, y lamento que ante el nerviosismo de las encuestas algunos de sus seguidores est\u00e9n destruyendo nuestro mensaje publicitario\u00bb, agregando que hay que saber perder con honor y tambi\u00e9n ganar con humildad ese es el mensaje \u00absoy un abogado humilde que represento a todos los sectores de la abogac\u00eda y no crean los v\u00e1ndalos que destruyendo nuestros paneles van a subir en las encuestas, la sabidur\u00eda de los abogados agremiados al CAL les va a dar una lecci\u00f3n hist\u00f3rica es por ello que exhort\u00f3 a los abogados y abogadas a que me acompa\u00f1en a escribir la historia de la nueva abogac\u00eda para decirle no al continuismo del actual decano y de su vicedecano y no al candidato del Apra, ya que en el colegio de abogados tenemos que hacer gremio y no pol\u00edtica continuista.<\/p>\n<p style=\"text-align: justify;\"><a href=\"index.php?option=com_content&amp;view=article&amp;id=43359;aparecen-nuevas-encuestas-al-decanato-del-cal&amp;catid=1;1&amp;Itemid=18\" target=\"_blank\" rel=\"noopener noreferrer\">Ver noticia de la ultima encuesta.<br \/><\/a><\/p>\n<p><a href=\"index.php?option=com_content&amp;view=article&amp;id=43359;aparecen-nuevas-encuestas-al-decanato-del-cal&amp;catid=1;1&amp;Itemid=18\" target=\"_blank\" rel=\"noopener noreferrer\"> <\/a><\/p>\n<p style=\"text-align: justify;\">\u00a0<\/p>\n<p style=\"text-align: justify;\"><a href=\"http:\/\/www.youtube.com\/watch?v=S2NWVTZZr80&amp;feature=youtu.be\" target=\"_blank\" title=\"Video del lo Ocurrido en Lima Norte\" rel=\"noopener noreferrer\">Ver Video de lo ocurrido en Lima Norte <\/a><\/p>\n<p style=\"text-align: justify;\">\u00a0<\/p>\n<p> <object width=\"610\" height=\"409\" data=\"http:\/\/www.youtube.com\/v\/S2NWVTZZr80?fs=1&amp;hl=en_US&amp;autoplay=0&amp;showinfo=0&amp;rel=0\" type=\"application\/x-shockwave-flash\"><param name=\"wmode\" value=\"transparent\" \/><\/object> <\/p>\n<p>{loadposition relacionados}<\/p>\n","protected":false},"excerpt":{"rendered":"<p>(Aeronoticias).-Las encuestas sobre un universo de mil trescientos abogados consultados que da como virtual ganador a Juli\u00e1n Palac\u00edn Fern\u00e1ndez, en una segunda vuelta electoral en las elecciones al decanato del colegio de abogados de Lima (Link de las encuestas), han puestos nerviosos a v\u00e1ndalos, en Lima Norte que el d\u00eda de ayer habr\u00edan destruido doscientos [&hellip;]<\/p>\n","protected":false},"author":1,"featured_media":0,"comment_status":"open","ping_status":"open","sticky":false,"template":"","format":"standard","meta":{"tdm_status":"","tdm_grid_status":"","footnotes":""},"categories":[39],"tags":[],"class_list":{"0":"post-41602","1":"post","2":"type-post","3":"status-publish","4":"format-standard","6":"category-39"},"yoast_head":"<!-- This site is optimized with the Yoast SEO plugin v25.1 - https:\/\/yoast.com\/wordpress\/plugins\/seo\/ -->\n<title>V\u00e1ndalos destruyen doscientos treinta banners de Juli\u00e1n Palac\u00edn al decanato del CAL a Lima Norte<\/title>\n<meta name=\"description\" content=\"Portal de noticias del Per\u00fa sobre el transporte a\u00e9reo, aviaci\u00f3n, turismo, hoteleria, actualidad.\" \/>\n<meta name=\"robots\" content=\"index, follow, max-snippet:-1, max-image-preview:large, max-video-preview:-1\" \/>\n<link rel=\"canonical\" href=\"https:\/\/aeronoticias.com.pe\/noticiero\/49\/vandalos-destruyen-doscientos-treinta-banners-de-julian-palacin-al-decanato-del-cal-a-lima-norte\/\" \/>\n<meta property=\"og:locale\" content=\"es_ES\" \/>\n<meta property=\"og:type\" content=\"article\" \/>\n<meta property=\"og:title\" content=\"V\u00e1ndalos destruyen doscientos treinta banners de Juli\u00e1n Palac\u00edn al decanato del CAL a Lima Norte\" \/>\n<meta property=\"og:description\" content=\"Portal de noticias del Per\u00fa sobre el transporte a\u00e9reo, aviaci\u00f3n, turismo, hoteleria, actualidad.\" \/>\n<meta property=\"og:url\" content=\"https:\/\/aeronoticias.com.pe\/noticiero\/49\/vandalos-destruyen-doscientos-treinta-banners-de-julian-palacin-al-decanato-del-cal-a-lima-norte\/\" \/>\n<meta property=\"og:site_name\" content=\"Aeronoticias.com.pe\" \/>\n<meta property=\"article:publisher\" content=\"https:\/\/www.facebook.com\/Aeronoticias.com.pe\/\" \/>\n<meta property=\"article:published_time\" content=\"2013-11-12T11:28:51+00:00\" \/>\n<meta name=\"author\" content=\"Redacci\u00f3n Aeronoticias\" \/>\n<meta name=\"twitter:card\" content=\"summary_large_image\" \/>\n<meta name=\"twitter:creator\" content=\"@aeronoticias\" \/>\n<meta name=\"twitter:site\" content=\"@aeronoticias\" \/>\n<meta name=\"twitter:label1\" content=\"Escrito por\" \/>\n\t<meta name=\"twitter:data1\" content=\"Redacci\u00f3n Aeronoticias\" \/>\n\t<meta name=\"twitter:label2\" content=\"Tiempo de lectura\" \/>\n\t<meta name=\"twitter:data2\" content=\"2 minutos\" \/>\n<script type=\"application\/ld+json\" class=\"yoast-schema-graph\">{\"@context\":\"https:\/\/schema.org\",\"@graph\":[{\"@type\":\"WebPage\",\"@id\":\"https:\/\/aeronoticias.com.pe\/noticiero\/49\/vandalos-destruyen-doscientos-treinta-banners-de-julian-palacin-al-decanato-del-cal-a-lima-norte\/\",\"url\":\"https:\/\/aeronoticias.com.pe\/noticiero\/49\/vandalos-destruyen-doscientos-treinta-banners-de-julian-palacin-al-decanato-del-cal-a-lima-norte\/\",\"name\":\"V\u00e1ndalos destruyen doscientos treinta banners de Juli\u00e1n Palac\u00edn al decanato del CAL a Lima Norte\",\"isPartOf\":{\"@id\":\"https:\/\/aeronoticias.com.pe\/noticiero\/#website\"},\"datePublished\":\"2013-11-12T11:28:51+00:00\",\"author\":{\"@id\":\"https:\/\/aeronoticias.com.pe\/noticiero\/#\/schema\/person\/fc1e5d578f4b62ba1cf7ac2bba1170a0\"},\"description\":\"Portal de noticias del Per\u00fa sobre el transporte a\u00e9reo, aviaci\u00f3n, turismo, hoteleria, actualidad.\",\"breadcrumb\":{\"@id\":\"https:\/\/aeronoticias.com.pe\/noticiero\/49\/vandalos-destruyen-doscientos-treinta-banners-de-julian-palacin-al-decanato-del-cal-a-lima-norte\/#breadcrumb\"},\"inLanguage\":\"es\",\"potentialAction\":[{\"@type\":\"ReadAction\",\"target\":[\"https:\/\/aeronoticias.com.pe\/noticiero\/49\/vandalos-destruyen-doscientos-treinta-banners-de-julian-palacin-al-decanato-del-cal-a-lima-norte\/\"]}]},{\"@type\":\"BreadcrumbList\",\"@id\":\"https:\/\/aeronoticias.com.pe\/noticiero\/49\/vandalos-destruyen-doscientos-treinta-banners-de-julian-palacin-al-decanato-del-cal-a-lima-norte\/#breadcrumb\",\"itemListElement\":[{\"@type\":\"ListItem\",\"position\":1,\"name\":\"Portada\",\"item\":\"https:\/\/aeronoticias.com.pe\/noticiero\/\"},{\"@type\":\"ListItem\",\"position\":2,\"name\":\"V\u00e1ndalos destruyen doscientos treinta banners de Juli\u00e1n Palac\u00edn al decanato del CAL a Lima Norte\"}]},{\"@type\":\"WebSite\",\"@id\":\"https:\/\/aeronoticias.com.pe\/noticiero\/#website\",\"url\":\"https:\/\/aeronoticias.com.pe\/noticiero\/\",\"name\":\"Aeronoticias.com.pe\",\"description\":\"Noticias de tranporte aereo, turismo, hoteles, gastronomia, actualidad, internacional\",\"potentialAction\":[{\"@type\":\"SearchAction\",\"target\":{\"@type\":\"EntryPoint\",\"urlTemplate\":\"https:\/\/aeronoticias.com.pe\/noticiero\/?s={search_term_string}\"},\"query-input\":{\"@type\":\"PropertyValueSpecification\",\"valueRequired\":true,\"valueName\":\"search_term_string\"}}],\"inLanguage\":\"es\"},{\"@type\":\"Person\",\"@id\":\"https:\/\/aeronoticias.com.pe\/noticiero\/#\/schema\/person\/fc1e5d578f4b62ba1cf7ac2bba1170a0\",\"name\":\"Redacci\u00f3n Aeronoticias\",\"url\":\"https:\/\/aeronoticias.com.pe\/noticiero\/author\/piloto\/\"}]}<\/script>\n<!-- \/ Yoast SEO plugin. -->","yoast_head_json":{"title":"V\u00e1ndalos destruyen doscientos treinta banners de Juli\u00e1n Palac\u00edn al decanato del CAL a Lima Norte","description":"Portal de noticias del Per\u00fa sobre el transporte a\u00e9reo, aviaci\u00f3n, turismo, hoteleria, actualidad.","robots":{"index":"index","follow":"follow","max-snippet":"max-snippet:-1","max-image-preview":"max-image-preview:large","max-video-preview":"max-video-preview:-1"},"canonical":"https:\/\/aeronoticias.com.pe\/noticiero\/49\/vandalos-destruyen-doscientos-treinta-banners-de-julian-palacin-al-decanato-del-cal-a-lima-norte\/","og_locale":"es_ES","og_type":"article","og_title":"V\u00e1ndalos destruyen doscientos treinta banners de Juli\u00e1n Palac\u00edn al decanato del CAL a Lima Norte","og_description":"Portal de noticias del Per\u00fa sobre el transporte a\u00e9reo, aviaci\u00f3n, turismo, hoteleria, actualidad.","og_url":"https:\/\/aeronoticias.com.pe\/noticiero\/49\/vandalos-destruyen-doscientos-treinta-banners-de-julian-palacin-al-decanato-del-cal-a-lima-norte\/","og_site_name":"Aeronoticias.com.pe","article_publisher":"https:\/\/www.facebook.com\/Aeronoticias.com.pe\/","article_published_time":"2013-11-12T11:28:51+00:00","author":"Redacci\u00f3n Aeronoticias","twitter_card":"summary_large_image","twitter_creator":"@aeronoticias","twitter_site":"@aeronoticias","twitter_misc":{"Escrito por":"Redacci\u00f3n Aeronoticias","Tiempo de lectura":"2 minutos"},"schema":{"@context":"https:\/\/schema.org","@graph":[{"@type":"WebPage","@id":"https:\/\/aeronoticias.com.pe\/noticiero\/49\/vandalos-destruyen-doscientos-treinta-banners-de-julian-palacin-al-decanato-del-cal-a-lima-norte\/","url":"https:\/\/aeronoticias.com.pe\/noticiero\/49\/vandalos-destruyen-doscientos-treinta-banners-de-julian-palacin-al-decanato-del-cal-a-lima-norte\/","name":"V\u00e1ndalos destruyen doscientos treinta banners de Juli\u00e1n Palac\u00edn al decanato del CAL a Lima Norte","isPartOf":{"@id":"https:\/\/aeronoticias.com.pe\/noticiero\/#website"},"datePublished":"2013-11-12T11:28:51+00:00","author":{"@id":"https:\/\/aeronoticias.com.pe\/noticiero\/#\/schema\/person\/fc1e5d578f4b62ba1cf7ac2bba1170a0"},"description":"Portal de noticias del Per\u00fa sobre el transporte a\u00e9reo, aviaci\u00f3n, turismo, hoteleria, actualidad.","breadcrumb":{"@id":"https:\/\/aeronoticias.com.pe\/noticiero\/49\/vandalos-destruyen-doscientos-treinta-banners-de-julian-palacin-al-decanato-del-cal-a-lima-norte\/#breadcrumb"},"inLanguage":"es","potentialAction":[{"@type":"ReadAction","target":["https:\/\/aeronoticias.com.pe\/noticiero\/49\/vandalos-destruyen-doscientos-treinta-banners-de-julian-palacin-al-decanato-del-cal-a-lima-norte\/"]}]},{"@type":"BreadcrumbList","@id":"https:\/\/aeronoticias.com.pe\/noticiero\/49\/vandalos-destruyen-doscientos-treinta-banners-de-julian-palacin-al-decanato-del-cal-a-lima-norte\/#breadcrumb","itemListElement":[{"@type":"ListItem","position":1,"name":"Portada","item":"https:\/\/aeronoticias.com.pe\/noticiero\/"},{"@type":"ListItem","position":2,"name":"V\u00e1ndalos destruyen doscientos treinta banners de Juli\u00e1n Palac\u00edn al decanato del CAL a Lima Norte"}]},{"@type":"WebSite","@id":"https:\/\/aeronoticias.com.pe\/noticiero\/#website","url":"https:\/\/aeronoticias.com.pe\/noticiero\/","name":"Aeronoticias.com.pe","description":"Noticias de tranporte aereo, turismo, hoteles, gastronomia, actualidad, internacional","potentialAction":[{"@type":"SearchAction","target":{"@type":"EntryPoint","urlTemplate":"https:\/\/aeronoticias.com.pe\/noticiero\/?s={search_term_string}"},"query-input":{"@type":"PropertyValueSpecification","valueRequired":true,"valueName":"search_term_string"}}],"inLanguage":"es"},{"@type":"Person","@id":"https:\/\/aeronoticias.com.pe\/noticiero\/#\/schema\/person\/fc1e5d578f4b62ba1cf7ac2bba1170a0","name":"Redacci\u00f3n Aeronoticias","url":"https:\/\/aeronoticias.com.pe\/noticiero\/author\/piloto\/"}]}},"_links":{"self":[{"href":"https:\/\/aeronoticias.com.pe\/noticiero\/wp-json\/wp\/v2\/posts\/41602","targetHints":{"allow":["GET"]}}],"collection":[{"href":"https:\/\/aeronoticias.com.pe\/noticiero\/wp-json\/wp\/v2\/posts"}],"about":[{"href":"https:\/\/aeronoticias.com.pe\/noticiero\/wp-json\/wp\/v2\/types\/post"}],"author":[{"embeddable":true,"href":"https:\/\/aeronoticias.com.pe\/noticiero\/wp-json\/wp\/v2\/users\/1"}],"replies":[{"embeddable":true,"href":"https:\/\/aeronoticias.com.pe\/noticiero\/wp-json\/wp\/v2\/comments?post=41602"}],"version-history":[{"count":0,"href":"https:\/\/aeronoticias.com.pe\/noticiero\/wp-json\/wp\/v2\/posts\/41602\/revisions"}],"wp:attachment":[{"href":"https:\/\/aeronoticias.com.pe\/noticiero\/wp-json\/wp\/v2\/media?parent=41602"}],"wp:term":[{"taxonomy":"category","embeddable":true,"href":"https:\/\/aeronoticias.com.pe\/noticiero\/wp-json\/wp\/v2\/categories?post=41602"},{"taxonomy":"post_tag","embeddable":true,"href":"https:\/\/aeronoticias.com.pe\/noticiero\/wp-json\/wp\/v2\/tags?post=41602"}],"curies":[{"name":"wp","href":"https:\/\/api.w.org\/{rel}","templated":true}]}}