{"id":41604,"date":"2013-11-12T14:01:19","date_gmt":"2013-11-12T14:01:19","guid":{"rendered":"http:\/\/desarrollo.mcvicious.com\/aero2020\/2013\/11\/12\/video-expertos-se-reunen-en-madrid-para-analizar-los-sistemas-de-notificacion-de-sucesos-de-aviacion\/"},"modified":"2013-11-12T14:01:19","modified_gmt":"2013-11-12T14:01:19","slug":"video-expertos-se-reunen-en-madrid-para-analizar-los-sistemas-de-notificacion-de-sucesos-de-aviacion","status":"publish","type":"post","link":"https:\/\/aeronoticias.com.pe\/noticiero\/transporte-aereo\/internacional\/video-expertos-se-reunen-en-madrid-para-analizar-los-sistemas-de-notificacion-de-sucesos-de-aviacion\/","title":{"rendered":"VIDEO | Expertos se re\u00fanen en Madrid para analizar los sistemas de notificaci\u00f3n de sucesos de aviaci\u00f3n"},"content":{"rendered":"<p style=\"text-align: justify;\"><span style=\"line-height: 1.3em;\"><strong>(Aeronoticias)<\/strong>.-La Secretaria General de Transportes, Carmen Librero, abri\u00f3 ayer en Madrid el Seminario del Grupo ICASS, que re\u00fane a los pa\u00edses de todo el mundo que cuentan con un sistema propio de notificaci\u00f3n de sucesos e incidentes de aviaci\u00f3n.<\/span><\/p>\n<p style=\"text-align: justify;\">El evento, que transcurre en Madrid hasta el pr\u00f3ximo jueves, ha sido organizado conjuntamente por el Ministerio de Fomento y el Sistema de Reportes de SEPLA (SRS), y analizar\u00e1 los diferentes sistemas nacionales de notificaci\u00f3n de sucesos para abordar la mejor forma de fomentar su utilizaci\u00f3n entre los profesionales del sector de la aviaci\u00f3n para mejorar la seguridad a\u00e9rea.<\/p>\n<p style=\"text-align: justify;\">La Secretaria de Transportes ha centrado su intervenci\u00f3n en la importancia de estos sistemas para mejorar la seguridad a\u00e9rea de los pa\u00edses, tal y como reconoce OACI en su Anexo 19 sobre gesti\u00f3n de seguridad. En Espa\u00f1a, el sistema de notificaci\u00f3n de sucesos (SNS) se est\u00e1 implementando a trav\u00e9s del Programa Estatal de Seguridad A\u00e9rea, contemplado en la modificaci\u00f3n de la Ley de Seguridad A\u00e9rea de 2011.<\/p>\n<p style=\"text-align: justify;\">Protecci\u00f3n y confidencialidad<\/p>\n<p style=\"text-align: justify;\">Para fomentar el uso de los reportes de aviaci\u00f3n entre los profesionales \u2013pilotos, controladores, TCP, t\u00e9cnicos de mantenimiento y dem\u00e1s empleados del sector- es indispensable que se den dos condiciones: la protecci\u00f3n del informante y la confidencialidad de la informaci\u00f3n proporcionada en los reportes.<\/p>\n<p style=\"text-align: justify;\">En este sentido, Librero ha recordado que \u00abun empleado no puede sufrir la acci\u00f3n adversa de su empleador a menos que se pruebe que ha habido mala fe\u00bb, as\u00ed como que se conceder\u00e1 \u00abcar\u00e1cter confidencial a los registros, grabaciones, comunicaciones, indicadores e informes facilitados a las entidades p\u00fablicas obligadas por el Programa\u00bb.<\/p>\n<p style=\"text-align: justify;\">(v\u00eddeo) <a href=\"http:\/\/www.youtube.com\/watch?v=0amXfw7mYrA\" target=\"_blank\" rel=\"noopener noreferrer\">Intervenci\u00f3n Carmen Librero ICASS 2013<\/a><\/p>\n<p style=\"text-align: justify;\">\u00a0<\/p>\n<p style=\"text-align: justify;\">Fuente: <strong>Aerotendencias<\/strong><\/p>\n<p style=\"text-align: justify;\">Foto: <strong>cms.ual.es<\/strong><\/p>\n<div style=\"text-align: justify;\"><\/div>\n","protected":false},"excerpt":{"rendered":"<p>(Aeronoticias).-La Secretaria General de Transportes, Carmen Librero, abri\u00f3 ayer en Madrid el Seminario del Grupo ICASS, que re\u00fane a los pa\u00edses de todo el mundo que cuentan con un sistema propio de notificaci\u00f3n de sucesos e incidentes de aviaci\u00f3n. El evento, que transcurre en Madrid hasta el pr\u00f3ximo jueves, ha sido organizado conjuntamente por el [&hellip;]<\/p>\n","protected":false},"author":1,"featured_media":0,"comment_status":"open","ping_status":"open","sticky":false,"template":"","format":"standard","meta":{"tdm_status":"","tdm_grid_status":"","footnotes":""},"categories":[32],"tags":[],"class_list":{"0":"post-41604","1":"post","2":"type-post","3":"status-publish","4":"format-standard","6":"category-internacional"},"yoast_head":"<!-- This site is optimized with the Yoast SEO plugin v25.1 - https:\/\/yoast.com\/wordpress\/plugins\/seo\/ -->\n<title>VIDEO | Expertos se re\u00fanen en Madrid para analizar los sistemas de notificaci\u00f3n de sucesos de aviaci\u00f3n<\/title>\n<meta name=\"description\" content=\"Portal de noticias del Per\u00fa sobre el transporte a\u00e9reo, aviaci\u00f3n, turismo, hoteleria, actualidad.\" \/>\n<meta name=\"robots\" content=\"index, follow, max-snippet:-1, max-image-preview:large, max-video-preview:-1\" \/>\n<link rel=\"canonical\" href=\"https:\/\/aeronoticias.com.pe\/noticiero\/transporte-aereo\/internacional\/video-expertos-se-reunen-en-madrid-para-analizar-los-sistemas-de-notificacion-de-sucesos-de-aviacion\/\" \/>\n<meta property=\"og:locale\" content=\"es_ES\" \/>\n<meta property=\"og:type\" content=\"article\" \/>\n<meta property=\"og:title\" content=\"VIDEO | Expertos se re\u00fanen en Madrid para analizar los sistemas de notificaci\u00f3n de sucesos de aviaci\u00f3n\" \/>\n<meta property=\"og:description\" content=\"Portal de noticias del Per\u00fa sobre el transporte a\u00e9reo, aviaci\u00f3n, turismo, hoteleria, actualidad.\" \/>\n<meta property=\"og:url\" content=\"https:\/\/aeronoticias.com.pe\/noticiero\/transporte-aereo\/internacional\/video-expertos-se-reunen-en-madrid-para-analizar-los-sistemas-de-notificacion-de-sucesos-de-aviacion\/\" \/>\n<meta property=\"og:site_name\" content=\"Aeronoticias.com.pe\" \/>\n<meta property=\"article:publisher\" content=\"https:\/\/www.facebook.com\/Aeronoticias.com.pe\/\" \/>\n<meta property=\"article:published_time\" content=\"2013-11-12T14:01:19+00:00\" \/>\n<meta name=\"author\" content=\"Redacci\u00f3n Aeronoticias\" \/>\n<meta name=\"twitter:card\" content=\"summary_large_image\" \/>\n<meta name=\"twitter:creator\" content=\"@aeronoticias\" \/>\n<meta name=\"twitter:site\" content=\"@aeronoticias\" \/>\n<meta name=\"twitter:label1\" content=\"Escrito por\" \/>\n\t<meta name=\"twitter:data1\" content=\"Redacci\u00f3n Aeronoticias\" \/>\n\t<meta name=\"twitter:label2\" content=\"Tiempo de lectura\" \/>\n\t<meta name=\"twitter:data2\" content=\"2 minutos\" \/>\n<script type=\"application\/ld+json\" class=\"yoast-schema-graph\">{\"@context\":\"https:\/\/schema.org\",\"@graph\":[{\"@type\":\"WebPage\",\"@id\":\"https:\/\/aeronoticias.com.pe\/noticiero\/transporte-aereo\/internacional\/video-expertos-se-reunen-en-madrid-para-analizar-los-sistemas-de-notificacion-de-sucesos-de-aviacion\/\",\"url\":\"https:\/\/aeronoticias.com.pe\/noticiero\/transporte-aereo\/internacional\/video-expertos-se-reunen-en-madrid-para-analizar-los-sistemas-de-notificacion-de-sucesos-de-aviacion\/\",\"name\":\"VIDEO | Expertos se re\u00fanen en Madrid para analizar los sistemas de notificaci\u00f3n de sucesos de aviaci\u00f3n\",\"isPartOf\":{\"@id\":\"https:\/\/aeronoticias.com.pe\/noticiero\/#website\"},\"datePublished\":\"2013-11-12T14:01:19+00:00\",\"author\":{\"@id\":\"https:\/\/aeronoticias.com.pe\/noticiero\/#\/schema\/person\/fc1e5d578f4b62ba1cf7ac2bba1170a0\"},\"description\":\"Portal de noticias del Per\u00fa sobre el transporte a\u00e9reo, aviaci\u00f3n, turismo, hoteleria, actualidad.\",\"breadcrumb\":{\"@id\":\"https:\/\/aeronoticias.com.pe\/noticiero\/transporte-aereo\/internacional\/video-expertos-se-reunen-en-madrid-para-analizar-los-sistemas-de-notificacion-de-sucesos-de-aviacion\/#breadcrumb\"},\"inLanguage\":\"es\",\"potentialAction\":[{\"@type\":\"ReadAction\",\"target\":[\"https:\/\/aeronoticias.com.pe\/noticiero\/transporte-aereo\/internacional\/video-expertos-se-reunen-en-madrid-para-analizar-los-sistemas-de-notificacion-de-sucesos-de-aviacion\/\"]}]},{\"@type\":\"BreadcrumbList\",\"@id\":\"https:\/\/aeronoticias.com.pe\/noticiero\/transporte-aereo\/internacional\/video-expertos-se-reunen-en-madrid-para-analizar-los-sistemas-de-notificacion-de-sucesos-de-aviacion\/#breadcrumb\",\"itemListElement\":[{\"@type\":\"ListItem\",\"position\":1,\"name\":\"Portada\",\"item\":\"https:\/\/aeronoticias.com.pe\/noticiero\/\"},{\"@type\":\"ListItem\",\"position\":2,\"name\":\"VIDEO | Expertos se re\u00fanen en Madrid para analizar los sistemas de notificaci\u00f3n de sucesos de aviaci\u00f3n\"}]},{\"@type\":\"WebSite\",\"@id\":\"https:\/\/aeronoticias.com.pe\/noticiero\/#website\",\"url\":\"https:\/\/aeronoticias.com.pe\/noticiero\/\",\"name\":\"Aeronoticias.com.pe\",\"description\":\"Noticias de tranporte aereo, turismo, hoteles, gastronomia, actualidad, internacional\",\"potentialAction\":[{\"@type\":\"SearchAction\",\"target\":{\"@type\":\"EntryPoint\",\"urlTemplate\":\"https:\/\/aeronoticias.com.pe\/noticiero\/?s={search_term_string}\"},\"query-input\":{\"@type\":\"PropertyValueSpecification\",\"valueRequired\":true,\"valueName\":\"search_term_string\"}}],\"inLanguage\":\"es\"},{\"@type\":\"Person\",\"@id\":\"https:\/\/aeronoticias.com.pe\/noticiero\/#\/schema\/person\/fc1e5d578f4b62ba1cf7ac2bba1170a0\",\"name\":\"Redacci\u00f3n Aeronoticias\",\"url\":\"https:\/\/aeronoticias.com.pe\/noticiero\/author\/piloto\/\"}]}<\/script>\n<!-- \/ Yoast SEO plugin. -->","yoast_head_json":{"title":"VIDEO | Expertos se re\u00fanen en Madrid para analizar los sistemas de notificaci\u00f3n de sucesos de aviaci\u00f3n","description":"Portal de noticias del Per\u00fa sobre el transporte a\u00e9reo, aviaci\u00f3n, turismo, hoteleria, actualidad.","robots":{"index":"index","follow":"follow","max-snippet":"max-snippet:-1","max-image-preview":"max-image-preview:large","max-video-preview":"max-video-preview:-1"},"canonical":"https:\/\/aeronoticias.com.pe\/noticiero\/transporte-aereo\/internacional\/video-expertos-se-reunen-en-madrid-para-analizar-los-sistemas-de-notificacion-de-sucesos-de-aviacion\/","og_locale":"es_ES","og_type":"article","og_title":"VIDEO | Expertos se re\u00fanen en Madrid para analizar los sistemas de notificaci\u00f3n de sucesos de aviaci\u00f3n","og_description":"Portal de noticias del Per\u00fa sobre el transporte a\u00e9reo, aviaci\u00f3n, turismo, hoteleria, actualidad.","og_url":"https:\/\/aeronoticias.com.pe\/noticiero\/transporte-aereo\/internacional\/video-expertos-se-reunen-en-madrid-para-analizar-los-sistemas-de-notificacion-de-sucesos-de-aviacion\/","og_site_name":"Aeronoticias.com.pe","article_publisher":"https:\/\/www.facebook.com\/Aeronoticias.com.pe\/","article_published_time":"2013-11-12T14:01:19+00:00","author":"Redacci\u00f3n Aeronoticias","twitter_card":"summary_large_image","twitter_creator":"@aeronoticias","twitter_site":"@aeronoticias","twitter_misc":{"Escrito por":"Redacci\u00f3n Aeronoticias","Tiempo de lectura":"2 minutos"},"schema":{"@context":"https:\/\/schema.org","@graph":[{"@type":"WebPage","@id":"https:\/\/aeronoticias.com.pe\/noticiero\/transporte-aereo\/internacional\/video-expertos-se-reunen-en-madrid-para-analizar-los-sistemas-de-notificacion-de-sucesos-de-aviacion\/","url":"https:\/\/aeronoticias.com.pe\/noticiero\/transporte-aereo\/internacional\/video-expertos-se-reunen-en-madrid-para-analizar-los-sistemas-de-notificacion-de-sucesos-de-aviacion\/","name":"VIDEO | Expertos se re\u00fanen en Madrid para analizar los sistemas de notificaci\u00f3n de sucesos de aviaci\u00f3n","isPartOf":{"@id":"https:\/\/aeronoticias.com.pe\/noticiero\/#website"},"datePublished":"2013-11-12T14:01:19+00:00","author":{"@id":"https:\/\/aeronoticias.com.pe\/noticiero\/#\/schema\/person\/fc1e5d578f4b62ba1cf7ac2bba1170a0"},"description":"Portal de noticias del Per\u00fa sobre el transporte a\u00e9reo, aviaci\u00f3n, turismo, hoteleria, actualidad.","breadcrumb":{"@id":"https:\/\/aeronoticias.com.pe\/noticiero\/transporte-aereo\/internacional\/video-expertos-se-reunen-en-madrid-para-analizar-los-sistemas-de-notificacion-de-sucesos-de-aviacion\/#breadcrumb"},"inLanguage":"es","potentialAction":[{"@type":"ReadAction","target":["https:\/\/aeronoticias.com.pe\/noticiero\/transporte-aereo\/internacional\/video-expertos-se-reunen-en-madrid-para-analizar-los-sistemas-de-notificacion-de-sucesos-de-aviacion\/"]}]},{"@type":"BreadcrumbList","@id":"https:\/\/aeronoticias.com.pe\/noticiero\/transporte-aereo\/internacional\/video-expertos-se-reunen-en-madrid-para-analizar-los-sistemas-de-notificacion-de-sucesos-de-aviacion\/#breadcrumb","itemListElement":[{"@type":"ListItem","position":1,"name":"Portada","item":"https:\/\/aeronoticias.com.pe\/noticiero\/"},{"@type":"ListItem","position":2,"name":"VIDEO | Expertos se re\u00fanen en Madrid para analizar los sistemas de notificaci\u00f3n de sucesos de aviaci\u00f3n"}]},{"@type":"WebSite","@id":"https:\/\/aeronoticias.com.pe\/noticiero\/#website","url":"https:\/\/aeronoticias.com.pe\/noticiero\/","name":"Aeronoticias.com.pe","description":"Noticias de tranporte aereo, turismo, hoteles, gastronomia, actualidad, internacional","potentialAction":[{"@type":"SearchAction","target":{"@type":"EntryPoint","urlTemplate":"https:\/\/aeronoticias.com.pe\/noticiero\/?s={search_term_string}"},"query-input":{"@type":"PropertyValueSpecification","valueRequired":true,"valueName":"search_term_string"}}],"inLanguage":"es"},{"@type":"Person","@id":"https:\/\/aeronoticias.com.pe\/noticiero\/#\/schema\/person\/fc1e5d578f4b62ba1cf7ac2bba1170a0","name":"Redacci\u00f3n Aeronoticias","url":"https:\/\/aeronoticias.com.pe\/noticiero\/author\/piloto\/"}]}},"_links":{"self":[{"href":"https:\/\/aeronoticias.com.pe\/noticiero\/wp-json\/wp\/v2\/posts\/41604","targetHints":{"allow":["GET"]}}],"collection":[{"href":"https:\/\/aeronoticias.com.pe\/noticiero\/wp-json\/wp\/v2\/posts"}],"about":[{"href":"https:\/\/aeronoticias.com.pe\/noticiero\/wp-json\/wp\/v2\/types\/post"}],"author":[{"embeddable":true,"href":"https:\/\/aeronoticias.com.pe\/noticiero\/wp-json\/wp\/v2\/users\/1"}],"replies":[{"embeddable":true,"href":"https:\/\/aeronoticias.com.pe\/noticiero\/wp-json\/wp\/v2\/comments?post=41604"}],"version-history":[{"count":0,"href":"https:\/\/aeronoticias.com.pe\/noticiero\/wp-json\/wp\/v2\/posts\/41604\/revisions"}],"wp:attachment":[{"href":"https:\/\/aeronoticias.com.pe\/noticiero\/wp-json\/wp\/v2\/media?parent=41604"}],"wp:term":[{"taxonomy":"category","embeddable":true,"href":"https:\/\/aeronoticias.com.pe\/noticiero\/wp-json\/wp\/v2\/categories?post=41604"},{"taxonomy":"post_tag","embeddable":true,"href":"https:\/\/aeronoticias.com.pe\/noticiero\/wp-json\/wp\/v2\/tags?post=41604"}],"curies":[{"name":"wp","href":"https:\/\/api.w.org\/{rel}","templated":true}]}}