{"id":41606,"date":"2013-11-12T14:47:26","date_gmt":"2013-11-12T14:47:26","guid":{"rendered":"http:\/\/desarrollo.mcvicious.com\/aero2020\/2013\/11\/12\/embajador-venezolano-acude-a-la-cancilleria-de-mexico-despues-de-ser-convocado-el-sabado-pasado-para-dialogo-sobre-avion\/"},"modified":"2013-11-12T14:47:26","modified_gmt":"2013-11-12T14:47:26","slug":"embajador-venezolano-acude-a-la-cancilleria-de-mexico-despues-de-ser-convocado-el-sabado-pasado-para-dialogo-sobre-avion","status":"publish","type":"post","link":"https:\/\/aeronoticias.com.pe\/noticiero\/transporte-aereo\/internacional\/embajador-venezolano-acude-a-la-cancilleria-de-mexico-despues-de-ser-convocado-el-sabado-pasado-para-dialogo-sobre-avion\/","title":{"rendered":"Embajador venezolano acude a la canciller\u00eda de M\u00e9xico despu\u00e9s de ser convocado el s\u00e1bado pasado para dialogo sobre avi\u00f3n"},"content":{"rendered":"<p style=\"text-align: justify;\"><strong>(Aeronoticias)<\/strong>.-El embajador de Venezuela en M\u00e9xico, Hugo Jos\u00e9 Garc\u00eda, concurri\u00f3 hoy a la canciller\u00eda mexicana despu\u00e9s de que fuera convocado el s\u00e1bado pasado por el incidente de un avi\u00f3n mexicano que fue destruido en ese pa\u00eds suramericano, seg\u00fan fuentes diplom\u00e1ticas.<\/p>\n<p style=\"text-align: justify;\">Fuentes de la embajada venezolana dijeron a Efe que el representante de ese pa\u00eds acudi\u00f3 esta ma\u00f1ana a la sede de la Secretar\u00eda de Relaciones Exteriores (SRE), pero evitaron precisar detalles sobre lo conversado y con qu\u00e9 alto funcionario se reuni\u00f3.<\/p>\n<p style=\"text-align: justify;\">Sin embargo, las fuentes dijeron que el tema se est\u00e1 manejando \u00abal m\u00e1s alto nivel\u00bb.<\/p>\n<p style=\"text-align: justify;\">Horas m\u00e1s tarde, la SRE inform\u00f3 en un comunicado que el embajador venezolano fue recibido por el canciller mexicano Jos\u00e9 Antonio Meade, quien le expuso que M\u00e9xico \u00ababoga por el esclarecimiento del referido caso en pleno uso de su soberan\u00eda y en apego al derecho internacional\u00bb.<\/p>\n<p style=\"text-align: justify;\">Meade le reiter\u00f3 al embajador que M\u00e9xico coincide con Venezuela en \u00abresolver los principales retos que enfrenta la regi\u00f3n bajo el principio de la colaboraci\u00f3n y la responsabilidad compartida\u00bb.<\/p>\n<p style=\"text-align: justify;\">Por tal motivo le inst\u00f3 a compartir con las autoridades mexicanas la informaci\u00f3n sobre el incidente para deslindar las responsabilidades a las que haya lugar.<\/p>\n<p style=\"text-align: justify;\">\u00a0<\/p>\n<p style=\"text-align: justify;\">Fuente:<strong> Proceso<\/strong><\/p>\n<p style=\"text-align: justify;\">Foto: <strong>Noticierovenevision<\/strong><\/p>\n","protected":false},"excerpt":{"rendered":"<p>(Aeronoticias).-El embajador de Venezuela en M\u00e9xico, Hugo Jos\u00e9 Garc\u00eda, concurri\u00f3 hoy a la canciller\u00eda mexicana despu\u00e9s de que fuera convocado el s\u00e1bado pasado por el incidente de un avi\u00f3n mexicano que fue destruido en ese pa\u00eds suramericano, seg\u00fan fuentes diplom\u00e1ticas. Fuentes de la embajada venezolana dijeron a Efe que el representante de ese pa\u00eds acudi\u00f3 [&hellip;]<\/p>\n","protected":false},"author":1,"featured_media":0,"comment_status":"open","ping_status":"open","sticky":false,"template":"","format":"standard","meta":{"tdm_status":"","tdm_grid_status":"","footnotes":""},"categories":[32],"tags":[],"class_list":{"0":"post-41606","1":"post","2":"type-post","3":"status-publish","4":"format-standard","6":"category-internacional"},"yoast_head":"<!-- This site is optimized with the Yoast SEO plugin v25.1 - https:\/\/yoast.com\/wordpress\/plugins\/seo\/ -->\n<title>Embajador venezolano acude a la canciller\u00eda de M\u00e9xico despu\u00e9s de ser convocado el s\u00e1bado pasado para dialogo sobre avi\u00f3n<\/title>\n<meta name=\"description\" content=\"Portal de noticias del Per\u00fa sobre el transporte a\u00e9reo, aviaci\u00f3n, turismo, hoteleria, actualidad.\" \/>\n<meta name=\"robots\" content=\"index, follow, max-snippet:-1, max-image-preview:large, max-video-preview:-1\" \/>\n<link rel=\"canonical\" href=\"https:\/\/aeronoticias.com.pe\/noticiero\/transporte-aereo\/internacional\/embajador-venezolano-acude-a-la-cancilleria-de-mexico-despues-de-ser-convocado-el-sabado-pasado-para-dialogo-sobre-avion\/\" \/>\n<meta property=\"og:locale\" content=\"es_ES\" \/>\n<meta property=\"og:type\" content=\"article\" \/>\n<meta property=\"og:title\" content=\"Embajador venezolano acude a la canciller\u00eda de M\u00e9xico despu\u00e9s de ser convocado el s\u00e1bado pasado para dialogo sobre avi\u00f3n\" \/>\n<meta property=\"og:description\" content=\"Portal de noticias del Per\u00fa sobre el transporte a\u00e9reo, aviaci\u00f3n, turismo, hoteleria, actualidad.\" \/>\n<meta property=\"og:url\" content=\"https:\/\/aeronoticias.com.pe\/noticiero\/transporte-aereo\/internacional\/embajador-venezolano-acude-a-la-cancilleria-de-mexico-despues-de-ser-convocado-el-sabado-pasado-para-dialogo-sobre-avion\/\" \/>\n<meta property=\"og:site_name\" content=\"Aeronoticias.com.pe\" \/>\n<meta property=\"article:publisher\" content=\"https:\/\/www.facebook.com\/Aeronoticias.com.pe\/\" \/>\n<meta property=\"article:published_time\" content=\"2013-11-12T14:47:26+00:00\" \/>\n<meta name=\"author\" content=\"Redacci\u00f3n Aeronoticias\" \/>\n<meta name=\"twitter:card\" content=\"summary_large_image\" \/>\n<meta name=\"twitter:creator\" content=\"@aeronoticias\" \/>\n<meta name=\"twitter:site\" content=\"@aeronoticias\" \/>\n<meta name=\"twitter:label1\" content=\"Escrito por\" \/>\n\t<meta name=\"twitter:data1\" content=\"Redacci\u00f3n Aeronoticias\" \/>\n\t<meta name=\"twitter:label2\" content=\"Tiempo de lectura\" \/>\n\t<meta name=\"twitter:data2\" content=\"1 minuto\" \/>\n<script type=\"application\/ld+json\" class=\"yoast-schema-graph\">{\"@context\":\"https:\/\/schema.org\",\"@graph\":[{\"@type\":\"WebPage\",\"@id\":\"https:\/\/aeronoticias.com.pe\/noticiero\/transporte-aereo\/internacional\/embajador-venezolano-acude-a-la-cancilleria-de-mexico-despues-de-ser-convocado-el-sabado-pasado-para-dialogo-sobre-avion\/\",\"url\":\"https:\/\/aeronoticias.com.pe\/noticiero\/transporte-aereo\/internacional\/embajador-venezolano-acude-a-la-cancilleria-de-mexico-despues-de-ser-convocado-el-sabado-pasado-para-dialogo-sobre-avion\/\",\"name\":\"Embajador venezolano acude a la canciller\u00eda de M\u00e9xico despu\u00e9s de ser convocado el s\u00e1bado pasado para dialogo sobre avi\u00f3n\",\"isPartOf\":{\"@id\":\"https:\/\/aeronoticias.com.pe\/noticiero\/#website\"},\"datePublished\":\"2013-11-12T14:47:26+00:00\",\"author\":{\"@id\":\"https:\/\/aeronoticias.com.pe\/noticiero\/#\/schema\/person\/fc1e5d578f4b62ba1cf7ac2bba1170a0\"},\"description\":\"Portal de noticias del Per\u00fa sobre el transporte a\u00e9reo, aviaci\u00f3n, turismo, hoteleria, actualidad.\",\"breadcrumb\":{\"@id\":\"https:\/\/aeronoticias.com.pe\/noticiero\/transporte-aereo\/internacional\/embajador-venezolano-acude-a-la-cancilleria-de-mexico-despues-de-ser-convocado-el-sabado-pasado-para-dialogo-sobre-avion\/#breadcrumb\"},\"inLanguage\":\"es\",\"potentialAction\":[{\"@type\":\"ReadAction\",\"target\":[\"https:\/\/aeronoticias.com.pe\/noticiero\/transporte-aereo\/internacional\/embajador-venezolano-acude-a-la-cancilleria-de-mexico-despues-de-ser-convocado-el-sabado-pasado-para-dialogo-sobre-avion\/\"]}]},{\"@type\":\"BreadcrumbList\",\"@id\":\"https:\/\/aeronoticias.com.pe\/noticiero\/transporte-aereo\/internacional\/embajador-venezolano-acude-a-la-cancilleria-de-mexico-despues-de-ser-convocado-el-sabado-pasado-para-dialogo-sobre-avion\/#breadcrumb\",\"itemListElement\":[{\"@type\":\"ListItem\",\"position\":1,\"name\":\"Portada\",\"item\":\"https:\/\/aeronoticias.com.pe\/noticiero\/\"},{\"@type\":\"ListItem\",\"position\":2,\"name\":\"Embajador venezolano acude a la canciller\u00eda de M\u00e9xico despu\u00e9s de ser convocado el s\u00e1bado pasado para dialogo sobre avi\u00f3n\"}]},{\"@type\":\"WebSite\",\"@id\":\"https:\/\/aeronoticias.com.pe\/noticiero\/#website\",\"url\":\"https:\/\/aeronoticias.com.pe\/noticiero\/\",\"name\":\"Aeronoticias.com.pe\",\"description\":\"Noticias de tranporte aereo, turismo, hoteles, gastronomia, actualidad, internacional\",\"potentialAction\":[{\"@type\":\"SearchAction\",\"target\":{\"@type\":\"EntryPoint\",\"urlTemplate\":\"https:\/\/aeronoticias.com.pe\/noticiero\/?s={search_term_string}\"},\"query-input\":{\"@type\":\"PropertyValueSpecification\",\"valueRequired\":true,\"valueName\":\"search_term_string\"}}],\"inLanguage\":\"es\"},{\"@type\":\"Person\",\"@id\":\"https:\/\/aeronoticias.com.pe\/noticiero\/#\/schema\/person\/fc1e5d578f4b62ba1cf7ac2bba1170a0\",\"name\":\"Redacci\u00f3n Aeronoticias\",\"url\":\"https:\/\/aeronoticias.com.pe\/noticiero\/author\/piloto\/\"}]}<\/script>\n<!-- \/ Yoast SEO plugin. -->","yoast_head_json":{"title":"Embajador venezolano acude a la canciller\u00eda de M\u00e9xico despu\u00e9s de ser convocado el s\u00e1bado pasado para dialogo sobre avi\u00f3n","description":"Portal de noticias del Per\u00fa sobre el transporte a\u00e9reo, aviaci\u00f3n, turismo, hoteleria, actualidad.","robots":{"index":"index","follow":"follow","max-snippet":"max-snippet:-1","max-image-preview":"max-image-preview:large","max-video-preview":"max-video-preview:-1"},"canonical":"https:\/\/aeronoticias.com.pe\/noticiero\/transporte-aereo\/internacional\/embajador-venezolano-acude-a-la-cancilleria-de-mexico-despues-de-ser-convocado-el-sabado-pasado-para-dialogo-sobre-avion\/","og_locale":"es_ES","og_type":"article","og_title":"Embajador venezolano acude a la canciller\u00eda de M\u00e9xico despu\u00e9s de ser convocado el s\u00e1bado pasado para dialogo sobre avi\u00f3n","og_description":"Portal de noticias del Per\u00fa sobre el transporte a\u00e9reo, aviaci\u00f3n, turismo, hoteleria, actualidad.","og_url":"https:\/\/aeronoticias.com.pe\/noticiero\/transporte-aereo\/internacional\/embajador-venezolano-acude-a-la-cancilleria-de-mexico-despues-de-ser-convocado-el-sabado-pasado-para-dialogo-sobre-avion\/","og_site_name":"Aeronoticias.com.pe","article_publisher":"https:\/\/www.facebook.com\/Aeronoticias.com.pe\/","article_published_time":"2013-11-12T14:47:26+00:00","author":"Redacci\u00f3n Aeronoticias","twitter_card":"summary_large_image","twitter_creator":"@aeronoticias","twitter_site":"@aeronoticias","twitter_misc":{"Escrito por":"Redacci\u00f3n Aeronoticias","Tiempo de lectura":"1 minuto"},"schema":{"@context":"https:\/\/schema.org","@graph":[{"@type":"WebPage","@id":"https:\/\/aeronoticias.com.pe\/noticiero\/transporte-aereo\/internacional\/embajador-venezolano-acude-a-la-cancilleria-de-mexico-despues-de-ser-convocado-el-sabado-pasado-para-dialogo-sobre-avion\/","url":"https:\/\/aeronoticias.com.pe\/noticiero\/transporte-aereo\/internacional\/embajador-venezolano-acude-a-la-cancilleria-de-mexico-despues-de-ser-convocado-el-sabado-pasado-para-dialogo-sobre-avion\/","name":"Embajador venezolano acude a la canciller\u00eda de M\u00e9xico despu\u00e9s de ser convocado el s\u00e1bado pasado para dialogo sobre avi\u00f3n","isPartOf":{"@id":"https:\/\/aeronoticias.com.pe\/noticiero\/#website"},"datePublished":"2013-11-12T14:47:26+00:00","author":{"@id":"https:\/\/aeronoticias.com.pe\/noticiero\/#\/schema\/person\/fc1e5d578f4b62ba1cf7ac2bba1170a0"},"description":"Portal de noticias del Per\u00fa sobre el transporte a\u00e9reo, aviaci\u00f3n, turismo, hoteleria, actualidad.","breadcrumb":{"@id":"https:\/\/aeronoticias.com.pe\/noticiero\/transporte-aereo\/internacional\/embajador-venezolano-acude-a-la-cancilleria-de-mexico-despues-de-ser-convocado-el-sabado-pasado-para-dialogo-sobre-avion\/#breadcrumb"},"inLanguage":"es","potentialAction":[{"@type":"ReadAction","target":["https:\/\/aeronoticias.com.pe\/noticiero\/transporte-aereo\/internacional\/embajador-venezolano-acude-a-la-cancilleria-de-mexico-despues-de-ser-convocado-el-sabado-pasado-para-dialogo-sobre-avion\/"]}]},{"@type":"BreadcrumbList","@id":"https:\/\/aeronoticias.com.pe\/noticiero\/transporte-aereo\/internacional\/embajador-venezolano-acude-a-la-cancilleria-de-mexico-despues-de-ser-convocado-el-sabado-pasado-para-dialogo-sobre-avion\/#breadcrumb","itemListElement":[{"@type":"ListItem","position":1,"name":"Portada","item":"https:\/\/aeronoticias.com.pe\/noticiero\/"},{"@type":"ListItem","position":2,"name":"Embajador venezolano acude a la canciller\u00eda de M\u00e9xico despu\u00e9s de ser convocado el s\u00e1bado pasado para dialogo sobre avi\u00f3n"}]},{"@type":"WebSite","@id":"https:\/\/aeronoticias.com.pe\/noticiero\/#website","url":"https:\/\/aeronoticias.com.pe\/noticiero\/","name":"Aeronoticias.com.pe","description":"Noticias de tranporte aereo, turismo, hoteles, gastronomia, actualidad, internacional","potentialAction":[{"@type":"SearchAction","target":{"@type":"EntryPoint","urlTemplate":"https:\/\/aeronoticias.com.pe\/noticiero\/?s={search_term_string}"},"query-input":{"@type":"PropertyValueSpecification","valueRequired":true,"valueName":"search_term_string"}}],"inLanguage":"es"},{"@type":"Person","@id":"https:\/\/aeronoticias.com.pe\/noticiero\/#\/schema\/person\/fc1e5d578f4b62ba1cf7ac2bba1170a0","name":"Redacci\u00f3n Aeronoticias","url":"https:\/\/aeronoticias.com.pe\/noticiero\/author\/piloto\/"}]}},"_links":{"self":[{"href":"https:\/\/aeronoticias.com.pe\/noticiero\/wp-json\/wp\/v2\/posts\/41606","targetHints":{"allow":["GET"]}}],"collection":[{"href":"https:\/\/aeronoticias.com.pe\/noticiero\/wp-json\/wp\/v2\/posts"}],"about":[{"href":"https:\/\/aeronoticias.com.pe\/noticiero\/wp-json\/wp\/v2\/types\/post"}],"author":[{"embeddable":true,"href":"https:\/\/aeronoticias.com.pe\/noticiero\/wp-json\/wp\/v2\/users\/1"}],"replies":[{"embeddable":true,"href":"https:\/\/aeronoticias.com.pe\/noticiero\/wp-json\/wp\/v2\/comments?post=41606"}],"version-history":[{"count":0,"href":"https:\/\/aeronoticias.com.pe\/noticiero\/wp-json\/wp\/v2\/posts\/41606\/revisions"}],"wp:attachment":[{"href":"https:\/\/aeronoticias.com.pe\/noticiero\/wp-json\/wp\/v2\/media?parent=41606"}],"wp:term":[{"taxonomy":"category","embeddable":true,"href":"https:\/\/aeronoticias.com.pe\/noticiero\/wp-json\/wp\/v2\/categories?post=41606"},{"taxonomy":"post_tag","embeddable":true,"href":"https:\/\/aeronoticias.com.pe\/noticiero\/wp-json\/wp\/v2\/tags?post=41606"}],"curies":[{"name":"wp","href":"https:\/\/api.w.org\/{rel}","templated":true}]}}