{"id":41608,"date":"2013-11-12T15:33:24","date_gmt":"2013-11-12T15:33:24","guid":{"rendered":"http:\/\/desarrollo.mcvicious.com\/aero2020\/2013\/11\/12\/la-itp-es-galardonada-con-el-premio-suministrador-sostenible-de-pratt-a-whitney-canada-2013\/"},"modified":"2013-11-12T15:33:24","modified_gmt":"2013-11-12T15:33:24","slug":"la-itp-es-galardonada-con-el-premio-suministrador-sostenible-de-pratt-a-whitney-canada-2013","status":"publish","type":"post","link":"https:\/\/aeronoticias.com.pe\/noticiero\/transporte-aereo\/internacional\/la-itp-es-galardonada-con-el-premio-suministrador-sostenible-de-pratt-a-whitney-canada-2013\/","title":{"rendered":"La ITP es galardonada con el premio suministrador sostenible de Pratt &#038; Whitney Canad\u00e1 2013"},"content":{"rendered":"<p style=\"text-align: justify;\"><strong>(Aeronoticias)<\/strong>.-ITP ha sido galardonada con el premio al suministrador sostenible por la empresa motorista aeron\u00e1utica Pratt &amp; Whitney Canad\u00e1 en la celebraci\u00f3n de su edici\u00f3n 28 del Supplier Event, evento celebrado en Montreal.<\/p>\n<p style=\"text-align: justify;\">El premio se enmarca dentro de la iniciativa denominada 2028 Sustainability vision P&amp;W que, entre otros objetivos, promueve una reducci\u00f3n de emisiones del 50% de los productos de Pratt &amp; Whitney para dicho a\u00f1o. Al premio se han presentado 65 suministradores\/socios de la compa\u00f1\u00eda canadiense.<\/p>\n<p style=\"text-align: justify;\">Para ITP, desde sus inicios en los a\u00f1os 90, el medio ambiente ha sido un factor de competitividad y por ello se han ido incorporando criterios de prevenci\u00f3n y control ambiental en todas las actividades y \u00e1reas de la compa\u00f1\u00eda, abarcando todo el ciclo de vida del producto: el dise\u00f1o, la fabricaci\u00f3n y el mantenimiento. Este compromiso se materializa en dise\u00f1ar productos m\u00e1s eficientes, con las que se logra reducir el consumo de combustible y las emisiones de CO2 a lo largo de la vida del motor, desarrollando adem\u00e1s procesos productivos respetuosos con el medio ambiente para su fabricaci\u00f3n y mantenimiento, que permite a su vez reducir el impacto ambiental de los centros de trabajo.<\/p>\n<p style=\"text-align: justify;\"><span style=\"text-decoration: underline;\">Inversi\u00f3n en I+D<\/span><\/p>\n<p style=\"text-align: justify;\">Este compromiso es clave para el negocio, ya que en el mercado que opera ITP la reducci\u00f3n de las emisiones de gases de efecto invernadero y la mejora de otros aspectos ambientales, como el ruido, son factores de competitividad. Por ello, el 42% de la inversi\u00f3n de ITP en I+D en 2012, que ascendi\u00f3 a 49,5 millones de euros, correspondi\u00f3 a proyectos con objetivos de mejora de aspectos ambientales de productos o procesos, orientados a la mejora de consumo, eficiencia, peso y ruido emitidos.<\/p>\n<p style=\"text-align: justify;\"><span style=\"text-decoration: underline;\">Nuevos certificados<\/span><\/p>\n<p style=\"text-align: justify;\">En el pasado ejercicio, ITP consigui\u00f3 nuevos certificados seg\u00fan la norma internacional ISO 14001 en los centros de Quer\u00e9taro (M\u00e9xico) y Albacete. El Centro de Quer\u00e9taro (M\u00e9xico) abarca, adem\u00e1s, tres sociedades: ITP Ingenier\u00eda y Fabricaci\u00f3n, ITAM y Turborreactores. Estos nuevos certificados se unen a los existentes en ITP (Ajalvir, San Fernando y Zamudio), PCB e ITP UK, consigui\u00e9ndose as\u00ed que la mayor\u00eda de los centros productivos del Grupo ITP cuenten con sistemas de gesti\u00f3n ambiental certificados externamente.<\/p>\n<p style=\"text-align: justify;\">\u00a0<\/p>\n<p style=\"text-align: justify;\">Fuente: <strong>Aerotendencias<\/strong><\/p>\n<p style=\"text-align: justify;\">Foto:<strong> canadianaviationnews<\/strong><\/p>\n","protected":false},"excerpt":{"rendered":"<p>(Aeronoticias).-ITP ha sido galardonada con el premio al suministrador sostenible por la empresa motorista aeron\u00e1utica Pratt &amp; Whitney Canad\u00e1 en la celebraci\u00f3n de su edici\u00f3n 28 del Supplier Event, evento celebrado en Montreal. El premio se enmarca dentro de la iniciativa denominada 2028 Sustainability vision P&amp;W que, entre otros objetivos, promueve una reducci\u00f3n de emisiones [&hellip;]<\/p>\n","protected":false},"author":1,"featured_media":0,"comment_status":"open","ping_status":"open","sticky":false,"template":"","format":"standard","meta":{"tdm_status":"","tdm_grid_status":"","footnotes":""},"categories":[32],"tags":[],"class_list":{"0":"post-41608","1":"post","2":"type-post","3":"status-publish","4":"format-standard","6":"category-internacional"},"yoast_head":"<!-- This site is optimized with the Yoast SEO plugin v25.1 - https:\/\/yoast.com\/wordpress\/plugins\/seo\/ -->\n<title>La ITP es galardonada con el premio suministrador sostenible de Pratt &amp; Whitney Canad\u00e1 2013<\/title>\n<meta name=\"description\" content=\"Portal de noticias del Per\u00fa sobre el transporte a\u00e9reo, aviaci\u00f3n, turismo, hoteleria, actualidad.\" \/>\n<meta name=\"robots\" content=\"index, follow, max-snippet:-1, max-image-preview:large, max-video-preview:-1\" \/>\n<link rel=\"canonical\" href=\"https:\/\/aeronoticias.com.pe\/noticiero\/transporte-aereo\/internacional\/la-itp-es-galardonada-con-el-premio-suministrador-sostenible-de-pratt-a-whitney-canada-2013\/\" \/>\n<meta property=\"og:locale\" content=\"es_ES\" \/>\n<meta property=\"og:type\" content=\"article\" \/>\n<meta property=\"og:title\" content=\"La ITP es galardonada con el premio suministrador sostenible de Pratt &amp; Whitney Canad\u00e1 2013\" \/>\n<meta property=\"og:description\" content=\"Portal de noticias del Per\u00fa sobre el transporte a\u00e9reo, aviaci\u00f3n, turismo, hoteleria, actualidad.\" \/>\n<meta property=\"og:url\" content=\"https:\/\/aeronoticias.com.pe\/noticiero\/transporte-aereo\/internacional\/la-itp-es-galardonada-con-el-premio-suministrador-sostenible-de-pratt-a-whitney-canada-2013\/\" \/>\n<meta property=\"og:site_name\" content=\"Aeronoticias.com.pe\" \/>\n<meta property=\"article:publisher\" content=\"https:\/\/www.facebook.com\/Aeronoticias.com.pe\/\" \/>\n<meta property=\"article:published_time\" content=\"2013-11-12T15:33:24+00:00\" \/>\n<meta name=\"author\" content=\"Redacci\u00f3n Aeronoticias\" \/>\n<meta name=\"twitter:card\" content=\"summary_large_image\" \/>\n<meta name=\"twitter:creator\" content=\"@aeronoticias\" \/>\n<meta name=\"twitter:site\" content=\"@aeronoticias\" \/>\n<meta name=\"twitter:label1\" content=\"Escrito por\" \/>\n\t<meta name=\"twitter:data1\" content=\"Redacci\u00f3n Aeronoticias\" \/>\n\t<meta name=\"twitter:label2\" content=\"Tiempo de lectura\" \/>\n\t<meta name=\"twitter:data2\" content=\"2 minutos\" \/>\n<script type=\"application\/ld+json\" class=\"yoast-schema-graph\">{\"@context\":\"https:\/\/schema.org\",\"@graph\":[{\"@type\":\"WebPage\",\"@id\":\"https:\/\/aeronoticias.com.pe\/noticiero\/transporte-aereo\/internacional\/la-itp-es-galardonada-con-el-premio-suministrador-sostenible-de-pratt-a-whitney-canada-2013\/\",\"url\":\"https:\/\/aeronoticias.com.pe\/noticiero\/transporte-aereo\/internacional\/la-itp-es-galardonada-con-el-premio-suministrador-sostenible-de-pratt-a-whitney-canada-2013\/\",\"name\":\"La ITP es galardonada con el premio suministrador sostenible de Pratt & Whitney Canad\u00e1 2013\",\"isPartOf\":{\"@id\":\"https:\/\/aeronoticias.com.pe\/noticiero\/#website\"},\"datePublished\":\"2013-11-12T15:33:24+00:00\",\"author\":{\"@id\":\"https:\/\/aeronoticias.com.pe\/noticiero\/#\/schema\/person\/fc1e5d578f4b62ba1cf7ac2bba1170a0\"},\"description\":\"Portal de noticias del Per\u00fa sobre el transporte a\u00e9reo, aviaci\u00f3n, turismo, hoteleria, actualidad.\",\"breadcrumb\":{\"@id\":\"https:\/\/aeronoticias.com.pe\/noticiero\/transporte-aereo\/internacional\/la-itp-es-galardonada-con-el-premio-suministrador-sostenible-de-pratt-a-whitney-canada-2013\/#breadcrumb\"},\"inLanguage\":\"es\",\"potentialAction\":[{\"@type\":\"ReadAction\",\"target\":[\"https:\/\/aeronoticias.com.pe\/noticiero\/transporte-aereo\/internacional\/la-itp-es-galardonada-con-el-premio-suministrador-sostenible-de-pratt-a-whitney-canada-2013\/\"]}]},{\"@type\":\"BreadcrumbList\",\"@id\":\"https:\/\/aeronoticias.com.pe\/noticiero\/transporte-aereo\/internacional\/la-itp-es-galardonada-con-el-premio-suministrador-sostenible-de-pratt-a-whitney-canada-2013\/#breadcrumb\",\"itemListElement\":[{\"@type\":\"ListItem\",\"position\":1,\"name\":\"Portada\",\"item\":\"https:\/\/aeronoticias.com.pe\/noticiero\/\"},{\"@type\":\"ListItem\",\"position\":2,\"name\":\"La ITP es galardonada con el premio suministrador sostenible de Pratt &#038; Whitney Canad\u00e1 2013\"}]},{\"@type\":\"WebSite\",\"@id\":\"https:\/\/aeronoticias.com.pe\/noticiero\/#website\",\"url\":\"https:\/\/aeronoticias.com.pe\/noticiero\/\",\"name\":\"Aeronoticias.com.pe\",\"description\":\"Noticias de tranporte aereo, turismo, hoteles, gastronomia, actualidad, internacional\",\"potentialAction\":[{\"@type\":\"SearchAction\",\"target\":{\"@type\":\"EntryPoint\",\"urlTemplate\":\"https:\/\/aeronoticias.com.pe\/noticiero\/?s={search_term_string}\"},\"query-input\":{\"@type\":\"PropertyValueSpecification\",\"valueRequired\":true,\"valueName\":\"search_term_string\"}}],\"inLanguage\":\"es\"},{\"@type\":\"Person\",\"@id\":\"https:\/\/aeronoticias.com.pe\/noticiero\/#\/schema\/person\/fc1e5d578f4b62ba1cf7ac2bba1170a0\",\"name\":\"Redacci\u00f3n Aeronoticias\",\"url\":\"https:\/\/aeronoticias.com.pe\/noticiero\/author\/piloto\/\"}]}<\/script>\n<!-- \/ Yoast SEO plugin. -->","yoast_head_json":{"title":"La ITP es galardonada con el premio suministrador sostenible de Pratt & Whitney Canad\u00e1 2013","description":"Portal de noticias del Per\u00fa sobre el transporte a\u00e9reo, aviaci\u00f3n, turismo, hoteleria, actualidad.","robots":{"index":"index","follow":"follow","max-snippet":"max-snippet:-1","max-image-preview":"max-image-preview:large","max-video-preview":"max-video-preview:-1"},"canonical":"https:\/\/aeronoticias.com.pe\/noticiero\/transporte-aereo\/internacional\/la-itp-es-galardonada-con-el-premio-suministrador-sostenible-de-pratt-a-whitney-canada-2013\/","og_locale":"es_ES","og_type":"article","og_title":"La ITP es galardonada con el premio suministrador sostenible de Pratt & Whitney Canad\u00e1 2013","og_description":"Portal de noticias del Per\u00fa sobre el transporte a\u00e9reo, aviaci\u00f3n, turismo, hoteleria, actualidad.","og_url":"https:\/\/aeronoticias.com.pe\/noticiero\/transporte-aereo\/internacional\/la-itp-es-galardonada-con-el-premio-suministrador-sostenible-de-pratt-a-whitney-canada-2013\/","og_site_name":"Aeronoticias.com.pe","article_publisher":"https:\/\/www.facebook.com\/Aeronoticias.com.pe\/","article_published_time":"2013-11-12T15:33:24+00:00","author":"Redacci\u00f3n Aeronoticias","twitter_card":"summary_large_image","twitter_creator":"@aeronoticias","twitter_site":"@aeronoticias","twitter_misc":{"Escrito por":"Redacci\u00f3n Aeronoticias","Tiempo de lectura":"2 minutos"},"schema":{"@context":"https:\/\/schema.org","@graph":[{"@type":"WebPage","@id":"https:\/\/aeronoticias.com.pe\/noticiero\/transporte-aereo\/internacional\/la-itp-es-galardonada-con-el-premio-suministrador-sostenible-de-pratt-a-whitney-canada-2013\/","url":"https:\/\/aeronoticias.com.pe\/noticiero\/transporte-aereo\/internacional\/la-itp-es-galardonada-con-el-premio-suministrador-sostenible-de-pratt-a-whitney-canada-2013\/","name":"La ITP es galardonada con el premio suministrador sostenible de Pratt & Whitney Canad\u00e1 2013","isPartOf":{"@id":"https:\/\/aeronoticias.com.pe\/noticiero\/#website"},"datePublished":"2013-11-12T15:33:24+00:00","author":{"@id":"https:\/\/aeronoticias.com.pe\/noticiero\/#\/schema\/person\/fc1e5d578f4b62ba1cf7ac2bba1170a0"},"description":"Portal de noticias del Per\u00fa sobre el transporte a\u00e9reo, aviaci\u00f3n, turismo, hoteleria, actualidad.","breadcrumb":{"@id":"https:\/\/aeronoticias.com.pe\/noticiero\/transporte-aereo\/internacional\/la-itp-es-galardonada-con-el-premio-suministrador-sostenible-de-pratt-a-whitney-canada-2013\/#breadcrumb"},"inLanguage":"es","potentialAction":[{"@type":"ReadAction","target":["https:\/\/aeronoticias.com.pe\/noticiero\/transporte-aereo\/internacional\/la-itp-es-galardonada-con-el-premio-suministrador-sostenible-de-pratt-a-whitney-canada-2013\/"]}]},{"@type":"BreadcrumbList","@id":"https:\/\/aeronoticias.com.pe\/noticiero\/transporte-aereo\/internacional\/la-itp-es-galardonada-con-el-premio-suministrador-sostenible-de-pratt-a-whitney-canada-2013\/#breadcrumb","itemListElement":[{"@type":"ListItem","position":1,"name":"Portada","item":"https:\/\/aeronoticias.com.pe\/noticiero\/"},{"@type":"ListItem","position":2,"name":"La ITP es galardonada con el premio suministrador sostenible de Pratt &#038; Whitney Canad\u00e1 2013"}]},{"@type":"WebSite","@id":"https:\/\/aeronoticias.com.pe\/noticiero\/#website","url":"https:\/\/aeronoticias.com.pe\/noticiero\/","name":"Aeronoticias.com.pe","description":"Noticias de tranporte aereo, turismo, hoteles, gastronomia, actualidad, internacional","potentialAction":[{"@type":"SearchAction","target":{"@type":"EntryPoint","urlTemplate":"https:\/\/aeronoticias.com.pe\/noticiero\/?s={search_term_string}"},"query-input":{"@type":"PropertyValueSpecification","valueRequired":true,"valueName":"search_term_string"}}],"inLanguage":"es"},{"@type":"Person","@id":"https:\/\/aeronoticias.com.pe\/noticiero\/#\/schema\/person\/fc1e5d578f4b62ba1cf7ac2bba1170a0","name":"Redacci\u00f3n Aeronoticias","url":"https:\/\/aeronoticias.com.pe\/noticiero\/author\/piloto\/"}]}},"_links":{"self":[{"href":"https:\/\/aeronoticias.com.pe\/noticiero\/wp-json\/wp\/v2\/posts\/41608","targetHints":{"allow":["GET"]}}],"collection":[{"href":"https:\/\/aeronoticias.com.pe\/noticiero\/wp-json\/wp\/v2\/posts"}],"about":[{"href":"https:\/\/aeronoticias.com.pe\/noticiero\/wp-json\/wp\/v2\/types\/post"}],"author":[{"embeddable":true,"href":"https:\/\/aeronoticias.com.pe\/noticiero\/wp-json\/wp\/v2\/users\/1"}],"replies":[{"embeddable":true,"href":"https:\/\/aeronoticias.com.pe\/noticiero\/wp-json\/wp\/v2\/comments?post=41608"}],"version-history":[{"count":0,"href":"https:\/\/aeronoticias.com.pe\/noticiero\/wp-json\/wp\/v2\/posts\/41608\/revisions"}],"wp:attachment":[{"href":"https:\/\/aeronoticias.com.pe\/noticiero\/wp-json\/wp\/v2\/media?parent=41608"}],"wp:term":[{"taxonomy":"category","embeddable":true,"href":"https:\/\/aeronoticias.com.pe\/noticiero\/wp-json\/wp\/v2\/categories?post=41608"},{"taxonomy":"post_tag","embeddable":true,"href":"https:\/\/aeronoticias.com.pe\/noticiero\/wp-json\/wp\/v2\/tags?post=41608"}],"curies":[{"name":"wp","href":"https:\/\/api.w.org\/{rel}","templated":true}]}}