{"id":41610,"date":"2013-11-12T16:10:28","date_gmt":"2013-11-12T16:10:28","guid":{"rendered":"http:\/\/desarrollo.mcvicious.com\/aero2020\/2013\/11\/12\/continuan-los-ensayos-del-uav-sa-03-disenados-por-singular-aircraft\/"},"modified":"2013-11-12T16:10:28","modified_gmt":"2013-11-12T16:10:28","slug":"continuan-los-ensayos-del-uav-sa-03-disenados-por-singular-aircraft","status":"publish","type":"post","link":"https:\/\/aeronoticias.com.pe\/noticiero\/transporte-aereo\/internacional\/continuan-los-ensayos-del-uav-sa-03-disenados-por-singular-aircraft\/","title":{"rendered":"Contin\u00faan los ensayos del UAV SA-03 dise\u00f1ados por Singular Aircraft"},"content":{"rendered":"<p style=\"text-align: justify;\"><strong>(Aeronoticias)<\/strong>.-El programa de pruebas para el SA-03, el primer UAV de alta capacidad y para usos civiles dise\u00f1ado y construido en Espa\u00f1a, contin\u00faa seg\u00fan lo previsto. Los ensayos, que vienen realiz\u00e1ndose en la pista del aeropuerto de Lleida desde el pasado mes de mayo, est\u00e1n encaminados a comprobar la bondad de respuesta de los instrumentos y la maniobrabilidad del aparato en tierra.<\/p>\n<p style=\"text-align: justify;\">A lo largo de diversas sesiones, el equipo t\u00e9cnico y los pilotos de pruebas de Singular Aircraft han comprobado la fiabilidad del aparato en los cambios de direcci\u00f3n en tierra, la estabilidad de la aeronave, y la fiabilidad del sistema de c\u00e1maras de alta definici\u00f3n que constituyen los \u201cojos\u201d del piloto a bordo, as\u00ed como a la comprobaci\u00f3n del nuevo sistema de piloto autom\u00e1tico que incorpora la aeronave.<\/p>\n<p style=\"text-align: justify;\">Asimismo, se ha verificado la funcionalidad de la Ground Station, puesto de comando donde el operador u operadores reciben toda la informaci\u00f3n de par\u00e1metros del avi\u00f3n y ejecutan las \u00f3rdenes necesarias para el pilotaje de la aeronave.<\/p>\n<p style=\"text-align: justify;\">En las sesiones realizadas durante la pasada semana se ha llevado el avi\u00f3n hasta el l\u00edmite de velocidad que determina el despegue, 60 kt (unos 111 km\/h), demostrando una perfecta gobernabilidad a esa velocidad.<\/p>\n<p style=\"text-align: justify;\">Pr\u00f3ximamente, en una fecha a\u00fan por determinar, se llevar\u00e1n a cabo los test en medio acu\u00e1tico y finalmente el banco de pruebas en vuelo, para lo cual en breve se iniciar\u00e1n los ensayos de operatividad del piloto autom\u00e1tico.<\/p>\n<p style=\"text-align: justify;\">El SA03 es en la actualidad el mayor \u201cdrone\u201d para usos civiles en construcci\u00f3n en Espa\u00f1a, pensado en cuatro versiones: contraincendios, transporte, vigilancia y fumigaci\u00f3n. Su dise\u00f1o aplica tecnolog\u00eda desa-rrollada en la factor\u00eda de SINGULAR AIRCRAFT en Cornell\u00e0 de Llobregat (Barcelona), e innovadores m\u00e9todos de fabricaci\u00f3n que consiguen una mejora substancial en los costes de adquisici\u00f3n y operaci\u00f3n en relaci\u00f3n con otras aeronaves tripuladas a distancia o no de parecidas caracter\u00edsticas y usos.<\/p>\n<p style=\"text-align: justify;\">Fabricado en aleaci\u00f3n de aluminio aeron\u00e1utico, el SA03 dispone de capacidad para transportar hasta 2.050 kg. de carga \u00fatil con una extraordinaria autonom\u00eda, que en vuelos de vigilancia o ferry alcanza \u2013seg\u00fan configuraci\u00f3n- m\u00e1s de 60 horas ininterrumpidas. Su alcance, bajo control GPS, es de hasta 4.500 millas n\u00e1uticas (7.242 kil\u00f3metros).<\/p>\n<p style=\"text-align: justify;\">\u00a0<\/p>\n<p style=\"text-align: justify;\">Fuente: <strong>Aerotendencias<\/strong><\/p>\n<p style=\"text-align: justify;\">Foto: <strong>Singularaircraft<\/strong><\/p>\n","protected":false},"excerpt":{"rendered":"<p>(Aeronoticias).-El programa de pruebas para el SA-03, el primer UAV de alta capacidad y para usos civiles dise\u00f1ado y construido en Espa\u00f1a, contin\u00faa seg\u00fan lo previsto. Los ensayos, que vienen realiz\u00e1ndose en la pista del aeropuerto de Lleida desde el pasado mes de mayo, est\u00e1n encaminados a comprobar la bondad de respuesta de los instrumentos [&hellip;]<\/p>\n","protected":false},"author":1,"featured_media":0,"comment_status":"open","ping_status":"open","sticky":false,"template":"","format":"standard","meta":{"tdm_status":"","tdm_grid_status":"","footnotes":""},"categories":[32],"tags":[],"class_list":{"0":"post-41610","1":"post","2":"type-post","3":"status-publish","4":"format-standard","6":"category-internacional"},"yoast_head":"<!-- This site is optimized with the Yoast SEO plugin v25.1 - https:\/\/yoast.com\/wordpress\/plugins\/seo\/ -->\n<title>Contin\u00faan los ensayos del UAV SA-03 dise\u00f1ados por Singular Aircraft<\/title>\n<meta name=\"description\" content=\"Portal de noticias del Per\u00fa sobre el transporte a\u00e9reo, aviaci\u00f3n, turismo, hoteleria, actualidad.\" \/>\n<meta name=\"robots\" content=\"index, follow, max-snippet:-1, max-image-preview:large, max-video-preview:-1\" \/>\n<link rel=\"canonical\" href=\"https:\/\/aeronoticias.com.pe\/noticiero\/transporte-aereo\/internacional\/continuan-los-ensayos-del-uav-sa-03-disenados-por-singular-aircraft\/\" \/>\n<meta property=\"og:locale\" content=\"es_ES\" \/>\n<meta property=\"og:type\" content=\"article\" \/>\n<meta property=\"og:title\" content=\"Contin\u00faan los ensayos del UAV SA-03 dise\u00f1ados por Singular Aircraft\" \/>\n<meta property=\"og:description\" content=\"Portal de noticias del Per\u00fa sobre el transporte a\u00e9reo, aviaci\u00f3n, turismo, hoteleria, actualidad.\" \/>\n<meta property=\"og:url\" content=\"https:\/\/aeronoticias.com.pe\/noticiero\/transporte-aereo\/internacional\/continuan-los-ensayos-del-uav-sa-03-disenados-por-singular-aircraft\/\" \/>\n<meta property=\"og:site_name\" content=\"Aeronoticias.com.pe\" \/>\n<meta property=\"article:publisher\" content=\"https:\/\/www.facebook.com\/Aeronoticias.com.pe\/\" \/>\n<meta property=\"article:published_time\" content=\"2013-11-12T16:10:28+00:00\" \/>\n<meta name=\"author\" content=\"Redacci\u00f3n Aeronoticias\" \/>\n<meta name=\"twitter:card\" content=\"summary_large_image\" \/>\n<meta name=\"twitter:creator\" content=\"@aeronoticias\" \/>\n<meta name=\"twitter:site\" content=\"@aeronoticias\" \/>\n<meta name=\"twitter:label1\" content=\"Escrito por\" \/>\n\t<meta name=\"twitter:data1\" content=\"Redacci\u00f3n Aeronoticias\" \/>\n\t<meta name=\"twitter:label2\" content=\"Tiempo de lectura\" \/>\n\t<meta name=\"twitter:data2\" content=\"2 minutos\" \/>\n<script type=\"application\/ld+json\" class=\"yoast-schema-graph\">{\"@context\":\"https:\/\/schema.org\",\"@graph\":[{\"@type\":\"WebPage\",\"@id\":\"https:\/\/aeronoticias.com.pe\/noticiero\/transporte-aereo\/internacional\/continuan-los-ensayos-del-uav-sa-03-disenados-por-singular-aircraft\/\",\"url\":\"https:\/\/aeronoticias.com.pe\/noticiero\/transporte-aereo\/internacional\/continuan-los-ensayos-del-uav-sa-03-disenados-por-singular-aircraft\/\",\"name\":\"Contin\u00faan los ensayos del UAV SA-03 dise\u00f1ados por Singular Aircraft\",\"isPartOf\":{\"@id\":\"https:\/\/aeronoticias.com.pe\/noticiero\/#website\"},\"datePublished\":\"2013-11-12T16:10:28+00:00\",\"author\":{\"@id\":\"https:\/\/aeronoticias.com.pe\/noticiero\/#\/schema\/person\/fc1e5d578f4b62ba1cf7ac2bba1170a0\"},\"description\":\"Portal de noticias del Per\u00fa sobre el transporte a\u00e9reo, aviaci\u00f3n, turismo, hoteleria, actualidad.\",\"breadcrumb\":{\"@id\":\"https:\/\/aeronoticias.com.pe\/noticiero\/transporte-aereo\/internacional\/continuan-los-ensayos-del-uav-sa-03-disenados-por-singular-aircraft\/#breadcrumb\"},\"inLanguage\":\"es\",\"potentialAction\":[{\"@type\":\"ReadAction\",\"target\":[\"https:\/\/aeronoticias.com.pe\/noticiero\/transporte-aereo\/internacional\/continuan-los-ensayos-del-uav-sa-03-disenados-por-singular-aircraft\/\"]}]},{\"@type\":\"BreadcrumbList\",\"@id\":\"https:\/\/aeronoticias.com.pe\/noticiero\/transporte-aereo\/internacional\/continuan-los-ensayos-del-uav-sa-03-disenados-por-singular-aircraft\/#breadcrumb\",\"itemListElement\":[{\"@type\":\"ListItem\",\"position\":1,\"name\":\"Portada\",\"item\":\"https:\/\/aeronoticias.com.pe\/noticiero\/\"},{\"@type\":\"ListItem\",\"position\":2,\"name\":\"Contin\u00faan los ensayos del UAV SA-03 dise\u00f1ados por Singular Aircraft\"}]},{\"@type\":\"WebSite\",\"@id\":\"https:\/\/aeronoticias.com.pe\/noticiero\/#website\",\"url\":\"https:\/\/aeronoticias.com.pe\/noticiero\/\",\"name\":\"Aeronoticias.com.pe\",\"description\":\"Noticias de tranporte aereo, turismo, hoteles, gastronomia, actualidad, internacional\",\"potentialAction\":[{\"@type\":\"SearchAction\",\"target\":{\"@type\":\"EntryPoint\",\"urlTemplate\":\"https:\/\/aeronoticias.com.pe\/noticiero\/?s={search_term_string}\"},\"query-input\":{\"@type\":\"PropertyValueSpecification\",\"valueRequired\":true,\"valueName\":\"search_term_string\"}}],\"inLanguage\":\"es\"},{\"@type\":\"Person\",\"@id\":\"https:\/\/aeronoticias.com.pe\/noticiero\/#\/schema\/person\/fc1e5d578f4b62ba1cf7ac2bba1170a0\",\"name\":\"Redacci\u00f3n Aeronoticias\",\"url\":\"https:\/\/aeronoticias.com.pe\/noticiero\/author\/piloto\/\"}]}<\/script>\n<!-- \/ Yoast SEO plugin. -->","yoast_head_json":{"title":"Contin\u00faan los ensayos del UAV SA-03 dise\u00f1ados por Singular Aircraft","description":"Portal de noticias del Per\u00fa sobre el transporte a\u00e9reo, aviaci\u00f3n, turismo, hoteleria, actualidad.","robots":{"index":"index","follow":"follow","max-snippet":"max-snippet:-1","max-image-preview":"max-image-preview:large","max-video-preview":"max-video-preview:-1"},"canonical":"https:\/\/aeronoticias.com.pe\/noticiero\/transporte-aereo\/internacional\/continuan-los-ensayos-del-uav-sa-03-disenados-por-singular-aircraft\/","og_locale":"es_ES","og_type":"article","og_title":"Contin\u00faan los ensayos del UAV SA-03 dise\u00f1ados por Singular Aircraft","og_description":"Portal de noticias del Per\u00fa sobre el transporte a\u00e9reo, aviaci\u00f3n, turismo, hoteleria, actualidad.","og_url":"https:\/\/aeronoticias.com.pe\/noticiero\/transporte-aereo\/internacional\/continuan-los-ensayos-del-uav-sa-03-disenados-por-singular-aircraft\/","og_site_name":"Aeronoticias.com.pe","article_publisher":"https:\/\/www.facebook.com\/Aeronoticias.com.pe\/","article_published_time":"2013-11-12T16:10:28+00:00","author":"Redacci\u00f3n Aeronoticias","twitter_card":"summary_large_image","twitter_creator":"@aeronoticias","twitter_site":"@aeronoticias","twitter_misc":{"Escrito por":"Redacci\u00f3n Aeronoticias","Tiempo de lectura":"2 minutos"},"schema":{"@context":"https:\/\/schema.org","@graph":[{"@type":"WebPage","@id":"https:\/\/aeronoticias.com.pe\/noticiero\/transporte-aereo\/internacional\/continuan-los-ensayos-del-uav-sa-03-disenados-por-singular-aircraft\/","url":"https:\/\/aeronoticias.com.pe\/noticiero\/transporte-aereo\/internacional\/continuan-los-ensayos-del-uav-sa-03-disenados-por-singular-aircraft\/","name":"Contin\u00faan los ensayos del UAV SA-03 dise\u00f1ados por Singular Aircraft","isPartOf":{"@id":"https:\/\/aeronoticias.com.pe\/noticiero\/#website"},"datePublished":"2013-11-12T16:10:28+00:00","author":{"@id":"https:\/\/aeronoticias.com.pe\/noticiero\/#\/schema\/person\/fc1e5d578f4b62ba1cf7ac2bba1170a0"},"description":"Portal de noticias del Per\u00fa sobre el transporte a\u00e9reo, aviaci\u00f3n, turismo, hoteleria, actualidad.","breadcrumb":{"@id":"https:\/\/aeronoticias.com.pe\/noticiero\/transporte-aereo\/internacional\/continuan-los-ensayos-del-uav-sa-03-disenados-por-singular-aircraft\/#breadcrumb"},"inLanguage":"es","potentialAction":[{"@type":"ReadAction","target":["https:\/\/aeronoticias.com.pe\/noticiero\/transporte-aereo\/internacional\/continuan-los-ensayos-del-uav-sa-03-disenados-por-singular-aircraft\/"]}]},{"@type":"BreadcrumbList","@id":"https:\/\/aeronoticias.com.pe\/noticiero\/transporte-aereo\/internacional\/continuan-los-ensayos-del-uav-sa-03-disenados-por-singular-aircraft\/#breadcrumb","itemListElement":[{"@type":"ListItem","position":1,"name":"Portada","item":"https:\/\/aeronoticias.com.pe\/noticiero\/"},{"@type":"ListItem","position":2,"name":"Contin\u00faan los ensayos del UAV SA-03 dise\u00f1ados por Singular Aircraft"}]},{"@type":"WebSite","@id":"https:\/\/aeronoticias.com.pe\/noticiero\/#website","url":"https:\/\/aeronoticias.com.pe\/noticiero\/","name":"Aeronoticias.com.pe","description":"Noticias de tranporte aereo, turismo, hoteles, gastronomia, actualidad, internacional","potentialAction":[{"@type":"SearchAction","target":{"@type":"EntryPoint","urlTemplate":"https:\/\/aeronoticias.com.pe\/noticiero\/?s={search_term_string}"},"query-input":{"@type":"PropertyValueSpecification","valueRequired":true,"valueName":"search_term_string"}}],"inLanguage":"es"},{"@type":"Person","@id":"https:\/\/aeronoticias.com.pe\/noticiero\/#\/schema\/person\/fc1e5d578f4b62ba1cf7ac2bba1170a0","name":"Redacci\u00f3n Aeronoticias","url":"https:\/\/aeronoticias.com.pe\/noticiero\/author\/piloto\/"}]}},"_links":{"self":[{"href":"https:\/\/aeronoticias.com.pe\/noticiero\/wp-json\/wp\/v2\/posts\/41610","targetHints":{"allow":["GET"]}}],"collection":[{"href":"https:\/\/aeronoticias.com.pe\/noticiero\/wp-json\/wp\/v2\/posts"}],"about":[{"href":"https:\/\/aeronoticias.com.pe\/noticiero\/wp-json\/wp\/v2\/types\/post"}],"author":[{"embeddable":true,"href":"https:\/\/aeronoticias.com.pe\/noticiero\/wp-json\/wp\/v2\/users\/1"}],"replies":[{"embeddable":true,"href":"https:\/\/aeronoticias.com.pe\/noticiero\/wp-json\/wp\/v2\/comments?post=41610"}],"version-history":[{"count":0,"href":"https:\/\/aeronoticias.com.pe\/noticiero\/wp-json\/wp\/v2\/posts\/41610\/revisions"}],"wp:attachment":[{"href":"https:\/\/aeronoticias.com.pe\/noticiero\/wp-json\/wp\/v2\/media?parent=41610"}],"wp:term":[{"taxonomy":"category","embeddable":true,"href":"https:\/\/aeronoticias.com.pe\/noticiero\/wp-json\/wp\/v2\/categories?post=41610"},{"taxonomy":"post_tag","embeddable":true,"href":"https:\/\/aeronoticias.com.pe\/noticiero\/wp-json\/wp\/v2\/tags?post=41610"}],"curies":[{"name":"wp","href":"https:\/\/api.w.org\/{rel}","templated":true}]}}