{"id":41611,"date":"2013-11-12T16:24:19","date_gmt":"2013-11-12T16:24:19","guid":{"rendered":"http:\/\/desarrollo.mcvicious.com\/aero2020\/2013\/11\/12\/uno-de-cada-tres-rusos-quiere-el-regreso-de-la-monarquia-y-que-sea-ocupado-por-uno-de-los-descendentes-del-ultimo-zar-ruso\/"},"modified":"2013-11-12T16:24:19","modified_gmt":"2013-11-12T16:24:19","slug":"uno-de-cada-tres-rusos-quiere-el-regreso-de-la-monarquia-y-que-sea-ocupado-por-uno-de-los-descendentes-del-ultimo-zar-ruso","status":"publish","type":"post","link":"https:\/\/aeronoticias.com.pe\/noticiero\/internacionales\/uno-de-cada-tres-rusos-quiere-el-regreso-de-la-monarquia-y-que-sea-ocupado-por-uno-de-los-descendentes-del-ultimo-zar-ruso\/","title":{"rendered":"Uno de cada tres rusos quiere el regreso de la monarqu\u00eda y que sea ocupado por uno de los descendientes del \u00faltimo zar ruso"},"content":{"rendered":"<p style=\"text-align: justify;\"><strong>(Aeronoticias).-<\/strong>Un 28% de los rusos se declara partidario de restablecer la monarqu\u00eda o al menos asegura no estar en contra de ello, escribe hoy el diario Komsomolskaya pravda.<\/p>\n<p style=\"text-align: justify;\">El rotativo cita un sondeo realizado por el Centro Nacional ruso de Estudios de la Opini\u00f3n P\u00fablica (VTsIOM) y presentado por el responsable de la entidad, Valeri Fi\u00f3dorov, en una conferencia de historia con motivo del 400\u00ba aniversario de la dinast\u00eda Romanov.<\/p>\n<p style=\"text-align: justify;\">Al mismo tiempo, tan solo el 6% de los encuestados se mostraron a favor de que el trono sea ocupado por uno de los descendentes del \u00faltimo zar ruso, Nicol\u00e1s II, y \u00fanicamente un 4% de los \u201cmon\u00e1rquicos\u201d aseguraron tener una idea de qui\u00e9n concretamente deber\u00eda coronarse como nuevo monarca de Rusia.<\/p>\n<p style=\"text-align: justify;\">Otro 13% opin\u00f3 que el nuevo zar ruso podr\u00eda ser nombrado de entre la actual clase pol\u00edtica rusa o incluso elegido en un refer\u00e9ndum nacional. La gran parte de los que apoyan el regreso de la monarqu\u00eda quieren que su titular sea un cristiano ortodoxo.<\/p>\n<p style=\"text-align: justify;\">El estudio revel\u00f3 tambi\u00e9n que la poblaci\u00f3n \u201cmon\u00e1rquica\u201d de las dos principales ciudades rusas, Mosc\u00fa y San Petersburgo, dobla la media nacional, algo que el rotativo califica deo \u201cl\u00f3gico\u201d.<\/p>\n<p style=\"text-align: justify;\">Sin embargo, la inmensa mayor\u00eda de los rusos \u00a0consideraron que la rep\u00fablica es la forma de gobierno m\u00e1s adecuada para la Rusia de hoy (82%) y que el zarismo es una etapa de la historia que el pa\u00eds dej\u00f3 atr\u00e1s hace mucho tiempo (67%).<\/p>\n<p style=\"text-align: justify;\">\u00a0<\/p>\n<p style=\"text-align: justify;\">Fuente: <strong>Komsomolskaya pravda.<\/strong><\/p>\n<p style=\"text-align: justify;\">Foto: <strong>RIANovosti<\/strong><\/p>\n","protected":false},"excerpt":{"rendered":"<p>(Aeronoticias).-Un 28% de los rusos se declara partidario de restablecer la monarqu\u00eda o al menos asegura no estar en contra de ello, escribe hoy el diario Komsomolskaya pravda. El rotativo cita un sondeo realizado por el Centro Nacional ruso de Estudios de la Opini\u00f3n P\u00fablica (VTsIOM) y presentado por el responsable de la entidad, Valeri [&hellip;]<\/p>\n","protected":false},"author":1,"featured_media":0,"comment_status":"open","ping_status":"open","sticky":false,"template":"","format":"standard","meta":{"tdm_status":"","tdm_grid_status":"","footnotes":""},"categories":[34],"tags":[],"class_list":{"0":"post-41611","1":"post","2":"type-post","3":"status-publish","4":"format-standard","6":"category-internacionales"},"yoast_head":"<!-- This site is optimized with the Yoast SEO plugin v25.1 - https:\/\/yoast.com\/wordpress\/plugins\/seo\/ -->\n<title>Uno de cada tres rusos quiere el regreso de la monarqu\u00eda y que sea ocupado por uno de los descendientes del \u00faltimo zar ruso<\/title>\n<meta name=\"description\" content=\"Portal de noticias del Per\u00fa sobre el transporte a\u00e9reo, aviaci\u00f3n, turismo, hoteleria, actualidad.\" \/>\n<meta name=\"robots\" content=\"index, follow, max-snippet:-1, max-image-preview:large, max-video-preview:-1\" \/>\n<link rel=\"canonical\" href=\"https:\/\/aeronoticias.com.pe\/noticiero\/internacionales\/uno-de-cada-tres-rusos-quiere-el-regreso-de-la-monarquia-y-que-sea-ocupado-por-uno-de-los-descendentes-del-ultimo-zar-ruso\/\" \/>\n<meta property=\"og:locale\" content=\"es_ES\" \/>\n<meta property=\"og:type\" content=\"article\" \/>\n<meta property=\"og:title\" content=\"Uno de cada tres rusos quiere el regreso de la monarqu\u00eda y que sea ocupado por uno de los descendientes del \u00faltimo zar ruso\" \/>\n<meta property=\"og:description\" content=\"Portal de noticias del Per\u00fa sobre el transporte a\u00e9reo, aviaci\u00f3n, turismo, hoteleria, actualidad.\" \/>\n<meta property=\"og:url\" content=\"https:\/\/aeronoticias.com.pe\/noticiero\/internacionales\/uno-de-cada-tres-rusos-quiere-el-regreso-de-la-monarquia-y-que-sea-ocupado-por-uno-de-los-descendentes-del-ultimo-zar-ruso\/\" \/>\n<meta property=\"og:site_name\" content=\"Aeronoticias.com.pe\" \/>\n<meta property=\"article:publisher\" content=\"https:\/\/www.facebook.com\/Aeronoticias.com.pe\/\" \/>\n<meta property=\"article:published_time\" content=\"2013-11-12T16:24:19+00:00\" \/>\n<meta name=\"author\" content=\"Redacci\u00f3n Aeronoticias\" \/>\n<meta name=\"twitter:card\" content=\"summary_large_image\" \/>\n<meta name=\"twitter:creator\" content=\"@aeronoticias\" \/>\n<meta name=\"twitter:site\" content=\"@aeronoticias\" \/>\n<meta name=\"twitter:label1\" content=\"Escrito por\" \/>\n\t<meta name=\"twitter:data1\" content=\"Redacci\u00f3n Aeronoticias\" \/>\n\t<meta name=\"twitter:label2\" content=\"Tiempo de lectura\" \/>\n\t<meta name=\"twitter:data2\" content=\"1 minuto\" \/>\n<script type=\"application\/ld+json\" class=\"yoast-schema-graph\">{\"@context\":\"https:\/\/schema.org\",\"@graph\":[{\"@type\":\"WebPage\",\"@id\":\"https:\/\/aeronoticias.com.pe\/noticiero\/internacionales\/uno-de-cada-tres-rusos-quiere-el-regreso-de-la-monarquia-y-que-sea-ocupado-por-uno-de-los-descendentes-del-ultimo-zar-ruso\/\",\"url\":\"https:\/\/aeronoticias.com.pe\/noticiero\/internacionales\/uno-de-cada-tres-rusos-quiere-el-regreso-de-la-monarquia-y-que-sea-ocupado-por-uno-de-los-descendentes-del-ultimo-zar-ruso\/\",\"name\":\"Uno de cada tres rusos quiere el regreso de la monarqu\u00eda y que sea ocupado por uno de los descendientes del \u00faltimo zar ruso\",\"isPartOf\":{\"@id\":\"https:\/\/aeronoticias.com.pe\/noticiero\/#website\"},\"datePublished\":\"2013-11-12T16:24:19+00:00\",\"author\":{\"@id\":\"https:\/\/aeronoticias.com.pe\/noticiero\/#\/schema\/person\/fc1e5d578f4b62ba1cf7ac2bba1170a0\"},\"description\":\"Portal de noticias del Per\u00fa sobre el transporte a\u00e9reo, aviaci\u00f3n, turismo, hoteleria, actualidad.\",\"breadcrumb\":{\"@id\":\"https:\/\/aeronoticias.com.pe\/noticiero\/internacionales\/uno-de-cada-tres-rusos-quiere-el-regreso-de-la-monarquia-y-que-sea-ocupado-por-uno-de-los-descendentes-del-ultimo-zar-ruso\/#breadcrumb\"},\"inLanguage\":\"es\",\"potentialAction\":[{\"@type\":\"ReadAction\",\"target\":[\"https:\/\/aeronoticias.com.pe\/noticiero\/internacionales\/uno-de-cada-tres-rusos-quiere-el-regreso-de-la-monarquia-y-que-sea-ocupado-por-uno-de-los-descendentes-del-ultimo-zar-ruso\/\"]}]},{\"@type\":\"BreadcrumbList\",\"@id\":\"https:\/\/aeronoticias.com.pe\/noticiero\/internacionales\/uno-de-cada-tres-rusos-quiere-el-regreso-de-la-monarquia-y-que-sea-ocupado-por-uno-de-los-descendentes-del-ultimo-zar-ruso\/#breadcrumb\",\"itemListElement\":[{\"@type\":\"ListItem\",\"position\":1,\"name\":\"Portada\",\"item\":\"https:\/\/aeronoticias.com.pe\/noticiero\/\"},{\"@type\":\"ListItem\",\"position\":2,\"name\":\"Uno de cada tres rusos quiere el regreso de la monarqu\u00eda y que sea ocupado por uno de los descendientes del \u00faltimo zar ruso\"}]},{\"@type\":\"WebSite\",\"@id\":\"https:\/\/aeronoticias.com.pe\/noticiero\/#website\",\"url\":\"https:\/\/aeronoticias.com.pe\/noticiero\/\",\"name\":\"Aeronoticias.com.pe\",\"description\":\"Noticias de tranporte aereo, turismo, hoteles, gastronomia, actualidad, internacional\",\"potentialAction\":[{\"@type\":\"SearchAction\",\"target\":{\"@type\":\"EntryPoint\",\"urlTemplate\":\"https:\/\/aeronoticias.com.pe\/noticiero\/?s={search_term_string}\"},\"query-input\":{\"@type\":\"PropertyValueSpecification\",\"valueRequired\":true,\"valueName\":\"search_term_string\"}}],\"inLanguage\":\"es\"},{\"@type\":\"Person\",\"@id\":\"https:\/\/aeronoticias.com.pe\/noticiero\/#\/schema\/person\/fc1e5d578f4b62ba1cf7ac2bba1170a0\",\"name\":\"Redacci\u00f3n Aeronoticias\",\"url\":\"https:\/\/aeronoticias.com.pe\/noticiero\/author\/piloto\/\"}]}<\/script>\n<!-- \/ Yoast SEO plugin. -->","yoast_head_json":{"title":"Uno de cada tres rusos quiere el regreso de la monarqu\u00eda y que sea ocupado por uno de los descendientes del \u00faltimo zar ruso","description":"Portal de noticias del Per\u00fa sobre el transporte a\u00e9reo, aviaci\u00f3n, turismo, hoteleria, actualidad.","robots":{"index":"index","follow":"follow","max-snippet":"max-snippet:-1","max-image-preview":"max-image-preview:large","max-video-preview":"max-video-preview:-1"},"canonical":"https:\/\/aeronoticias.com.pe\/noticiero\/internacionales\/uno-de-cada-tres-rusos-quiere-el-regreso-de-la-monarquia-y-que-sea-ocupado-por-uno-de-los-descendentes-del-ultimo-zar-ruso\/","og_locale":"es_ES","og_type":"article","og_title":"Uno de cada tres rusos quiere el regreso de la monarqu\u00eda y que sea ocupado por uno de los descendientes del \u00faltimo zar ruso","og_description":"Portal de noticias del Per\u00fa sobre el transporte a\u00e9reo, aviaci\u00f3n, turismo, hoteleria, actualidad.","og_url":"https:\/\/aeronoticias.com.pe\/noticiero\/internacionales\/uno-de-cada-tres-rusos-quiere-el-regreso-de-la-monarquia-y-que-sea-ocupado-por-uno-de-los-descendentes-del-ultimo-zar-ruso\/","og_site_name":"Aeronoticias.com.pe","article_publisher":"https:\/\/www.facebook.com\/Aeronoticias.com.pe\/","article_published_time":"2013-11-12T16:24:19+00:00","author":"Redacci\u00f3n Aeronoticias","twitter_card":"summary_large_image","twitter_creator":"@aeronoticias","twitter_site":"@aeronoticias","twitter_misc":{"Escrito por":"Redacci\u00f3n Aeronoticias","Tiempo de lectura":"1 minuto"},"schema":{"@context":"https:\/\/schema.org","@graph":[{"@type":"WebPage","@id":"https:\/\/aeronoticias.com.pe\/noticiero\/internacionales\/uno-de-cada-tres-rusos-quiere-el-regreso-de-la-monarquia-y-que-sea-ocupado-por-uno-de-los-descendentes-del-ultimo-zar-ruso\/","url":"https:\/\/aeronoticias.com.pe\/noticiero\/internacionales\/uno-de-cada-tres-rusos-quiere-el-regreso-de-la-monarquia-y-que-sea-ocupado-por-uno-de-los-descendentes-del-ultimo-zar-ruso\/","name":"Uno de cada tres rusos quiere el regreso de la monarqu\u00eda y que sea ocupado por uno de los descendientes del \u00faltimo zar ruso","isPartOf":{"@id":"https:\/\/aeronoticias.com.pe\/noticiero\/#website"},"datePublished":"2013-11-12T16:24:19+00:00","author":{"@id":"https:\/\/aeronoticias.com.pe\/noticiero\/#\/schema\/person\/fc1e5d578f4b62ba1cf7ac2bba1170a0"},"description":"Portal de noticias del Per\u00fa sobre el transporte a\u00e9reo, aviaci\u00f3n, turismo, hoteleria, actualidad.","breadcrumb":{"@id":"https:\/\/aeronoticias.com.pe\/noticiero\/internacionales\/uno-de-cada-tres-rusos-quiere-el-regreso-de-la-monarquia-y-que-sea-ocupado-por-uno-de-los-descendentes-del-ultimo-zar-ruso\/#breadcrumb"},"inLanguage":"es","potentialAction":[{"@type":"ReadAction","target":["https:\/\/aeronoticias.com.pe\/noticiero\/internacionales\/uno-de-cada-tres-rusos-quiere-el-regreso-de-la-monarquia-y-que-sea-ocupado-por-uno-de-los-descendentes-del-ultimo-zar-ruso\/"]}]},{"@type":"BreadcrumbList","@id":"https:\/\/aeronoticias.com.pe\/noticiero\/internacionales\/uno-de-cada-tres-rusos-quiere-el-regreso-de-la-monarquia-y-que-sea-ocupado-por-uno-de-los-descendentes-del-ultimo-zar-ruso\/#breadcrumb","itemListElement":[{"@type":"ListItem","position":1,"name":"Portada","item":"https:\/\/aeronoticias.com.pe\/noticiero\/"},{"@type":"ListItem","position":2,"name":"Uno de cada tres rusos quiere el regreso de la monarqu\u00eda y que sea ocupado por uno de los descendientes del \u00faltimo zar ruso"}]},{"@type":"WebSite","@id":"https:\/\/aeronoticias.com.pe\/noticiero\/#website","url":"https:\/\/aeronoticias.com.pe\/noticiero\/","name":"Aeronoticias.com.pe","description":"Noticias de tranporte aereo, turismo, hoteles, gastronomia, actualidad, internacional","potentialAction":[{"@type":"SearchAction","target":{"@type":"EntryPoint","urlTemplate":"https:\/\/aeronoticias.com.pe\/noticiero\/?s={search_term_string}"},"query-input":{"@type":"PropertyValueSpecification","valueRequired":true,"valueName":"search_term_string"}}],"inLanguage":"es"},{"@type":"Person","@id":"https:\/\/aeronoticias.com.pe\/noticiero\/#\/schema\/person\/fc1e5d578f4b62ba1cf7ac2bba1170a0","name":"Redacci\u00f3n Aeronoticias","url":"https:\/\/aeronoticias.com.pe\/noticiero\/author\/piloto\/"}]}},"_links":{"self":[{"href":"https:\/\/aeronoticias.com.pe\/noticiero\/wp-json\/wp\/v2\/posts\/41611","targetHints":{"allow":["GET"]}}],"collection":[{"href":"https:\/\/aeronoticias.com.pe\/noticiero\/wp-json\/wp\/v2\/posts"}],"about":[{"href":"https:\/\/aeronoticias.com.pe\/noticiero\/wp-json\/wp\/v2\/types\/post"}],"author":[{"embeddable":true,"href":"https:\/\/aeronoticias.com.pe\/noticiero\/wp-json\/wp\/v2\/users\/1"}],"replies":[{"embeddable":true,"href":"https:\/\/aeronoticias.com.pe\/noticiero\/wp-json\/wp\/v2\/comments?post=41611"}],"version-history":[{"count":0,"href":"https:\/\/aeronoticias.com.pe\/noticiero\/wp-json\/wp\/v2\/posts\/41611\/revisions"}],"wp:attachment":[{"href":"https:\/\/aeronoticias.com.pe\/noticiero\/wp-json\/wp\/v2\/media?parent=41611"}],"wp:term":[{"taxonomy":"category","embeddable":true,"href":"https:\/\/aeronoticias.com.pe\/noticiero\/wp-json\/wp\/v2\/categories?post=41611"},{"taxonomy":"post_tag","embeddable":true,"href":"https:\/\/aeronoticias.com.pe\/noticiero\/wp-json\/wp\/v2\/tags?post=41611"}],"curies":[{"name":"wp","href":"https:\/\/api.w.org\/{rel}","templated":true}]}}