{"id":41613,"date":"2013-11-12T17:11:03","date_gmt":"2013-11-12T17:11:03","guid":{"rendered":"http:\/\/desarrollo.mcvicious.com\/aero2020\/2013\/11\/12\/vaticano-propone-banco-de-adn-para-evitar-trafico-de-menores\/"},"modified":"2013-11-12T17:11:03","modified_gmt":"2013-11-12T17:11:03","slug":"vaticano-propone-banco-de-adn-para-evitar-trafico-de-menores","status":"publish","type":"post","link":"https:\/\/aeronoticias.com.pe\/noticiero\/internacionales\/vaticano-propone-banco-de-adn-para-evitar-trafico-de-menores\/","title":{"rendered":"Vaticano propone banco de ADN para evitar tr\u00e1fico de menores"},"content":{"rendered":"<p style=\"text-align: justify;\"><strong>(Aeronoticias)<\/strong>.- Crear bancos de ADN que identifiquen a ni\u00f1os en riesgo de caer en redes de explotaci\u00f3n laboral y sexual, es una de las propuestas del Vaticano para luchar contra la trata de personas, sobre todo en la infancia.<\/p>\n<p style=\"text-align: justify;\">La Academia Pontificia de las Ciencias ha elaborado una bater\u00eda de 41 medidas para luchar contra lo que considera \u00abun crimen contra la humanidad\u00bb. Para combatir \u00abla esclavitud moderna\u00bb, entre otras propuestas, la Santa Sede ha incluido la del forense espa\u00f1ol Jos\u00e9 Antonio Lorente.<\/p>\n<p style=\"text-align: justify;\">Lorente, director de Identificaci\u00f3n Gen\u00e9tica de la Universidad de Granada y cient\u00edfico durante dos a\u00f1os en la Academia del FBI en Quantico (Virginia, EE.UU.), fue uno de los invitados a participar en un seminario organizado a petici\u00f3n del propio Papa Francisco del que se han extra\u00eddo una serie de sugerencias que ser\u00e1n remitidas a gobiernos, autoridades y distintas ONGs para combatir esta lacra.<\/p>\n<p style=\"text-align: justify;\">El forense present\u00f3 su programa DNA-Prokids, un proyecto basado en la identificaci\u00f3n gen\u00e9tica que ha logrado reunificar a 620 madres con sus hijos desaparecidos en 16 pa\u00edses de Asia y Latinoam\u00e9rica, y evitar m\u00e1s de 200 adopciones ilegales, tomando muestras gen\u00e9ticas tanto a los ni\u00f1os no identificados como a los padres que han denunciado la desaparici\u00f3n de sus hijos, seg\u00fan reporta el diario El Pa\u00eds.<\/p>\n<p style=\"text-align: justify;\">DNA-Prokids cuenta actualmente con m\u00e1s de 9.200 muestras, pero carece de un centro de coordinaci\u00f3n. Seg\u00fan su director, es urgente actuar en estos momentos en Filipinas, tras el paso del supertif\u00f3n Haiy\u00e1n, ya que \u00absiempre ha sido un punto caliente de tr\u00e1fico de ni\u00f1os, pero tras una cat\u00e1strofe, m\u00e1s a\u00fan\u00bb. Lorente asegura que \u00ab\u201cen momentos como este es muy f\u00e1cil que las mafias se vistan una camiseta de Cruz Roja y vayan recogiendo menores hu\u00e9rfanos por el tif\u00f3n en una furgoneta\u00bb.<\/p>\n<p style=\"text-align: justify;\">La Santa Sede tambi\u00e9n pide a las organizaciones no gubernamentales que creen redes asistenciales gratuitas para ayudar a las v\u00edctimas, as\u00ed como a los empresarios a introducir c\u00f3digos estrictos para asegurarse de que en su cadena de proveedores no ha intervenido el trabajo forzado.<\/p>\n<p style=\"text-align: justify;\">El documento del Vatianco insta a los gobiernos a \u00abcriminalizar a los clientes de la prostituci\u00f3n\u00bb como m\u00e9todo para combatir la explotaci\u00f3n sexual; adem\u00e1s de a seguir el dinero hasta llegar a los traficantes y a aportar los suficientes medios y fondos econ\u00f3micos a todos los agentes involucrados (pol\u00edticos, jueces, polic\u00edas) \u00a0para combatir estas pr\u00e1cticas.<\/p>\n<p style=\"text-align: justify;\">Con informaci\u00f3n de\u00a0<em><strong>24 H<\/strong><\/em>.<\/p>\n<p style=\"text-align: justify;\"><img decoding=\"async\" src=\"images\/stories\/papa.jpg\" border=\"0\" \/><\/p>\n","protected":false},"excerpt":{"rendered":"<p>(Aeronoticias).- Crear bancos de ADN que identifiquen a ni\u00f1os en riesgo de caer en redes de explotaci\u00f3n laboral y sexual, es una de las propuestas del Vaticano para luchar contra la trata de personas, sobre todo en la infancia. La Academia Pontificia de las Ciencias ha elaborado una bater\u00eda de 41 medidas para luchar contra [&hellip;]<\/p>\n","protected":false},"author":1,"featured_media":0,"comment_status":"open","ping_status":"open","sticky":false,"template":"","format":"standard","meta":{"tdm_status":"","tdm_grid_status":"","footnotes":""},"categories":[34],"tags":[],"class_list":{"0":"post-41613","1":"post","2":"type-post","3":"status-publish","4":"format-standard","6":"category-internacionales"},"yoast_head":"<!-- This site is optimized with the Yoast SEO plugin v25.1 - https:\/\/yoast.com\/wordpress\/plugins\/seo\/ -->\n<title>Vaticano propone banco de ADN para evitar tr\u00e1fico de menores<\/title>\n<meta name=\"description\" content=\"Portal de noticias del Per\u00fa sobre el transporte a\u00e9reo, aviaci\u00f3n, turismo, hoteleria, actualidad.\" \/>\n<meta name=\"robots\" content=\"index, follow, max-snippet:-1, max-image-preview:large, max-video-preview:-1\" \/>\n<link rel=\"canonical\" href=\"https:\/\/aeronoticias.com.pe\/noticiero\/internacionales\/vaticano-propone-banco-de-adn-para-evitar-trafico-de-menores\/\" \/>\n<meta property=\"og:locale\" content=\"es_ES\" \/>\n<meta property=\"og:type\" content=\"article\" \/>\n<meta property=\"og:title\" content=\"Vaticano propone banco de ADN para evitar tr\u00e1fico de menores\" \/>\n<meta property=\"og:description\" content=\"Portal de noticias del Per\u00fa sobre el transporte a\u00e9reo, aviaci\u00f3n, turismo, hoteleria, actualidad.\" \/>\n<meta property=\"og:url\" content=\"https:\/\/aeronoticias.com.pe\/noticiero\/internacionales\/vaticano-propone-banco-de-adn-para-evitar-trafico-de-menores\/\" \/>\n<meta property=\"og:site_name\" content=\"Aeronoticias.com.pe\" \/>\n<meta property=\"article:publisher\" content=\"https:\/\/www.facebook.com\/Aeronoticias.com.pe\/\" \/>\n<meta property=\"article:published_time\" content=\"2013-11-12T17:11:03+00:00\" \/>\n<meta name=\"author\" content=\"Redacci\u00f3n Aeronoticias\" \/>\n<meta name=\"twitter:card\" content=\"summary_large_image\" \/>\n<meta name=\"twitter:creator\" content=\"@aeronoticias\" \/>\n<meta name=\"twitter:site\" content=\"@aeronoticias\" \/>\n<meta name=\"twitter:label1\" content=\"Escrito por\" \/>\n\t<meta name=\"twitter:data1\" content=\"Redacci\u00f3n Aeronoticias\" \/>\n\t<meta name=\"twitter:label2\" content=\"Tiempo de lectura\" \/>\n\t<meta name=\"twitter:data2\" content=\"2 minutos\" \/>\n<script type=\"application\/ld+json\" class=\"yoast-schema-graph\">{\"@context\":\"https:\/\/schema.org\",\"@graph\":[{\"@type\":\"WebPage\",\"@id\":\"https:\/\/aeronoticias.com.pe\/noticiero\/internacionales\/vaticano-propone-banco-de-adn-para-evitar-trafico-de-menores\/\",\"url\":\"https:\/\/aeronoticias.com.pe\/noticiero\/internacionales\/vaticano-propone-banco-de-adn-para-evitar-trafico-de-menores\/\",\"name\":\"Vaticano propone banco de ADN para evitar tr\u00e1fico de menores\",\"isPartOf\":{\"@id\":\"https:\/\/aeronoticias.com.pe\/noticiero\/#website\"},\"datePublished\":\"2013-11-12T17:11:03+00:00\",\"author\":{\"@id\":\"https:\/\/aeronoticias.com.pe\/noticiero\/#\/schema\/person\/fc1e5d578f4b62ba1cf7ac2bba1170a0\"},\"description\":\"Portal de noticias del Per\u00fa sobre el transporte a\u00e9reo, aviaci\u00f3n, turismo, hoteleria, actualidad.\",\"breadcrumb\":{\"@id\":\"https:\/\/aeronoticias.com.pe\/noticiero\/internacionales\/vaticano-propone-banco-de-adn-para-evitar-trafico-de-menores\/#breadcrumb\"},\"inLanguage\":\"es\",\"potentialAction\":[{\"@type\":\"ReadAction\",\"target\":[\"https:\/\/aeronoticias.com.pe\/noticiero\/internacionales\/vaticano-propone-banco-de-adn-para-evitar-trafico-de-menores\/\"]}]},{\"@type\":\"BreadcrumbList\",\"@id\":\"https:\/\/aeronoticias.com.pe\/noticiero\/internacionales\/vaticano-propone-banco-de-adn-para-evitar-trafico-de-menores\/#breadcrumb\",\"itemListElement\":[{\"@type\":\"ListItem\",\"position\":1,\"name\":\"Portada\",\"item\":\"https:\/\/aeronoticias.com.pe\/noticiero\/\"},{\"@type\":\"ListItem\",\"position\":2,\"name\":\"Vaticano propone banco de ADN para evitar tr\u00e1fico de menores\"}]},{\"@type\":\"WebSite\",\"@id\":\"https:\/\/aeronoticias.com.pe\/noticiero\/#website\",\"url\":\"https:\/\/aeronoticias.com.pe\/noticiero\/\",\"name\":\"Aeronoticias.com.pe\",\"description\":\"Noticias de tranporte aereo, turismo, hoteles, gastronomia, actualidad, internacional\",\"potentialAction\":[{\"@type\":\"SearchAction\",\"target\":{\"@type\":\"EntryPoint\",\"urlTemplate\":\"https:\/\/aeronoticias.com.pe\/noticiero\/?s={search_term_string}\"},\"query-input\":{\"@type\":\"PropertyValueSpecification\",\"valueRequired\":true,\"valueName\":\"search_term_string\"}}],\"inLanguage\":\"es\"},{\"@type\":\"Person\",\"@id\":\"https:\/\/aeronoticias.com.pe\/noticiero\/#\/schema\/person\/fc1e5d578f4b62ba1cf7ac2bba1170a0\",\"name\":\"Redacci\u00f3n Aeronoticias\",\"url\":\"https:\/\/aeronoticias.com.pe\/noticiero\/author\/piloto\/\"}]}<\/script>\n<!-- \/ Yoast SEO plugin. -->","yoast_head_json":{"title":"Vaticano propone banco de ADN para evitar tr\u00e1fico de menores","description":"Portal de noticias del Per\u00fa sobre el transporte a\u00e9reo, aviaci\u00f3n, turismo, hoteleria, actualidad.","robots":{"index":"index","follow":"follow","max-snippet":"max-snippet:-1","max-image-preview":"max-image-preview:large","max-video-preview":"max-video-preview:-1"},"canonical":"https:\/\/aeronoticias.com.pe\/noticiero\/internacionales\/vaticano-propone-banco-de-adn-para-evitar-trafico-de-menores\/","og_locale":"es_ES","og_type":"article","og_title":"Vaticano propone banco de ADN para evitar tr\u00e1fico de menores","og_description":"Portal de noticias del Per\u00fa sobre el transporte a\u00e9reo, aviaci\u00f3n, turismo, hoteleria, actualidad.","og_url":"https:\/\/aeronoticias.com.pe\/noticiero\/internacionales\/vaticano-propone-banco-de-adn-para-evitar-trafico-de-menores\/","og_site_name":"Aeronoticias.com.pe","article_publisher":"https:\/\/www.facebook.com\/Aeronoticias.com.pe\/","article_published_time":"2013-11-12T17:11:03+00:00","author":"Redacci\u00f3n Aeronoticias","twitter_card":"summary_large_image","twitter_creator":"@aeronoticias","twitter_site":"@aeronoticias","twitter_misc":{"Escrito por":"Redacci\u00f3n Aeronoticias","Tiempo de lectura":"2 minutos"},"schema":{"@context":"https:\/\/schema.org","@graph":[{"@type":"WebPage","@id":"https:\/\/aeronoticias.com.pe\/noticiero\/internacionales\/vaticano-propone-banco-de-adn-para-evitar-trafico-de-menores\/","url":"https:\/\/aeronoticias.com.pe\/noticiero\/internacionales\/vaticano-propone-banco-de-adn-para-evitar-trafico-de-menores\/","name":"Vaticano propone banco de ADN para evitar tr\u00e1fico de menores","isPartOf":{"@id":"https:\/\/aeronoticias.com.pe\/noticiero\/#website"},"datePublished":"2013-11-12T17:11:03+00:00","author":{"@id":"https:\/\/aeronoticias.com.pe\/noticiero\/#\/schema\/person\/fc1e5d578f4b62ba1cf7ac2bba1170a0"},"description":"Portal de noticias del Per\u00fa sobre el transporte a\u00e9reo, aviaci\u00f3n, turismo, hoteleria, actualidad.","breadcrumb":{"@id":"https:\/\/aeronoticias.com.pe\/noticiero\/internacionales\/vaticano-propone-banco-de-adn-para-evitar-trafico-de-menores\/#breadcrumb"},"inLanguage":"es","potentialAction":[{"@type":"ReadAction","target":["https:\/\/aeronoticias.com.pe\/noticiero\/internacionales\/vaticano-propone-banco-de-adn-para-evitar-trafico-de-menores\/"]}]},{"@type":"BreadcrumbList","@id":"https:\/\/aeronoticias.com.pe\/noticiero\/internacionales\/vaticano-propone-banco-de-adn-para-evitar-trafico-de-menores\/#breadcrumb","itemListElement":[{"@type":"ListItem","position":1,"name":"Portada","item":"https:\/\/aeronoticias.com.pe\/noticiero\/"},{"@type":"ListItem","position":2,"name":"Vaticano propone banco de ADN para evitar tr\u00e1fico de menores"}]},{"@type":"WebSite","@id":"https:\/\/aeronoticias.com.pe\/noticiero\/#website","url":"https:\/\/aeronoticias.com.pe\/noticiero\/","name":"Aeronoticias.com.pe","description":"Noticias de tranporte aereo, turismo, hoteles, gastronomia, actualidad, internacional","potentialAction":[{"@type":"SearchAction","target":{"@type":"EntryPoint","urlTemplate":"https:\/\/aeronoticias.com.pe\/noticiero\/?s={search_term_string}"},"query-input":{"@type":"PropertyValueSpecification","valueRequired":true,"valueName":"search_term_string"}}],"inLanguage":"es"},{"@type":"Person","@id":"https:\/\/aeronoticias.com.pe\/noticiero\/#\/schema\/person\/fc1e5d578f4b62ba1cf7ac2bba1170a0","name":"Redacci\u00f3n Aeronoticias","url":"https:\/\/aeronoticias.com.pe\/noticiero\/author\/piloto\/"}]}},"_links":{"self":[{"href":"https:\/\/aeronoticias.com.pe\/noticiero\/wp-json\/wp\/v2\/posts\/41613","targetHints":{"allow":["GET"]}}],"collection":[{"href":"https:\/\/aeronoticias.com.pe\/noticiero\/wp-json\/wp\/v2\/posts"}],"about":[{"href":"https:\/\/aeronoticias.com.pe\/noticiero\/wp-json\/wp\/v2\/types\/post"}],"author":[{"embeddable":true,"href":"https:\/\/aeronoticias.com.pe\/noticiero\/wp-json\/wp\/v2\/users\/1"}],"replies":[{"embeddable":true,"href":"https:\/\/aeronoticias.com.pe\/noticiero\/wp-json\/wp\/v2\/comments?post=41613"}],"version-history":[{"count":0,"href":"https:\/\/aeronoticias.com.pe\/noticiero\/wp-json\/wp\/v2\/posts\/41613\/revisions"}],"wp:attachment":[{"href":"https:\/\/aeronoticias.com.pe\/noticiero\/wp-json\/wp\/v2\/media?parent=41613"}],"wp:term":[{"taxonomy":"category","embeddable":true,"href":"https:\/\/aeronoticias.com.pe\/noticiero\/wp-json\/wp\/v2\/categories?post=41613"},{"taxonomy":"post_tag","embeddable":true,"href":"https:\/\/aeronoticias.com.pe\/noticiero\/wp-json\/wp\/v2\/tags?post=41613"}],"curies":[{"name":"wp","href":"https:\/\/api.w.org\/{rel}","templated":true}]}}