{"id":41615,"date":"2013-11-12T17:14:25","date_gmt":"2013-11-12T17:14:25","guid":{"rendered":"http:\/\/desarrollo.mcvicious.com\/aero2020\/2013\/11\/12\/mexico-recibiran-150-mil-ninas-vacuna-contra-virus-del-papiloma-en-el-edomex\/"},"modified":"2013-11-12T17:14:25","modified_gmt":"2013-11-12T17:14:25","slug":"mexico-recibiran-150-mil-ninas-vacuna-contra-virus-del-papiloma-en-el-edomex","status":"publish","type":"post","link":"https:\/\/aeronoticias.com.pe\/noticiero\/internacionales\/mexico-recibiran-150-mil-ninas-vacuna-contra-virus-del-papiloma-en-el-edomex\/","title":{"rendered":"M\u00e9xico: Recibir\u00e1n 150 mil ni\u00f1as vacuna contra virus del papiloma en el Edomex"},"content":{"rendered":"<p style=\"text-align: justify;\"><strong>(Aeronoticias)<\/strong>.- El gobernador del Estado de M\u00e9xico, Eruviel \u00c1vila Villegas puso en marcha el programa de vacunaci\u00f3n gratuita contra el virus del papiloma humano, que contempla la aplicaci\u00f3n gratuita de vacunas a cerca de 150 mil estudiantes de quinto a\u00f1o de primaria, menores de 11 a\u00f1os, de escuelas p\u00fablicas y privadas, pues con ello se disminuye hasta en 98 por ciento la posibilidad de que en su vida adulta adquieran este virus causante del c\u00e1ncer c\u00e9rvico uterino, y as\u00ed contar con mexiquenses m\u00e1s sanos.<\/p>\n<p style=\"text-align: justify;\">Eruviel \u00c1vila destac\u00f3 que el c\u00e1ncer es uno de los principales motivos de muerte en las mujeres, siendo el de mama el que m\u00e1s fallecimientos provoca, seguido del c\u00e9rvico uterino, los cuales pueden prevenirse con la detecci\u00f3n a tiempo, realizando los ex\u00e1menes necesarios de manera oportuna, y en el caso del c\u00e9rvico uterino, vacunando a menores de entre 9 y 11 a\u00f1os de edad.<\/p>\n<p style=\"text-align: justify;\">Luego del suministro de las primeras vacunas y entregar apoyos correspondientes a las Acciones por la Educaci\u00f3n, dio a conocer que para la aplicaci\u00f3n, que ser\u00e1 gratuita, se requiere de la autorizaci\u00f3n por escrito de los padres de las menores, adem\u00e1s de que la segunda dosis se aplicar\u00e1 cabo en los pr\u00f3ximos seis meses, para ello las unidades de salud acudir\u00e1n a las escuelas p\u00fablicas y privadas de toda la entidad.<\/p>\n<p style=\"text-align: justify;\">Este d\u00eda, el gobernador mexiquense entreg\u00f3 tres aulas, una sal\u00f3n para direcci\u00f3n, una plaza c\u00edvica y un m\u00f3dulo de sanitarios prefabricados para la Escuela Secundaria n\u00famero 868 Dr. Gustavo Baz Prada, del municipio de Toluca; apoyos econ\u00f3micos a integrantes de escoltas y estudiantes con discapacidad m\u00faltiple o motriz; computadoras tiflot\u00e9cnicas y libros en braille a quienes padecen debilidad visual; vales para la adquisici\u00f3n de materiales en los Centros de Atenci\u00f3n M\u00faltiple y para los desayunadores escolares, entre otros.<\/p>\n<p style=\"text-align: justify;\">Con informaci\u00f3n de <em><strong>Impacto<\/strong><\/em>.<\/p>\n<p style=\"text-align: justify;\"><img decoding=\"async\" src=\"images\/stories\/hipertension.jpg\" border=\"0\" \/><\/p>\n","protected":false},"excerpt":{"rendered":"<p>(Aeronoticias).- El gobernador del Estado de M\u00e9xico, Eruviel \u00c1vila Villegas puso en marcha el programa de vacunaci\u00f3n gratuita contra el virus del papiloma humano, que contempla la aplicaci\u00f3n gratuita de vacunas a cerca de 150 mil estudiantes de quinto a\u00f1o de primaria, menores de 11 a\u00f1os, de escuelas p\u00fablicas y privadas, pues con ello se [&hellip;]<\/p>\n","protected":false},"author":1,"featured_media":0,"comment_status":"open","ping_status":"open","sticky":false,"template":"","format":"standard","meta":{"tdm_status":"","tdm_grid_status":"","footnotes":""},"categories":[34],"tags":[],"class_list":{"0":"post-41615","1":"post","2":"type-post","3":"status-publish","4":"format-standard","6":"category-internacionales"},"yoast_head":"<!-- This site is optimized with the Yoast SEO plugin v25.1 - https:\/\/yoast.com\/wordpress\/plugins\/seo\/ -->\n<title>M\u00e9xico: Recibir\u00e1n 150 mil ni\u00f1as vacuna contra virus del papiloma en el Edomex<\/title>\n<meta name=\"description\" content=\"Portal de noticias del Per\u00fa sobre el transporte a\u00e9reo, aviaci\u00f3n, turismo, hoteleria, actualidad.\" \/>\n<meta name=\"robots\" content=\"index, follow, max-snippet:-1, max-image-preview:large, max-video-preview:-1\" \/>\n<link rel=\"canonical\" href=\"https:\/\/aeronoticias.com.pe\/noticiero\/internacionales\/mexico-recibiran-150-mil-ninas-vacuna-contra-virus-del-papiloma-en-el-edomex\/\" \/>\n<meta property=\"og:locale\" content=\"es_ES\" \/>\n<meta property=\"og:type\" content=\"article\" \/>\n<meta property=\"og:title\" content=\"M\u00e9xico: Recibir\u00e1n 150 mil ni\u00f1as vacuna contra virus del papiloma en el Edomex\" \/>\n<meta property=\"og:description\" content=\"Portal de noticias del Per\u00fa sobre el transporte a\u00e9reo, aviaci\u00f3n, turismo, hoteleria, actualidad.\" \/>\n<meta property=\"og:url\" content=\"https:\/\/aeronoticias.com.pe\/noticiero\/internacionales\/mexico-recibiran-150-mil-ninas-vacuna-contra-virus-del-papiloma-en-el-edomex\/\" \/>\n<meta property=\"og:site_name\" content=\"Aeronoticias.com.pe\" \/>\n<meta property=\"article:publisher\" content=\"https:\/\/www.facebook.com\/Aeronoticias.com.pe\/\" \/>\n<meta property=\"article:published_time\" content=\"2013-11-12T17:14:25+00:00\" \/>\n<meta name=\"author\" content=\"Redacci\u00f3n Aeronoticias\" \/>\n<meta name=\"twitter:card\" content=\"summary_large_image\" \/>\n<meta name=\"twitter:creator\" content=\"@aeronoticias\" \/>\n<meta name=\"twitter:site\" content=\"@aeronoticias\" \/>\n<meta name=\"twitter:label1\" content=\"Escrito por\" \/>\n\t<meta name=\"twitter:data1\" content=\"Redacci\u00f3n Aeronoticias\" \/>\n\t<meta name=\"twitter:label2\" content=\"Tiempo de lectura\" \/>\n\t<meta name=\"twitter:data2\" content=\"2 minutos\" \/>\n<script type=\"application\/ld+json\" class=\"yoast-schema-graph\">{\"@context\":\"https:\/\/schema.org\",\"@graph\":[{\"@type\":\"WebPage\",\"@id\":\"https:\/\/aeronoticias.com.pe\/noticiero\/internacionales\/mexico-recibiran-150-mil-ninas-vacuna-contra-virus-del-papiloma-en-el-edomex\/\",\"url\":\"https:\/\/aeronoticias.com.pe\/noticiero\/internacionales\/mexico-recibiran-150-mil-ninas-vacuna-contra-virus-del-papiloma-en-el-edomex\/\",\"name\":\"M\u00e9xico: Recibir\u00e1n 150 mil ni\u00f1as vacuna contra virus del papiloma en el Edomex\",\"isPartOf\":{\"@id\":\"https:\/\/aeronoticias.com.pe\/noticiero\/#website\"},\"datePublished\":\"2013-11-12T17:14:25+00:00\",\"author\":{\"@id\":\"https:\/\/aeronoticias.com.pe\/noticiero\/#\/schema\/person\/fc1e5d578f4b62ba1cf7ac2bba1170a0\"},\"description\":\"Portal de noticias del Per\u00fa sobre el transporte a\u00e9reo, aviaci\u00f3n, turismo, hoteleria, actualidad.\",\"breadcrumb\":{\"@id\":\"https:\/\/aeronoticias.com.pe\/noticiero\/internacionales\/mexico-recibiran-150-mil-ninas-vacuna-contra-virus-del-papiloma-en-el-edomex\/#breadcrumb\"},\"inLanguage\":\"es\",\"potentialAction\":[{\"@type\":\"ReadAction\",\"target\":[\"https:\/\/aeronoticias.com.pe\/noticiero\/internacionales\/mexico-recibiran-150-mil-ninas-vacuna-contra-virus-del-papiloma-en-el-edomex\/\"]}]},{\"@type\":\"BreadcrumbList\",\"@id\":\"https:\/\/aeronoticias.com.pe\/noticiero\/internacionales\/mexico-recibiran-150-mil-ninas-vacuna-contra-virus-del-papiloma-en-el-edomex\/#breadcrumb\",\"itemListElement\":[{\"@type\":\"ListItem\",\"position\":1,\"name\":\"Portada\",\"item\":\"https:\/\/aeronoticias.com.pe\/noticiero\/\"},{\"@type\":\"ListItem\",\"position\":2,\"name\":\"M\u00e9xico: Recibir\u00e1n 150 mil ni\u00f1as vacuna contra virus del papiloma en el Edomex\"}]},{\"@type\":\"WebSite\",\"@id\":\"https:\/\/aeronoticias.com.pe\/noticiero\/#website\",\"url\":\"https:\/\/aeronoticias.com.pe\/noticiero\/\",\"name\":\"Aeronoticias.com.pe\",\"description\":\"Noticias de tranporte aereo, turismo, hoteles, gastronomia, actualidad, internacional\",\"potentialAction\":[{\"@type\":\"SearchAction\",\"target\":{\"@type\":\"EntryPoint\",\"urlTemplate\":\"https:\/\/aeronoticias.com.pe\/noticiero\/?s={search_term_string}\"},\"query-input\":{\"@type\":\"PropertyValueSpecification\",\"valueRequired\":true,\"valueName\":\"search_term_string\"}}],\"inLanguage\":\"es\"},{\"@type\":\"Person\",\"@id\":\"https:\/\/aeronoticias.com.pe\/noticiero\/#\/schema\/person\/fc1e5d578f4b62ba1cf7ac2bba1170a0\",\"name\":\"Redacci\u00f3n Aeronoticias\",\"url\":\"https:\/\/aeronoticias.com.pe\/noticiero\/author\/piloto\/\"}]}<\/script>\n<!-- \/ Yoast SEO plugin. -->","yoast_head_json":{"title":"M\u00e9xico: Recibir\u00e1n 150 mil ni\u00f1as vacuna contra virus del papiloma en el Edomex","description":"Portal de noticias del Per\u00fa sobre el transporte a\u00e9reo, aviaci\u00f3n, turismo, hoteleria, actualidad.","robots":{"index":"index","follow":"follow","max-snippet":"max-snippet:-1","max-image-preview":"max-image-preview:large","max-video-preview":"max-video-preview:-1"},"canonical":"https:\/\/aeronoticias.com.pe\/noticiero\/internacionales\/mexico-recibiran-150-mil-ninas-vacuna-contra-virus-del-papiloma-en-el-edomex\/","og_locale":"es_ES","og_type":"article","og_title":"M\u00e9xico: Recibir\u00e1n 150 mil ni\u00f1as vacuna contra virus del papiloma en el Edomex","og_description":"Portal de noticias del Per\u00fa sobre el transporte a\u00e9reo, aviaci\u00f3n, turismo, hoteleria, actualidad.","og_url":"https:\/\/aeronoticias.com.pe\/noticiero\/internacionales\/mexico-recibiran-150-mil-ninas-vacuna-contra-virus-del-papiloma-en-el-edomex\/","og_site_name":"Aeronoticias.com.pe","article_publisher":"https:\/\/www.facebook.com\/Aeronoticias.com.pe\/","article_published_time":"2013-11-12T17:14:25+00:00","author":"Redacci\u00f3n Aeronoticias","twitter_card":"summary_large_image","twitter_creator":"@aeronoticias","twitter_site":"@aeronoticias","twitter_misc":{"Escrito por":"Redacci\u00f3n Aeronoticias","Tiempo de lectura":"2 minutos"},"schema":{"@context":"https:\/\/schema.org","@graph":[{"@type":"WebPage","@id":"https:\/\/aeronoticias.com.pe\/noticiero\/internacionales\/mexico-recibiran-150-mil-ninas-vacuna-contra-virus-del-papiloma-en-el-edomex\/","url":"https:\/\/aeronoticias.com.pe\/noticiero\/internacionales\/mexico-recibiran-150-mil-ninas-vacuna-contra-virus-del-papiloma-en-el-edomex\/","name":"M\u00e9xico: Recibir\u00e1n 150 mil ni\u00f1as vacuna contra virus del papiloma en el Edomex","isPartOf":{"@id":"https:\/\/aeronoticias.com.pe\/noticiero\/#website"},"datePublished":"2013-11-12T17:14:25+00:00","author":{"@id":"https:\/\/aeronoticias.com.pe\/noticiero\/#\/schema\/person\/fc1e5d578f4b62ba1cf7ac2bba1170a0"},"description":"Portal de noticias del Per\u00fa sobre el transporte a\u00e9reo, aviaci\u00f3n, turismo, hoteleria, actualidad.","breadcrumb":{"@id":"https:\/\/aeronoticias.com.pe\/noticiero\/internacionales\/mexico-recibiran-150-mil-ninas-vacuna-contra-virus-del-papiloma-en-el-edomex\/#breadcrumb"},"inLanguage":"es","potentialAction":[{"@type":"ReadAction","target":["https:\/\/aeronoticias.com.pe\/noticiero\/internacionales\/mexico-recibiran-150-mil-ninas-vacuna-contra-virus-del-papiloma-en-el-edomex\/"]}]},{"@type":"BreadcrumbList","@id":"https:\/\/aeronoticias.com.pe\/noticiero\/internacionales\/mexico-recibiran-150-mil-ninas-vacuna-contra-virus-del-papiloma-en-el-edomex\/#breadcrumb","itemListElement":[{"@type":"ListItem","position":1,"name":"Portada","item":"https:\/\/aeronoticias.com.pe\/noticiero\/"},{"@type":"ListItem","position":2,"name":"M\u00e9xico: Recibir\u00e1n 150 mil ni\u00f1as vacuna contra virus del papiloma en el Edomex"}]},{"@type":"WebSite","@id":"https:\/\/aeronoticias.com.pe\/noticiero\/#website","url":"https:\/\/aeronoticias.com.pe\/noticiero\/","name":"Aeronoticias.com.pe","description":"Noticias de tranporte aereo, turismo, hoteles, gastronomia, actualidad, internacional","potentialAction":[{"@type":"SearchAction","target":{"@type":"EntryPoint","urlTemplate":"https:\/\/aeronoticias.com.pe\/noticiero\/?s={search_term_string}"},"query-input":{"@type":"PropertyValueSpecification","valueRequired":true,"valueName":"search_term_string"}}],"inLanguage":"es"},{"@type":"Person","@id":"https:\/\/aeronoticias.com.pe\/noticiero\/#\/schema\/person\/fc1e5d578f4b62ba1cf7ac2bba1170a0","name":"Redacci\u00f3n Aeronoticias","url":"https:\/\/aeronoticias.com.pe\/noticiero\/author\/piloto\/"}]}},"_links":{"self":[{"href":"https:\/\/aeronoticias.com.pe\/noticiero\/wp-json\/wp\/v2\/posts\/41615","targetHints":{"allow":["GET"]}}],"collection":[{"href":"https:\/\/aeronoticias.com.pe\/noticiero\/wp-json\/wp\/v2\/posts"}],"about":[{"href":"https:\/\/aeronoticias.com.pe\/noticiero\/wp-json\/wp\/v2\/types\/post"}],"author":[{"embeddable":true,"href":"https:\/\/aeronoticias.com.pe\/noticiero\/wp-json\/wp\/v2\/users\/1"}],"replies":[{"embeddable":true,"href":"https:\/\/aeronoticias.com.pe\/noticiero\/wp-json\/wp\/v2\/comments?post=41615"}],"version-history":[{"count":0,"href":"https:\/\/aeronoticias.com.pe\/noticiero\/wp-json\/wp\/v2\/posts\/41615\/revisions"}],"wp:attachment":[{"href":"https:\/\/aeronoticias.com.pe\/noticiero\/wp-json\/wp\/v2\/media?parent=41615"}],"wp:term":[{"taxonomy":"category","embeddable":true,"href":"https:\/\/aeronoticias.com.pe\/noticiero\/wp-json\/wp\/v2\/categories?post=41615"},{"taxonomy":"post_tag","embeddable":true,"href":"https:\/\/aeronoticias.com.pe\/noticiero\/wp-json\/wp\/v2\/tags?post=41615"}],"curies":[{"name":"wp","href":"https:\/\/api.w.org\/{rel}","templated":true}]}}