{"id":41618,"date":"2013-11-12T18:26:22","date_gmt":"2013-11-12T18:26:22","guid":{"rendered":"http:\/\/desarrollo.mcvicious.com\/aero2020\/2013\/11\/12\/moscu-exige-disculpas-a-varsovia-por-ataque-a-la-embajada-rusa\/"},"modified":"2013-11-12T18:26:22","modified_gmt":"2013-11-12T18:26:22","slug":"moscu-exige-disculpas-a-varsovia-por-ataque-a-la-embajada-rusa","status":"publish","type":"post","link":"https:\/\/aeronoticias.com.pe\/noticiero\/internacionales\/moscu-exige-disculpas-a-varsovia-por-ataque-a-la-embajada-rusa\/","title":{"rendered":"Mosc\u00fa exige disculpas a Varsovia por ataque a la embajada rusa"},"content":{"rendered":"<p><img decoding=\"async\" src=\"images\/stories\/13\/11\/121113\/moscuita_aero.jpg\" border=\"0\" \/><\/p>\n<p style=\"text-align: justify;\"><strong>(Aeronoticias).-<\/strong><em>Rusia exigi\u00f3 hoy disculpas a Polonia a ra\u00edz de violentos disturbios frente a la embajada rusa en Varsovia durante La Marcha de la Independencia convocada ayer por los ultranacionalistas polacos, dice un comunicado del Ministerio de Exteriores ruso.<\/em><\/p>\n<p style=\"text-align: justify;\">La canciller\u00eda cit\u00f3 este martes al embajador de Polonia en Mosc\u00fa, Wojciech Zaj\u0105czkowski, a causa del ataque contra la legaci\u00f3n rusa en Varsovia.<\/p>\n<p style=\"text-align: justify;\">\u201cA ra\u00edz de los actos de violencia perpetrados ayer contra la embajada rusa en Varsovia, el embajador de Polonia en Rusia ha sido convocado ante el Ministerio de Asuntos Exteriores de Rusia\u201d, indic\u00f3 el Exteriores en una nota.<\/p>\n<p style=\"text-align: justify;\">Seg\u00fan la agregada de prensa de la legaci\u00f3n, Valeria Perzhinskaya, los agresores ocasionaron perjuicios importantes a la embajada, da\u00f1ando su valla protectora, varios coches y el Centro Cultural Ruso.<\/p>\n<p style=\"text-align: justify;\">El embajador ruso en Varsovia, Alexandr Aleks\u00e9ev cree las medidas de seguridad desplegadas por la polic\u00eda durante la pol\u00e9mica marcha eran insuficientes.<\/p>\n<p style=\"text-align: justify;\">Adem\u00e1s, antes de la marcha en Polonia se llev\u00f3 a cabo una \u201chist\u00e9rica campa\u00f1a antirrusa\u201d, asegur\u00f3.<\/p>\n<p style=\"text-align: justify;\">En todo caso, el diplom\u00e1tico conf\u00eda en la pr\u00f3xima soluci\u00f3n del asunto. \u201cSe trata de un incidente grave, pero que no pasa de ser tan solo un incidente. Depende de la parte polaca si lo zanjamos de una manera r\u00e1pida e indolora\u201d, explic\u00f3.<\/p>\n<p style=\"text-align: justify;\">\u00a0<\/p>\n<p style=\"text-align: justify;\">Fuente: <strong>RIANovosti<\/strong><\/p>\n<p style=\"text-align: justify;\">Foto: <strong>RIANovosti<\/strong><\/p>\n<div style=\"text-align: justify;\"><\/div>\n","protected":false},"excerpt":{"rendered":"<p>(Aeronoticias).-Rusia exigi\u00f3 hoy disculpas a Polonia a ra\u00edz de violentos disturbios frente a la embajada rusa en Varsovia durante La Marcha de la Independencia convocada ayer por los ultranacionalistas polacos, dice un comunicado del Ministerio de Exteriores ruso. La canciller\u00eda cit\u00f3 este martes al embajador de Polonia en Mosc\u00fa, Wojciech Zaj\u0105czkowski, a causa del ataque [&hellip;]<\/p>\n","protected":false},"author":1,"featured_media":0,"comment_status":"open","ping_status":"open","sticky":false,"template":"","format":"standard","meta":{"tdm_status":"","tdm_grid_status":"","footnotes":""},"categories":[34],"tags":[],"class_list":{"0":"post-41618","1":"post","2":"type-post","3":"status-publish","4":"format-standard","6":"category-internacionales"},"yoast_head":"<!-- This site is optimized with the Yoast SEO plugin v25.1 - https:\/\/yoast.com\/wordpress\/plugins\/seo\/ -->\n<title>Mosc\u00fa exige disculpas a Varsovia por ataque a la embajada rusa<\/title>\n<meta name=\"description\" content=\"Portal de noticias del Per\u00fa sobre el transporte a\u00e9reo, aviaci\u00f3n, turismo, hoteleria, actualidad.\" \/>\n<meta name=\"robots\" content=\"index, follow, max-snippet:-1, max-image-preview:large, max-video-preview:-1\" \/>\n<link rel=\"canonical\" href=\"https:\/\/aeronoticias.com.pe\/noticiero\/internacionales\/moscu-exige-disculpas-a-varsovia-por-ataque-a-la-embajada-rusa\/\" \/>\n<meta property=\"og:locale\" content=\"es_ES\" \/>\n<meta property=\"og:type\" content=\"article\" \/>\n<meta property=\"og:title\" content=\"Mosc\u00fa exige disculpas a Varsovia por ataque a la embajada rusa\" \/>\n<meta property=\"og:description\" content=\"Portal de noticias del Per\u00fa sobre el transporte a\u00e9reo, aviaci\u00f3n, turismo, hoteleria, actualidad.\" \/>\n<meta property=\"og:url\" content=\"https:\/\/aeronoticias.com.pe\/noticiero\/internacionales\/moscu-exige-disculpas-a-varsovia-por-ataque-a-la-embajada-rusa\/\" \/>\n<meta property=\"og:site_name\" content=\"Aeronoticias.com.pe\" \/>\n<meta property=\"article:publisher\" content=\"https:\/\/www.facebook.com\/Aeronoticias.com.pe\/\" \/>\n<meta property=\"article:published_time\" content=\"2013-11-12T18:26:22+00:00\" \/>\n<meta name=\"author\" content=\"Redacci\u00f3n Aeronoticias\" \/>\n<meta name=\"twitter:card\" content=\"summary_large_image\" \/>\n<meta name=\"twitter:creator\" content=\"@aeronoticias\" \/>\n<meta name=\"twitter:site\" content=\"@aeronoticias\" \/>\n<meta name=\"twitter:label1\" content=\"Escrito por\" \/>\n\t<meta name=\"twitter:data1\" content=\"Redacci\u00f3n Aeronoticias\" \/>\n\t<meta name=\"twitter:label2\" content=\"Tiempo de lectura\" \/>\n\t<meta name=\"twitter:data2\" content=\"1 minuto\" \/>\n<script type=\"application\/ld+json\" class=\"yoast-schema-graph\">{\"@context\":\"https:\/\/schema.org\",\"@graph\":[{\"@type\":\"WebPage\",\"@id\":\"https:\/\/aeronoticias.com.pe\/noticiero\/internacionales\/moscu-exige-disculpas-a-varsovia-por-ataque-a-la-embajada-rusa\/\",\"url\":\"https:\/\/aeronoticias.com.pe\/noticiero\/internacionales\/moscu-exige-disculpas-a-varsovia-por-ataque-a-la-embajada-rusa\/\",\"name\":\"Mosc\u00fa exige disculpas a Varsovia por ataque a la embajada rusa\",\"isPartOf\":{\"@id\":\"https:\/\/aeronoticias.com.pe\/noticiero\/#website\"},\"datePublished\":\"2013-11-12T18:26:22+00:00\",\"author\":{\"@id\":\"https:\/\/aeronoticias.com.pe\/noticiero\/#\/schema\/person\/fc1e5d578f4b62ba1cf7ac2bba1170a0\"},\"description\":\"Portal de noticias del Per\u00fa sobre el transporte a\u00e9reo, aviaci\u00f3n, turismo, hoteleria, actualidad.\",\"breadcrumb\":{\"@id\":\"https:\/\/aeronoticias.com.pe\/noticiero\/internacionales\/moscu-exige-disculpas-a-varsovia-por-ataque-a-la-embajada-rusa\/#breadcrumb\"},\"inLanguage\":\"es\",\"potentialAction\":[{\"@type\":\"ReadAction\",\"target\":[\"https:\/\/aeronoticias.com.pe\/noticiero\/internacionales\/moscu-exige-disculpas-a-varsovia-por-ataque-a-la-embajada-rusa\/\"]}]},{\"@type\":\"BreadcrumbList\",\"@id\":\"https:\/\/aeronoticias.com.pe\/noticiero\/internacionales\/moscu-exige-disculpas-a-varsovia-por-ataque-a-la-embajada-rusa\/#breadcrumb\",\"itemListElement\":[{\"@type\":\"ListItem\",\"position\":1,\"name\":\"Portada\",\"item\":\"https:\/\/aeronoticias.com.pe\/noticiero\/\"},{\"@type\":\"ListItem\",\"position\":2,\"name\":\"Mosc\u00fa exige disculpas a Varsovia por ataque a la embajada rusa\"}]},{\"@type\":\"WebSite\",\"@id\":\"https:\/\/aeronoticias.com.pe\/noticiero\/#website\",\"url\":\"https:\/\/aeronoticias.com.pe\/noticiero\/\",\"name\":\"Aeronoticias.com.pe\",\"description\":\"Noticias de tranporte aereo, turismo, hoteles, gastronomia, actualidad, internacional\",\"potentialAction\":[{\"@type\":\"SearchAction\",\"target\":{\"@type\":\"EntryPoint\",\"urlTemplate\":\"https:\/\/aeronoticias.com.pe\/noticiero\/?s={search_term_string}\"},\"query-input\":{\"@type\":\"PropertyValueSpecification\",\"valueRequired\":true,\"valueName\":\"search_term_string\"}}],\"inLanguage\":\"es\"},{\"@type\":\"Person\",\"@id\":\"https:\/\/aeronoticias.com.pe\/noticiero\/#\/schema\/person\/fc1e5d578f4b62ba1cf7ac2bba1170a0\",\"name\":\"Redacci\u00f3n Aeronoticias\",\"url\":\"https:\/\/aeronoticias.com.pe\/noticiero\/author\/piloto\/\"}]}<\/script>\n<!-- \/ Yoast SEO plugin. -->","yoast_head_json":{"title":"Mosc\u00fa exige disculpas a Varsovia por ataque a la embajada rusa","description":"Portal de noticias del Per\u00fa sobre el transporte a\u00e9reo, aviaci\u00f3n, turismo, hoteleria, actualidad.","robots":{"index":"index","follow":"follow","max-snippet":"max-snippet:-1","max-image-preview":"max-image-preview:large","max-video-preview":"max-video-preview:-1"},"canonical":"https:\/\/aeronoticias.com.pe\/noticiero\/internacionales\/moscu-exige-disculpas-a-varsovia-por-ataque-a-la-embajada-rusa\/","og_locale":"es_ES","og_type":"article","og_title":"Mosc\u00fa exige disculpas a Varsovia por ataque a la embajada rusa","og_description":"Portal de noticias del Per\u00fa sobre el transporte a\u00e9reo, aviaci\u00f3n, turismo, hoteleria, actualidad.","og_url":"https:\/\/aeronoticias.com.pe\/noticiero\/internacionales\/moscu-exige-disculpas-a-varsovia-por-ataque-a-la-embajada-rusa\/","og_site_name":"Aeronoticias.com.pe","article_publisher":"https:\/\/www.facebook.com\/Aeronoticias.com.pe\/","article_published_time":"2013-11-12T18:26:22+00:00","author":"Redacci\u00f3n Aeronoticias","twitter_card":"summary_large_image","twitter_creator":"@aeronoticias","twitter_site":"@aeronoticias","twitter_misc":{"Escrito por":"Redacci\u00f3n Aeronoticias","Tiempo de lectura":"1 minuto"},"schema":{"@context":"https:\/\/schema.org","@graph":[{"@type":"WebPage","@id":"https:\/\/aeronoticias.com.pe\/noticiero\/internacionales\/moscu-exige-disculpas-a-varsovia-por-ataque-a-la-embajada-rusa\/","url":"https:\/\/aeronoticias.com.pe\/noticiero\/internacionales\/moscu-exige-disculpas-a-varsovia-por-ataque-a-la-embajada-rusa\/","name":"Mosc\u00fa exige disculpas a Varsovia por ataque a la embajada rusa","isPartOf":{"@id":"https:\/\/aeronoticias.com.pe\/noticiero\/#website"},"datePublished":"2013-11-12T18:26:22+00:00","author":{"@id":"https:\/\/aeronoticias.com.pe\/noticiero\/#\/schema\/person\/fc1e5d578f4b62ba1cf7ac2bba1170a0"},"description":"Portal de noticias del Per\u00fa sobre el transporte a\u00e9reo, aviaci\u00f3n, turismo, hoteleria, actualidad.","breadcrumb":{"@id":"https:\/\/aeronoticias.com.pe\/noticiero\/internacionales\/moscu-exige-disculpas-a-varsovia-por-ataque-a-la-embajada-rusa\/#breadcrumb"},"inLanguage":"es","potentialAction":[{"@type":"ReadAction","target":["https:\/\/aeronoticias.com.pe\/noticiero\/internacionales\/moscu-exige-disculpas-a-varsovia-por-ataque-a-la-embajada-rusa\/"]}]},{"@type":"BreadcrumbList","@id":"https:\/\/aeronoticias.com.pe\/noticiero\/internacionales\/moscu-exige-disculpas-a-varsovia-por-ataque-a-la-embajada-rusa\/#breadcrumb","itemListElement":[{"@type":"ListItem","position":1,"name":"Portada","item":"https:\/\/aeronoticias.com.pe\/noticiero\/"},{"@type":"ListItem","position":2,"name":"Mosc\u00fa exige disculpas a Varsovia por ataque a la embajada rusa"}]},{"@type":"WebSite","@id":"https:\/\/aeronoticias.com.pe\/noticiero\/#website","url":"https:\/\/aeronoticias.com.pe\/noticiero\/","name":"Aeronoticias.com.pe","description":"Noticias de tranporte aereo, turismo, hoteles, gastronomia, actualidad, internacional","potentialAction":[{"@type":"SearchAction","target":{"@type":"EntryPoint","urlTemplate":"https:\/\/aeronoticias.com.pe\/noticiero\/?s={search_term_string}"},"query-input":{"@type":"PropertyValueSpecification","valueRequired":true,"valueName":"search_term_string"}}],"inLanguage":"es"},{"@type":"Person","@id":"https:\/\/aeronoticias.com.pe\/noticiero\/#\/schema\/person\/fc1e5d578f4b62ba1cf7ac2bba1170a0","name":"Redacci\u00f3n Aeronoticias","url":"https:\/\/aeronoticias.com.pe\/noticiero\/author\/piloto\/"}]}},"_links":{"self":[{"href":"https:\/\/aeronoticias.com.pe\/noticiero\/wp-json\/wp\/v2\/posts\/41618","targetHints":{"allow":["GET"]}}],"collection":[{"href":"https:\/\/aeronoticias.com.pe\/noticiero\/wp-json\/wp\/v2\/posts"}],"about":[{"href":"https:\/\/aeronoticias.com.pe\/noticiero\/wp-json\/wp\/v2\/types\/post"}],"author":[{"embeddable":true,"href":"https:\/\/aeronoticias.com.pe\/noticiero\/wp-json\/wp\/v2\/users\/1"}],"replies":[{"embeddable":true,"href":"https:\/\/aeronoticias.com.pe\/noticiero\/wp-json\/wp\/v2\/comments?post=41618"}],"version-history":[{"count":0,"href":"https:\/\/aeronoticias.com.pe\/noticiero\/wp-json\/wp\/v2\/posts\/41618\/revisions"}],"wp:attachment":[{"href":"https:\/\/aeronoticias.com.pe\/noticiero\/wp-json\/wp\/v2\/media?parent=41618"}],"wp:term":[{"taxonomy":"category","embeddable":true,"href":"https:\/\/aeronoticias.com.pe\/noticiero\/wp-json\/wp\/v2\/categories?post=41618"},{"taxonomy":"post_tag","embeddable":true,"href":"https:\/\/aeronoticias.com.pe\/noticiero\/wp-json\/wp\/v2\/tags?post=41618"}],"curies":[{"name":"wp","href":"https:\/\/api.w.org\/{rel}","templated":true}]}}