{"id":41619,"date":"2013-11-12T18:45:48","date_gmt":"2013-11-12T18:45:48","guid":{"rendered":"http:\/\/desarrollo.mcvicious.com\/aero2020\/2013\/11\/12\/triunfo-de-padilla-en-la-segunda-corrida\/"},"modified":"2013-11-12T18:45:48","modified_gmt":"2013-11-12T18:45:48","slug":"triunfo-de-padilla-en-la-segunda-corrida","status":"publish","type":"post","link":"https:\/\/aeronoticias.com.pe\/noticiero\/taurina-taurina\/triunfo-de-padilla-en-la-segunda-corrida\/","title":{"rendered":"Triunfo de Padilla en la segunda corrida"},"content":{"rendered":"<p style=\"text-align: justify;\"><strong>(Aeronoticias) <\/strong><span style=\"text-align: justify; line-height: 1.3em;\">Se realiz\u00f3 en Acho la segunda corrida de toros de la Feria del Se\u00f1or de los Milagros. Se lidiaron dos toros de San Esteban de Ovejas y cuatro de La Ahumada, colombianos. El ganado ha estado bien presentado y en cuanto a bravura destacaron el tercero, de San esteban de Ovejas, \u00a0y especialmente el cuarto, de La Ahumada.<\/span><\/p>\n<p style=\"text-align: justify;\">Con dos tercios de Plaza como asistencia, parten Plaza Juan Jos\u00e9 Padilla, de gris acero y oro con cabos negros, El Fandi de rojo y oro, y Alfonso de Lima con precioso traje de estreno burdeos y oro. Hay una calurosa ovaci\u00f3n de bienvenida a Juan Jos\u00e9 Padilla.<\/p>\n<p style=\"text-align: justify;\">El torero jerezano recibe con una larga cambiada al primero y luego instrumenta buenas ver\u00f3nicas que se aplauden. Tres pares de banderillas destacando el tercer par al viol\u00edn son ovacionados. Inicia Padilla la faena toreando por alto de rodillas. Sigue por la derecha en una faena en que el torero est\u00e1 por encima del toro que no es nada f\u00e1cil. Pinchazo y estocada culminan su labor que es aplaudida. El cuarto es abanto de salida y no hay mayor lucimiento de Padilla con el capote. Bien picado se pasa al segundo tercio en el que Padilla se luce en tres soberbios pares de banderillas. La faena de muleta es jaleada desde su inicio con pases con la mano derecha en los cuales hay mando y con los cuales somete plenamente al toro que se ha crecido y que embiste con clase. Muy emotiva la faena donde hay pases con ambas manos, molinetes y termina con pases de rodillas y manoletinas. Hay un pinchazo en todo lo alto y luego una estocada entera que hace rodar .Fuerte petici\u00f3n hace que se le otorguen las dos orejas. Culminando la vuelta al ruedo se le arroja una bandera pirata que el diestro pasea complacido. Al centro del ruedo se hinca \u00a0rodilla en tierra y cogiendo un pu\u00f1ado de arena lo besa muy emocionado. Ha sido una gran faena.<\/p>\n<p style=\"text-align: justify;\">El Fandi ha estado con el santo de espaldas. Sus toros han sido los menos propicios. El segundo arremet\u00eda muy fuerte convirti\u00e9ndose en un peligroso tren que presentaba muchas dificultades. Incluso el tercio de banderillas resulta muy deslucido por la forma de acometer del toro. Creemos que el matador no debi\u00f3 banderillear. El quinto es un jabonero de muy bonita l\u00e1mina. Sale muy suelto y no puede lucirse el matador con el capote. En banderillas El Fandi no est\u00e1 c\u00f3modo y el tercio no tiene la brillantez que este torero acostumbra. Con la muleta hay pases sueltos pero la faena no termina de agradar al p\u00fablico. El toro no es f\u00e1cil, hay voluntad pero no hay mayor lucimiento. Entra a matar muy mal, primero un metisaca buscando los bajos y luego un bajonazo termina con el toro. Hay pitos fuertes para el espada.<\/p>\n<p style=\"text-align: justify;\"><span style=\"line-height: 1.3em;\">Alfonso de Lima ha mostrado su buen momento y el resultado de su reciente entrenamiento en Espa\u00f1a. Ha estado muy bien en su primero con el capote y con la muleta. De capa unas buenas ver\u00f3nicas y se le ve muy seguro llevando al toro al caballo. Brinda al p\u00fablico y da comienzo a la faena dobl\u00e1ndose toreramente. Bien en varias series con la derecha rematadas con el de pecho. Con la izquierda el toro no permite la misma calidad. Pinchazo en lo alto precede a una estocada entera. Hay ovaci\u00f3n para la faena que, a nuestro juicio, merec\u00eda por lo menos una vuelta al ruedo. Hay que tener en cuenta que un pinchazo en lo alto es simplemente mala suerte y no un error que hace perder trofeos. Con el sexto no pudo redondear su tarde. El toro es el peor de la corrida, muy manso y peligroso. En los caballos confirma su mansedumbre pues apenas siente el picotazo sale despavorido. En nuestra opini\u00f3n falt\u00f3 un picador con conocimiento pues a este tipo de toros hay que taparles la salida con el caballo y picarlos. Se equivoca el matador al solicitar el cambio de tercio con el toro pr\u00e1cticamente sin picar. Es cierto tambi\u00e9n que el p\u00fablico no aprecia la suerte de varas, incluso en alg\u00fan toro se pita un buen puyazo. Resultado de los errores en la suerte de varas es la forma muy descompuesta y peligrosa en que se comporta el ejemplar de La Ahumada. Muy contrariado Alfonso se ve obligado a machetear al toro y entrar a matar.<\/span><\/p>\n<p style=\"text-align: justify;\"><span style=\"line-height: 1.3em;\">En resumen una tarde con una muy buena faena de Padilla, una aceptable presentaci\u00f3n de Alfonso de Lima y una mala tarde de El Fandi. En la suerte de varas acertado siempre C\u00e9sar Caro y de las cuadrillas destacaron en la brega Manuel Rodr\u00edguez, espa\u00f1ol \u00a0de la cuadrilla de Padilla, Dennis Castillo y El Loro y con las banderillas dos buenos pares de Alan Quispe.<\/span><\/p>\n<p style=\"text-align: justify;\"><span style=\"line-height: 1.3em;\"><img decoding=\"async\" src=\"images\/stories\/13\/11\/121113\/paseillo.jpg\" border=\"0\" \/><br \/><\/span><\/p>\n","protected":false},"excerpt":{"rendered":"<p>(Aeronoticias) Se realiz\u00f3 en Acho la segunda corrida de toros de la Feria del Se\u00f1or de los Milagros. Se lidiaron dos toros de San Esteban de Ovejas y cuatro de La Ahumada, colombianos. El ganado ha estado bien presentado y en cuanto a bravura destacaron el tercero, de San esteban de Ovejas, \u00a0y especialmente el [&hellip;]<\/p>\n","protected":false},"author":1,"featured_media":0,"comment_status":"open","ping_status":"open","sticky":false,"template":"","format":"standard","meta":{"tdm_status":"","tdm_grid_status":"","footnotes":""},"categories":[46],"tags":[],"class_list":{"0":"post-41619","1":"post","2":"type-post","3":"status-publish","4":"format-standard","6":"category-taurina-taurina"},"yoast_head":"<!-- This site is optimized with the Yoast SEO plugin v25.1 - https:\/\/yoast.com\/wordpress\/plugins\/seo\/ -->\n<title>Triunfo de Padilla en la segunda corrida<\/title>\n<meta name=\"description\" content=\"Portal de noticias del Per\u00fa sobre el transporte a\u00e9reo, aviaci\u00f3n, turismo, hoteleria, actualidad.\" \/>\n<meta name=\"robots\" content=\"index, follow, max-snippet:-1, max-image-preview:large, max-video-preview:-1\" \/>\n<link rel=\"canonical\" href=\"https:\/\/aeronoticias.com.pe\/noticiero\/taurina-taurina\/triunfo-de-padilla-en-la-segunda-corrida\/\" \/>\n<meta property=\"og:locale\" content=\"es_ES\" \/>\n<meta property=\"og:type\" content=\"article\" \/>\n<meta property=\"og:title\" content=\"Triunfo de Padilla en la segunda corrida\" \/>\n<meta property=\"og:description\" content=\"Portal de noticias del Per\u00fa sobre el transporte a\u00e9reo, aviaci\u00f3n, turismo, hoteleria, actualidad.\" \/>\n<meta property=\"og:url\" content=\"https:\/\/aeronoticias.com.pe\/noticiero\/taurina-taurina\/triunfo-de-padilla-en-la-segunda-corrida\/\" \/>\n<meta property=\"og:site_name\" content=\"Aeronoticias.com.pe\" \/>\n<meta property=\"article:publisher\" content=\"https:\/\/www.facebook.com\/Aeronoticias.com.pe\/\" \/>\n<meta property=\"article:published_time\" content=\"2013-11-12T18:45:48+00:00\" \/>\n<meta name=\"author\" content=\"Redacci\u00f3n Aeronoticias\" \/>\n<meta name=\"twitter:card\" content=\"summary_large_image\" \/>\n<meta name=\"twitter:creator\" content=\"@aeronoticias\" \/>\n<meta name=\"twitter:site\" content=\"@aeronoticias\" \/>\n<meta name=\"twitter:label1\" content=\"Escrito por\" \/>\n\t<meta name=\"twitter:data1\" content=\"Redacci\u00f3n Aeronoticias\" \/>\n\t<meta name=\"twitter:label2\" content=\"Tiempo de lectura\" \/>\n\t<meta name=\"twitter:data2\" content=\"4 minutos\" \/>\n<script type=\"application\/ld+json\" class=\"yoast-schema-graph\">{\"@context\":\"https:\/\/schema.org\",\"@graph\":[{\"@type\":\"WebPage\",\"@id\":\"https:\/\/aeronoticias.com.pe\/noticiero\/taurina-taurina\/triunfo-de-padilla-en-la-segunda-corrida\/\",\"url\":\"https:\/\/aeronoticias.com.pe\/noticiero\/taurina-taurina\/triunfo-de-padilla-en-la-segunda-corrida\/\",\"name\":\"Triunfo de Padilla en la segunda corrida\",\"isPartOf\":{\"@id\":\"https:\/\/aeronoticias.com.pe\/noticiero\/#website\"},\"datePublished\":\"2013-11-12T18:45:48+00:00\",\"author\":{\"@id\":\"https:\/\/aeronoticias.com.pe\/noticiero\/#\/schema\/person\/fc1e5d578f4b62ba1cf7ac2bba1170a0\"},\"description\":\"Portal de noticias del Per\u00fa sobre el transporte a\u00e9reo, aviaci\u00f3n, turismo, hoteleria, actualidad.\",\"breadcrumb\":{\"@id\":\"https:\/\/aeronoticias.com.pe\/noticiero\/taurina-taurina\/triunfo-de-padilla-en-la-segunda-corrida\/#breadcrumb\"},\"inLanguage\":\"es\",\"potentialAction\":[{\"@type\":\"ReadAction\",\"target\":[\"https:\/\/aeronoticias.com.pe\/noticiero\/taurina-taurina\/triunfo-de-padilla-en-la-segunda-corrida\/\"]}]},{\"@type\":\"BreadcrumbList\",\"@id\":\"https:\/\/aeronoticias.com.pe\/noticiero\/taurina-taurina\/triunfo-de-padilla-en-la-segunda-corrida\/#breadcrumb\",\"itemListElement\":[{\"@type\":\"ListItem\",\"position\":1,\"name\":\"Portada\",\"item\":\"https:\/\/aeronoticias.com.pe\/noticiero\/\"},{\"@type\":\"ListItem\",\"position\":2,\"name\":\"Triunfo de Padilla en la segunda corrida\"}]},{\"@type\":\"WebSite\",\"@id\":\"https:\/\/aeronoticias.com.pe\/noticiero\/#website\",\"url\":\"https:\/\/aeronoticias.com.pe\/noticiero\/\",\"name\":\"Aeronoticias.com.pe\",\"description\":\"Noticias de tranporte aereo, turismo, hoteles, gastronomia, actualidad, internacional\",\"potentialAction\":[{\"@type\":\"SearchAction\",\"target\":{\"@type\":\"EntryPoint\",\"urlTemplate\":\"https:\/\/aeronoticias.com.pe\/noticiero\/?s={search_term_string}\"},\"query-input\":{\"@type\":\"PropertyValueSpecification\",\"valueRequired\":true,\"valueName\":\"search_term_string\"}}],\"inLanguage\":\"es\"},{\"@type\":\"Person\",\"@id\":\"https:\/\/aeronoticias.com.pe\/noticiero\/#\/schema\/person\/fc1e5d578f4b62ba1cf7ac2bba1170a0\",\"name\":\"Redacci\u00f3n Aeronoticias\",\"url\":\"https:\/\/aeronoticias.com.pe\/noticiero\/author\/piloto\/\"}]}<\/script>\n<!-- \/ Yoast SEO plugin. -->","yoast_head_json":{"title":"Triunfo de Padilla en la segunda corrida","description":"Portal de noticias del Per\u00fa sobre el transporte a\u00e9reo, aviaci\u00f3n, turismo, hoteleria, actualidad.","robots":{"index":"index","follow":"follow","max-snippet":"max-snippet:-1","max-image-preview":"max-image-preview:large","max-video-preview":"max-video-preview:-1"},"canonical":"https:\/\/aeronoticias.com.pe\/noticiero\/taurina-taurina\/triunfo-de-padilla-en-la-segunda-corrida\/","og_locale":"es_ES","og_type":"article","og_title":"Triunfo de Padilla en la segunda corrida","og_description":"Portal de noticias del Per\u00fa sobre el transporte a\u00e9reo, aviaci\u00f3n, turismo, hoteleria, actualidad.","og_url":"https:\/\/aeronoticias.com.pe\/noticiero\/taurina-taurina\/triunfo-de-padilla-en-la-segunda-corrida\/","og_site_name":"Aeronoticias.com.pe","article_publisher":"https:\/\/www.facebook.com\/Aeronoticias.com.pe\/","article_published_time":"2013-11-12T18:45:48+00:00","author":"Redacci\u00f3n Aeronoticias","twitter_card":"summary_large_image","twitter_creator":"@aeronoticias","twitter_site":"@aeronoticias","twitter_misc":{"Escrito por":"Redacci\u00f3n Aeronoticias","Tiempo de lectura":"4 minutos"},"schema":{"@context":"https:\/\/schema.org","@graph":[{"@type":"WebPage","@id":"https:\/\/aeronoticias.com.pe\/noticiero\/taurina-taurina\/triunfo-de-padilla-en-la-segunda-corrida\/","url":"https:\/\/aeronoticias.com.pe\/noticiero\/taurina-taurina\/triunfo-de-padilla-en-la-segunda-corrida\/","name":"Triunfo de Padilla en la segunda corrida","isPartOf":{"@id":"https:\/\/aeronoticias.com.pe\/noticiero\/#website"},"datePublished":"2013-11-12T18:45:48+00:00","author":{"@id":"https:\/\/aeronoticias.com.pe\/noticiero\/#\/schema\/person\/fc1e5d578f4b62ba1cf7ac2bba1170a0"},"description":"Portal de noticias del Per\u00fa sobre el transporte a\u00e9reo, aviaci\u00f3n, turismo, hoteleria, actualidad.","breadcrumb":{"@id":"https:\/\/aeronoticias.com.pe\/noticiero\/taurina-taurina\/triunfo-de-padilla-en-la-segunda-corrida\/#breadcrumb"},"inLanguage":"es","potentialAction":[{"@type":"ReadAction","target":["https:\/\/aeronoticias.com.pe\/noticiero\/taurina-taurina\/triunfo-de-padilla-en-la-segunda-corrida\/"]}]},{"@type":"BreadcrumbList","@id":"https:\/\/aeronoticias.com.pe\/noticiero\/taurina-taurina\/triunfo-de-padilla-en-la-segunda-corrida\/#breadcrumb","itemListElement":[{"@type":"ListItem","position":1,"name":"Portada","item":"https:\/\/aeronoticias.com.pe\/noticiero\/"},{"@type":"ListItem","position":2,"name":"Triunfo de Padilla en la segunda corrida"}]},{"@type":"WebSite","@id":"https:\/\/aeronoticias.com.pe\/noticiero\/#website","url":"https:\/\/aeronoticias.com.pe\/noticiero\/","name":"Aeronoticias.com.pe","description":"Noticias de tranporte aereo, turismo, hoteles, gastronomia, actualidad, internacional","potentialAction":[{"@type":"SearchAction","target":{"@type":"EntryPoint","urlTemplate":"https:\/\/aeronoticias.com.pe\/noticiero\/?s={search_term_string}"},"query-input":{"@type":"PropertyValueSpecification","valueRequired":true,"valueName":"search_term_string"}}],"inLanguage":"es"},{"@type":"Person","@id":"https:\/\/aeronoticias.com.pe\/noticiero\/#\/schema\/person\/fc1e5d578f4b62ba1cf7ac2bba1170a0","name":"Redacci\u00f3n Aeronoticias","url":"https:\/\/aeronoticias.com.pe\/noticiero\/author\/piloto\/"}]}},"_links":{"self":[{"href":"https:\/\/aeronoticias.com.pe\/noticiero\/wp-json\/wp\/v2\/posts\/41619","targetHints":{"allow":["GET"]}}],"collection":[{"href":"https:\/\/aeronoticias.com.pe\/noticiero\/wp-json\/wp\/v2\/posts"}],"about":[{"href":"https:\/\/aeronoticias.com.pe\/noticiero\/wp-json\/wp\/v2\/types\/post"}],"author":[{"embeddable":true,"href":"https:\/\/aeronoticias.com.pe\/noticiero\/wp-json\/wp\/v2\/users\/1"}],"replies":[{"embeddable":true,"href":"https:\/\/aeronoticias.com.pe\/noticiero\/wp-json\/wp\/v2\/comments?post=41619"}],"version-history":[{"count":0,"href":"https:\/\/aeronoticias.com.pe\/noticiero\/wp-json\/wp\/v2\/posts\/41619\/revisions"}],"wp:attachment":[{"href":"https:\/\/aeronoticias.com.pe\/noticiero\/wp-json\/wp\/v2\/media?parent=41619"}],"wp:term":[{"taxonomy":"category","embeddable":true,"href":"https:\/\/aeronoticias.com.pe\/noticiero\/wp-json\/wp\/v2\/categories?post=41619"},{"taxonomy":"post_tag","embeddable":true,"href":"https:\/\/aeronoticias.com.pe\/noticiero\/wp-json\/wp\/v2\/tags?post=41619"}],"curies":[{"name":"wp","href":"https:\/\/api.w.org\/{rel}","templated":true}]}}