{"id":41620,"date":"2013-11-12T18:43:15","date_gmt":"2013-11-12T18:43:15","guid":{"rendered":"http:\/\/desarrollo.mcvicious.com\/aero2020\/2013\/11\/12\/sigue-la-investigacion-del-fallido-lanzamiento-del-misil-bulava\/"},"modified":"2013-11-12T18:43:15","modified_gmt":"2013-11-12T18:43:15","slug":"sigue-la-investigacion-del-fallido-lanzamiento-del-misil-bulava","status":"publish","type":"post","link":"https:\/\/aeronoticias.com.pe\/noticiero\/transporte-aereo\/internacional\/sigue-la-investigacion-del-fallido-lanzamiento-del-misil-bulava\/","title":{"rendered":"Sigue la investigaci\u00f3n del fallido lanzamiento del misil Bulav\u00e1"},"content":{"rendered":"<p><strong><img decoding=\"async\" src=\"images\/stories\/13\/11\/121113\/acce_aero.jpg\" border=\"0\" \/><br \/><\/strong><\/p>\n<p style=\"text-align: justify;\"><strong>(Aeronoticias)<\/strong>.-La investigaci\u00f3n del lanzamiento fallido del misil bal\u00edstico ruso Bulav\u00e1, en septiembre pasado, a\u00fan contin\u00faa y no se realizar\u00e1n m\u00e1s lanzamientos en lo que resta de a\u00f1o, coment\u00f3 hoy una fuente militar rusa.<\/p>\n<p style=\"text-align: justify;\">\u00abDudo que se realicen otros lanzamientos de prueba antes de finalizar 2013 porque la comisi\u00f3n investigadora a\u00fan contin\u00faa su labor\u00bb, dijo la fuente a RIA Novosti.<\/p>\n<p style=\"text-align: justify;\">Un Bulav\u00e1 disparado el 6 de septiembre desde el submarino Alexandr Nevski, en el mar Blanco, en vez de seguir la trayectoria prevista hacia un pol\u00edgono de Kamchatka, cay\u00f3 al mar por un fallo del sistema de a bordo.<\/p>\n<p style=\"text-align: justify;\">Una comisi\u00f3n dirigida por el jefe de la Armada rusa est\u00e1 investigando el incidente, a ra\u00edz del cual Defensa dispuso realizar cinco lanzamientos m\u00e1s para confirmar las caracter\u00edsticas del Bulav\u00e1 y suspendi\u00f3 las pruebas de homologaci\u00f3n de los submarinos Alexandr Nevski y Vlad\u00edmir Monomaj, cuyo armamento principal ser\u00e1n estos misiles.<\/p>\n<p style=\"text-align: justify;\">La misma fuente se\u00f1al\u00f3 que los propios submarinos no han recibido ninguna queja ni cambiar\u00e1n sus caracter\u00edsticas de proyecto, como tampoco portar\u00e1n otro armamento que no sean los Bulav\u00e1.<\/p>\n<p style=\"text-align: justify;\">Los submarinos del proyecto 955 clase Borei miden 170 metros de eslora, desplazan 24.000 toneladas y pueden portar hasta 16 misiles bal\u00edsticos intercontinentales Bulav\u00e1-30, con un alcance de hasta 8.000 kil\u00f3metros.<\/p>\n<p style=\"text-align: justify;\">\u00a0<\/p>\n<p style=\"text-align: justify;\">Fuente: <strong>RIANovosti<\/strong><\/p>\n<p style=\"text-align: justify;\">Foto: <strong>RIANovosti<\/strong><\/p>\n<div><\/div>\n","protected":false},"excerpt":{"rendered":"<p>(Aeronoticias).-La investigaci\u00f3n del lanzamiento fallido del misil bal\u00edstico ruso Bulav\u00e1, en septiembre pasado, a\u00fan contin\u00faa y no se realizar\u00e1n m\u00e1s lanzamientos en lo que resta de a\u00f1o, coment\u00f3 hoy una fuente militar rusa. \u00abDudo que se realicen otros lanzamientos de prueba antes de finalizar 2013 porque la comisi\u00f3n investigadora a\u00fan contin\u00faa su labor\u00bb, dijo la [&hellip;]<\/p>\n","protected":false},"author":1,"featured_media":0,"comment_status":"open","ping_status":"open","sticky":false,"template":"","format":"standard","meta":{"tdm_status":"","tdm_grid_status":"","footnotes":""},"categories":[32],"tags":[],"class_list":{"0":"post-41620","1":"post","2":"type-post","3":"status-publish","4":"format-standard","6":"category-internacional"},"yoast_head":"<!-- This site is optimized with the Yoast SEO plugin v25.1 - https:\/\/yoast.com\/wordpress\/plugins\/seo\/ -->\n<title>Sigue la investigaci\u00f3n del fallido lanzamiento del misil Bulav\u00e1<\/title>\n<meta name=\"description\" content=\"Portal de noticias del Per\u00fa sobre el transporte a\u00e9reo, aviaci\u00f3n, turismo, hoteleria, actualidad.\" \/>\n<meta name=\"robots\" content=\"index, follow, max-snippet:-1, max-image-preview:large, max-video-preview:-1\" \/>\n<link rel=\"canonical\" href=\"https:\/\/aeronoticias.com.pe\/noticiero\/transporte-aereo\/internacional\/sigue-la-investigacion-del-fallido-lanzamiento-del-misil-bulava\/\" \/>\n<meta property=\"og:locale\" content=\"es_ES\" \/>\n<meta property=\"og:type\" content=\"article\" \/>\n<meta property=\"og:title\" content=\"Sigue la investigaci\u00f3n del fallido lanzamiento del misil Bulav\u00e1\" \/>\n<meta property=\"og:description\" content=\"Portal de noticias del Per\u00fa sobre el transporte a\u00e9reo, aviaci\u00f3n, turismo, hoteleria, actualidad.\" \/>\n<meta property=\"og:url\" content=\"https:\/\/aeronoticias.com.pe\/noticiero\/transporte-aereo\/internacional\/sigue-la-investigacion-del-fallido-lanzamiento-del-misil-bulava\/\" \/>\n<meta property=\"og:site_name\" content=\"Aeronoticias.com.pe\" \/>\n<meta property=\"article:publisher\" content=\"https:\/\/www.facebook.com\/Aeronoticias.com.pe\/\" \/>\n<meta property=\"article:published_time\" content=\"2013-11-12T18:43:15+00:00\" \/>\n<meta name=\"author\" content=\"Redacci\u00f3n Aeronoticias\" \/>\n<meta name=\"twitter:card\" content=\"summary_large_image\" \/>\n<meta name=\"twitter:creator\" content=\"@aeronoticias\" \/>\n<meta name=\"twitter:site\" content=\"@aeronoticias\" \/>\n<meta name=\"twitter:label1\" content=\"Escrito por\" \/>\n\t<meta name=\"twitter:data1\" content=\"Redacci\u00f3n Aeronoticias\" \/>\n\t<meta name=\"twitter:label2\" content=\"Tiempo de lectura\" \/>\n\t<meta name=\"twitter:data2\" content=\"1 minuto\" \/>\n<script type=\"application\/ld+json\" class=\"yoast-schema-graph\">{\"@context\":\"https:\/\/schema.org\",\"@graph\":[{\"@type\":\"WebPage\",\"@id\":\"https:\/\/aeronoticias.com.pe\/noticiero\/transporte-aereo\/internacional\/sigue-la-investigacion-del-fallido-lanzamiento-del-misil-bulava\/\",\"url\":\"https:\/\/aeronoticias.com.pe\/noticiero\/transporte-aereo\/internacional\/sigue-la-investigacion-del-fallido-lanzamiento-del-misil-bulava\/\",\"name\":\"Sigue la investigaci\u00f3n del fallido lanzamiento del misil Bulav\u00e1\",\"isPartOf\":{\"@id\":\"https:\/\/aeronoticias.com.pe\/noticiero\/#website\"},\"datePublished\":\"2013-11-12T18:43:15+00:00\",\"author\":{\"@id\":\"https:\/\/aeronoticias.com.pe\/noticiero\/#\/schema\/person\/fc1e5d578f4b62ba1cf7ac2bba1170a0\"},\"description\":\"Portal de noticias del Per\u00fa sobre el transporte a\u00e9reo, aviaci\u00f3n, turismo, hoteleria, actualidad.\",\"breadcrumb\":{\"@id\":\"https:\/\/aeronoticias.com.pe\/noticiero\/transporte-aereo\/internacional\/sigue-la-investigacion-del-fallido-lanzamiento-del-misil-bulava\/#breadcrumb\"},\"inLanguage\":\"es\",\"potentialAction\":[{\"@type\":\"ReadAction\",\"target\":[\"https:\/\/aeronoticias.com.pe\/noticiero\/transporte-aereo\/internacional\/sigue-la-investigacion-del-fallido-lanzamiento-del-misil-bulava\/\"]}]},{\"@type\":\"BreadcrumbList\",\"@id\":\"https:\/\/aeronoticias.com.pe\/noticiero\/transporte-aereo\/internacional\/sigue-la-investigacion-del-fallido-lanzamiento-del-misil-bulava\/#breadcrumb\",\"itemListElement\":[{\"@type\":\"ListItem\",\"position\":1,\"name\":\"Portada\",\"item\":\"https:\/\/aeronoticias.com.pe\/noticiero\/\"},{\"@type\":\"ListItem\",\"position\":2,\"name\":\"Sigue la investigaci\u00f3n del fallido lanzamiento del misil Bulav\u00e1\"}]},{\"@type\":\"WebSite\",\"@id\":\"https:\/\/aeronoticias.com.pe\/noticiero\/#website\",\"url\":\"https:\/\/aeronoticias.com.pe\/noticiero\/\",\"name\":\"Aeronoticias.com.pe\",\"description\":\"Noticias de tranporte aereo, turismo, hoteles, gastronomia, actualidad, internacional\",\"potentialAction\":[{\"@type\":\"SearchAction\",\"target\":{\"@type\":\"EntryPoint\",\"urlTemplate\":\"https:\/\/aeronoticias.com.pe\/noticiero\/?s={search_term_string}\"},\"query-input\":{\"@type\":\"PropertyValueSpecification\",\"valueRequired\":true,\"valueName\":\"search_term_string\"}}],\"inLanguage\":\"es\"},{\"@type\":\"Person\",\"@id\":\"https:\/\/aeronoticias.com.pe\/noticiero\/#\/schema\/person\/fc1e5d578f4b62ba1cf7ac2bba1170a0\",\"name\":\"Redacci\u00f3n Aeronoticias\",\"url\":\"https:\/\/aeronoticias.com.pe\/noticiero\/author\/piloto\/\"}]}<\/script>\n<!-- \/ Yoast SEO plugin. -->","yoast_head_json":{"title":"Sigue la investigaci\u00f3n del fallido lanzamiento del misil Bulav\u00e1","description":"Portal de noticias del Per\u00fa sobre el transporte a\u00e9reo, aviaci\u00f3n, turismo, hoteleria, actualidad.","robots":{"index":"index","follow":"follow","max-snippet":"max-snippet:-1","max-image-preview":"max-image-preview:large","max-video-preview":"max-video-preview:-1"},"canonical":"https:\/\/aeronoticias.com.pe\/noticiero\/transporte-aereo\/internacional\/sigue-la-investigacion-del-fallido-lanzamiento-del-misil-bulava\/","og_locale":"es_ES","og_type":"article","og_title":"Sigue la investigaci\u00f3n del fallido lanzamiento del misil Bulav\u00e1","og_description":"Portal de noticias del Per\u00fa sobre el transporte a\u00e9reo, aviaci\u00f3n, turismo, hoteleria, actualidad.","og_url":"https:\/\/aeronoticias.com.pe\/noticiero\/transporte-aereo\/internacional\/sigue-la-investigacion-del-fallido-lanzamiento-del-misil-bulava\/","og_site_name":"Aeronoticias.com.pe","article_publisher":"https:\/\/www.facebook.com\/Aeronoticias.com.pe\/","article_published_time":"2013-11-12T18:43:15+00:00","author":"Redacci\u00f3n Aeronoticias","twitter_card":"summary_large_image","twitter_creator":"@aeronoticias","twitter_site":"@aeronoticias","twitter_misc":{"Escrito por":"Redacci\u00f3n Aeronoticias","Tiempo de lectura":"1 minuto"},"schema":{"@context":"https:\/\/schema.org","@graph":[{"@type":"WebPage","@id":"https:\/\/aeronoticias.com.pe\/noticiero\/transporte-aereo\/internacional\/sigue-la-investigacion-del-fallido-lanzamiento-del-misil-bulava\/","url":"https:\/\/aeronoticias.com.pe\/noticiero\/transporte-aereo\/internacional\/sigue-la-investigacion-del-fallido-lanzamiento-del-misil-bulava\/","name":"Sigue la investigaci\u00f3n del fallido lanzamiento del misil Bulav\u00e1","isPartOf":{"@id":"https:\/\/aeronoticias.com.pe\/noticiero\/#website"},"datePublished":"2013-11-12T18:43:15+00:00","author":{"@id":"https:\/\/aeronoticias.com.pe\/noticiero\/#\/schema\/person\/fc1e5d578f4b62ba1cf7ac2bba1170a0"},"description":"Portal de noticias del Per\u00fa sobre el transporte a\u00e9reo, aviaci\u00f3n, turismo, hoteleria, actualidad.","breadcrumb":{"@id":"https:\/\/aeronoticias.com.pe\/noticiero\/transporte-aereo\/internacional\/sigue-la-investigacion-del-fallido-lanzamiento-del-misil-bulava\/#breadcrumb"},"inLanguage":"es","potentialAction":[{"@type":"ReadAction","target":["https:\/\/aeronoticias.com.pe\/noticiero\/transporte-aereo\/internacional\/sigue-la-investigacion-del-fallido-lanzamiento-del-misil-bulava\/"]}]},{"@type":"BreadcrumbList","@id":"https:\/\/aeronoticias.com.pe\/noticiero\/transporte-aereo\/internacional\/sigue-la-investigacion-del-fallido-lanzamiento-del-misil-bulava\/#breadcrumb","itemListElement":[{"@type":"ListItem","position":1,"name":"Portada","item":"https:\/\/aeronoticias.com.pe\/noticiero\/"},{"@type":"ListItem","position":2,"name":"Sigue la investigaci\u00f3n del fallido lanzamiento del misil Bulav\u00e1"}]},{"@type":"WebSite","@id":"https:\/\/aeronoticias.com.pe\/noticiero\/#website","url":"https:\/\/aeronoticias.com.pe\/noticiero\/","name":"Aeronoticias.com.pe","description":"Noticias de tranporte aereo, turismo, hoteles, gastronomia, actualidad, internacional","potentialAction":[{"@type":"SearchAction","target":{"@type":"EntryPoint","urlTemplate":"https:\/\/aeronoticias.com.pe\/noticiero\/?s={search_term_string}"},"query-input":{"@type":"PropertyValueSpecification","valueRequired":true,"valueName":"search_term_string"}}],"inLanguage":"es"},{"@type":"Person","@id":"https:\/\/aeronoticias.com.pe\/noticiero\/#\/schema\/person\/fc1e5d578f4b62ba1cf7ac2bba1170a0","name":"Redacci\u00f3n Aeronoticias","url":"https:\/\/aeronoticias.com.pe\/noticiero\/author\/piloto\/"}]}},"_links":{"self":[{"href":"https:\/\/aeronoticias.com.pe\/noticiero\/wp-json\/wp\/v2\/posts\/41620","targetHints":{"allow":["GET"]}}],"collection":[{"href":"https:\/\/aeronoticias.com.pe\/noticiero\/wp-json\/wp\/v2\/posts"}],"about":[{"href":"https:\/\/aeronoticias.com.pe\/noticiero\/wp-json\/wp\/v2\/types\/post"}],"author":[{"embeddable":true,"href":"https:\/\/aeronoticias.com.pe\/noticiero\/wp-json\/wp\/v2\/users\/1"}],"replies":[{"embeddable":true,"href":"https:\/\/aeronoticias.com.pe\/noticiero\/wp-json\/wp\/v2\/comments?post=41620"}],"version-history":[{"count":0,"href":"https:\/\/aeronoticias.com.pe\/noticiero\/wp-json\/wp\/v2\/posts\/41620\/revisions"}],"wp:attachment":[{"href":"https:\/\/aeronoticias.com.pe\/noticiero\/wp-json\/wp\/v2\/media?parent=41620"}],"wp:term":[{"taxonomy":"category","embeddable":true,"href":"https:\/\/aeronoticias.com.pe\/noticiero\/wp-json\/wp\/v2\/categories?post=41620"},{"taxonomy":"post_tag","embeddable":true,"href":"https:\/\/aeronoticias.com.pe\/noticiero\/wp-json\/wp\/v2\/tags?post=41620"}],"curies":[{"name":"wp","href":"https:\/\/api.w.org\/{rel}","templated":true}]}}