{"id":41626,"date":"2013-11-13T15:14:51","date_gmt":"2013-11-13T15:14:51","guid":{"rendered":"http:\/\/desarrollo.mcvicious.com\/aero2020\/2013\/11\/13\/continua-el-descenso-de-pasajeros-en-aeropuertos-espanoles\/"},"modified":"2013-11-13T15:14:51","modified_gmt":"2013-11-13T15:14:51","slug":"continua-el-descenso-de-pasajeros-en-aeropuertos-espanoles","status":"publish","type":"post","link":"https:\/\/aeronoticias.com.pe\/noticiero\/transporte-aereo\/internacional\/continua-el-descenso-de-pasajeros-en-aeropuertos-espanoles\/","title":{"rendered":"Contin\u00faa el descenso de pasajeros en aeropuertos espa\u00f1oles"},"content":{"rendered":"<p><img decoding=\"async\" src=\"images\/stories\/13\/11\/131113\/ryanar145.jpg\" border=\"0\" \/><\/p>\n<p style=\"text-align: justify;\"><strong>(Aeronoticias)<\/strong>.- El tr\u00e1fico de pasajeros internacionales en los aeropuertos de Aena sum\u00f3 en octubre 12.030.583 viajeros, un 4,3% m\u00e1s que en el mismo mes del a\u00f1o anterior. Se consolida as\u00ed la evoluci\u00f3n positiva del tr\u00e1fico internacional, que ya en septiembre creci\u00f3 2,5%. Se trata de la mayor parte del tr\u00e1fico, ya que el total de pasajeros de la red en octubre fue de 16.884.959.<\/p>\n<p style=\"text-align: justify;\">Esta cifra es un 0,7% inferior a la de octubre de 2012, lo que refleja que se suaviza la tendencia bajista de los meses anteriores. El Aeropuerto de Madrid-Barajas es el aeropuerto con m\u00e1s pasajeros de la red de Aena en octubre con 3.490.462, reduce su porcentaje de ca\u00edda (-9,8% con respecto a octubre del a\u00f1o anterior) y registra el mejor dato de los \u00faltimos doce meses.<\/p>\n<p style=\"text-align: justify;\">El Aeropuerto de Barcelona-El Prat crece un 2,1% en n\u00famero de pasajeros hasta sumar 3.119.098, con lo que consolida la senda de crecimiento iniciada en meses anteriores. Adem\u00e1s, el tr\u00e1fico total de pasajeros de Aena alcanz\u00f3 en octubre aumentos significativos en los principales aeropuertos tur\u00edsticos de la red, lo que consolida la tendencia de crecimiento que muchos de ellos han experimentando a lo largo temporada de verano.<\/p>\n<p style=\"text-align: justify;\"><span style=\"text-decoration: underline;\">Diez primeros meses del a\u00f1o<\/span><\/p>\n<p style=\"text-align: justify;\">En los diez primeros meses del a\u00f1o el n\u00famero de pasajeros internacionales aument\u00f3 un 1,3% hasta alcanzar 113.614.079. El tr\u00e1fico total de pasajeros entre enero y octubre sum\u00f3 163.398.611 viajeros, un 4,4% menos que en el mismo periodo de 2012.<\/p>\n<p style=\"text-align: justify;\">\u00a0<\/p>\n<p style=\"text-align: justify;\">Fuente: <strong>Aerotendencias<\/strong><\/p>\n<p style=\"text-align: justify;\">Foto:<strong> livingspain \/ wikimedia<\/strong><\/p>\n","protected":false},"excerpt":{"rendered":"<p>(Aeronoticias).- El tr\u00e1fico de pasajeros internacionales en los aeropuertos de Aena sum\u00f3 en octubre 12.030.583 viajeros, un 4,3% m\u00e1s que en el mismo mes del a\u00f1o anterior. Se consolida as\u00ed la evoluci\u00f3n positiva del tr\u00e1fico internacional, que ya en septiembre creci\u00f3 2,5%. Se trata de la mayor parte del tr\u00e1fico, ya que el total de [&hellip;]<\/p>\n","protected":false},"author":1,"featured_media":0,"comment_status":"open","ping_status":"open","sticky":false,"template":"","format":"standard","meta":{"tdm_status":"","tdm_grid_status":"","footnotes":""},"categories":[32],"tags":[],"class_list":{"0":"post-41626","1":"post","2":"type-post","3":"status-publish","4":"format-standard","6":"category-internacional"},"yoast_head":"<!-- This site is optimized with the Yoast SEO plugin v25.1 - https:\/\/yoast.com\/wordpress\/plugins\/seo\/ -->\n<title>Contin\u00faa el descenso de pasajeros en aeropuertos espa\u00f1oles<\/title>\n<meta name=\"description\" content=\"Portal de noticias del Per\u00fa sobre el transporte a\u00e9reo, aviaci\u00f3n, turismo, hoteleria, actualidad.\" \/>\n<meta name=\"robots\" content=\"index, follow, max-snippet:-1, max-image-preview:large, max-video-preview:-1\" \/>\n<link rel=\"canonical\" href=\"https:\/\/aeronoticias.com.pe\/noticiero\/transporte-aereo\/internacional\/continua-el-descenso-de-pasajeros-en-aeropuertos-espanoles\/\" \/>\n<meta property=\"og:locale\" content=\"es_ES\" \/>\n<meta property=\"og:type\" content=\"article\" \/>\n<meta property=\"og:title\" content=\"Contin\u00faa el descenso de pasajeros en aeropuertos espa\u00f1oles\" \/>\n<meta property=\"og:description\" content=\"Portal de noticias del Per\u00fa sobre el transporte a\u00e9reo, aviaci\u00f3n, turismo, hoteleria, actualidad.\" \/>\n<meta property=\"og:url\" content=\"https:\/\/aeronoticias.com.pe\/noticiero\/transporte-aereo\/internacional\/continua-el-descenso-de-pasajeros-en-aeropuertos-espanoles\/\" \/>\n<meta property=\"og:site_name\" content=\"Aeronoticias.com.pe\" \/>\n<meta property=\"article:publisher\" content=\"https:\/\/www.facebook.com\/Aeronoticias.com.pe\/\" \/>\n<meta property=\"article:published_time\" content=\"2013-11-13T15:14:51+00:00\" \/>\n<meta name=\"author\" content=\"Redacci\u00f3n Aeronoticias\" \/>\n<meta name=\"twitter:card\" content=\"summary_large_image\" \/>\n<meta name=\"twitter:creator\" content=\"@aeronoticias\" \/>\n<meta name=\"twitter:site\" content=\"@aeronoticias\" \/>\n<meta name=\"twitter:label1\" content=\"Escrito por\" \/>\n\t<meta name=\"twitter:data1\" content=\"Redacci\u00f3n Aeronoticias\" \/>\n\t<meta name=\"twitter:label2\" content=\"Tiempo de lectura\" \/>\n\t<meta name=\"twitter:data2\" content=\"1 minuto\" \/>\n<script type=\"application\/ld+json\" class=\"yoast-schema-graph\">{\"@context\":\"https:\/\/schema.org\",\"@graph\":[{\"@type\":\"WebPage\",\"@id\":\"https:\/\/aeronoticias.com.pe\/noticiero\/transporte-aereo\/internacional\/continua-el-descenso-de-pasajeros-en-aeropuertos-espanoles\/\",\"url\":\"https:\/\/aeronoticias.com.pe\/noticiero\/transporte-aereo\/internacional\/continua-el-descenso-de-pasajeros-en-aeropuertos-espanoles\/\",\"name\":\"Contin\u00faa el descenso de pasajeros en aeropuertos espa\u00f1oles\",\"isPartOf\":{\"@id\":\"https:\/\/aeronoticias.com.pe\/noticiero\/#website\"},\"datePublished\":\"2013-11-13T15:14:51+00:00\",\"author\":{\"@id\":\"https:\/\/aeronoticias.com.pe\/noticiero\/#\/schema\/person\/fc1e5d578f4b62ba1cf7ac2bba1170a0\"},\"description\":\"Portal de noticias del Per\u00fa sobre el transporte a\u00e9reo, aviaci\u00f3n, turismo, hoteleria, actualidad.\",\"breadcrumb\":{\"@id\":\"https:\/\/aeronoticias.com.pe\/noticiero\/transporte-aereo\/internacional\/continua-el-descenso-de-pasajeros-en-aeropuertos-espanoles\/#breadcrumb\"},\"inLanguage\":\"es\",\"potentialAction\":[{\"@type\":\"ReadAction\",\"target\":[\"https:\/\/aeronoticias.com.pe\/noticiero\/transporte-aereo\/internacional\/continua-el-descenso-de-pasajeros-en-aeropuertos-espanoles\/\"]}]},{\"@type\":\"BreadcrumbList\",\"@id\":\"https:\/\/aeronoticias.com.pe\/noticiero\/transporte-aereo\/internacional\/continua-el-descenso-de-pasajeros-en-aeropuertos-espanoles\/#breadcrumb\",\"itemListElement\":[{\"@type\":\"ListItem\",\"position\":1,\"name\":\"Portada\",\"item\":\"https:\/\/aeronoticias.com.pe\/noticiero\/\"},{\"@type\":\"ListItem\",\"position\":2,\"name\":\"Contin\u00faa el descenso de pasajeros en aeropuertos espa\u00f1oles\"}]},{\"@type\":\"WebSite\",\"@id\":\"https:\/\/aeronoticias.com.pe\/noticiero\/#website\",\"url\":\"https:\/\/aeronoticias.com.pe\/noticiero\/\",\"name\":\"Aeronoticias.com.pe\",\"description\":\"Noticias de tranporte aereo, turismo, hoteles, gastronomia, actualidad, internacional\",\"potentialAction\":[{\"@type\":\"SearchAction\",\"target\":{\"@type\":\"EntryPoint\",\"urlTemplate\":\"https:\/\/aeronoticias.com.pe\/noticiero\/?s={search_term_string}\"},\"query-input\":{\"@type\":\"PropertyValueSpecification\",\"valueRequired\":true,\"valueName\":\"search_term_string\"}}],\"inLanguage\":\"es\"},{\"@type\":\"Person\",\"@id\":\"https:\/\/aeronoticias.com.pe\/noticiero\/#\/schema\/person\/fc1e5d578f4b62ba1cf7ac2bba1170a0\",\"name\":\"Redacci\u00f3n Aeronoticias\",\"url\":\"https:\/\/aeronoticias.com.pe\/noticiero\/author\/piloto\/\"}]}<\/script>\n<!-- \/ Yoast SEO plugin. -->","yoast_head_json":{"title":"Contin\u00faa el descenso de pasajeros en aeropuertos espa\u00f1oles","description":"Portal de noticias del Per\u00fa sobre el transporte a\u00e9reo, aviaci\u00f3n, turismo, hoteleria, actualidad.","robots":{"index":"index","follow":"follow","max-snippet":"max-snippet:-1","max-image-preview":"max-image-preview:large","max-video-preview":"max-video-preview:-1"},"canonical":"https:\/\/aeronoticias.com.pe\/noticiero\/transporte-aereo\/internacional\/continua-el-descenso-de-pasajeros-en-aeropuertos-espanoles\/","og_locale":"es_ES","og_type":"article","og_title":"Contin\u00faa el descenso de pasajeros en aeropuertos espa\u00f1oles","og_description":"Portal de noticias del Per\u00fa sobre el transporte a\u00e9reo, aviaci\u00f3n, turismo, hoteleria, actualidad.","og_url":"https:\/\/aeronoticias.com.pe\/noticiero\/transporte-aereo\/internacional\/continua-el-descenso-de-pasajeros-en-aeropuertos-espanoles\/","og_site_name":"Aeronoticias.com.pe","article_publisher":"https:\/\/www.facebook.com\/Aeronoticias.com.pe\/","article_published_time":"2013-11-13T15:14:51+00:00","author":"Redacci\u00f3n Aeronoticias","twitter_card":"summary_large_image","twitter_creator":"@aeronoticias","twitter_site":"@aeronoticias","twitter_misc":{"Escrito por":"Redacci\u00f3n Aeronoticias","Tiempo de lectura":"1 minuto"},"schema":{"@context":"https:\/\/schema.org","@graph":[{"@type":"WebPage","@id":"https:\/\/aeronoticias.com.pe\/noticiero\/transporte-aereo\/internacional\/continua-el-descenso-de-pasajeros-en-aeropuertos-espanoles\/","url":"https:\/\/aeronoticias.com.pe\/noticiero\/transporte-aereo\/internacional\/continua-el-descenso-de-pasajeros-en-aeropuertos-espanoles\/","name":"Contin\u00faa el descenso de pasajeros en aeropuertos espa\u00f1oles","isPartOf":{"@id":"https:\/\/aeronoticias.com.pe\/noticiero\/#website"},"datePublished":"2013-11-13T15:14:51+00:00","author":{"@id":"https:\/\/aeronoticias.com.pe\/noticiero\/#\/schema\/person\/fc1e5d578f4b62ba1cf7ac2bba1170a0"},"description":"Portal de noticias del Per\u00fa sobre el transporte a\u00e9reo, aviaci\u00f3n, turismo, hoteleria, actualidad.","breadcrumb":{"@id":"https:\/\/aeronoticias.com.pe\/noticiero\/transporte-aereo\/internacional\/continua-el-descenso-de-pasajeros-en-aeropuertos-espanoles\/#breadcrumb"},"inLanguage":"es","potentialAction":[{"@type":"ReadAction","target":["https:\/\/aeronoticias.com.pe\/noticiero\/transporte-aereo\/internacional\/continua-el-descenso-de-pasajeros-en-aeropuertos-espanoles\/"]}]},{"@type":"BreadcrumbList","@id":"https:\/\/aeronoticias.com.pe\/noticiero\/transporte-aereo\/internacional\/continua-el-descenso-de-pasajeros-en-aeropuertos-espanoles\/#breadcrumb","itemListElement":[{"@type":"ListItem","position":1,"name":"Portada","item":"https:\/\/aeronoticias.com.pe\/noticiero\/"},{"@type":"ListItem","position":2,"name":"Contin\u00faa el descenso de pasajeros en aeropuertos espa\u00f1oles"}]},{"@type":"WebSite","@id":"https:\/\/aeronoticias.com.pe\/noticiero\/#website","url":"https:\/\/aeronoticias.com.pe\/noticiero\/","name":"Aeronoticias.com.pe","description":"Noticias de tranporte aereo, turismo, hoteles, gastronomia, actualidad, internacional","potentialAction":[{"@type":"SearchAction","target":{"@type":"EntryPoint","urlTemplate":"https:\/\/aeronoticias.com.pe\/noticiero\/?s={search_term_string}"},"query-input":{"@type":"PropertyValueSpecification","valueRequired":true,"valueName":"search_term_string"}}],"inLanguage":"es"},{"@type":"Person","@id":"https:\/\/aeronoticias.com.pe\/noticiero\/#\/schema\/person\/fc1e5d578f4b62ba1cf7ac2bba1170a0","name":"Redacci\u00f3n Aeronoticias","url":"https:\/\/aeronoticias.com.pe\/noticiero\/author\/piloto\/"}]}},"_links":{"self":[{"href":"https:\/\/aeronoticias.com.pe\/noticiero\/wp-json\/wp\/v2\/posts\/41626","targetHints":{"allow":["GET"]}}],"collection":[{"href":"https:\/\/aeronoticias.com.pe\/noticiero\/wp-json\/wp\/v2\/posts"}],"about":[{"href":"https:\/\/aeronoticias.com.pe\/noticiero\/wp-json\/wp\/v2\/types\/post"}],"author":[{"embeddable":true,"href":"https:\/\/aeronoticias.com.pe\/noticiero\/wp-json\/wp\/v2\/users\/1"}],"replies":[{"embeddable":true,"href":"https:\/\/aeronoticias.com.pe\/noticiero\/wp-json\/wp\/v2\/comments?post=41626"}],"version-history":[{"count":0,"href":"https:\/\/aeronoticias.com.pe\/noticiero\/wp-json\/wp\/v2\/posts\/41626\/revisions"}],"wp:attachment":[{"href":"https:\/\/aeronoticias.com.pe\/noticiero\/wp-json\/wp\/v2\/media?parent=41626"}],"wp:term":[{"taxonomy":"category","embeddable":true,"href":"https:\/\/aeronoticias.com.pe\/noticiero\/wp-json\/wp\/v2\/categories?post=41626"},{"taxonomy":"post_tag","embeddable":true,"href":"https:\/\/aeronoticias.com.pe\/noticiero\/wp-json\/wp\/v2\/tags?post=41626"}],"curies":[{"name":"wp","href":"https:\/\/api.w.org\/{rel}","templated":true}]}}