{"id":417,"date":"2008-09-05T11:42:51","date_gmt":"2008-09-05T11:42:51","guid":{"rendered":"http:\/\/desarrollo.mcvicious.com\/aero2020\/2008\/09\/05\/china-presento-propuesta-mas-flexible-para-tlc-con-peru\/"},"modified":"2008-09-05T11:42:51","modified_gmt":"2008-09-05T11:42:51","slug":"china-presento-propuesta-mas-flexible-para-tlc-con-peru","status":"publish","type":"post","link":"https:\/\/aeronoticias.com.pe\/noticiero\/economia\/china-presento-propuesta-mas-flexible-para-tlc-con-peru\/","title":{"rendered":"CHINA PRESENTO PROPUESTA MAS FLEXIBLE PARA TLC CON PERU"},"content":{"rendered":"<p style=\"font-size: 12px; color: #003a75; font-family: Arial,Helvetica,sans-serif\">&nbsp;<\/p>\n<div align=\"justify\" style=\"font-size: 12px; color: #003a75; font-family: Arial,Helvetica,sans-serif\">La titular del Mincetur, Mercedes Ar&aacute;oz, se&ntilde;al&oacute; hoy que hay toda la voluntad de avanzar a nivel pol&iacute;tico tanto de Per&uacute; como de China en las negociaciones del Tratado de Libre Comercio (TLC) bilateral. Dijo que en la &uacute;ltima ronda de negociaci&oacute;n ha visto mayor flexibilizaci&oacute;n de parte de China.<\/div>\n<p style=\"font-size: 12px; color: #003a75; font-family: Arial,Helvetica,sans-serif\" align=\"justify\">&nbsp;&ldquo;Estoy convencida de eso (la voluntad pol&iacute;tica), hemos dado &oacute;rdenes a nuestros funcionarios, tanto por el lado de Per&uacute; como de China, de buscar mecanismos de flexibilizaci&oacute;n y, en esta &uacute;ltima ronda (de negociaciones, realizada la semana pasada en Lima), China ha presentado una propuesta m&aacute;s flexible&rdquo;, record&oacute;. <\/p>\n<p style=\"font-size: 12px; color: #003a75; font-family: Arial,Helvetica,sans-serif\">&nbsp;<\/p>\n<div align=\"justify\">\n<div style=\"text-align: center\"><img loading=\"lazy\" decoding=\"async\" src=\"http:\/\/aeronoticias.com.pe\/fotonoticias\/luis\/merced5.jpg\" alt=\" \" title=\"Titular del Mincetur, Mercedes Ar&aacute;oz. (Foto: Andina)\" hspace=\"5\" vspace=\"5\" width=\"400\" height=\"302\" \/><\/div>\n<p><\/div>\n<p>&nbsp;<\/p>\n<p>&nbsp;<\/p>\n<p> <!--more--> <\/p>\n<div align=\"center\"><strong>Niveles de desgravaci&oacute;n de 17 a&ntilde;os<\/strong><\/div>\n<p style=\"font-size: 12px; color: #003a75; font-family: Arial,Helvetica,sans-serif\" align=\"justify\">&nbsp;<\/p>\n<div align=\"justify\">Indic&oacute; que la propuesta presentada por los negociadores chinos posibilitar&iacute;a a Per&uacute; que algunos sectores sensibles se vayan a niveles de desgravaci&oacute;n de 17 a&ntilde;os y otros a diez a&ntilde;os con desgravaci&oacute;n parcial, que representan per&iacute;odos de largo plazo para recuperar la competitividad en estos sectores.<\/div>\n<div align=\"justify\">Sin embargo, se&ntilde;al&oacute; que a veces los t&eacute;cnicos se quieren reservar cosas para &uacute;ltimo minuto para obtener el m&aacute;ximo provecho de la negociaci&oacute;n.<\/div>\n<p style=\"font-size: 12px; color: #003a75; font-family: Arial,Helvetica,sans-serif\">&nbsp;<\/p>\n<div align=\"center\"><strong>Avances en materia aduanera, defensa comercial, servicios e inversiones<\/strong><\/div>\n<p style=\"font-size: 12px; color: #003a75; font-family: Arial,Helvetica,sans-serif\">&nbsp;<\/p>\n<div align=\"justify\">&ldquo;En otras materias, como aduanera, defensa comercial, servicios, inversiones, entre otras, hemos avanzado muy bien en las otras mesas (de negociaci&oacute;n), por eso en la &uacute;ltima ronda he visto flexibilizaci&oacute;n de parte de China&rdquo;, subray&oacute; a CPN Radio.<\/div>\n<p align=\"center\"><strong>Visi&oacute;n conjunta<\/strong><\/p>\n<p>&nbsp;<\/p>\n<p align=\"justify\">Detall&oacute; que cuando viaj&oacute; conjuntamente con el presidente de la Rep&uacute;blica, Alan Garc&iacute;a, y una amplia delegaci&oacute;n de gremios empresariales a China, conversaron con el propio ministro de Comercio Exterior de China para plantearle la visi&oacute;n conjunta del sector privado con el Estado. <\/p>\n<p align=\"justify\">&ldquo;Un real acceso (comercial) versus una limitada protecci&oacute;n de aquello que es demasiado sensible y eso es lo que hemos mantenido durante toda la negociaci&oacute;n, y lo que ha faltado todav&iacute;a del lado de China, y apuntamos a que nos den el real acceso y esperamos que nos lo den este mes&rdquo;, explic&oacute;.<\/p>\n<p>&nbsp;<\/p>\n<div align=\"center\"><strong>Posibilidad de exportar textiles de lanas de bovino y auqu&eacute;nidos<\/strong><\/div>\n<p>&nbsp;<\/p>\n<div align=\"justify\">Tambi&eacute;n dijo que Per&uacute; tiene grandes posibilidades de exportar textiles elaborados a partir de lanas de bovino y auqu&eacute;nidos, y en algunos productos ya se encuentran exportando a China, sin embargo, podr&iacute;an haber dificultades en la relaci&oacute;n comercial en la ropa hecha de algod&oacute;n que China s&iacute; produce.<\/div>\n<div align=\"justify\">La ministra record&oacute; que las negociaciones del TLC con China son para poner reglas al negocio comercial con este pa&iacute;s y evitar malas pr&aacute;cticas aduaneras que pudieran provenir de algunos malos elementos en el comercio con China.<\/div>\n<p>&nbsp;<\/p>\n","protected":false},"excerpt":{"rendered":"<p>&nbsp; La titular del Mincetur, Mercedes Ar&aacute;oz, se&ntilde;al&oacute; hoy que hay toda la voluntad de avanzar a nivel pol&iacute;tico tanto de Per&uacute; como de China en las negociaciones del Tratado de Libre Comercio (TLC) bilateral. Dijo que en la &uacute;ltima ronda de negociaci&oacute;n ha visto mayor flexibilizaci&oacute;n de parte de China. &nbsp;&ldquo;Estoy convencida de eso [&hellip;]<\/p>\n","protected":false},"author":1,"featured_media":0,"comment_status":"open","ping_status":"open","sticky":false,"template":"","format":"standard","meta":{"tdm_status":"","tdm_grid_status":"","footnotes":""},"categories":[33],"tags":[],"class_list":{"0":"post-417","1":"post","2":"type-post","3":"status-publish","4":"format-standard","6":"category-economia"},"yoast_head":"<!-- This site is optimized with the Yoast SEO plugin v25.1 - https:\/\/yoast.com\/wordpress\/plugins\/seo\/ -->\n<title>CHINA PRESENTO PROPUESTA MAS FLEXIBLE PARA TLC CON PERU<\/title>\n<meta name=\"description\" content=\"Portal de noticias del Per\u00fa sobre el transporte a\u00e9reo, aviaci\u00f3n, turismo, hoteleria, actualidad.\" \/>\n<meta name=\"robots\" content=\"index, follow, max-snippet:-1, max-image-preview:large, max-video-preview:-1\" \/>\n<link rel=\"canonical\" href=\"https:\/\/aeronoticias.com.pe\/noticiero\/economia\/china-presento-propuesta-mas-flexible-para-tlc-con-peru\/\" \/>\n<meta property=\"og:locale\" content=\"es_ES\" \/>\n<meta property=\"og:type\" content=\"article\" \/>\n<meta property=\"og:title\" content=\"CHINA PRESENTO PROPUESTA MAS FLEXIBLE PARA TLC CON PERU\" \/>\n<meta property=\"og:description\" content=\"Portal de noticias del Per\u00fa sobre el transporte a\u00e9reo, aviaci\u00f3n, turismo, hoteleria, actualidad.\" \/>\n<meta property=\"og:url\" content=\"https:\/\/aeronoticias.com.pe\/noticiero\/economia\/china-presento-propuesta-mas-flexible-para-tlc-con-peru\/\" \/>\n<meta property=\"og:site_name\" content=\"Aeronoticias.com.pe\" \/>\n<meta property=\"article:publisher\" content=\"https:\/\/www.facebook.com\/Aeronoticias.com.pe\/\" \/>\n<meta property=\"article:published_time\" content=\"2008-09-05T11:42:51+00:00\" \/>\n<meta property=\"og:image\" content=\"http:\/\/aeronoticias.com.pe\/fotonoticias\/luis\/merced5.jpg\" \/>\n<meta name=\"author\" content=\"Redacci\u00f3n Aeronoticias\" \/>\n<meta name=\"twitter:card\" content=\"summary_large_image\" \/>\n<meta name=\"twitter:creator\" content=\"@aeronoticias\" \/>\n<meta name=\"twitter:site\" content=\"@aeronoticias\" \/>\n<meta name=\"twitter:label1\" content=\"Escrito por\" \/>\n\t<meta name=\"twitter:data1\" content=\"Redacci\u00f3n Aeronoticias\" \/>\n\t<meta name=\"twitter:label2\" content=\"Tiempo de lectura\" \/>\n\t<meta name=\"twitter:data2\" content=\"3 minutos\" \/>\n<script type=\"application\/ld+json\" class=\"yoast-schema-graph\">{\"@context\":\"https:\/\/schema.org\",\"@graph\":[{\"@type\":\"WebPage\",\"@id\":\"https:\/\/aeronoticias.com.pe\/noticiero\/economia\/china-presento-propuesta-mas-flexible-para-tlc-con-peru\/\",\"url\":\"https:\/\/aeronoticias.com.pe\/noticiero\/economia\/china-presento-propuesta-mas-flexible-para-tlc-con-peru\/\",\"name\":\"CHINA PRESENTO PROPUESTA MAS FLEXIBLE PARA TLC CON PERU\",\"isPartOf\":{\"@id\":\"https:\/\/aeronoticias.com.pe\/noticiero\/#website\"},\"primaryImageOfPage\":{\"@id\":\"https:\/\/aeronoticias.com.pe\/noticiero\/economia\/china-presento-propuesta-mas-flexible-para-tlc-con-peru\/#primaryimage\"},\"image\":{\"@id\":\"https:\/\/aeronoticias.com.pe\/noticiero\/economia\/china-presento-propuesta-mas-flexible-para-tlc-con-peru\/#primaryimage\"},\"thumbnailUrl\":\"http:\/\/aeronoticias.com.pe\/fotonoticias\/luis\/merced5.jpg\",\"datePublished\":\"2008-09-05T11:42:51+00:00\",\"author\":{\"@id\":\"https:\/\/aeronoticias.com.pe\/noticiero\/#\/schema\/person\/fc1e5d578f4b62ba1cf7ac2bba1170a0\"},\"description\":\"Portal de noticias del Per\u00fa sobre el transporte a\u00e9reo, aviaci\u00f3n, turismo, hoteleria, actualidad.\",\"breadcrumb\":{\"@id\":\"https:\/\/aeronoticias.com.pe\/noticiero\/economia\/china-presento-propuesta-mas-flexible-para-tlc-con-peru\/#breadcrumb\"},\"inLanguage\":\"es\",\"potentialAction\":[{\"@type\":\"ReadAction\",\"target\":[\"https:\/\/aeronoticias.com.pe\/noticiero\/economia\/china-presento-propuesta-mas-flexible-para-tlc-con-peru\/\"]}]},{\"@type\":\"ImageObject\",\"inLanguage\":\"es\",\"@id\":\"https:\/\/aeronoticias.com.pe\/noticiero\/economia\/china-presento-propuesta-mas-flexible-para-tlc-con-peru\/#primaryimage\",\"url\":\"http:\/\/aeronoticias.com.pe\/fotonoticias\/luis\/merced5.jpg\",\"contentUrl\":\"http:\/\/aeronoticias.com.pe\/fotonoticias\/luis\/merced5.jpg\"},{\"@type\":\"BreadcrumbList\",\"@id\":\"https:\/\/aeronoticias.com.pe\/noticiero\/economia\/china-presento-propuesta-mas-flexible-para-tlc-con-peru\/#breadcrumb\",\"itemListElement\":[{\"@type\":\"ListItem\",\"position\":1,\"name\":\"Portada\",\"item\":\"https:\/\/aeronoticias.com.pe\/noticiero\/\"},{\"@type\":\"ListItem\",\"position\":2,\"name\":\"CHINA PRESENTO PROPUESTA MAS FLEXIBLE PARA TLC CON PERU\"}]},{\"@type\":\"WebSite\",\"@id\":\"https:\/\/aeronoticias.com.pe\/noticiero\/#website\",\"url\":\"https:\/\/aeronoticias.com.pe\/noticiero\/\",\"name\":\"Aeronoticias.com.pe\",\"description\":\"Noticias de tranporte aereo, turismo, hoteles, gastronomia, actualidad, internacional\",\"potentialAction\":[{\"@type\":\"SearchAction\",\"target\":{\"@type\":\"EntryPoint\",\"urlTemplate\":\"https:\/\/aeronoticias.com.pe\/noticiero\/?s={search_term_string}\"},\"query-input\":{\"@type\":\"PropertyValueSpecification\",\"valueRequired\":true,\"valueName\":\"search_term_string\"}}],\"inLanguage\":\"es\"},{\"@type\":\"Person\",\"@id\":\"https:\/\/aeronoticias.com.pe\/noticiero\/#\/schema\/person\/fc1e5d578f4b62ba1cf7ac2bba1170a0\",\"name\":\"Redacci\u00f3n Aeronoticias\",\"url\":\"https:\/\/aeronoticias.com.pe\/noticiero\/author\/piloto\/\"}]}<\/script>\n<!-- \/ Yoast SEO plugin. -->","yoast_head_json":{"title":"CHINA PRESENTO PROPUESTA MAS FLEXIBLE PARA TLC CON PERU","description":"Portal de noticias del Per\u00fa sobre el transporte a\u00e9reo, aviaci\u00f3n, turismo, hoteleria, actualidad.","robots":{"index":"index","follow":"follow","max-snippet":"max-snippet:-1","max-image-preview":"max-image-preview:large","max-video-preview":"max-video-preview:-1"},"canonical":"https:\/\/aeronoticias.com.pe\/noticiero\/economia\/china-presento-propuesta-mas-flexible-para-tlc-con-peru\/","og_locale":"es_ES","og_type":"article","og_title":"CHINA PRESENTO PROPUESTA MAS FLEXIBLE PARA TLC CON PERU","og_description":"Portal de noticias del Per\u00fa sobre el transporte a\u00e9reo, aviaci\u00f3n, turismo, hoteleria, actualidad.","og_url":"https:\/\/aeronoticias.com.pe\/noticiero\/economia\/china-presento-propuesta-mas-flexible-para-tlc-con-peru\/","og_site_name":"Aeronoticias.com.pe","article_publisher":"https:\/\/www.facebook.com\/Aeronoticias.com.pe\/","article_published_time":"2008-09-05T11:42:51+00:00","og_image":[{"url":"http:\/\/aeronoticias.com.pe\/fotonoticias\/luis\/merced5.jpg","type":"","width":"","height":""}],"author":"Redacci\u00f3n Aeronoticias","twitter_card":"summary_large_image","twitter_creator":"@aeronoticias","twitter_site":"@aeronoticias","twitter_misc":{"Escrito por":"Redacci\u00f3n Aeronoticias","Tiempo de lectura":"3 minutos"},"schema":{"@context":"https:\/\/schema.org","@graph":[{"@type":"WebPage","@id":"https:\/\/aeronoticias.com.pe\/noticiero\/economia\/china-presento-propuesta-mas-flexible-para-tlc-con-peru\/","url":"https:\/\/aeronoticias.com.pe\/noticiero\/economia\/china-presento-propuesta-mas-flexible-para-tlc-con-peru\/","name":"CHINA PRESENTO PROPUESTA MAS FLEXIBLE PARA TLC CON PERU","isPartOf":{"@id":"https:\/\/aeronoticias.com.pe\/noticiero\/#website"},"primaryImageOfPage":{"@id":"https:\/\/aeronoticias.com.pe\/noticiero\/economia\/china-presento-propuesta-mas-flexible-para-tlc-con-peru\/#primaryimage"},"image":{"@id":"https:\/\/aeronoticias.com.pe\/noticiero\/economia\/china-presento-propuesta-mas-flexible-para-tlc-con-peru\/#primaryimage"},"thumbnailUrl":"http:\/\/aeronoticias.com.pe\/fotonoticias\/luis\/merced5.jpg","datePublished":"2008-09-05T11:42:51+00:00","author":{"@id":"https:\/\/aeronoticias.com.pe\/noticiero\/#\/schema\/person\/fc1e5d578f4b62ba1cf7ac2bba1170a0"},"description":"Portal de noticias del Per\u00fa sobre el transporte a\u00e9reo, aviaci\u00f3n, turismo, hoteleria, actualidad.","breadcrumb":{"@id":"https:\/\/aeronoticias.com.pe\/noticiero\/economia\/china-presento-propuesta-mas-flexible-para-tlc-con-peru\/#breadcrumb"},"inLanguage":"es","potentialAction":[{"@type":"ReadAction","target":["https:\/\/aeronoticias.com.pe\/noticiero\/economia\/china-presento-propuesta-mas-flexible-para-tlc-con-peru\/"]}]},{"@type":"ImageObject","inLanguage":"es","@id":"https:\/\/aeronoticias.com.pe\/noticiero\/economia\/china-presento-propuesta-mas-flexible-para-tlc-con-peru\/#primaryimage","url":"http:\/\/aeronoticias.com.pe\/fotonoticias\/luis\/merced5.jpg","contentUrl":"http:\/\/aeronoticias.com.pe\/fotonoticias\/luis\/merced5.jpg"},{"@type":"BreadcrumbList","@id":"https:\/\/aeronoticias.com.pe\/noticiero\/economia\/china-presento-propuesta-mas-flexible-para-tlc-con-peru\/#breadcrumb","itemListElement":[{"@type":"ListItem","position":1,"name":"Portada","item":"https:\/\/aeronoticias.com.pe\/noticiero\/"},{"@type":"ListItem","position":2,"name":"CHINA PRESENTO PROPUESTA MAS FLEXIBLE PARA TLC CON PERU"}]},{"@type":"WebSite","@id":"https:\/\/aeronoticias.com.pe\/noticiero\/#website","url":"https:\/\/aeronoticias.com.pe\/noticiero\/","name":"Aeronoticias.com.pe","description":"Noticias de tranporte aereo, turismo, hoteles, gastronomia, actualidad, internacional","potentialAction":[{"@type":"SearchAction","target":{"@type":"EntryPoint","urlTemplate":"https:\/\/aeronoticias.com.pe\/noticiero\/?s={search_term_string}"},"query-input":{"@type":"PropertyValueSpecification","valueRequired":true,"valueName":"search_term_string"}}],"inLanguage":"es"},{"@type":"Person","@id":"https:\/\/aeronoticias.com.pe\/noticiero\/#\/schema\/person\/fc1e5d578f4b62ba1cf7ac2bba1170a0","name":"Redacci\u00f3n Aeronoticias","url":"https:\/\/aeronoticias.com.pe\/noticiero\/author\/piloto\/"}]}},"_links":{"self":[{"href":"https:\/\/aeronoticias.com.pe\/noticiero\/wp-json\/wp\/v2\/posts\/417","targetHints":{"allow":["GET"]}}],"collection":[{"href":"https:\/\/aeronoticias.com.pe\/noticiero\/wp-json\/wp\/v2\/posts"}],"about":[{"href":"https:\/\/aeronoticias.com.pe\/noticiero\/wp-json\/wp\/v2\/types\/post"}],"author":[{"embeddable":true,"href":"https:\/\/aeronoticias.com.pe\/noticiero\/wp-json\/wp\/v2\/users\/1"}],"replies":[{"embeddable":true,"href":"https:\/\/aeronoticias.com.pe\/noticiero\/wp-json\/wp\/v2\/comments?post=417"}],"version-history":[{"count":0,"href":"https:\/\/aeronoticias.com.pe\/noticiero\/wp-json\/wp\/v2\/posts\/417\/revisions"}],"wp:attachment":[{"href":"https:\/\/aeronoticias.com.pe\/noticiero\/wp-json\/wp\/v2\/media?parent=417"}],"wp:term":[{"taxonomy":"category","embeddable":true,"href":"https:\/\/aeronoticias.com.pe\/noticiero\/wp-json\/wp\/v2\/categories?post=417"},{"taxonomy":"post_tag","embeddable":true,"href":"https:\/\/aeronoticias.com.pe\/noticiero\/wp-json\/wp\/v2\/tags?post=417"}],"curies":[{"name":"wp","href":"https:\/\/api.w.org\/{rel}","templated":true}]}}